{"id":96346,"date":"2021-04-28T15:08:12","date_gmt":"2021-04-28T20:08:12","guid":{"rendered":"https:\/\/www.uv.mx\/prensa\/?p=96346"},"modified":"2021-04-29T14:08:04","modified_gmt":"2021-04-29T19:08:04","slug":"comunidad-uv-de-xalapa-y-veracruz-participo-en-foros-de-catedra-gandhi","status":"publish","type":"post","link":"https:\/\/www.uv.mx\/prensa\/general\/comunidad-uv-de-xalapa-y-veracruz-participo-en-foros-de-catedra-gandhi\/","title":{"rendered":"Comunidad\u00a0UV de Xalapa y Veracruz\u00a0particip\u00f3\u00a0en foros de C\u00e1tedra\u00a0\u201cGandhi\u201d\u00a0"},"content":{"rendered":"<ul>\n<li data-leveltext=\"\uf0b7\" data-font=\"Symbol\" data-listid=\"5\" data-aria-posinset=\"1\" data-aria-level=\"1\"><i><span data-contrast=\"auto\">Estudiantes, docentes e investigadores presentaron escritos, dibujos y fotograf\u00edas con propuestas relativas a la promoci\u00f3n de los derechos humanos y la cultura de paz, entre otros temas<\/span><\/i><span data-ccp-props=\"{}\">\u00a0<\/span><\/li>\n<\/ul>\n<p><span data-ccp-props=\"{&quot;335559685&quot;:720}\">\u00a0<\/span><\/p>\n<div id=\"attachment_96348\" style=\"width: 1376px\" class=\"wp-caption aligncenter\"><a href=\"https:\/\/www.uv.mx\/prensa\/files\/2021\/04\/260421-Catedra-Gandhi-1.jpg\"><img loading=\"lazy\" decoding=\"async\" aria-describedby=\"caption-attachment-96348\" class=\"size-full wp-image-96348\" src=\"https:\/\/www.uv.mx\/prensa\/files\/2021\/04\/260421-Catedra-Gandhi-1.jpg\" alt=\"\" width=\"1366\" height=\"768\" \/><\/a><p id=\"caption-attachment-96348\" class=\"wp-caption-text\">Dibujo de\u00a0Merari\u00a0Cruz, estudiante de la Facultad de Psicolog\u00eda regi\u00f3n Xalapa<\/p><\/div>\n<p><span data-ccp-props=\"{}\">\u00a0<\/span><\/p>\n<p><b><i><span data-contrast=\"auto\">Carlos Hugo Hermida Rosales<\/span><\/i><\/b><span data-ccp-props=\"{}\">\u00a0<\/span><\/p>\n<p><b><i><span data-contrast=\"auto\">2<\/span><\/i><\/b><b><i><span data-contrast=\"auto\">8<\/span><\/i><\/b><b><i><span data-contrast=\"auto\">\/04<\/span><\/i><\/b><b><i><span data-contrast=\"auto\">\/202<\/span><\/i><\/b><b><i><span data-contrast=\"auto\">1<\/span><\/i><\/b><b><i><span data-contrast=\"auto\">,<\/span><\/i><\/b><b><i><span data-contrast=\"auto\">\u00a0<\/span><\/i><\/b><b><i><span data-contrast=\"auto\">Xalapa,\u00a0<\/span><\/i><\/b><b><i><span data-contrast=\"auto\">Ver.<\/span><\/i><\/b><b><i><span data-contrast=\"auto\">&#8211;<\/span><\/i><\/b><b><i><span data-contrast=\"auto\">\u00a0<\/span><\/i><\/b><span data-contrast=\"auto\">Miembros de la<\/span><span data-contrast=\"auto\">\u00a0comunidad universitaria de las regiones Xalapa y Veracruz de la <a href=\"https:\/\/www.uv.mx\/\" target=\"_blank\" rel=\"noopener\">Universidad Veracruzana<\/a> (UV) participaron el 26 de abril en los\u00a0<\/span><span data-contrast=\"auto\">Foros Regionales\u00a0<\/span><span data-contrast=\"auto\">\u201cEducaci\u00f3n para la p<\/span><span data-contrast=\"auto\">az y la\u00a0<\/span><span data-contrast=\"auto\">n<\/span><span data-contrast=\"auto\">o\u00a0<\/span><span data-contrast=\"auto\">v<\/span><span data-contrast=\"auto\">iolencia<\/span><span data-contrast=\"auto\">\u201d,<\/span><span data-contrast=\"auto\">\u00a0en modalidad virtu<\/span><span data-contrast=\"auto\">al<\/span><span data-contrast=\"auto\">,<\/span><span data-contrast=\"auto\">\u00a0de la C\u00e1tedra\u00a0<\/span><span data-contrast=\"auto\">\u201c<\/span><span data-contrast=\"auto\">Gandhi<\/span><span data-contrast=\"auto\">\u201d<\/span><span data-contrast=\"auto\">\u00a0de esta casa de estudios.<\/span><span data-ccp-props=\"{}\">\u00a0<\/span><\/p>\n<p><span data-contrast=\"auto\">Estudiantes, docentes e investigadores presentaron escritos, dibujos y fotograf\u00edas con los que expresaron\u00a0<\/span><span data-contrast=\"auto\">significados, experiencias y propuestas relativ<\/span><span data-contrast=\"auto\">a<\/span><span data-contrast=\"auto\">s<\/span><span data-contrast=\"auto\">\u00a0a la promoci\u00f3n de los derechos humanos, la cultura de paz, la\u00a0<\/span><span data-contrast=\"auto\">resistencia pac\u00edfica y el di\u00e1logo intercultural<\/span><span data-contrast=\"auto\">,<\/span><span data-contrast=\"auto\">\u00a0entre otros temas<\/span><span data-ccp-props=\"{&quot;335559731&quot;:708}\">\u00a0<\/span><\/p>\n<p><span data-contrast=\"auto\">Merari<\/span><span data-contrast=\"auto\">\u00a0Paola Cruz Santiago,\u00a0<\/span><span data-contrast=\"auto\">alumna de la Facultad de Psicolog\u00eda regi\u00f3n Xalapa<\/span><span data-contrast=\"auto\">,<\/span><span data-contrast=\"auto\">\u00a0present\u00f3 un dibujo con el que busc\u00f3 representar la importancia de promover la educaci\u00f3n para la paz y la no violencia.<\/span><span data-ccp-props=\"{&quot;335559731&quot;:708}\">\u00a0<\/span><\/p>\n<p><span data-contrast=\"auto\">En el texto con el que acompa\u00f1\u00f3 su colaboraci\u00f3n, la joven explic\u00f3 que cada persona es un mundo diferente con ideas, creencias, ideolog\u00edas y aficiones distintas, por lo que es fundamentan incluir valores esenciales en la formaci\u00f3n de los estudiantes como el respeto, la empat\u00eda, la solidaridad y la equidad, con la finalidad de lograr un ambiente de convivencia arm\u00f3nico y pac\u00edfico en donde todos puedan expresarse libremente.<\/span><span data-ccp-props=\"{&quot;335559731&quot;:708}\">\u00a0<\/span><\/p>\n<p><span data-contrast=\"auto\">Laura Itzel S\u00e1nchez Alarc\u00f3n, estudiante de la Unidad de Humanidades regi\u00f3n Xalapa, expuso el ensayo\u00a0<\/span><span data-contrast=\"auto\">\u201cResistir o c\u00f3<\/span><span data-contrast=\"auto\">mo mantenerse de pie frente al silencio\u201d.<\/span><span data-ccp-props=\"{&quot;335559731&quot;:708}\">\u00a0<\/span><\/p>\n<p><span data-contrast=\"auto\">La joven afirm\u00f3 que el silencio es la forma de violencia\u00a0<\/span><span data-contrast=\"auto\">m\u00e1s<\/span><span data-contrast=\"auto\">\u00a0profunda y cotidiana de nuestro pa\u00eds<\/span><span data-contrast=\"auto\">,<\/span><span data-contrast=\"auto\">\u00a0ya que representa voltear el rostro frente al dolor y la pena de alguien que ha sido vulnerado o que ha sufrido.<\/span><span data-ccp-props=\"{&quot;335559731&quot;:708}\">\u00a0<\/span><\/p>\n<p><span data-contrast=\"auto\">\u201cEl silencio es un acto violento, ya que al ignorar se perpetua la injusticia<\/span><span data-contrast=\"auto\">,<\/span><span data-contrast=\"auto\">\u00a0el abandono y el dolor de las v\u00edctimas\u201d, enfatiz\u00f3.<\/span><span data-ccp-props=\"{&quot;335559731&quot;:708}\">\u00a0<\/span><\/p>\n<p>&nbsp;<\/p>\n<div id=\"attachment_96349\" style=\"width: 1376px\" class=\"wp-caption aligncenter\"><a href=\"https:\/\/www.uv.mx\/prensa\/files\/2021\/04\/260421-Catedra-Gandhi-2.jpg\"><img loading=\"lazy\" decoding=\"async\" aria-describedby=\"caption-attachment-96349\" class=\"size-full wp-image-96349\" src=\"https:\/\/www.uv.mx\/prensa\/files\/2021\/04\/260421-Catedra-Gandhi-2.jpg\" alt=\"\" width=\"1366\" height=\"768\" \/><\/a><p id=\"caption-attachment-96349\" class=\"wp-caption-text\">Laura Itzel S\u00e1nchez Alarc\u00f3n<\/p><\/div>\n<p>&nbsp;<\/p>\n<p><span data-contrast=\"auto\">Manifest\u00f3 que<\/span><span data-contrast=\"auto\">,<\/span><span data-contrast=\"auto\">\u00a0por su parte<\/span><span data-contrast=\"auto\">,<\/span><span data-contrast=\"auto\">\u00a0resistir pac\u00edficamente es seguir frente a la inclemencia y el dolor sin convertirse en otro\u00a0<\/span><span data-contrast=\"auto\">violentador<\/span><span data-contrast=\"auto\">, dejar claro que existe una diferencia<\/span><span data-contrast=\"auto\">\u00a0\u00e9tica en el camino para luchar<\/span><span data-contrast=\"auto\">\u00a0y<\/span><span data-contrast=\"auto\">\u00a0que<\/span><span data-contrast=\"auto\">\u00a0puede encontrar sus formas\u00a0<\/span><span data-contrast=\"auto\">m\u00e1s<\/span><span data-contrast=\"auto\">\u00a0transgresoras al educar con amor, al formar con valent\u00eda, ya sea a trav\u00e9s de un\u00a0<\/span><i><span data-contrast=\"auto\">performance<\/span><\/i><span data-contrast=\"auto\">\u00a0o una obra de teatro.\u00a0<\/span><span data-ccp-props=\"{&quot;335559731&quot;:708}\">\u00a0<\/span><\/p>\n<p><span data-contrast=\"auto\">\u201cResistir pac\u00edficamente es saber<\/span><span data-contrast=\"auto\">\u00a0que<\/span><span data-contrast=\"auto\">\u00a0<\/span><span data-contrast=\"auto\">tu nombre y el de tus compa\u00f1era<\/span><span data-contrast=\"auto\">s est\u00e1n en una lista de cacer\u00eda<\/span><span data-contrast=\"auto\">\u00a0y\u00a0<\/span><span data-contrast=\"auto\">aun<\/span><span data-contrast=\"auto\">\u00a0as\u00ed asistir a conversatorios sobre las masculinidades, los feminismos y la violencia de g\u00e9nero\u201d, enunci\u00f3.\u00a0<\/span><span data-ccp-props=\"{&quot;335559731&quot;:708}\">\u00a0<\/span><\/p>\n<p><span data-contrast=\"auto\">Rom\u00e1n V\u00e1zquez, estudiante de Derecho\u00a0<\/span><span data-contrast=\"auto\">del Sistema de Ense\u00f1anza Abierto<\/span><span data-contrast=\"auto\">\u00a0en<\/span><span data-contrast=\"auto\">\u00a0la regi\u00f3n Veracruz, present\u00f3 un ensayo\u00a0<\/span><span data-contrast=\"auto\">en el que afirm\u00f3 que la violencia intrafamiliar es uno de los principales males que aquejan a la sociedad actual.\u00a0<\/span><span data-ccp-props=\"{&quot;335559731&quot;:708}\">\u00a0<\/span><\/p>\n<p><span data-contrast=\"auto\">T<\/span><span data-contrast=\"auto\">ambi\u00e9n habl\u00f3 de la importancia de la solidaridad durante el confinamiento provocado por la pandemia de Covid-19, en\u00a0<\/span><span data-contrast=\"auto\">el<\/span><span data-contrast=\"auto\">\u00a0que muchos alumnos\u00a0<\/span><span data-contrast=\"auto\">apoyaron a<\/span><span data-contrast=\"auto\">\u00a0sus docentes que no estaban familiarizados con el uso de la tecnolog\u00eda.\u00a0<\/span><span data-ccp-props=\"{&quot;335559731&quot;:708}\">\u00a0<\/span><\/p>\n<p><span data-contrast=\"auto\">Destac\u00f3 la importancia de la resistencia pac\u00edfica, ya que asegur\u00f3 que a trav\u00e9s de ella se pueden exigir derechos o protestar contra injusticias, sin caer en un\u00a0<\/span><span data-contrast=\"auto\">c\u00edrculo<\/span><span data-contrast=\"auto\">\u00a0de violencia que muchas veces se prolonga indefinidamente.\u00a0<\/span><span data-ccp-props=\"{&quot;335559731&quot;:708}\">\u00a0<\/span><\/p>\n<p><span data-contrast=\"auto\">L<\/span><span data-contrast=\"auto\">os\u00a0<\/span><span data-contrast=\"auto\">Foros Regionales\u00a0<\/span><span data-contrast=\"auto\">\u201cEducaci\u00f3n para la p<\/span><span data-contrast=\"auto\">az y la\u00a0<\/span><span data-contrast=\"auto\">n<\/span><span data-contrast=\"auto\">o\u00a0<\/span><span data-contrast=\"auto\">v<\/span><span data-contrast=\"auto\">iolencia<\/span><span data-contrast=\"auto\">\u201d<\/span><span data-contrast=\"auto\">\u00a0<\/span><span data-contrast=\"auto\">de la C\u00e1tedra Gandhi\u00a0<\/span><span data-contrast=\"auto\">continuar\u00e1n los d\u00edas 11 y 25 de mayo, en los que participar\u00e1n\u00a0<\/span><span data-contrast=\"auto\">integrantes\u00a0<\/span><span data-contrast=\"auto\">de la comunidad universitaria de las regiones Orizaba-C\u00f3rdoba y Coatzacoalcos-Minatitl\u00e1n<\/span><span data-contrast=\"auto\">,<\/span><span data-contrast=\"auto\">\u00a0respectivamente, y finalizar\u00e1n el 8 de junio,\u00a0<\/span><span data-contrast=\"auto\">con<\/span><span data-contrast=\"auto\">\u00a0la regi\u00f3n Poza Rica-Tuxpan.<\/span><span data-ccp-props=\"{&quot;335559731&quot;:708}\">\u00a0<\/span><\/p>\n<p><span data-ccp-props=\"{}\">\u00a0<\/span><\/p>\n<div id=\"attachment_96347\" style=\"width: 1376px\" class=\"wp-caption aligncenter\"><a href=\"https:\/\/www.uv.mx\/prensa\/files\/2021\/04\/260421-Catedra-Gandhi-3.jpg\"><img loading=\"lazy\" decoding=\"async\" aria-describedby=\"caption-attachment-96347\" class=\"size-full wp-image-96347\" src=\"https:\/\/www.uv.mx\/prensa\/files\/2021\/04\/260421-Catedra-Gandhi-3.jpg\" alt=\"\" width=\"1366\" height=\"768\" \/><\/a><p id=\"caption-attachment-96347\" class=\"wp-caption-text\">Rom\u00e1n V\u00e1zquez<\/p><\/div>\n","protected":false},"excerpt":{"rendered":"<p>Estudiantes, docentes e investigadores presentaron escritos, dibujos y fotograf\u00edas\u00a0sobre\u00a0la promoci\u00f3n de los derechos humanos\u00a0\u00a0<\/p>\n","protected":false},"author":1869,"featured_media":95054,"comment_status":"closed","ping_status":"closed","sticky":false,"template":"","format":"standard","meta":{"footnotes":""},"categories":[1],"tags":[],"class_list":["post-96346","post","type-post","status-publish","format-standard","has-post-thumbnail","hentry","category-general"],"_links":{"self":[{"href":"https:\/\/www.uv.mx\/prensa\/wp-json\/wp\/v2\/posts\/96346","targetHints":{"allow":["GET"]}}],"collection":[{"href":"https:\/\/www.uv.mx\/prensa\/wp-json\/wp\/v2\/posts"}],"about":[{"href":"https:\/\/www.uv.mx\/prensa\/wp-json\/wp\/v2\/types\/post"}],"author":[{"embeddable":true,"href":"https:\/\/www.uv.mx\/prensa\/wp-json\/wp\/v2\/users\/1869"}],"replies":[{"embeddable":true,"href":"https:\/\/www.uv.mx\/prensa\/wp-json\/wp\/v2\/comments?post=96346"}],"version-history":[{"count":1,"href":"https:\/\/www.uv.mx\/prensa\/wp-json\/wp\/v2\/posts\/96346\/revisions"}],"predecessor-version":[{"id":96404,"href":"https:\/\/www.uv.mx\/prensa\/wp-json\/wp\/v2\/posts\/96346\/revisions\/96404"}],"wp:featuredmedia":[{"embeddable":true,"href":"https:\/\/www.uv.mx\/prensa\/wp-json\/wp\/v2\/media\/95054"}],"wp:attachment":[{"href":"https:\/\/www.uv.mx\/prensa\/wp-json\/wp\/v2\/media?parent=96346"}],"wp:term":[{"taxonomy":"category","embeddable":true,"href":"https:\/\/www.uv.mx\/prensa\/wp-json\/wp\/v2\/categories?post=96346"},{"taxonomy":"post_tag","embeddable":true,"href":"https:\/\/www.uv.mx\/prensa\/wp-json\/wp\/v2\/tags?post=96346"}],"curies":[{"name":"wp","href":"https:\/\/api.w.org\/{rel}","templated":true}]}}