{"id":96326,"date":"2021-04-28T09:32:47","date_gmt":"2021-04-28T14:32:47","guid":{"rendered":"https:\/\/www.uv.mx\/prensa\/?p=96326"},"modified":"2021-04-29T14:04:32","modified_gmt":"2021-04-29T19:04:32","slug":"uv-invita-a-curso-virtual-fenomenologia-en-arquitectura","status":"publish","type":"post","link":"https:\/\/www.uv.mx\/prensa\/general\/uv-invita-a-curso-virtual-fenomenologia-en-arquitectura\/","title":{"rendered":"UV invita a curso virtual Fenomenolog\u00eda en Arquitectura"},"content":{"rendered":"<ul>\n<li data-leveltext=\"\uf0b7\" data-font=\"Symbol\" data-listid=\"5\" data-aria-posinset=\"1\" data-aria-level=\"1\"><i><span data-contrast=\"auto\">Se realizar\u00e1 del 3 al 14 de mayo y ser\u00e1 impartido por\u00a0<\/span><\/i><i><span data-contrast=\"auto\">Mois\u00e9s Nahir P\u00e9rez Mora<\/span><\/i><span data-ccp-props=\"{}\">\u00a0<\/span><\/li>\n<\/ul>\n<p><span data-ccp-props=\"{&quot;335559685&quot;:360}\">\u00a0<\/span><\/p>\n<div id=\"attachment_96327\" style=\"width: 347px\" class=\"wp-caption aligncenter\"><a href=\"https:\/\/www.uv.mx\/prensa\/files\/2021\/04\/260421-Curso-Arquitectura-1-100k.jpg\"><img loading=\"lazy\" decoding=\"async\" aria-describedby=\"caption-attachment-96327\" class=\"size-full wp-image-96327\" src=\"https:\/\/www.uv.mx\/prensa\/files\/2021\/04\/260421-Curso-Arquitectura-1-100k.jpg\" alt=\"El curso tiene un costo de inscripci\u00f3n de 150 pesos y una cuota de recuperaci\u00f3n de 12 pesos para obtener la constancia \" width=\"337\" height=\"480\" srcset=\"https:\/\/www.uv.mx\/prensa\/files\/2021\/04\/260421-Curso-Arquitectura-1-100k.jpg 337w, https:\/\/www.uv.mx\/prensa\/files\/2021\/04\/260421-Curso-Arquitectura-1-100k-211x300.jpg 211w\" sizes=\"auto, (max-width: 337px) 100vw, 337px\" \/><\/a><p id=\"caption-attachment-96327\" class=\"wp-caption-text\">El curso tiene un costo de inscripci\u00f3n de 150 pesos y una cuota de recuperaci\u00f3n de 12 pesos para obtener la constancia<\/p><\/div>\n<p>&nbsp;<\/p>\n<p><b><i><span data-contrast=\"auto\">Carlos Hugo Hermida Rosales<\/span><\/i><\/b><span data-ccp-props=\"{}\">\u00a0<\/span><\/p>\n<p><b><i><span data-contrast=\"auto\">2<\/span><\/i><\/b><b><i><span data-contrast=\"auto\">8<\/span><\/i><\/b><b><i><span data-contrast=\"auto\">\/04<\/span><\/i><\/b><b><i><span data-contrast=\"auto\">\/202<\/span><\/i><\/b><b><i><span data-contrast=\"auto\">1<\/span><\/i><\/b><b><i><span data-contrast=\"auto\">,<\/span><\/i><\/b><b><i><span data-contrast=\"auto\">\u00a0<\/span><\/i><\/b><b><i><span data-contrast=\"auto\">Xalapa,\u00a0<\/span><\/i><\/b><b><i><span data-contrast=\"auto\">Ver.<\/span><\/i><\/b><b><i><span data-contrast=\"auto\">&#8211;<\/span><\/i><\/b><b><i><span data-contrast=\"auto\">\u00a0<\/span><\/i><\/b><span data-contrast=\"auto\">La <a href=\"https:\/\/www.uv.mx\/arquitectura\/\" target=\"_blank\" rel=\"noopener\">Facultad de Arquitectura<\/a> de la Universidad Veracruzana (<\/span><span data-contrast=\"auto\">FAUV<\/span><span data-contrast=\"auto\">)<\/span><span data-contrast=\"auto\">\u00a0invita a estudiantes, catedr\u00e1ticos, profesionistas y p\u00fablico en general interesado en esta disciplina al curso Fenomenolog\u00eda en Arquitectura, que\u00a0<\/span><span data-contrast=\"auto\">se realizar\u00e1<\/span><span data-contrast=\"auto\">\u00a0de forma virtual del 3 al 14 de mayo en horario de 18:00 a 20:00 horas.<\/span><span data-ccp-props=\"{}\">\u00a0<\/span><\/p>\n<p><span data-contrast=\"auto\">Esta capacitaci\u00f3n que es organizada por el\u00a0<\/span><span data-contrast=\"auto\">c<\/span><span data-contrast=\"auto\">uerpo\u00a0<\/span><span data-contrast=\"auto\">a<\/span><span data-contrast=\"auto\">cad\u00e9mico\u00a0<\/span><span data-contrast=\"auto\">(CA)\u00a0<\/span><span data-contrast=\"auto\">Arquitectura y Urbanismo para el Desarrollo,\u00a0<\/span><span data-contrast=\"auto\">es coordinada por\u00a0<\/span><span data-contrast=\"auto\">Mar\u00eda Concepci\u00f3n Chong Gardu\u00f1o<\/span><span data-contrast=\"auto\">, acad\u00e9mica de la FAUV, y\u00a0<\/span><span data-contrast=\"auto\">ser\u00e1 impartida por Mois\u00e9s Nahir P\u00e9rez Mora,\u00a0<\/span><span data-contrast=\"auto\">arquitecto y fil\u00f3sofo.<\/span><span data-ccp-props=\"{&quot;335559731&quot;:708}\">\u00a0<\/span><\/p>\n<p><span data-contrast=\"auto\">Nahir P\u00e9rez mencion\u00f3 que a trav\u00e9s de este curso espera introducir en los participantes el pensamiento contempor\u00e1neo de la\u00a0<\/span><span data-contrast=\"auto\">f<\/span><span data-contrast=\"auto\">enomenolog\u00eda\u00a0<\/span><span data-contrast=\"auto\">\u2013<\/span><span data-contrast=\"auto\">movimiento filos\u00f3fico fundado en los primeros a\u00f1os del siglo XX por\u00a0<\/span><span data-contrast=\"auto\">Edmund Husserl<\/span><span data-contrast=\"auto\">.<\/span><span data-ccp-props=\"{&quot;335559731&quot;:708}\">\u00a0<\/span><\/p>\n<p><span data-contrast=\"auto\">Explic\u00f3 que la\u00a0<\/span><span data-contrast=\"auto\">f<\/span><span data-contrast=\"auto\">enomenolog\u00eda analiza<\/span><span data-contrast=\"auto\">\u00a0en el<\/span><span data-contrast=\"auto\">\u00a0dise\u00f1o arquitect\u00f3nico aspectos como emociones y memorias, por lo que con su ayuda se puede abordar<\/span><span data-contrast=\"auto\">\u00a0esta disciplina<\/span><span data-contrast=\"auto\">\u00a0de una forma\u00a0<\/span><span data-contrast=\"auto\">m\u00e1s<\/span><span data-contrast=\"auto\">\u00a0completa e integral.\u00a0<\/span><span data-ccp-props=\"{&quot;335559731&quot;:708}\">\u00a0<\/span><\/p>\n<p><span data-contrast=\"auto\">\u201cLos\u00a0<\/span><span data-contrast=\"auto\">asistentes\u00a0<\/span><span data-contrast=\"auto\">conocer\u00e1n la propuesta\u00a0<\/span><span data-contrast=\"auto\">fenomenol\u00f3gica, estudiar\u00e1n de d\u00f3<\/span><span data-contrast=\"auto\">nde vienen sus ideas y tendr\u00e1n la oportunidad de compararla con otras filosof\u00edas contempor\u00e1neas\u201d, puntualiz\u00f3.<\/span><\/p>\n<div id=\"attachment_96328\" style=\"width: 732px\" class=\"wp-caption aligncenter\"><a href=\"https:\/\/www.uv.mx\/prensa\/files\/2021\/04\/260421-Curso-Arquitectura-2-100k.jpg\"><img loading=\"lazy\" decoding=\"async\" aria-describedby=\"caption-attachment-96328\" class=\"size-full wp-image-96328\" src=\"https:\/\/www.uv.mx\/prensa\/files\/2021\/04\/260421-Curso-Arquitectura-2-100k.jpg\" alt=\"Mois\u00e9s Nahir P\u00e9rez Mora \" width=\"722\" height=\"482\" srcset=\"https:\/\/www.uv.mx\/prensa\/files\/2021\/04\/260421-Curso-Arquitectura-2-100k.jpg 722w, https:\/\/www.uv.mx\/prensa\/files\/2021\/04\/260421-Curso-Arquitectura-2-100k-300x200.jpg 300w\" sizes=\"auto, (max-width: 722px) 100vw, 722px\" \/><\/a><p id=\"caption-attachment-96328\" class=\"wp-caption-text\">Mois\u00e9s Nahir P\u00e9rez Mora<\/p><\/div>\n<p><span data-contrast=\"auto\">Afir<\/span><span data-contrast=\"auto\">m\u00f3\u00a0que\u00a0con capacitaciones como \u00e9<\/span><span data-contrast=\"auto\">sta, la FAUV se apega al objetivo 4 de Desarrollo Sostenible de la Organizaci\u00f3n de las Naciones Unidas, que indica que se debe garantizar una educaci\u00f3n inclusiva, equitativa y de calidad.\u00a0<\/span><span data-ccp-props=\"{&quot;335559731&quot;:708}\">\u00a0<\/span><\/p>\n<p><span data-contrast=\"auto\">Concepci\u00f3n Chong<\/span><span data-contrast=\"auto\">\u00a0coment\u00f3 que a trav\u00e9s de este curs<\/span><span data-contrast=\"auto\">o los asistentes entender\u00e1n la a<\/span><span data-contrast=\"auto\">rquitectura\u00a0<\/span><span data-contrast=\"auto\">desde la mirada<\/span><span data-contrast=\"auto\">\u00a0de corrientes filos\u00f3ficas que hacen \u00e9nfasis en elementos como la luz, el color y el espacio.\u00a0<\/span><span data-ccp-props=\"{&quot;335559731&quot;:708}\">\u00a0<\/span><\/p>\n<p><span data-contrast=\"auto\">Declar\u00f3 que la f<\/span><span data-contrast=\"auto\">enomenolog\u00eda brinda\u00a0<\/span><span data-contrast=\"auto\">maneras y formas distintas<\/span><span data-contrast=\"auto\">\u00a0de revisar el objeto arquitect\u00f3nico, y que a partir de ello es posible\u00a0<\/span><span data-contrast=\"auto\">generar una nueva\u00a0<\/span><span data-contrast=\"auto\">a<\/span><span data-contrast=\"auto\">rquitectura que puede ser transmitida por los m\u00e9todos de ense\u00f1anza-aprendizaje.\u00a0<\/span><span data-ccp-props=\"{&quot;335559731&quot;:708}\">\u00a0<\/span><\/p>\n<p><span data-contrast=\"auto\">La docente comparti\u00f3 que este curso tiene un costo de inscripci\u00f3n de 150 pesos, y una cu<\/span><span data-contrast=\"auto\">o<\/span><span data-contrast=\"auto\">ta de recuperaci\u00f3n de 12 pesos para obtener la constancia que acredita la participaci\u00f3n. El cupo m\u00ednimo es de\u00a0<\/span><span data-contrast=\"auto\">seis<\/span><span data-contrast=\"auto\">\u00a0personas y el m\u00e1ximo de 25.<\/span><span data-ccp-props=\"{&quot;335559731&quot;:708}\">\u00a0<\/span><\/p>\n<p><span data-contrast=\"auto\">Los interesados en participar pueden solicitar mayores informes al correo\u00a0<\/span><a href=\"mailto:cchong@uv.mx\"><span data-contrast=\"none\">cchong<\/span><span data-contrast=\"none\">@uv.mx<\/span><\/a><span data-contrast=\"auto\">\u00a0o comunicarse al tel\u00e9fono (228) 8421741.<\/span><\/p>\n<div id=\"attachment_44327\" style=\"width: 732px\" class=\"wp-caption aligncenter\"><a href=\"https:\/\/www.uv.mx\/prensa\/files\/2018\/04\/Procesos-creativos.jpg\"><img loading=\"lazy\" decoding=\"async\" aria-describedby=\"caption-attachment-44327\" class=\"size-full wp-image-44327\" src=\"https:\/\/www.uv.mx\/prensa\/files\/2018\/04\/Procesos-creativos.jpg\" alt=\"Mar\u00eda Concepci\u00f3n Chong Gardu\u00f1o (foto de archivo) \" width=\"722\" height=\"482\" srcset=\"https:\/\/www.uv.mx\/prensa\/files\/2018\/04\/Procesos-creativos.jpg 722w, https:\/\/www.uv.mx\/prensa\/files\/2018\/04\/Procesos-creativos-300x200.jpg 300w\" sizes=\"auto, (max-width: 722px) 100vw, 722px\" \/><\/a><p id=\"caption-attachment-44327\" class=\"wp-caption-text\">Mar\u00eda Concepci\u00f3n Chong Gardu\u00f1o (foto de archivo)<\/p><\/div>\n","protected":false},"excerpt":{"rendered":"<p>Los asistentes conocer\u00e1n la propuesta fenomenol\u00f3gica, estudiar\u00e1n de d\u00f3nde vienen sus ideas y tendr\u00e1n la oportunidad de compararla con otras filosof\u00edas contempor\u00e1neas <\/p>\n","protected":false},"author":1775,"featured_media":96327,"comment_status":"closed","ping_status":"closed","sticky":false,"template":"","format":"standard","meta":{"footnotes":""},"categories":[1],"tags":[1191,490,559,419,2598,2053],"class_list":["post-96326","post","type-post","status-publish","format-standard","has-post-thumbnail","hentry","category-general","tag-catedraticos","tag-curso","tag-estudiantes","tag-facultad-de-arquitectura","tag-fenomenologia-en-arquitectura","tag-profesionistas"],"_links":{"self":[{"href":"https:\/\/www.uv.mx\/prensa\/wp-json\/wp\/v2\/posts\/96326","targetHints":{"allow":["GET"]}}],"collection":[{"href":"https:\/\/www.uv.mx\/prensa\/wp-json\/wp\/v2\/posts"}],"about":[{"href":"https:\/\/www.uv.mx\/prensa\/wp-json\/wp\/v2\/types\/post"}],"author":[{"embeddable":true,"href":"https:\/\/www.uv.mx\/prensa\/wp-json\/wp\/v2\/users\/1775"}],"replies":[{"embeddable":true,"href":"https:\/\/www.uv.mx\/prensa\/wp-json\/wp\/v2\/comments?post=96326"}],"version-history":[{"count":1,"href":"https:\/\/www.uv.mx\/prensa\/wp-json\/wp\/v2\/posts\/96326\/revisions"}],"predecessor-version":[{"id":96401,"href":"https:\/\/www.uv.mx\/prensa\/wp-json\/wp\/v2\/posts\/96326\/revisions\/96401"}],"wp:featuredmedia":[{"embeddable":true,"href":"https:\/\/www.uv.mx\/prensa\/wp-json\/wp\/v2\/media\/96327"}],"wp:attachment":[{"href":"https:\/\/www.uv.mx\/prensa\/wp-json\/wp\/v2\/media?parent=96326"}],"wp:term":[{"taxonomy":"category","embeddable":true,"href":"https:\/\/www.uv.mx\/prensa\/wp-json\/wp\/v2\/categories?post=96326"},{"taxonomy":"post_tag","embeddable":true,"href":"https:\/\/www.uv.mx\/prensa\/wp-json\/wp\/v2\/tags?post=96326"}],"curies":[{"name":"wp","href":"https:\/\/api.w.org\/{rel}","templated":true}]}}