{"id":96248,"date":"2021-04-26T19:31:35","date_gmt":"2021-04-27T00:31:35","guid":{"rendered":"https:\/\/www.uv.mx\/prensa\/?p=96248"},"modified":"2021-04-27T10:52:13","modified_gmt":"2021-04-27T15:52:13","slug":"uv-participa-en-foro-interuniversitario-sobre-ciencia-tecnologia-e-innovacion","status":"publish","type":"post","link":"https:\/\/www.uv.mx\/prensa\/banner\/uv-participa-en-foro-interuniversitario-sobre-ciencia-tecnologia-e-innovacion\/","title":{"rendered":"UV participa en Foro Interuniversitario sobre ciencia, tecnolog\u00eda e innovaci\u00f3n"},"content":{"rendered":"<ul>\n<li data-leveltext=\"\uf0b7\" data-font=\"Symbol\" data-listid=\"1\" data-aria-posinset=\"1\" data-aria-level=\"1\"><i><span data-contrast=\"auto\">El eje central del evento es \u201cJornadas de reflexi\u00f3n sobre el\u00a0<\/span><\/i><i><span data-contrast=\"auto\">sistema de ciencia, tecnolog\u00eda e innovaci\u00f3n que demanda el futuro\u201d<\/span><\/i><span data-ccp-props=\"{&quot;134233279&quot;:true,&quot;201341983&quot;:0,&quot;335559739&quot;:160,&quot;335559740&quot;:240}\">\u00a0<\/span><\/li>\n<li data-leveltext=\"\uf0b7\" data-font=\"Symbol\" data-listid=\"1\" data-aria-posinset=\"2\" data-aria-level=\"1\"><i><span data-contrast=\"auto\">Es organizado por 10 instituciones de educaci\u00f3n superior, p\u00fablicas y privadas<\/span><\/i><span data-ccp-props=\"{&quot;134233279&quot;:true,&quot;201341983&quot;:0,&quot;335559739&quot;:160,&quot;335559740&quot;:240}\">\u00a0<\/span><\/li>\n<li data-leveltext=\"\uf0b7\" data-font=\"Symbol\" data-listid=\"1\" data-aria-posinset=\"3\" data-aria-level=\"1\"><i><span data-contrast=\"auto\">E<\/span><\/i><i><span data-contrast=\"auto\">n\u00a0<\/span><\/i><a href=\"http:\/\/www.uv.mx\/investigacion\/general\/jornadas-de-reflexion-sobre-el-sistema-de-cti\/\"><i><span data-contrast=\"none\">www.uv.<\/span><\/i><i><span data-contrast=\"none\">mx<\/span><\/i><i><span data-contrast=\"none\">\/<\/span><\/i><i><span data-contrast=\"none\">investigacion<\/span><\/i><i><span data-contrast=\"none\">\/general\/jornadas-de-<\/span><\/i><i><span data-contrast=\"none\">reflexion<\/span><\/i><i><span data-contrast=\"none\">&#8211;<\/span><\/i><i><span data-contrast=\"none\">sobre-el-sistema-de-cti<\/span><\/i><i><span data-contrast=\"none\">\/<\/span><\/i><\/a><i><span data-contrast=\"auto\">\u00a0<\/span><\/i><i><span data-contrast=\"auto\">se puede consu<\/span><\/i><i><span data-contrast=\"auto\">l<\/span><\/i><i><span data-contrast=\"auto\">tar el<\/span><\/i><i><span data-contrast=\"auto\">\u00a0programa<\/span><\/i><span data-ccp-props=\"{&quot;134233279&quot;:true,&quot;201341983&quot;:0,&quot;335559739&quot;:160,&quot;335559740&quot;:240}\">\u00a0<\/span><\/li>\n<\/ul>\n<p><span data-ccp-props=\"{&quot;201341983&quot;:0,&quot;335559739&quot;:160,&quot;335559740&quot;:240}\">\u00a0<\/span><\/p>\n<div id=\"attachment_96249\" style=\"width: 732px\" class=\"wp-caption aligncenter\"><a href=\"https:\/\/www.uv.mx\/prensa\/files\/2021\/04\/260421-Foro-interuniversitario-1-100k.jpg\"><img loading=\"lazy\" decoding=\"async\" aria-describedby=\"caption-attachment-96249\" class=\"size-full wp-image-96249\" src=\"https:\/\/www.uv.mx\/prensa\/files\/2021\/04\/260421-Foro-interuniversitario-1-100k.jpg\" alt=\"En la ceremonia de inauguraci\u00f3n virtual participaron rectores de las IES organizadoras \" width=\"722\" height=\"310\" srcset=\"https:\/\/www.uv.mx\/prensa\/files\/2021\/04\/260421-Foro-interuniversitario-1-100k.jpg 722w, https:\/\/www.uv.mx\/prensa\/files\/2021\/04\/260421-Foro-interuniversitario-1-100k-300x129.jpg 300w, https:\/\/www.uv.mx\/prensa\/files\/2021\/04\/260421-Foro-interuniversitario-1-100k-350x150.jpg 350w\" sizes=\"auto, (max-width: 722px) 100vw, 722px\" \/><\/a><p id=\"caption-attachment-96249\" class=\"wp-caption-text\">En la ceremonia de inauguraci\u00f3n virtual participaron rectores de las IES organizadoras<\/p><\/div>\n<p>&nbsp;<\/p>\n<p><b><i><span data-contrast=\"auto\">Paola Cort\u00e9s P\u00e9rez<\/span><\/i><\/b><span data-ccp-props=\"{&quot;201341983&quot;:0,&quot;335559739&quot;:160,&quot;335559740&quot;:240}\">\u00a0<\/span><\/p>\n<p><b><i><span data-contrast=\"auto\">26\/04\/2021, Xalapa,\u00a0Ver.-<\/span><\/i><\/b><span data-contrast=\"auto\">\u00a0Comunidad cien<\/span><span data-contrast=\"auto\">t\u00edfica de la <a href=\"https:\/\/www.uv.mx\/\" target=\"_blank\" rel=\"noopener\">Universidad Veracruzana<\/a> (UV)<\/span><span data-contrast=\"auto\">\u00a0participa en\u00a0<\/span><span data-contrast=\"auto\">el\u00a0<\/span><a href=\"https:\/\/www.uv.mx\/investigacion\/general\/jornadas-de-reflexion-sobre-el-sistema-de-cti\/\"><span data-contrast=\"none\">Foro Interuniversitario<\/span><span data-contrast=\"none\">\u00a0\u201cJornadas de reflexi\u00f3n sobre el sistema de ciencia, tecnolog\u00eda e innovaci\u00f3n que deman<\/span><span data-contrast=\"none\">d<\/span><span data-contrast=\"none\">a el futuro\u201d<\/span><\/a><span data-contrast=\"auto\">, organizado por instituciones de educaci\u00f3n superior\u00a0<\/span><span data-contrast=\"auto\">(IES)<\/span><span data-contrast=\"auto\">\u00a0<\/span><span data-contrast=\"auto\">del pa\u00eds<\/span><span data-contrast=\"auto\">,<\/span><span data-contrast=\"auto\">\u00a0<\/span><span data-contrast=\"auto\">p\u00fablicas y privadas.<\/span><span data-ccp-props=\"{&quot;201341983&quot;:0,&quot;335559739&quot;:160,&quot;335559740&quot;:240}\">\u00a0<\/span><\/p>\n<p><span data-contrast=\"auto\">El evento fue inaugurado este lunes en ceremonia virtual transmitida en el canal de\u00a0<\/span><i><span data-contrast=\"auto\">YouTube<\/span><\/i><span data-contrast=\"auto\">\u00a0<\/span><a href=\"https:\/\/www.youtube.com\/watch?v=OzUuQDz0Xdo&amp;ab_channel=UAMVIDEOS\"><span data-contrast=\"none\">UAMVIDEOS<\/span><\/a><span data-contrast=\"auto\">, con la participaci\u00f3n de los rectores\u00a0<\/span><span data-contrast=\"auto\">de las 10 universidades\u00a0<\/span><span data-contrast=\"auto\">p\u00fablicas y privadas<\/span><span data-contrast=\"auto\">\u00a0que conv<\/span><span data-contrast=\"auto\">ocaron a participar en el foro.<\/span><span data-ccp-props=\"{&quot;201341983&quot;:0,&quot;335559731&quot;:708,&quot;335559739&quot;:160,&quot;335559740&quot;:240}\">\u00a0<\/span><\/p>\n<p><span data-contrast=\"auto\">Las IES convocantes son: Universidad Nacional Aut\u00f3noma de M\u00e9xico (UNAM), Universidad Aut\u00f3noma Metropolitana (UAM),\u00a0<\/span><span data-contrast=\"auto\">Universidad de Guadalajara (<\/span><span data-contrast=\"auto\">U<\/span><span data-contrast=\"auto\">de<\/span><span data-contrast=\"auto\">G<\/span><span data-contrast=\"auto\">), Universidad Veracruzana<\/span><span data-contrast=\"auto\">\u00a0(UV)<\/span><span data-contrast=\"auto\">,\u00a0<\/span><span data-contrast=\"auto\">Universidad Aut\u00f3noma de Quer\u00e9taro (UAQ), Universidad Aut\u00f3noma de Nuevo Le\u00f3n (UANL),\u00a0<\/span><span data-contrast=\"auto\">Universidad del Valle de M\u00e9xico (UVM), Universidad Iberoamericana<\/span><span data-contrast=\"auto\">\u00a0Ciudad de M\u00e9xico<\/span><span data-contrast=\"auto\">\u00a0(UIA)<\/span><span data-contrast=\"auto\">,\u00a0<\/span><span data-contrast=\"auto\">Instituto Tecnol\u00f3gic<\/span><span data-contrast=\"auto\">o<\/span><span data-contrast=\"auto\">\u00a0de Estudios Superiores\u00a0<\/span><span data-contrast=\"auto\">de Monterrey<\/span><span data-contrast=\"auto\">\u00a0(ITESM)<\/span><span data-contrast=\"auto\">,<\/span><span data-contrast=\"auto\">\u00a0<\/span><span data-contrast=\"auto\">y el Centro de Investigaciones\u00a0<\/span><span data-contrast=\"auto\">y Estudios Superiores (<\/span><i><span data-contrast=\"auto\">Cinves<\/span><\/i><i><span data-contrast=\"auto\">t<\/span><\/i><i><span data-contrast=\"auto\">av<\/span><\/i><span data-contrast=\"auto\">) del Instituto Polit\u00e9cnico\u00a0<\/span><span data-contrast=\"auto\">Nacional<\/span><span data-contrast=\"auto\">\u00a0(IPN).<\/span><span data-ccp-props=\"{&quot;201341983&quot;:0,&quot;335559731&quot;:708,&quot;335559739&quot;:160,&quot;335559740&quot;:240}\">\u00a0<\/span><\/p>\n<p><span data-contrast=\"auto\">A lo largo de cinco d\u00edas, integrantes de la comunidad\u00a0<\/span><span data-contrast=\"auto\">acad\u00e9mica\u00a0<\/span><span data-contrast=\"auto\">del pa\u00eds\u00a0<\/span><span data-contrast=\"auto\">dialogar\u00e1n<\/span><span data-contrast=\"auto\">,\u00a0<\/span><span data-contrast=\"auto\">reflexionar\u00e1n e intercambiar\u00e1n experiencias en 13 mes<\/span><span data-contrast=\"auto\">as, sobre las caracter\u00edsticas que debe tener un sistema de ciencia, tecnolog\u00eda e innovaci\u00f3n para construir un futuro mejor.<\/span><span data-ccp-props=\"{&quot;201341983&quot;:0,&quot;335559731&quot;:708,&quot;335559739&quot;:160,&quot;335559740&quot;:240}\">\u00a0<\/span><\/p>\n<p><span data-contrast=\"auto\">Al respecto, la rectora de la UV, Sara Ladr\u00f3n de Guevara, coment\u00f3 que la pandemia por Covid-19 ha mostrado dos puntos primordiales: primero, que la uni\u00f3n de fuerzas y suma de esfuerzos entre la ciencia, la tecnolog\u00eda y la innovaci\u00f3n han ayudado a entender la enfermedad y sus efectos en la salud humana; mostraron su capacidad para investigar, experimentar y producir en tiempo r\u00e9cord vacunas y medicamentos, y desarrollaron y pusieron en marcha plataformas digitales para atender las necesidades de diversos sectores sociales.<\/span><span data-ccp-props=\"{&quot;201341983&quot;:0,&quot;335559731&quot;:708,&quot;335559739&quot;:160,&quot;335559740&quot;:240}\">\u00a0<\/span><\/p>\n<p><span data-contrast=\"auto\">Y en segunda instancia, indic\u00f3, puso en evidencia que el desarrollo de la ciencia, la tecnolog\u00eda y la innovaci\u00f3n no es igual, sim\u00e9trico, equitativo y compartido, entre los pa\u00edses desarrollados y los pa\u00edses en v\u00edas de desarrollo.<\/span><span data-ccp-props=\"{&quot;201341983&quot;:0,&quot;335559731&quot;:708,&quot;335559739&quot;:160,&quot;335559740&quot;:240}\">\u00a0<\/span><\/p>\n<p><span data-contrast=\"auto\">Advirti\u00f3 que la brecha es enorme \u2013y se acrecienta\u2013, se traduce en una dependencia tecnol\u00f3gica, en insuficiencia tecnolog\u00eda (falta de infraestructura), en carencias y limitaciones, en desigualdad en materia de informaci\u00f3n, en presupuesto e inversiones suficientes para garantizar el desarrollo cient\u00edfico e innovaci\u00f3n, y en la monopolizaci\u00f3n del sector tecnol\u00f3gico mundial.<\/span><span data-ccp-props=\"{&quot;201341983&quot;:0,&quot;335559731&quot;:708,&quot;335559739&quot;:160,&quot;335559740&quot;:240}\">\u00a0<\/span><\/p>\n<p><span data-contrast=\"auto\">\u201cCelebro que este foro se realice en este momento que se lleva a cabo la discusi\u00f3n, construcci\u00f3n y reflexi\u00f3n de un anteproyecto de ley que ha de normar esta pr\u00e1ctica; que participen tantas instituciones, p\u00fablicas y privadas; seguramente abonar\u00e1 a ese desarrollo aut\u00f3nomo y propio que tanto necesitan nuestras instituciones y el pa\u00eds.\u201d<\/span><\/p>\n<div id=\"attachment_96250\" style=\"width: 732px\" class=\"wp-caption aligncenter\"><a href=\"https:\/\/www.uv.mx\/prensa\/files\/2021\/04\/260421-Foro-interuniversitario-2-100k.jpg\"><img loading=\"lazy\" decoding=\"async\" aria-describedby=\"caption-attachment-96250\" class=\"size-full wp-image-96250\" src=\"https:\/\/www.uv.mx\/prensa\/files\/2021\/04\/260421-Foro-interuniversitario-2-100k.jpg\" alt=\"La rectora Sara Ladr\u00f3n de Guevara habl\u00f3 sobre la desigualdad mundial en ciencia, tecnolog\u00eda e innovaci\u00f3n \" width=\"722\" height=\"406\" srcset=\"https:\/\/www.uv.mx\/prensa\/files\/2021\/04\/260421-Foro-interuniversitario-2-100k.jpg 722w, https:\/\/www.uv.mx\/prensa\/files\/2021\/04\/260421-Foro-interuniversitario-2-100k-300x169.jpg 300w\" sizes=\"auto, (max-width: 722px) 100vw, 722px\" \/><\/a><p id=\"caption-attachment-96250\" class=\"wp-caption-text\">La rectora Sara Ladr\u00f3n de Guevara habl\u00f3 sobre la desigualdad mundial en ciencia, tecnolog\u00eda e innovaci\u00f3n<\/p><\/div>\n<p><span data-contrast=\"auto\">Enrique\u00a0<\/span><span data-contrast=\"auto\">Graue<\/span><span data-contrast=\"auto\">\u00a0<\/span><span data-contrast=\"auto\">Wiechers<\/span><span data-contrast=\"auto\">, rector de la UNAM,\u00a0<\/span><span data-contrast=\"auto\">dijo que\u00a0<\/span><span data-contrast=\"auto\">a\u00a0<\/span><span data-contrast=\"auto\">las IES la<\/span><span data-contrast=\"auto\">s<\/span><span data-contrast=\"auto\">\u00a0<\/span><span data-contrast=\"auto\">re\u00fane<\/span><span data-contrast=\"auto\">\u00a0la\u00a0<\/span><span data-contrast=\"auto\">convicci\u00f3n<\/span><span data-contrast=\"auto\">\u00a0compartida de pensar<\/span><span data-contrast=\"auto\">\u00a0<\/span><span data-contrast=\"auto\">en\u00a0<\/span><span data-contrast=\"auto\">c\u00f3mo las ciencias y las humanidades pueden contribuir\u00a0<\/span><span data-contrast=\"auto\">al desarrollo del conocimiento y a detonar tecnolog\u00edas innovadora<\/span><span data-contrast=\"auto\">s.<\/span><span data-ccp-props=\"{&quot;201341983&quot;:0,&quot;335559731&quot;:708,&quot;335559739&quot;:160,&quot;335559740&quot;:240}\">\u00a0<\/span><\/p>\n<p><span data-contrast=\"auto\">\u201c<\/span><span data-contrast=\"auto\">Nos congrega\u00a0<\/span><span data-contrast=\"auto\">el inter\u00e9s de\u00a0<\/span><span data-contrast=\"auto\">que la generaci\u00f3n de<\/span><span data-contrast=\"auto\">\u00a0los conocimientos tenga la libertad creadora y desligada de funciones meramente utilitarias; que las decisiones sobre su\u00a0<\/span><span data-contrast=\"auto\">financiamiento<\/span><span data-contrast=\"auto\">\u00a0y\u00a0<\/span><span data-contrast=\"auto\">distribuci\u00f3n<\/span><span data-contrast=\"auto\">\u00a0de recursos sean hechas por pares y sin intereses personales y<\/span><span data-contrast=\"auto\">\/o\u00a0<\/span><span data-contrast=\"auto\">grupales<\/span><span data-contrast=\"auto\">; tam<\/span><span data-contrast=\"auto\">bi<\/span><span data-contrast=\"auto\">\u00e9n nos interesa que las razone<\/span><span data-contrast=\"auto\">s por las que\u00a0<\/span><span data-contrast=\"auto\">nuestras instituciones hacen investigaci\u00f3n<\/span><span data-contrast=\"auto\">, desarrollos\u00a0<\/span><span data-contrast=\"auto\">tecnol\u00f3gicos<\/span><span data-contrast=\"auto\">\u00a0e innovaci\u00f3n est\u00e9n relacionadas con los intereses de nuestra naci\u00f3n y as\u00ed podamos contribuir al desarrollo de nuestro pa\u00eds.\u201d<\/span><span data-ccp-props=\"{&quot;201341983&quot;:0,&quot;335559731&quot;:708,&quot;335559739&quot;:160,&quot;335559740&quot;:240}\">\u00a0<\/span><\/p>\n<p><span data-contrast=\"auto\">Coment\u00f3 que se\u00a0<\/span><span data-contrast=\"auto\">re\u00fanen<\/span><span data-contrast=\"auto\">\u00a0para intercambiar<\/span><span data-contrast=\"auto\">,\u00a0<\/span><span data-contrast=\"auto\">en la pluralidad de voces<\/span><span data-contrast=\"auto\">\u00a0<\/span><span data-contrast=\"auto\">que caracteriza a las IES,\u00a0<\/span><span data-contrast=\"auto\">y\u00a0<\/span><span data-contrast=\"auto\">confluir\u00a0<\/span><span data-contrast=\"auto\">en qu\u00e9\u00a0<\/span><span data-contrast=\"auto\">principios primordiales debe fundam<\/span><span data-contrast=\"auto\">e<\/span><span data-contrast=\"auto\">ntarse la Le<\/span><span data-contrast=\"auto\">y<\/span><span data-contrast=\"auto\">\u00a0<\/span><span data-contrast=\"auto\">General de\u00a0<\/span><span data-contrast=\"auto\">Humanidades, Ciencias, Tecnolog\u00edas e Innovaci\u00f3n\u00a0<\/span><span data-contrast=\"auto\">(HCTI)<\/span><span data-contrast=\"auto\">.<\/span><span data-ccp-props=\"{&quot;201341983&quot;:0,&quot;335559731&quot;:708,&quot;335559739&quot;:160,&quot;335559740&quot;:240}\">\u00a0<\/span><\/p>\n<p><span data-contrast=\"auto\">\u201cEstas refle<\/span><span data-contrast=\"auto\">x<\/span><span data-contrast=\"auto\">iones ayudar\u00e1<\/span><span data-contrast=\"auto\">n<\/span><span data-contrast=\"auto\">\u00a0a subraya<\/span><span data-contrast=\"auto\">r<\/span><span data-contrast=\"auto\">\u00a0que\u00a0<\/span><span data-contrast=\"auto\">el\u00a0<\/span><span data-contrast=\"auto\">conocimiento<\/span><span data-contrast=\"auto\">, la\u00a0<\/span><span data-contrast=\"auto\">tecnolog\u00eda<\/span><span data-contrast=\"auto\">\u00a0y la\u00a0<\/span><span data-contrast=\"auto\">innovaci\u00f3n<\/span><span data-contrast=\"auto\">\u00a0son fundamentales para solucionar crisis y consolidar los\u00a0<\/span><span data-contrast=\"auto\">procesos<\/span><span data-contrast=\"auto\">\u00a0de\u00a0<\/span><span data-contrast=\"auto\">soberan\u00eda<\/span><span data-contrast=\"auto\">, desarrollo y bienestar.\u201d<\/span><span data-ccp-props=\"{&quot;201341983&quot;:0,&quot;335559731&quot;:708,&quot;335559739&quot;:160,&quot;335559740&quot;:240}\">\u00a0<\/span><\/p>\n<p><span data-contrast=\"auto\">\u00a0<\/span><span data-contrast=\"auto\">Por su parte, el rector institucional de la UVM, Bernardo Gonz\u00e1lez-<\/span><span data-contrast=\"auto\">Ar<\/span><span data-contrast=\"auto\">\u00e9<\/span><span data-contrast=\"auto\">chiga<\/span><span data-contrast=\"auto\">\u00a0Ram\u00edrez\u00a0<\/span><span data-contrast=\"auto\">Wiella<\/span><span data-contrast=\"auto\">, dijo que\u00a0<\/span><span data-contrast=\"auto\">el pa\u00eds est\u00e1\u00a0<\/span><span data-contrast=\"auto\">en el momento justo para renovar\u00a0<\/span><span data-contrast=\"auto\">el andamiaje normativo y estructural<\/span><span data-contrast=\"auto\">\u00a0del sistema\u00a0<\/span><span data-contrast=\"auto\">de ciencia, tecnolog\u00eda e innovaci\u00f3n<\/span><span data-contrast=\"auto\">,\u00a0<\/span><span data-contrast=\"auto\">para alcanzar los objetivos del desarrollo sostenible del pa\u00eds.<\/span><span data-ccp-props=\"{&quot;201341983&quot;:0,&quot;335559731&quot;:708,&quot;335559739&quot;:160,&quot;335559740&quot;:240}\">\u00a0<\/span><\/p>\n<p><span data-contrast=\"auto\">\u201c<\/span><span data-contrast=\"auto\">Tenemos la oportunidad de\u00a0<\/span><span data-contrast=\"auto\">crear\u00a0<\/span><span data-contrast=\"auto\">un entramado constitucional\u00a0<\/span><span data-contrast=\"auto\">moderno y\u00a0<\/span><span data-contrast=\"auto\">competitivo\u00a0<\/span><span data-contrast=\"auto\">que nos ayude a eliminar rezagos cient\u00edficos y\u00a0<\/span><span data-contrast=\"auto\">tecnol\u00f3gicos, y a enr<\/span><span data-contrast=\"auto\">i<\/span><span data-contrast=\"auto\">quece<\/span><span data-contrast=\"auto\">r<\/span><span data-contrast=\"auto\">\u00a0la edu<\/span><span data-contrast=\"auto\">c<\/span><span data-contrast=\"auto\">aci\u00f3n super<\/span><span data-contrast=\"auto\">io<\/span><span data-contrast=\"auto\">r del pa\u00eds<\/span><span data-contrast=\"auto\">.<\/span><span data-contrast=\"auto\">\u201d<\/span><span data-ccp-props=\"{&quot;201341983&quot;:0,&quot;335559731&quot;:708,&quot;335559739&quot;:160,&quot;335559740&quot;:240}\">\u00a0<\/span><\/p>\n<p><span data-contrast=\"auto\">Sa\u00fal\u00a0<\/span><span data-contrast=\"auto\">Cuautle<\/span><span data-contrast=\"auto\">\u00a0<\/span><span data-contrast=\"auto\">Quechoi<\/span><span data-contrast=\"auto\">, rector de la\u00a0<\/span><span data-contrast=\"auto\">UIA<\/span><span data-contrast=\"auto\">,\u00a0<\/span><span data-contrast=\"auto\">opin\u00f3 que se necesitan pol\u00edticas p\u00fablicas que no s\u00f3lo legislen sobre c\u00f3mo, qu\u00e9 y d\u00f3nde investigar<\/span><span data-contrast=\"auto\">, sino\u00a0<\/span><span data-contrast=\"auto\">que\u00a0<\/span><span data-contrast=\"auto\">se necesitan recursos para todas las instituciones e investigadores<\/span><span data-contrast=\"auto\">\u00a0porque hay retos mundial<\/span><span data-contrast=\"auto\">es<\/span><span data-contrast=\"auto\">, nacionales, regionales y locales.<\/span><span data-ccp-props=\"{&quot;201341983&quot;:0,&quot;335559731&quot;:708,&quot;335559739&quot;:160,&quot;335559740&quot;:240}\">\u00a0<\/span><\/p>\n<p><span data-contrast=\"auto\">En tanto, Rogelio\u00a0<\/span><span data-contrast=\"auto\">Guillermo Garza River<\/span><span data-contrast=\"auto\">a<\/span><span data-contrast=\"auto\">, rector de la UANL<\/span><span data-contrast=\"auto\">,<\/span><span data-contrast=\"auto\">\u00a0se\u00f1al\u00f3 que es necesario insistir en el incremento al presupuesto asignado a ciencia, tecnolog\u00eda e innovaci\u00f3n,\u00a0<\/span><span data-contrast=\"auto\">ya que el pa\u00eds requiere esta inversi\u00f3n para alcanzar un desarrollo\u00a0<\/span><span data-contrast=\"auto\">sostenible y equitativo, e impulsar la transformaci\u00f3n en la sociedad.<\/span><\/p>\n<div id=\"attachment_96251\" style=\"width: 732px\" class=\"wp-caption aligncenter\"><a href=\"https:\/\/www.uv.mx\/prensa\/files\/2021\/04\/260421-Foro-interuniversitario-3-100k.jpg\"><img loading=\"lazy\" decoding=\"async\" aria-describedby=\"caption-attachment-96251\" class=\"size-full wp-image-96251\" src=\"https:\/\/www.uv.mx\/prensa\/files\/2021\/04\/260421-Foro-interuniversitario-3-100k.jpg\" alt=\"Enrique Graue Wiechers, rector de la UNAM \" width=\"722\" height=\"405\" srcset=\"https:\/\/www.uv.mx\/prensa\/files\/2021\/04\/260421-Foro-interuniversitario-3-100k.jpg 722w, https:\/\/www.uv.mx\/prensa\/files\/2021\/04\/260421-Foro-interuniversitario-3-100k-300x168.jpg 300w\" sizes=\"auto, (max-width: 722px) 100vw, 722px\" \/><\/a><p id=\"caption-attachment-96251\" class=\"wp-caption-text\">Enrique Graue Wiechers, rector de la UNAM<\/p><\/div>\n<p><span data-contrast=\"auto\">\u201cEs<\/span><span data-contrast=\"auto\">\u00a0<\/span><span data-contrast=\"auto\">el momento\u00a0<\/span><span data-contrast=\"auto\">oportuno para promover la inno<\/span><span data-contrast=\"auto\">vaci\u00f3n y el emprendimiento con base tecnol\u00f3gica, que convierta a nuestras universidades en semilleros de talentos para el futuro digital y aumenten su capacidad d<\/span><span data-contrast=\"auto\">e<\/span><span data-contrast=\"auto\">\u00a0generar recursos propios.\u201d<\/span><span data-ccp-props=\"{&quot;201341983&quot;:0,&quot;335559731&quot;:708,&quot;335559739&quot;:160,&quot;335559740&quot;:240}\">\u00a0<\/span><\/p>\n<p><span data-contrast=\"auto\">David Alejandro Garza Salazar, rector y presidente ejec<\/span><span data-contrast=\"auto\">u<\/span><span data-contrast=\"auto\">tivo del ITESM<\/span><span data-contrast=\"auto\">,\u00a0<\/span><span data-contrast=\"auto\">consider\u00f3\u00a0<\/span><span data-contrast=\"auto\">que es importante\u00a0<\/span><span data-contrast=\"auto\">contar con una estrategia de ciencia, tecnolog\u00eda, innovaci\u00f3n y emprendimiento<\/span><span data-contrast=\"auto\">,\u00a0<\/span><span data-contrast=\"auto\">que promueva la colaboraci\u00f3n nacional e internacional<\/span><span data-contrast=\"auto\">, que impulse\u00a0<\/span><span data-contrast=\"auto\">el enfoque en\u00a0<\/span><span data-contrast=\"auto\">tem\u00e1ticas<\/span><span data-contrast=\"auto\">\u00a0regio<\/span><span data-contrast=\"auto\">n<\/span><span data-contrast=\"auto\">ales y globales, que cuente con\u00a0<\/span><span data-contrast=\"auto\">est\u00edmulos<\/span><span data-contrast=\"auto\">\u00a0para el desarrollo de talentos nacionales y atraiga los internacionales, que\u00a0<\/span><span data-contrast=\"auto\">otorgue<\/span><span data-contrast=\"auto\">\u00a0incentivos para inversi\u00f3n\u00a0<\/span><span data-contrast=\"auto\">p\u00fablica<\/span><span data-contrast=\"auto\">\u00a0y privada en desarrollo tecnol\u00f3gico<\/span><span data-contrast=\"auto\">, entre otras.<\/span><span data-ccp-props=\"{&quot;201341983&quot;:0,&quot;335559731&quot;:708,&quot;335559739&quot;:160,&quot;335559740&quot;:240}\">\u00a0<\/span><\/p>\n<p><span data-contrast=\"auto\">Margarita Garc\u00eda Gasca, rectora de la U<\/span><span data-contrast=\"auto\">AQ, detall\u00f3 que a lo largo de 13 sesiones los diferentes participantes\u00a0<\/span><span data-contrast=\"auto\">desmenuzar\u00e1<\/span><span data-contrast=\"auto\">n\u00a0<\/span><span data-contrast=\"auto\">e<\/span><span data-contrast=\"auto\">l anteproyecto de iniciativa de Ley General\u00a0<\/span><span data-contrast=\"auto\">HCTI<\/span><span data-contrast=\"auto\">.<\/span><span data-ccp-props=\"{&quot;201341983&quot;:0,&quot;335559731&quot;:708,&quot;335559739&quot;:160,&quot;335559740&quot;:240}\">\u00a0<\/span><\/p>\n<p><span data-contrast=\"auto\">\u201c<\/span><span data-contrast=\"auto\">L<\/span><span data-contrast=\"auto\">legar<\/span><span data-contrast=\"auto\">\u00e1<\/span><span data-contrast=\"auto\">n<\/span><span data-contrast=\"auto\">\u00a0a conclusiones y\u00a0<\/span><span data-contrast=\"auto\">se cubrir\u00e1n los vac\u00edos que tiene la propuesta<\/span><span data-contrast=\"auto\">, reivindicar\u00e1n a las universidades p\u00fablicas y privadas como generadoras de ciencia y tecnolog\u00eda en el pa<\/span><span data-contrast=\"auto\">\u00ed<\/span><span data-contrast=\"auto\">s.\u201d<\/span><span data-ccp-props=\"{&quot;201341983&quot;:0,&quot;335559731&quot;:708,&quot;335559739&quot;:160,&quot;335559740&quot;:240}\">\u00a0<\/span><\/p>\n<p><span data-contrast=\"auto\">Jos\u00e9 Muestre de Le\u00f3n, director del\u00a0<\/span><i><span data-contrast=\"auto\">Cinvestav<\/span><\/i><span data-contrast=\"auto\">, destac\u00f3 que\u00a0<\/span><span data-contrast=\"auto\">en M\u00e9xico\u00a0<\/span><span data-contrast=\"auto\">el 75 por ciento de la producci\u00f3n cient\u00edfica y tecnol\u00f3gica se genera en las instituciones de educaci\u00f3n p\u00fablica<\/span><span data-contrast=\"auto\">, y esta misma relaci\u00f3n se presenta en pa\u00edses desarrollados<\/span><span data-contrast=\"auto\">, por ello es importante que toda reforma a la Ley General HCTI<\/span><span data-contrast=\"auto\">\u00a0debe<\/span><span data-contrast=\"auto\">\u00a0<\/span><span data-contrast=\"auto\">estar armonizada a la recientemente promulgada Ley General de Educaci\u00f3n<\/span><span data-contrast=\"auto\">, \u201ces\u00a0<\/span><span data-contrast=\"auto\">importante\u00a0<\/span><span data-contrast=\"auto\">que\u00a0<\/span><span data-contrast=\"auto\">sean consideradas las opiniones de las IES en la elaboraci\u00f3n de este anteproyecto de ley\u201d.<\/span><span data-ccp-props=\"{&quot;201341983&quot;:0,&quot;335559731&quot;:708,&quot;335559739&quot;:160,&quot;335559740&quot;:240}\">\u00a0<\/span><\/p>\n<p><span data-contrast=\"auto\">Al tomar la palabra, Eduardo Pe\u00f1aloza Castro, rector general de la UAM,\u00a0<\/span><span data-contrast=\"auto\">puntualiz\u00f3 que se requiere un sistema de ciencia<\/span><span data-contrast=\"auto\">, tecnolog\u00eda e innovaci\u00f3n que responda a<\/span><span data-contrast=\"auto\">l<\/span><span data-contrast=\"auto\">\u00a0nuevo contexto nacional\u00a0<\/span><span data-contrast=\"auto\">e int<\/span><span data-contrast=\"auto\">ernacional, por lo que necesariamente se debe contar con\u00a0<\/span><span data-contrast=\"auto\">un nuevo dise\u00f1o de pol\u00edticas p\u00fablicas\u00a0<\/span><span data-contrast=\"auto\">qu<\/span><span data-contrast=\"auto\">e otorguen un impulso renovado<\/span><span data-contrast=\"auto\">\u00a0a<\/span><span data-contrast=\"auto\">\u00a0la investigaci\u00f3n b\u00e1sica e incentiven a las empresas privadas a invertir en ciencia y tecnolog\u00eda.<\/span><span data-ccp-props=\"{&quot;201341983&quot;:0,&quot;335559731&quot;:708,&quot;335559739&quot;:160,&quot;335559740&quot;:240}\">\u00a0<\/span><\/p>\n<p><span data-contrast=\"auto\">\u201cNuestro rol como IES ser\u00e1 crucial y requiere refrendar nuestro compromiso social, lo que\u00a0<\/span><span data-contrast=\"auto\">implica consolidar nuestra\u00a0<\/span><span data-contrast=\"auto\">estructura<\/span><span data-contrast=\"auto\">\u00a0y\u00a0<\/span><span data-contrast=\"auto\">garantizar<\/span><span data-contrast=\"auto\">\u00a0las\u00a0<\/span><span data-contrast=\"auto\">libertades<\/span><span data-contrast=\"auto\">\u00a0<\/span><span data-contrast=\"auto\">acad\u00e9micas<\/span><span data-contrast=\"auto\">,<\/span><span data-contrast=\"auto\">\u00a0fortalecer los cuerpos\u00a0<\/span><span data-contrast=\"auto\">acad\u00e9micos<\/span><span data-contrast=\"auto\">, y seguir\u00a0<\/span><span data-contrast=\"auto\">fomentando\u00a0<\/span><span data-contrast=\"auto\">capital humano\u00a0<\/span><span data-contrast=\"auto\">altamente<\/span><span data-contrast=\"auto\">\u00a0<\/span><span data-contrast=\"auto\">especializado y comunicarnos de manera m\u00e1s eficaz con el sector productivo.\u201d<\/span><span data-ccp-props=\"{&quot;201341983&quot;:0,&quot;335559731&quot;:708,&quot;335559739&quot;:160,&quot;335559740&quot;:240}\">\u00a0<\/span><\/p>\n<p><span data-contrast=\"auto\">Por \u00faltimo,\u00a0<\/span><span data-contrast=\"auto\">H\u00e9ctor Ra\u00fal\u00a0<\/span><span data-contrast=\"auto\">Sol\u00eds<\/span><span data-contrast=\"auto\">, r<\/span><span data-contrast=\"auto\">epresentante del rector de la\u00a0<\/span><span data-contrast=\"auto\">Ude<\/span><span data-contrast=\"auto\">G<\/span><span data-contrast=\"auto\">,\u00a0<\/span><span data-contrast=\"auto\">consider\u00f3 que este foro ayudar\u00e1 a proponer y construir una visi\u00f3n clara\u00a0<\/span><span data-contrast=\"auto\">que articule los grandes principios y prop\u00f3sitos del desarrollo del pa\u00eds.<\/span><\/p>\n<div id=\"attachment_96252\" style=\"width: 732px\" class=\"wp-caption aligncenter\"><a href=\"https:\/\/www.uv.mx\/prensa\/files\/2021\/04\/260421-Foro-interuniversitario-4-100k.jpg\"><img loading=\"lazy\" decoding=\"async\" aria-describedby=\"caption-attachment-96252\" class=\"size-full wp-image-96252\" src=\"https:\/\/www.uv.mx\/prensa\/files\/2021\/04\/260421-Foro-interuniversitario-4-100k.jpg\" alt=\"Eduardo Pe\u00f1aloza, rector general de la UAM, inaugur\u00f3 el foro en representaci\u00f3n de las 10 IES convocantes \" width=\"722\" height=\"364\" srcset=\"https:\/\/www.uv.mx\/prensa\/files\/2021\/04\/260421-Foro-interuniversitario-4-100k.jpg 722w, https:\/\/www.uv.mx\/prensa\/files\/2021\/04\/260421-Foro-interuniversitario-4-100k-300x151.jpg 300w\" sizes=\"auto, (max-width: 722px) 100vw, 722px\" \/><\/a><p id=\"caption-attachment-96252\" class=\"wp-caption-text\">Eduardo Pe\u00f1aloza, rector general de la UAM, inaugur\u00f3 el foro en representaci\u00f3n de las 10 IES convocantes<\/p><\/div>\n","protected":false},"excerpt":{"rendered":"<p>La rectora Sara Ladr\u00f3n de Guevara habl\u00f3 sobre la importancia de tener presupuesto e inversiones suficientes para garantizar el desarrollo cient\u00edfico <\/p>\n","protected":false},"author":1775,"featured_media":96253,"comment_status":"closed","ping_status":"closed","sticky":false,"template":"","format":"standard","meta":{"footnotes":""},"categories":[61],"tags":[2581,2582,537,536,2583,2585,2584],"class_list":["post-96248","post","type-post","status-publish","format-standard","has-post-thumbnail","hentry","category-banner","tag-comunidad-cientifica","tag-foro-interuniversitario","tag-ies","tag-instituciones-de-educacion-superior","tag-jornadas-de-reflexion-sobre-el-sistema-de-ciencia-tecnologia-e-innovacion-que-demanda-el-futuro","tag-privadas","tag-publicas"],"_links":{"self":[{"href":"https:\/\/www.uv.mx\/prensa\/wp-json\/wp\/v2\/posts\/96248","targetHints":{"allow":["GET"]}}],"collection":[{"href":"https:\/\/www.uv.mx\/prensa\/wp-json\/wp\/v2\/posts"}],"about":[{"href":"https:\/\/www.uv.mx\/prensa\/wp-json\/wp\/v2\/types\/post"}],"author":[{"embeddable":true,"href":"https:\/\/www.uv.mx\/prensa\/wp-json\/wp\/v2\/users\/1775"}],"replies":[{"embeddable":true,"href":"https:\/\/www.uv.mx\/prensa\/wp-json\/wp\/v2\/comments?post=96248"}],"version-history":[{"count":1,"href":"https:\/\/www.uv.mx\/prensa\/wp-json\/wp\/v2\/posts\/96248\/revisions"}],"predecessor-version":[{"id":96274,"href":"https:\/\/www.uv.mx\/prensa\/wp-json\/wp\/v2\/posts\/96248\/revisions\/96274"}],"wp:featuredmedia":[{"embeddable":true,"href":"https:\/\/www.uv.mx\/prensa\/wp-json\/wp\/v2\/media\/96253"}],"wp:attachment":[{"href":"https:\/\/www.uv.mx\/prensa\/wp-json\/wp\/v2\/media?parent=96248"}],"wp:term":[{"taxonomy":"category","embeddable":true,"href":"https:\/\/www.uv.mx\/prensa\/wp-json\/wp\/v2\/categories?post=96248"},{"taxonomy":"post_tag","embeddable":true,"href":"https:\/\/www.uv.mx\/prensa\/wp-json\/wp\/v2\/tags?post=96248"}],"curies":[{"name":"wp","href":"https:\/\/api.w.org\/{rel}","templated":true}]}}