{"id":96175,"date":"2021-04-26T08:00:26","date_gmt":"2021-04-26T13:00:26","guid":{"rendered":"https:\/\/www.uv.mx\/prensa\/?p=96175"},"modified":"2021-04-27T12:25:00","modified_gmt":"2021-04-27T17:25:00","slug":"ouvmujeres-aplica-encuesta-sobre-jornada-laboral-y-trabajo-de-cuidado","status":"publish","type":"post","link":"https:\/\/www.uv.mx\/prensa\/general\/ouvmujeres-aplica-encuesta-sobre-jornada-laboral-y-trabajo-de-cuidado\/","title":{"rendered":"<em>OUVMujeres<\/em>\u00a0aplica\u00a0encuesta\u00a0sobre\u00a0jornada laboral\u00a0y\u00a0trabajo de cuidado\u00a0"},"content":{"rendered":"<ul>\n<li data-leveltext=\"\uf0b7\" data-font=\"Symbol\" data-listid=\"1\" data-aria-posinset=\"1\" data-aria-level=\"1\"><i><span data-contrast=\"auto\">Tiene por objeto identificar las dificultades que enfrentan acad\u00e9micos de la U<\/span><\/i><i><span data-contrast=\"auto\">V<\/span><\/i><i><span data-contrast=\"auto\">\u00a0para la conciliaci\u00f3n entre<\/span><\/i><i><span data-contrast=\"auto\">\u00a0ambos durante esta pandemia<\/span><\/i><span data-ccp-props=\"{&quot;134233279&quot;:true}\">\u00a0<\/span><\/li>\n<li data-leveltext=\"\uf0b7\" data-font=\"Symbol\" data-listid=\"1\" data-aria-posinset=\"2\" data-aria-level=\"1\"><i><span data-contrast=\"none\">Se puede acceder desde las p\u00e1ginas\u00a0<\/span><\/i><a href=\"https:\/\/www.uv.mx\/ouvmujeres\/\"><i><span data-contrast=\"none\">www.uv.mx\/ouvmujeres\/<\/span><\/i><\/a><i><span data-contrast=\"none\">\u00a0y\u00a0<\/span><\/i><a href=\"https:\/\/www.uv.mx\/antropologia\/\"><i><span data-contrast=\"none\">www.uv.mx\/antropologia\/<\/span><\/i><\/a><span data-ccp-props=\"{&quot;134233279&quot;:true}\">\u00a0<\/span><\/li>\n<\/ul>\n<p><span data-ccp-props=\"{}\">\u00a0<\/span><\/p>\n<div id=\"attachment_96177\" style=\"width: 732px\" class=\"wp-caption aligncenter\"><a href=\"https:\/\/www.uv.mx\/prensa\/files\/2021\/04\/230421-Encuesta-OUVMujeres.jpg\"><img loading=\"lazy\" decoding=\"async\" aria-describedby=\"caption-attachment-96177\" class=\"size-full wp-image-96177\" src=\"https:\/\/www.uv.mx\/prensa\/files\/2021\/04\/230421-Encuesta-OUVMujeres.jpg\" alt=\"\" width=\"722\" height=\"240\" srcset=\"https:\/\/www.uv.mx\/prensa\/files\/2021\/04\/230421-Encuesta-OUVMujeres.jpg 722w, https:\/\/www.uv.mx\/prensa\/files\/2021\/04\/230421-Encuesta-OUVMujeres-300x100.jpg 300w\" sizes=\"auto, (max-width: 722px) 100vw, 722px\" \/><\/a><p id=\"caption-attachment-96177\" class=\"wp-caption-text\">Este ejercicio podr\u00e1 responderse en l\u00ednea del 26 de abril al 7 de mayo<\/p><\/div>\n<p><span data-ccp-props=\"{}\">\u00a0<\/span><\/p>\n<p><b><i><span data-contrast=\"auto\">Karina de la Paz Reyes D\u00edaz<\/span><\/i><\/b><span data-ccp-props=\"{}\">\u00a0<\/span><\/p>\n<p><b><i><span data-contrast=\"auto\">2<\/span><\/i><\/b><b><i><span data-contrast=\"auto\">6<\/span><\/i><\/b><b><i><span data-contrast=\"auto\">\/04\/2021, Xalapa, Ver.-\u00a0<\/span><\/i><\/b><span data-contrast=\"auto\">El <a href=\"https:\/\/www.uv.mx\/ouvmujeres\/\" target=\"_blank\" rel=\"noopener\">Observatorio Universitario de Violencias contra Mujeres<\/a> (<\/span><i><span data-contrast=\"auto\">OUVMujeres<\/span><\/i><span data-contrast=\"auto\">) de la Universidad Veracruzana (<\/span><span data-contrast=\"auto\">UV<\/span><span data-contrast=\"auto\">) convoca a la comunidad acad\u00e9mica de las cinco regiones a participar<\/span><span data-contrast=\"auto\">\u00a0en una encue<\/span><span data-contrast=\"auto\">s<\/span><span data-contrast=\"auto\">ta cuyo objeto es\u00a0<\/span><span data-contrast=\"auto\">identificar las dificultades que<\/span><span data-contrast=\"auto\">\u00a0este sector<\/span><span data-contrast=\"auto\">\u00a0enfrenta para la conciliaci\u00f3n entre los trabajos de cuidados y la jornada laboral durante la pandemia por\u00a0<\/span><span data-contrast=\"auto\">la\u00a0<\/span><span data-contrast=\"auto\">C<\/span><span data-contrast=\"auto\">ovid<\/span><span data-contrast=\"auto\">-19,\u00a0<\/span><span data-contrast=\"auto\">que ha implicado\u00a0 confinamiento\u00a0<\/span><span data-contrast=\"auto\">y<\/span><span data-contrast=\"auto\">\u00a0la modalidad virtual para ejercer la docencia\u00a0<\/span><span data-contrast=\"auto\">de<\/span><span data-contrast=\"auto\">\u00a0marzo del 2020 a la fecha.<\/span><span data-ccp-props=\"{}\">\u00a0<\/span><\/p>\n<p><span data-contrast=\"auto\">La\u00a0<\/span><span data-contrast=\"auto\">\u201c<\/span><a href=\"http:\/\/%E2%80%9CEncuesta%20sobre%20la%20conciliaci%C3%B3n%20entre%20la%20jornada%20laboral%20y%20el%20trabajo%20de%20cuidados%20por%20parte%20del%20personal%20acad%C3%A9mico%20de%20la%20Universidad%20Veracruzana%E2%80%9D\/\"><span data-contrast=\"none\">Encuesta sobre la conciliaci\u00f3n entre la jornada laboral y el trabajo de cuidados por parte del personal acad\u00e9mico de la Universidad Veracruzana\u201d<\/span><\/a><span data-contrast=\"auto\">\u00a0p<\/span><span data-contrast=\"auto\">odr\u00e1 respond<\/span><span data-contrast=\"auto\">e<\/span><span data-contrast=\"auto\">rse en l\u00ednea del 26 de abril al 7 de mayo<\/span><span data-contrast=\"auto\">. La participaci\u00f3n es completamente voluntaria y la informaci\u00f3n proporcionada ser\u00e1 manejada de forma confidencial y an\u00f3nima<\/span><span data-contrast=\"auto\">.<\/span><span data-ccp-props=\"{&quot;335559731&quot;:708}\">\u00a0<\/span><\/p>\n<p><span data-contrast=\"auto\">\u201cLa premisa que sustenta esta indagaci\u00f3n se funda en la consideraci\u00f3n de que la igualdad sustantiva entre mujeres, hombres y\/o personas no binarias se ve seriamente comprometida si no existen condiciones institucionales, familiares y personales que permitan la conciliaci\u00f3n entre los m\u00faltiples trabajos convergentes en el cuidado y los relativos al desarrollo de las actividade<\/span><span data-contrast=\"auto\">s acad\u00e9micas al interior de la U<\/span><span data-contrast=\"auto\">niversidad\u201d, plante<\/span><span data-contrast=\"auto\">a<\/span><span data-contrast=\"auto\">\u00a0el p\u00e1rrafo introductorio<\/span><span data-contrast=\"auto\">\u00a0al cuestionario.<\/span><span data-ccp-props=\"{&quot;335559731&quot;:708}\">\u00a0<\/span><\/p>\n<p><span data-contrast=\"auto\">\u201c<\/span><span data-contrast=\"auto\">Observamos que, durante el periodo transcurrido de la pandemia, no s\u00f3lo se han incrementado estos trabajos, sino que los trabajos de cuidados derivados del confinamiento se encuentran desigualmente distribuidos al interior del espacio dom\u00e9stico, lo que ha dificultado (entre otras razones) su conciliaci\u00f3n con el trabajo acad\u00e9mico.<\/span><span data-contrast=\"auto\">\u201d<\/span><span data-ccp-props=\"{&quot;335559731&quot;:708}\">\u00a0<\/span><\/p>\n<p><span data-contrast=\"auto\">Ah\u00ed tambi\u00e9n se da a conocer que tal\u00a0<\/span><span data-contrast=\"auto\">ejercicio hace parte de un esfuerzo del\u00a0<\/span><i><span data-contrast=\"auto\">OUVMujeres<\/span><\/i><span data-contrast=\"auto\">\u00a0<\/span><span data-contrast=\"auto\">por incorporar en su an\u00e1lisis la dimensi\u00f3n de los\u00a0<\/span><span data-contrast=\"auto\">\u201c<\/span><span data-contrast=\"auto\">cuidados<\/span><span data-contrast=\"auto\">\u201d<\/span><span data-contrast=\"auto\">,\u00a0<\/span><span data-contrast=\"auto\">al considerarla\u00a0<\/span><span data-contrast=\"auto\">de suma relevancia para comprender y problematizar las condiciones que configuran contextos de bienestar o<\/span><span data-contrast=\"auto\">,<\/span><span data-contrast=\"auto\">\u00a0por el contrario, se encuentran asociados a la generaci\u00f3n de desigualdades y violencias<\/span><span data-contrast=\"auto\">.<\/span><span data-ccp-props=\"{&quot;335559731&quot;:708}\">\u00a0<\/span><\/p>\n<p><span data-contrast=\"auto\">Estela Casado Gonz\u00e1lez,\u00a0<\/span><span data-contrast=\"auto\">coordinadora del o<\/span><span data-contrast=\"auto\">bservatorio<\/span><span data-contrast=\"auto\">\u00a0y acad\u00e9mica de la Facultad de Antropolog\u00eda<\/span><span data-contrast=\"auto\">,<\/span><span data-contrast=\"auto\">\u00a0<\/span><span data-contrast=\"auto\">inform\u00f3 de la\u00a0<\/span><span data-contrast=\"auto\">incorporaci\u00f3n<\/span><span data-contrast=\"auto\">\u00a0<\/span><span data-contrast=\"auto\">de Ver\u00f3nica Moreno Uribe<\/span><span data-contrast=\"auto\">\u00a0<\/span><span data-contrast=\"auto\">a<\/span><span data-contrast=\"auto\">\u00a0est<\/span><span data-contrast=\"auto\">e grupo de trabajo, para agregarle aristas tem\u00e1ticas que tiene<\/span><span data-contrast=\"auto\">n<\/span><span data-contrast=\"auto\">\u00a0que ver con violencias\u00a0<\/span><span data-contrast=\"auto\">hacia<\/span><span data-contrast=\"auto\">\u00a0las mujeres, pero vistas desde otros \u00e1ngulos<\/span><span data-contrast=\"auto\">.<\/span><span data-ccp-props=\"{&quot;335559731&quot;:708}\">\u00a0<\/span><\/p>\n<p><span data-contrast=\"auto\">Precisamente, Ver\u00f3nica Moreno, acad\u00e9mica de la\u00a0<\/span><span data-contrast=\"auto\">misma Facultad,\u00a0<\/span><span data-contrast=\"auto\">es experta en el trabajo de cuidados<\/span><span data-contrast=\"auto\">, de ah\u00ed la iniciativa de la e<\/span><span data-contrast=\"auto\">ncuesta<\/span><span data-contrast=\"auto\">\u00a0pues la idea es tejer una articulaci\u00f3n entre el an\u00e1lisis de las violencias, al cual ha estado abocado el\u00a0<\/span><i><span data-contrast=\"auto\">O<\/span><\/i><i><span data-contrast=\"auto\">UVMujeres<\/span><\/i><span data-contrast=\"auto\">\u00a0desde que se fund\u00f3 hace siete a\u00f1os,<\/span><span data-contrast=\"auto\">\u00a0con el tema de\u00a0<\/span><span data-contrast=\"auto\">cuidados.<\/span><span data-ccp-props=\"{&quot;335559731&quot;:708}\">\u00a0<\/span><\/p>\n<p><span data-contrast=\"auto\">\u201cEste es un primer esfuerzo que aborda en concreto las dificultades que tienen los acad\u00e9micos de la UV, de todas las regiones, independientemente de su forma de contrataci\u00f3n,\u00a0<\/span><span data-contrast=\"auto\">para la conciliaci\u00f3n de los cuidados con el conjunto de actividades que englobamos como \u2018trabajo acad\u00e9mico\u2019, pero que implica tutor\u00edas, gesti\u00f3n, investigaci\u00f3n, docencia, difusi\u00f3n y\u00a0<\/span><span data-contrast=\"auto\">divulgaci\u00f3n del conocimiento\u201d, a\u00f1adi\u00f3 Ver\u00f3nica Moreno.<\/span><span data-ccp-props=\"{&quot;335559731&quot;:708}\">\u00a0<\/span><\/p>\n<p><span data-contrast=\"auto\">Ah\u00ed entrecruza<\/span><span data-contrast=\"auto\">n<\/span><span data-contrast=\"auto\">\u00a0variables como edad, g\u00e9nero, regi\u00f3n, tipo de contrataci\u00f3n, entre otras.\u00a0<\/span><span data-contrast=\"auto\">Varias, tambi\u00e9n<\/span><span data-contrast=\"auto\">,<\/span><span data-contrast=\"auto\">\u00a0son las hip\u00f3tesis: el incremento de los trabajos de cuidados en tiempo de pandemia, pues implican la atenci\u00f3n a los dependientes (hijos,\u00a0<\/span><span data-contrast=\"auto\">abuelos, personas enfermas, por citar algunos)<\/span><span data-contrast=\"auto\">, el trabajo dom\u00e9stico, las gestiones para el aprovisionamiento del n\u00facleo dom\u00e9stico y las de los afectos<\/span><span data-contrast=\"auto\">\u00a0(se ha traducido en ansiedades, depresiones, angustias, entre otros) y el autocuidado.<\/span><span data-ccp-props=\"{&quot;335559731&quot;:708}\">\u00a0<\/span><\/p>\n<p><span data-contrast=\"auto\">Una hip\u00f3tesis m\u00e1s es que tambi\u00e9n se ha exacerbado el trabajo acad\u00e9mico<\/span><span data-contrast=\"auto\">, pues mud\u00f3 totalmente a la virtualidad, diluyendo horarios y fronteras espaciales. La tercera es que<\/span><span data-contrast=\"auto\">\u00a0tal contexto ha contribuido a que vaya en detrimento\u00a0<\/span><span data-contrast=\"auto\">d<\/span><span data-contrast=\"auto\">el descanso para el autocuid<\/span><span data-contrast=\"auto\">ado.<\/span><span data-ccp-props=\"{&quot;335559731&quot;:708}\">\u00a0<\/span><\/p>\n<p><span data-contrast=\"auto\">L<\/span><span data-contrast=\"auto\">a<\/span><span data-contrast=\"auto\">\u00a0<\/span><span data-contrast=\"auto\">cuarta hip\u00f3tesis es que tal escenario ha generado desgaste, agobio y malestar tanto f\u00edsico como emocional, en\u00a0<\/span><span data-contrast=\"auto\">perjuicio\u00a0<\/span><span data-contrast=\"auto\">de la salud y del\u00a0<\/span><span data-contrast=\"auto\">propio<\/span><span data-contrast=\"auto\">\u00a0trabajo que re<\/span><span data-contrast=\"auto\">alizan.<\/span><span data-ccp-props=\"{&quot;335559731&quot;:708}\">\u00a0<\/span><\/p>\n<p><span data-contrast=\"auto\">\u201cEsta es una v\u00eda que nos va a informar qu\u00e9 tanta dificultad hay y c\u00f3mo est\u00e1 diferenciada, con miras a identificar qu\u00e9 tanto la instituci\u00f3n contribuye<\/span><span data-contrast=\"auto\">\u00a0<\/span><span data-contrast=\"auto\">con\u00a0<\/span><span data-contrast=\"auto\">ella\u00a0<\/span><span data-contrast=\"auto\">o no\u201d, subray\u00f3 Ver\u00f3nica Moreno.<\/span><span data-ccp-props=\"{&quot;335559731&quot;:708}\">\u00a0<\/span><\/p>\n<p><span data-contrast=\"auto\">Estela Casados\u00a0<\/span><span data-contrast=\"auto\">remarc\u00f3<\/span><span data-contrast=\"auto\">\u00a0que ejercicios como\u00a0<\/span><span data-contrast=\"auto\">\u00e9<\/span><span data-contrast=\"auto\">st<\/span><span data-contrast=\"auto\">e<\/span><span data-contrast=\"auto\">\u00a0son\u00a0<\/span><span data-contrast=\"auto\">\u00fatiles<\/span><span data-contrast=\"auto\">\u00a0para varias situaciones, una de ellas es que la UV pueda tener datos de c\u00f3mo el llamado\u00a0<\/span><span data-contrast=\"auto\">\u201c<\/span><span data-contrast=\"auto\">teletrabajo<\/span><span data-contrast=\"auto\">\u201d<\/span><span data-contrast=\"auto\">\u00a0<\/span><span data-contrast=\"auto\">ha impactado en la vida de parte de su comunidad; otra,\u00a0<\/span><span data-contrast=\"auto\">que en su opini\u00f3n es de las mayores virtudes<\/span><span data-contrast=\"auto\">,<\/span><span data-contrast=\"auto\">\u00a0es que<\/span><span data-contrast=\"auto\">\u00a0contestar<\/span><span data-contrast=\"auto\">\u00a0la encuesta<\/span><span data-contrast=\"auto\">\u00a0<\/span><span data-contrast=\"auto\">implica una reflexi\u00f3n que,\u00a0<\/span><span data-contrast=\"auto\">ante la vor\u00e1gine de actividades<\/span><span data-contrast=\"auto\">,<\/span><span data-contrast=\"auto\">\u00a0se ha\u00a0<\/span><span data-contrast=\"auto\">diluido<\/span><span data-contrast=\"auto\">, \u201c<\/span><span data-contrast=\"auto\">se trata de un aporte\u00a0<\/span><span data-contrast=\"auto\">que se quedar\u00e1\u00a0<\/span><span data-contrast=\"auto\">en el plano personal<\/span><span data-contrast=\"auto\">\u00a0de quien e<\/span><span data-contrast=\"auto\">mprenda ese ejercicio<\/span><span data-contrast=\"auto\">\u201d<\/span><span data-contrast=\"auto\">.<\/span><span data-ccp-props=\"{&quot;335559731&quot;:708}\">\u00a0<\/span><\/p>\n<p><span data-contrast=\"auto\">La C<\/span><span data-contrast=\"auto\">oordinadora del\u00a0<\/span><i><span data-contrast=\"auto\">OUVMujeres<\/span><\/i><span data-contrast=\"auto\">\u00a0tambi\u00e9n destac\u00f3 que la e<\/span><span data-contrast=\"auto\">ncuesta les permitir\u00e1 hacer un registro en un momento coyuntural de\u00a0<\/span><span data-contrast=\"auto\">\u201c<\/span><span data-contrast=\"auto\">algo que ha existido, pero que se desbord\u00f3 en s<\/span><span data-contrast=\"auto\">us dimensiones, en este tiempo de pandemia<\/span><span data-contrast=\"auto\">\u201d<\/span><span data-contrast=\"auto\">; es m\u00e1s, advirti\u00f3 que\u00a0<\/span><span data-contrast=\"auto\">se corre el riesgo de que estas nuevas din\u00e1micas de trabajo contin\u00faen o incluso aumen<\/span><span data-contrast=\"auto\">ten<\/span><span data-contrast=\"auto\">, no nada m\u00e1s en esta U<\/span><span data-contrast=\"auto\">niversidad y dem\u00e1<\/span><span data-contrast=\"auto\">s<\/span><span data-contrast=\"auto\">\u00a0<\/span><span data-contrast=\"auto\">i<\/span><span data-contrast=\"auto\">nstituciones de\u00a0<\/span><span data-contrast=\"auto\">e<\/span><span data-contrast=\"auto\">ducaci\u00f3n\u00a0<\/span><span data-contrast=\"auto\">s<\/span><span data-contrast=\"auto\">uperior, sino\u00a0<\/span><span data-contrast=\"auto\">en otros frentes de trabajo.<\/span><span data-ccp-props=\"{&quot;335559731&quot;:708}\">\u00a0<\/span><\/p>\n<p><span data-contrast=\"auto\">Por\u00a0<\/span><span data-contrast=\"auto\">su parte, Ver\u00f3nica Moreno<\/span><span data-contrast=\"auto\">\u00a0remarc\u00f3 la importancia de tener presente<\/span><span data-contrast=\"auto\">s<\/span><span data-contrast=\"auto\">\u00a0la<\/span><span data-contrast=\"auto\">s<\/span><span data-contrast=\"auto\">\u00a0articulaci<\/span><span data-contrast=\"auto\">ones<\/span><span data-contrast=\"auto\">\u00a0entre cuidados y viole<\/span><span data-contrast=\"auto\">ncias.\u00a0<\/span><span data-contrast=\"auto\">Por ejemplo,<\/span><span data-contrast=\"auto\">\u00a0<\/span><span data-contrast=\"auto\">frente a una situaci<\/span><span data-contrast=\"auto\">\u00f3n de violencia\u00a0<\/span><span data-contrast=\"auto\">exacerbada<\/span><span data-contrast=\"auto\">, una de las respuestas ha sido\u00a0<\/span><span data-contrast=\"auto\">construir<\/span><span data-contrast=\"auto\">\u00a0<\/span><span data-contrast=\"auto\">comunidad<\/span><span data-contrast=\"auto\">es o redes de cuidado.<\/span><span data-ccp-props=\"{&quot;335559731&quot;:708}\">\u00a0<\/span><\/p>\n<p><span data-contrast=\"auto\">Una consideraci\u00f3n m\u00e1s, que s\u00ed atiende la encuesta, es\u00a0<\/span><span data-contrast=\"auto\">\u201c<\/span><span data-contrast=\"auto\">que la\u00a0<\/span><span data-contrast=\"auto\">invisibilizaci\u00f3n<\/span><span data-contrast=\"auto\">\u00a0de los trabajos de cuidados, la consideraci\u00f3n de<\/span><span data-contrast=\"auto\">l cuidado como no relevante ni productor de riqueza (lo cual es muy propio del sistema capitalis<\/span><span data-contrast=\"auto\">ta<\/span><span data-contrast=\"auto\">)<\/span><span data-contrast=\"auto\">, constituye una violencia\u201d.<\/span><span data-ccp-props=\"{&quot;335559731&quot;:708}\">\u00a0<\/span><\/p>\n<p><span data-contrast=\"auto\">Cabe precisar que la\u00a0<\/span><span data-contrast=\"auto\">intenci\u00f3n es lograr una m<\/span><span data-contrast=\"auto\">uestra representativa del 25 al 30 por ciento del total de l<\/span><span data-contrast=\"auto\">a comunidad acad\u00e9mica de la UV.<\/span><span data-ccp-props=\"{&quot;335559731&quot;:708}\">\u00a0<\/span><\/p>\n<p><span data-contrast=\"auto\">D<\/span><span data-contrast=\"auto\">esde la<\/span><span data-contrast=\"auto\">s<\/span><span data-contrast=\"auto\">\u00a0p\u00e1gina<\/span><span data-contrast=\"auto\">s<\/span><span data-contrast=\"auto\">\u00a0<\/span><a href=\"https:\/\/www.uv.mx\/ouvmujeres\/\"><span data-contrast=\"none\">www.uv.mx\/ouv<\/span><span data-contrast=\"none\">m<\/span><span data-contrast=\"none\">ujeres\/<\/span><\/a><span data-contrast=\"auto\">\u00a0y\u00a0<\/span><a href=\"https:\/\/www.uv.mx\/antropologia\/\"><span data-contrast=\"none\">www.<\/span><span data-contrast=\"none\">u<\/span><span data-contrast=\"none\">v.mx\/antropologia\/<\/span><\/a><span data-contrast=\"auto\">\u00a0se p<\/span><span data-contrast=\"auto\">uede\u00a0<\/span><span data-contrast=\"auto\">acceder<\/span><span data-contrast=\"auto\">\u00a0<\/span><span data-contrast=\"auto\">a<\/span><span data-contrast=\"auto\">\u00a0la encuesta<\/span><span data-contrast=\"auto\">.<\/span><span data-ccp-props=\"{&quot;335559731&quot;:708}\">\u00a0<\/span><\/p>\n","protected":false},"excerpt":{"rendered":"<p>Este ejercicio podr\u00e1 responderse en l\u00ednea del 26 de abril al 7 de mayo\u00a0<\/p>\n","protected":false},"author":1869,"featured_media":96176,"comment_status":"closed","ping_status":"closed","sticky":false,"template":"","format":"standard","meta":{"footnotes":""},"categories":[1],"tags":[],"class_list":["post-96175","post","type-post","status-publish","format-standard","has-post-thumbnail","hentry","category-general"],"_links":{"self":[{"href":"https:\/\/www.uv.mx\/prensa\/wp-json\/wp\/v2\/posts\/96175","targetHints":{"allow":["GET"]}}],"collection":[{"href":"https:\/\/www.uv.mx\/prensa\/wp-json\/wp\/v2\/posts"}],"about":[{"href":"https:\/\/www.uv.mx\/prensa\/wp-json\/wp\/v2\/types\/post"}],"author":[{"embeddable":true,"href":"https:\/\/www.uv.mx\/prensa\/wp-json\/wp\/v2\/users\/1869"}],"replies":[{"embeddable":true,"href":"https:\/\/www.uv.mx\/prensa\/wp-json\/wp\/v2\/comments?post=96175"}],"version-history":[{"count":1,"href":"https:\/\/www.uv.mx\/prensa\/wp-json\/wp\/v2\/posts\/96175\/revisions"}],"predecessor-version":[{"id":96278,"href":"https:\/\/www.uv.mx\/prensa\/wp-json\/wp\/v2\/posts\/96175\/revisions\/96278"}],"wp:featuredmedia":[{"embeddable":true,"href":"https:\/\/www.uv.mx\/prensa\/wp-json\/wp\/v2\/media\/96176"}],"wp:attachment":[{"href":"https:\/\/www.uv.mx\/prensa\/wp-json\/wp\/v2\/media?parent=96175"}],"wp:term":[{"taxonomy":"category","embeddable":true,"href":"https:\/\/www.uv.mx\/prensa\/wp-json\/wp\/v2\/categories?post=96175"},{"taxonomy":"post_tag","embeddable":true,"href":"https:\/\/www.uv.mx\/prensa\/wp-json\/wp\/v2\/tags?post=96175"}],"curies":[{"name":"wp","href":"https:\/\/api.w.org\/{rel}","templated":true}]}}