{"id":96040,"date":"2021-04-22T13:58:33","date_gmt":"2021-04-22T18:58:33","guid":{"rendered":"https:\/\/www.uv.mx\/prensa\/?p=96040"},"modified":"2021-04-22T20:11:03","modified_gmt":"2021-04-23T01:11:03","slug":"estudiantes-de-coatza-mina-participan-en-jornada-de-vacunacion","status":"publish","type":"post","link":"https:\/\/www.uv.mx\/prensa\/regiones\/estudiantes-de-coatza-mina-participan-en-jornada-de-vacunacion\/","title":{"rendered":"Estudiantes de Coatza-Mina participan en jornada de vacunaci\u00f3n"},"content":{"rendered":"<div id=\"attachment_96041\" style=\"width: 732px\" class=\"wp-caption aligncenter\"><a href=\"https:\/\/www.uv.mx\/prensa\/files\/2021\/04\/21042021-CECILIA-vacunacion1-100k.jpg\"><img aria-describedby=\"caption-attachment-96041\" decoding=\"async\" loading=\"lazy\" class=\"size-full wp-image-96041\" src=\"https:\/\/www.uv.mx\/prensa\/files\/2021\/04\/21042021-CECILIA-vacunacion1-100k.jpg\" alt=\"Participaci\u00f3n en Coatzacoalcos \" width=\"722\" height=\"542\" srcset=\"https:\/\/www.uv.mx\/prensa\/files\/2021\/04\/21042021-CECILIA-vacunacion1-100k.jpg 722w, https:\/\/www.uv.mx\/prensa\/files\/2021\/04\/21042021-CECILIA-vacunacion1-100k-300x225.jpg 300w\" sizes=\"(max-width: 722px) 100vw, 722px\" \/><\/a><p id=\"caption-attachment-96041\" class=\"wp-caption-text\">Participaci\u00f3n en Coatzacoalcos<\/p><\/div>\n<p>&nbsp;<\/p>\n<p><b><i><span data-contrast=\"auto\">Cecilia Escribano<\/span><\/i><\/b><b><i><span data-contrast=\"auto\">\u00a0Reyes<\/span><\/i><\/b><span data-ccp-props=\"{&quot;201341983&quot;:0,&quot;335559739&quot;:160,&quot;335559740&quot;:240}\">\u00a0<\/span><\/p>\n<p><b><i><span data-contrast=\"auto\">2<\/span><\/i><\/b><b><i><span data-contrast=\"auto\">2<\/span><\/i><\/b><b><i><span data-contrast=\"auto\">\/04\/<\/span><\/i><\/b><b><i><span data-contrast=\"auto\">202<\/span><\/i><\/b><b><i><span data-contrast=\"auto\">1<\/span><\/i><\/b><b><i><span data-contrast=\"auto\">, Coatzacoalcos,\u00a0<\/span><\/i><\/b><b><i><span data-contrast=\"auto\">Ver.-<\/span><\/i><\/b><b><i><span data-contrast=\"auto\">\u00a0<\/span><\/i><\/b><span data-contrast=\"auto\">Estudiantes de la<\/span><span data-contrast=\"auto\">\u00a0<\/span><span data-contrast=\"auto\"><a href=\"https:\/\/www.uv.mx\/coatza\/\" target=\"_blank\" rel=\"noopener\">regi\u00f3n Coatzacoalcos-Minatitl\u00e1n<\/a> de la\u00a0<\/span><span data-contrast=\"auto\">Universidad Veracruzana (UV)<\/span><span data-contrast=\"auto\">\u00a0<\/span><span data-contrast=\"auto\">participan<\/span><span data-contrast=\"auto\">\u00a0en la\u00a0<\/span><span data-contrast=\"auto\">jornada de\u00a0<\/span><span data-contrast=\"auto\">vacunaci\u00f3n\u00a0<\/span><span data-contrast=\"auto\">a\u00a0<\/span><span data-contrast=\"auto\">adultos mayores y maestros en<\/span><span data-contrast=\"auto\">\u00a0el sur de Veracruz.<\/span><span data-ccp-props=\"{&quot;201341983&quot;:0,&quot;335559739&quot;:160,&quot;335559740&quot;:240}\">\u00a0<\/span><\/p>\n<p><span data-contrast=\"auto\">Ana Mar\u00eda\u00a0<\/span><span data-contrast=\"auto\">R<\/span><span data-contrast=\"auto\">ueda,\u00a0<\/span><span data-contrast=\"auto\">c<\/span><span data-contrast=\"auto\">oordinadora de\u00a0<\/span><span data-contrast=\"auto\">V<\/span><span data-contrast=\"auto\">inculaci\u00f3n<\/span><span data-contrast=\"auto\">, explic\u00f3 que\u00a0<\/span><span data-contrast=\"auto\">la<\/span><span data-contrast=\"auto\">s facultades convocaron a los estudiantes y crearon bases de datos, las cuales fueron proporcionada<\/span><span data-contrast=\"auto\">s<\/span><span data-contrast=\"auto\">\u00a0a las\u00a0<\/span><span data-contrast=\"auto\">B<\/span><span data-contrast=\"auto\">rigadas\u00a0<\/span><span data-contrast=\"auto\">C<\/span><span data-contrast=\"auto\">orrecaminos\u00a0<\/span><span data-contrast=\"auto\">que\u00a0<\/span><span data-contrast=\"auto\">est\u00e1n a cargo de Juan Carlos Atzin Calder\u00f3n, quien los capacit\u00f3<\/span><span data-contrast=\"auto\">\u00a0para\u00a0<\/span><span data-contrast=\"auto\">atender a los<\/span><span data-contrast=\"auto\">\u00a0adultos mayores<\/span><span data-contrast=\"auto\">\u00a0<\/span><span data-contrast=\"auto\">y al\u00a0<\/span><span data-contrast=\"auto\">personal del sector educativo<\/span><span data-contrast=\"auto\">.<\/span><span data-ccp-props=\"{&quot;201341983&quot;:0,&quot;335559731&quot;:720,&quot;335559739&quot;:160,&quot;335559740&quot;:240}\">\u00a0<\/span><\/p>\n<p><span data-contrast=\"auto\">La acad\u00e9mica\u00a0<\/span><span data-contrast=\"auto\">ha<\/span><span data-contrast=\"auto\">\u00a0si<\/span><span data-contrast=\"auto\">do el enlace entre la UV y las B<\/span><span data-contrast=\"auto\">rigadas\u00a0<\/span><span data-contrast=\"auto\">C<\/span><span data-contrast=\"auto\">orrecaminos; mientras que\u00a0<\/span><span data-contrast=\"auto\">Edgar Alberto Jim\u00e9nez Vald<\/span><span data-contrast=\"auto\">\u00e9s<\/span><span data-contrast=\"auto\">, c<\/span><span data-contrast=\"auto\">oordinador de Programas Transversales<\/span><span data-contrast=\"auto\">,\u00a0<\/span><span data-contrast=\"auto\">ha<\/span><span data-contrast=\"auto\">\u00a0asistido al simulacro para vigilar la seguridad y desarrollo\u00a0<\/span><span data-contrast=\"auto\">de las actividades<\/span><span data-contrast=\"auto\">, adem\u00e1s\u00a0<\/span><span data-contrast=\"auto\">gestion\u00f3 los espacios de intervenci\u00f3n\u00a0<\/span><span data-contrast=\"auto\">en la jornada\u00a0<\/span><span data-contrast=\"auto\">de los universitarios<\/span><span data-contrast=\"auto\">.<\/span><span data-ccp-props=\"{&quot;201341983&quot;:0,&quot;335559731&quot;:720,&quot;335559739&quot;:160,&quot;335559740&quot;:240}\">\u00a0<\/span><\/p>\n<p><span data-contrast=\"auto\">Los\u00a0<\/span><span data-contrast=\"auto\">e<\/span><span data-contrast=\"auto\">studiantes han\u00a0<\/span><span data-contrast=\"auto\">estado presentes\u00a0<\/span><span data-contrast=\"auto\">en las dos\u00a0<\/span><span data-contrast=\"auto\">jornadas\u00a0<\/span><span data-contrast=\"auto\">realizadas\u00a0<\/span><span data-contrast=\"auto\">en Coatzacoalcos y Minatitl\u00e1n.<\/span><\/p>\n<div id=\"attachment_96042\" style=\"width: 444px\" class=\"wp-caption aligncenter\"><a href=\"https:\/\/www.uv.mx\/prensa\/files\/2021\/04\/21042021-CECILIA-vacunacion2-100k.jpg\"><img aria-describedby=\"caption-attachment-96042\" decoding=\"async\" loading=\"lazy\" class=\"size-full wp-image-96042\" src=\"https:\/\/www.uv.mx\/prensa\/files\/2021\/04\/21042021-CECILIA-vacunacion2-100k.jpg\" alt=\"La jornada en Minatitl\u00e1n\" width=\"434\" height=\"580\" srcset=\"https:\/\/www.uv.mx\/prensa\/files\/2021\/04\/21042021-CECILIA-vacunacion2-100k.jpg 434w, https:\/\/www.uv.mx\/prensa\/files\/2021\/04\/21042021-CECILIA-vacunacion2-100k-224x300.jpg 224w\" sizes=\"(max-width: 434px) 100vw, 434px\" \/><\/a><p id=\"caption-attachment-96042\" class=\"wp-caption-text\">La jornada en Minatitl\u00e1n<\/p><\/div>\n<p><span data-contrast=\"auto\">En Coatzacoalcos la\u00a0<\/span><span data-contrast=\"auto\">primera dosis aplicada<\/span><span data-contrast=\"auto\">\u00a0a los adultos mayores se realiz\u00f3\u00a0<\/span><span data-contrast=\"auto\">del\u00a0<\/span><span data-contrast=\"auto\">29\u00a0<\/span><span data-contrast=\"auto\">al 31\u00a0<\/span><span data-contrast=\"auto\">de marzo<\/span><span data-contrast=\"auto\">,<\/span><span data-contrast=\"auto\">\u00a0<\/span><span data-contrast=\"auto\">donde participaron\u00a0<\/span><span data-contrast=\"auto\">siete estudiantes de M<\/span><span data-contrast=\"auto\">edicina; en Minatitl\u00e1n se aplic\u00f3\u00a0<\/span><span data-contrast=\"auto\">la primera dosis\u00a0<\/span><span data-contrast=\"auto\">del 12 al 16 de abril\u00a0<\/span><span data-contrast=\"auto\">y participaron seis estudiantes de\u00a0<\/span><span data-contrast=\"auto\">E<\/span><span data-contrast=\"auto\">nfermer\u00eda y 13 de\u00a0<\/span><span data-contrast=\"auto\">M<\/span><span data-contrast=\"auto\">edicina.<\/span><span data-ccp-props=\"{&quot;201341983&quot;:0,&quot;335559731&quot;:720,&quot;335559739&quot;:160,&quot;335559740&quot;:240}\">\u00a0<\/span><\/p>\n<p><span data-contrast=\"auto\">En\u00a0<\/span><span data-contrast=\"auto\">la aplicaci\u00f3n\u00a0<\/span><span data-contrast=\"auto\">a los docentes\u00a0<\/span><span data-contrast=\"auto\">que se realiza<\/span><span data-contrast=\"auto\">\u00a0en Coatzacoalcos del 20 al 24 de abril<\/span><span data-contrast=\"auto\">, participa<\/span><span data-contrast=\"auto\">n\u00a0<\/span><span data-contrast=\"auto\">cuatro<\/span><span data-contrast=\"auto\">\u00a0universitarios de M<\/span><span data-contrast=\"auto\">edicina<\/span><span data-contrast=\"auto\">, tres\u00a0<\/span><span data-contrast=\"auto\">d<\/span><span data-contrast=\"auto\">e\u00a0<\/span><span data-contrast=\"auto\">O<\/span><span data-contrast=\"auto\">dontolog\u00eda<\/span><span data-contrast=\"auto\">,\u00a0<\/span><span data-contrast=\"auto\">21<\/span><span data-contrast=\"auto\">\u00a0de\u00a0<\/span><span data-contrast=\"auto\">la\u00a0<\/span><span data-contrast=\"auto\">F<\/span><span data-contrast=\"auto\">acultad\u00a0<\/span><span data-contrast=\"auto\">de Enfermer\u00eda\u00a0<\/span><span data-contrast=\"auto\">y<\/span><span data-contrast=\"auto\">\u00a0<\/span><span data-contrast=\"auto\">siete<\/span><span data-contrast=\"auto\">\u00a0de la<\/span><span data-contrast=\"auto\">\u00a0E<\/span><span data-contrast=\"auto\">scuela de\u00a0<\/span><span data-contrast=\"auto\">E<\/span><span data-contrast=\"auto\">nfermer\u00eda<\/span><span data-contrast=\"auto\">.<\/span><span data-ccp-props=\"{&quot;201341983&quot;:0,&quot;335559731&quot;:720,&quot;335559739&quot;:160,&quot;335559740&quot;:240}\">\u00a0<\/span><\/p>\n<p><span data-contrast=\"auto\">Mar\u00eda Dolores Le\u00f3n\u00a0<\/span><span data-contrast=\"auto\">Garc\u00eda, consejera alumna de la F<\/span><span data-contrast=\"auto\">acultad de\u00a0<\/span><span data-contrast=\"auto\">E<\/span><span data-contrast=\"auto\">nfermer\u00eda<\/span><span data-contrast=\"auto\">\u00a0y<\/span><span data-contrast=\"auto\">\u00a0quien ha participado en ambas jornadas de vacunaci\u00f3n, se\u00f1al\u00f3<\/span><span data-contrast=\"auto\">:<\/span><span data-contrast=\"auto\">\u00a0<\/span><span data-contrast=\"auto\">\u201cLas<\/span><span data-contrast=\"auto\">\u00a0actividades que\u00a0<\/span><span data-contrast=\"auto\">realizamos\u00a0<\/span><span data-contrast=\"auto\">como voluntarios\u00a0<\/span><span data-contrast=\"auto\">son asistenciales<\/span><span data-contrast=\"auto\">,<\/span><span data-contrast=\"auto\">\u00a0<\/span><span data-contrast=\"auto\">de\u00a0<\/span><span data-contrast=\"auto\">orientaci\u00f3n acerca de la vacuna y\u00a0<\/span><span data-contrast=\"auto\">los efectos secundarios,<\/span><span data-contrast=\"auto\">\u00a0<\/span><span data-contrast=\"auto\">de\u00a0<\/span><span data-contrast=\"auto\">log\u00edstica<\/span><span data-contrast=\"auto\">\u00a0y<\/span><span data-contrast=\"auto\">\u00a0apoyo en la<\/span><span data-contrast=\"auto\">\u00a0captura de datos en el sistema<\/span><span data-contrast=\"auto\">.\u00a0<\/span><span data-contrast=\"auto\">H<\/span><span data-contrast=\"auto\">ace<\/span><span data-contrast=\"auto\">mos<\/span><span data-contrast=\"auto\">\u00a0\u00e9nfasis\u00a0<\/span><span data-contrast=\"auto\">en<\/span><span data-contrast=\"auto\">\u00a0seguir con la<\/span><span data-contrast=\"auto\">s<\/span><span data-contrast=\"auto\">\u00a0medida<\/span><span data-contrast=\"auto\">s<\/span><span data-contrast=\"auto\">\u00a0de prevenci\u00f3n<\/span><span data-contrast=\"auto\">\u00a0por sus familias que los esperan en casa<\/span><span data-contrast=\"auto\">\u201d.<\/span><span data-ccp-props=\"{&quot;201341983&quot;:0,&quot;335559731&quot;:720,&quot;335559739&quot;:160,&quot;335559740&quot;:240}\">\u00a0<\/span><\/p>\n<p><span data-contrast=\"auto\">Expres\u00f3<\/span><span data-contrast=\"auto\">\u00a0que es una<\/span><span data-contrast=\"auto\">\u00a0<\/span><span data-contrast=\"auto\">grata\u00a0<\/span><span data-contrast=\"auto\">experiencia, \u201ces incre\u00edble la participaci\u00f3n de la ciudadan\u00eda, donde se logr\u00f3 alcanzar una meta alta,\u00a0<\/span><span data-contrast=\"auto\">me alegr<\/span><span data-contrast=\"auto\">a<\/span><span data-contrast=\"auto\">\u00a0<\/span><span data-contrast=\"auto\">que<\/span><span data-contrast=\"auto\">\u00a0hayan decidido participar<\/span><span data-contrast=\"auto\">, vacunarse y protegerse\u201d.<\/span><\/p>\n<div id=\"attachment_96043\" style=\"width: 732px\" class=\"wp-caption aligncenter\"><a href=\"https:\/\/www.uv.mx\/prensa\/files\/2021\/04\/21042021-CECILIA-vacunacion3-100k.jpg\"><img aria-describedby=\"caption-attachment-96043\" decoding=\"async\" loading=\"lazy\" class=\"size-full wp-image-96043\" src=\"https:\/\/www.uv.mx\/prensa\/files\/2021\/04\/21042021-CECILIA-vacunacion3-100k.jpg\" alt=\"Mar\u00eda Dolores Le\u00f3n Garc\u00eda, consejera alumna de la Facultad de Enfermer\u00eda \" width=\"722\" height=\"578\" srcset=\"https:\/\/www.uv.mx\/prensa\/files\/2021\/04\/21042021-CECILIA-vacunacion3-100k.jpg 722w, https:\/\/www.uv.mx\/prensa\/files\/2021\/04\/21042021-CECILIA-vacunacion3-100k-300x240.jpg 300w, https:\/\/www.uv.mx\/prensa\/files\/2021\/04\/21042021-CECILIA-vacunacion3-100k-100x80.jpg 100w\" sizes=\"(max-width: 722px) 100vw, 722px\" \/><\/a><p id=\"caption-attachment-96043\" class=\"wp-caption-text\">Mar\u00eda Dolores Le\u00f3n Garc\u00eda, consejera alumna de la Facultad de Enfermer\u00eda<\/p><\/div>\n<p><span data-contrast=\"auto\">Agreg\u00f3\u00a0<\/span><span data-contrast=\"auto\">sentirse\u00a0<\/span><span data-contrast=\"auto\">orgullosa<\/span><span data-contrast=\"auto\">\u00a0pues\u00a0<\/span><span data-contrast=\"auto\">es algo hist\u00f3rico<\/span><span data-contrast=\"auto\">,\u00a0<\/span><span data-contrast=\"auto\">\u201c<\/span><span data-contrast=\"auto\">es un placer estar participando<\/span><span data-contrast=\"auto\">\u00a0y<\/span><span data-contrast=\"auto\">\u00a0aportando un granito de arena\u201d.<\/span><span data-ccp-props=\"{&quot;201341983&quot;:0,&quot;335559731&quot;:720,&quot;335559739&quot;:160,&quot;335559740&quot;:240}\">\u00a0<\/span><\/p>\n<p><span data-contrast=\"auto\">La estudiante se\u00f1al\u00f3 que\u00a0<\/span><span data-contrast=\"auto\">una<\/span><span data-contrast=\"auto\">\u00a0<\/span><span data-contrast=\"auto\">posible\u00a0<\/span><span data-contrast=\"auto\">reacci<\/span><span data-contrast=\"auto\">\u00f3n puede\u00a0<\/span><span data-contrast=\"auto\">ser fiebre, l<\/span><span data-contrast=\"auto\">o<\/span><span data-contrast=\"auto\">\u00a0cual es\u00a0<\/span><span data-contrast=\"auto\">algo<\/span><span data-contrast=\"auto\">\u00a0<\/span><span data-contrast=\"auto\">normal<\/span><span data-contrast=\"auto\">\u00a0<\/span><span data-contrast=\"auto\">pues se<\/span><span data-contrast=\"auto\">\u00a0genera<\/span><span data-contrast=\"auto\">n<\/span><span data-contrast=\"auto\">\u00a0<\/span><span data-contrast=\"auto\">anticuerpos<\/span><span data-contrast=\"auto\">; y que habr\u00e1 personas\u00a0que\u00a0<\/span><span data-contrast=\"auto\">au<\/span><span data-contrast=\"auto\">n<\/span><span data-contrast=\"auto\">que reciban la vacuna podr\u00edan\u00a0<\/span><span data-contrast=\"auto\">contagiars<\/span><span data-contrast=\"auto\">e<\/span><span data-contrast=\"auto\">\u00a0de<\/span><span data-contrast=\"auto\">\u00a0<\/span><span data-contrast=\"auto\">Covid<\/span><span data-contrast=\"auto\">,<\/span><span data-contrast=\"auto\">\u00a0pero<\/span><span data-contrast=\"auto\">\u00a0los efectos no se<\/span><span data-contrast=\"auto\">r\u00e1n\u00a0<\/span><span data-contrast=\"auto\">tan graves.<\/span><span data-ccp-props=\"{&quot;201341983&quot;:0,&quot;335559731&quot;:720,&quot;335559739&quot;:160,&quot;335559740&quot;:240}\">\u00a0<\/span><\/p>\n<p><span data-contrast=\"auto\">Para finalizar mand\u00f3 un mensaje a los estudiantes universitarios: \u201cSi\u00a0<\/span><span data-contrast=\"auto\">tienen la oportunidad de participar\u00a0<\/span><span data-contrast=\"auto\">en este tipo de eventos h<\/span><span data-contrast=\"auto\">\u00e1<\/span><span data-contrast=\"auto\">gan<\/span><span data-contrast=\"auto\">lo,<\/span><span data-contrast=\"auto\">\u00a0es una experiencia\u00a0<\/span><span data-contrast=\"auto\">personal muy\u00a0<\/span><span data-contrast=\"auto\">grata\u00a0<\/span><span data-contrast=\"auto\">y\u00a0<\/span><span data-contrast=\"auto\">un orgullo representar a la\u00a0<\/span><span data-contrast=\"auto\">U<\/span><span data-contrast=\"auto\">niversidad<\/span><span data-contrast=\"auto\">\u201d<\/span><span data-contrast=\"auto\">.<\/span><span data-ccp-props=\"{&quot;201341983&quot;:0,&quot;335559731&quot;:720,&quot;335559739&quot;:160,&quot;335559740&quot;:240}\">\u00a0<\/span><\/p>\n<p><span data-contrast=\"auto\">Al respecto<\/span><span data-contrast=\"auto\">, el vicerrector Carlos Lamothe Zavaleta<\/span><span data-contrast=\"auto\">\u00a0<\/span><span data-contrast=\"auto\">dijo: \u201c<\/span><span data-contrast=\"auto\">Es\u00a0<\/span><span data-contrast=\"auto\">muy satisfactorio\u00a0<\/span><span data-contrast=\"auto\">para la UV<\/span><span data-contrast=\"auto\">\u00a0ver<\/span><span data-contrast=\"auto\">\u00a0<\/span><span data-contrast=\"auto\">la solidaridad y profesionalismo de nuestr<\/span><span data-contrast=\"auto\">o<\/span><span data-contrast=\"auto\">s alumnos en estas labores a favor de la salud de todas las personas de nuestro sector educativo<\/span><span data-contrast=\"auto\">\u00a0y\u00a0<\/span><span data-contrast=\"auto\">el\u00a0<\/span><span data-contrast=\"auto\">social\u201d<\/span><span data-contrast=\"auto\">.<\/span><\/p>\n<div id=\"attachment_96044\" style=\"width: 732px\" class=\"wp-caption aligncenter\"><a href=\"https:\/\/www.uv.mx\/prensa\/files\/2021\/04\/21042021-CECILIA-vacunacion4-100k.jpg\"><img aria-describedby=\"caption-attachment-96044\" decoding=\"async\" loading=\"lazy\" class=\"size-full wp-image-96044\" src=\"https:\/\/www.uv.mx\/prensa\/files\/2021\/04\/21042021-CECILIA-vacunacion4-100k.jpg\" alt=\"Jornada de vacunaci\u00f3n a maestros\" width=\"722\" height=\"542\" srcset=\"https:\/\/www.uv.mx\/prensa\/files\/2021\/04\/21042021-CECILIA-vacunacion4-100k.jpg 722w, https:\/\/www.uv.mx\/prensa\/files\/2021\/04\/21042021-CECILIA-vacunacion4-100k-300x225.jpg 300w\" sizes=\"(max-width: 722px) 100vw, 722px\" \/><\/a><p id=\"caption-attachment-96044\" class=\"wp-caption-text\">Jornada de vacunaci\u00f3n a maestros<\/p><\/div>\n","protected":false},"excerpt":{"rendered":"<p>\u201cEs muy satisfactorio para la UV ver la solidaridad y profesionalismo de nuestros alumnos en estas labores a favor de la salud de todas las personas&#8230;\u201d, se\u00f1al\u00f3 el vicerrector Carlos Lamothe Zavaleta <\/p>\n","protected":false},"author":1775,"featured_media":96041,"comment_status":"closed","ping_status":"closed","sticky":false,"template":"","format":"standard","meta":[],"categories":[52,32],"tags":[689,559,2467,2468,700,2469,63],"_links":{"self":[{"href":"https:\/\/www.uv.mx\/prensa\/wp-json\/wp\/v2\/posts\/96040"}],"collection":[{"href":"https:\/\/www.uv.mx\/prensa\/wp-json\/wp\/v2\/posts"}],"about":[{"href":"https:\/\/www.uv.mx\/prensa\/wp-json\/wp\/v2\/types\/post"}],"author":[{"embeddable":true,"href":"https:\/\/www.uv.mx\/prensa\/wp-json\/wp\/v2\/users\/1775"}],"replies":[{"embeddable":true,"href":"https:\/\/www.uv.mx\/prensa\/wp-json\/wp\/v2\/comments?post=96040"}],"version-history":[{"count":1,"href":"https:\/\/www.uv.mx\/prensa\/wp-json\/wp\/v2\/posts\/96040\/revisions"}],"predecessor-version":[{"id":96060,"href":"https:\/\/www.uv.mx\/prensa\/wp-json\/wp\/v2\/posts\/96040\/revisions\/96060"}],"wp:featuredmedia":[{"embeddable":true,"href":"https:\/\/www.uv.mx\/prensa\/wp-json\/wp\/v2\/media\/96041"}],"wp:attachment":[{"href":"https:\/\/www.uv.mx\/prensa\/wp-json\/wp\/v2\/media?parent=96040"}],"wp:term":[{"taxonomy":"category","embeddable":true,"href":"https:\/\/www.uv.mx\/prensa\/wp-json\/wp\/v2\/categories?post=96040"},{"taxonomy":"post_tag","embeddable":true,"href":"https:\/\/www.uv.mx\/prensa\/wp-json\/wp\/v2\/tags?post=96040"}],"curies":[{"name":"wp","href":"https:\/\/api.w.org\/{rel}","templated":true}]}}