{"id":95475,"date":"2021-04-09T20:18:18","date_gmt":"2021-04-10T01:18:18","guid":{"rendered":"https:\/\/www.uv.mx\/prensa\/?p=95475"},"modified":"2021-04-12T13:25:31","modified_gmt":"2021-04-12T18:25:31","slug":"uv-veracruz-celebra-segunda-semana-de-lectura-y-cultura-infantil-y-juvenil","status":"publish","type":"post","link":"https:\/\/www.uv.mx\/prensa\/regiones\/uv-veracruz-celebra-segunda-semana-de-lectura-y-cultura-infantil-y-juvenil\/","title":{"rendered":"UV Veracruz celebra\u00a0Segunda Semana\u00a0de\u00a0Lectura y Cultura Infantil y Juvenil\u00a0"},"content":{"rendered":"<ul>\n<li data-leveltext=\"\uf0b7\" data-font=\"Symbol\" data-listid=\"2\" data-aria-posinset=\"1\" data-aria-level=\"1\"><i><span data-contrast=\"none\">Fue inaugurada\u00a0<\/span><\/i><i><span data-contrast=\"none\">la<\/span><\/i><i><span data-contrast=\"none\">\u00a0exposici<\/span><\/i><i><span data-contrast=\"none\">\u00f3<\/span><\/i><i><span data-contrast=\"none\">n<\/span><\/i><i><span data-contrast=\"none\">\u00a0colectiva<\/span><\/i><i><span data-contrast=\"none\">\u00a0<\/span><\/i><span data-contrast=\"none\">Queremos paz<\/span><i><span data-contrast=\"none\">,<\/span><\/i><i><span data-contrast=\"none\">\u00a0del artista\u00a0<\/span><\/i><i><span data-contrast=\"none\">Ryuichi\u00a0<\/span><\/i><i><span data-contrast=\"none\">Yahagi<\/span><\/i><span data-ccp-props=\"{&quot;201341983&quot;:0,&quot;335559739&quot;:200,&quot;335559740&quot;:240}\">\u00a0<\/span><\/li>\n<li data-leveltext=\"\uf0b7\" data-font=\"Symbol\" data-listid=\"2\" data-aria-posinset=\"2\" data-aria-level=\"1\"><i><span data-contrast=\"none\">Se contemplan<\/span><\/i><i><span data-contrast=\"none\">\u00a0diversas actividades<\/span><\/i><i><span data-contrast=\"none\">,<\/span><\/i><i><span data-contrast=\"none\">\u00a0a trav<\/span><\/i><i><span data-contrast=\"none\">\u00e9<\/span><\/i><i><span data-contrast=\"none\">s de los canales\u00a0<\/span><\/i><i><span data-contrast=\"none\">de\u00a0<\/span><\/i><span data-contrast=\"none\">YouTube<\/span><i><span data-contrast=\"none\">\u00a0y\u00a0<\/span><\/i><span data-contrast=\"none\">Facebook<\/span><i><span data-contrast=\"none\">\u00a0del\u00a0<\/span><\/i><i><span data-contrast=\"none\">Reflexionario<\/span><\/i><i><span data-contrast=\"none\">\u00a0<\/span><\/i><i><span data-contrast=\"none\">Mocambo<\/span><\/i><span data-ccp-props=\"{&quot;201341983&quot;:0,&quot;335559739&quot;:200,&quot;335559740&quot;:240}\">\u00a0<\/span><\/li>\n<\/ul>\n<p><span data-ccp-props=\"{&quot;201341983&quot;:0,&quot;335559739&quot;:200,&quot;335559740&quot;:240}\">\u00a0<\/span><\/p>\n<div id=\"attachment_95477\" style=\"width: 732px\" class=\"wp-caption aligncenter\"><a href=\"https:\/\/www.uv.mx\/prensa\/files\/2021\/04\/090421-Se-Lee-1.jpg\"><img loading=\"lazy\" decoding=\"async\" aria-describedby=\"caption-attachment-95477\" class=\"size-full wp-image-95477\" src=\"https:\/\/www.uv.mx\/prensa\/files\/2021\/04\/090421-Se-Lee-1.jpg\" alt=\"\" width=\"722\" height=\"454\" srcset=\"https:\/\/www.uv.mx\/prensa\/files\/2021\/04\/090421-Se-Lee-1.jpg 722w, https:\/\/www.uv.mx\/prensa\/files\/2021\/04\/090421-Se-Lee-1-300x189.jpg 300w, https:\/\/www.uv.mx\/prensa\/files\/2021\/04\/090421-Se-Lee-1-200x125.jpg 200w\" sizes=\"auto, (max-width: 722px) 100vw, 722px\" \/><\/a><p id=\"caption-attachment-95477\" class=\"wp-caption-text\">Con\u00a0el corte de list\u00f3n de la\u00a0exhibici\u00f3n colectiva\u00a0<em>Queremos paz<\/em>,\u00a0funcionarios universitarios de la regi\u00f3n Veracruz inauguraron las actividades de SeLee2021<\/p><\/div>\n<p><span data-ccp-props=\"{&quot;201341983&quot;:0,&quot;335559739&quot;:200,&quot;335559740&quot;:240}\">\u00a0<\/span><\/p>\n<p><b><i><span data-contrast=\"none\">Shuguey<\/span><\/i><\/b><b><i><span data-contrast=\"none\">\u00a0Enr<\/span><\/i><\/b><b><i><span data-contrast=\"none\">\u00ed<\/span><\/i><\/b><b><i><span data-contrast=\"none\">quez<\/span><\/i><\/b><b><i><span data-contrast=\"none\">\u00a0y<\/span><\/i><\/b><b><i><span data-contrast=\"none\">\u00a0Blanca Gonz<\/span><\/i><\/b><b><i><span data-contrast=\"none\">\u00e1<\/span><\/i><\/b><b><i><span data-contrast=\"none\">lez<\/span><\/i><\/b><span data-ccp-props=\"{&quot;201341983&quot;:0,&quot;335559739&quot;:200,&quot;335559740&quot;:240}\">\u00a0<\/span><\/p>\n<p><b><i><span data-contrast=\"none\">09<\/span><\/i><\/b><b><i><span data-contrast=\"none\">\/04\/2021,\u00a0<\/span><\/i><\/b><b><i><span data-contrast=\"none\">Boca del R<\/span><\/i><\/b><b><i><span data-contrast=\"none\">\u00ed<\/span><\/i><\/b><b><i><span data-contrast=\"none\">o<\/span><\/i><\/b><b><i><span data-contrast=\"none\">,<\/span><\/i><\/b><b><i><span data-contrast=\"none\">\u00a0<\/span><\/i><\/b><b><i><span data-contrast=\"none\">Ver.-<\/span><\/i><\/b><b><i><span data-contrast=\"none\">\u00a0<\/span><\/i><\/b><span data-contrast=\"none\">La <a href=\"https:\/\/www.uv.mx\/inslit\/\" target=\"_blank\" rel=\"noopener\">Universidad Veracruzana<\/a> (UV)<\/span><span data-contrast=\"none\">,<\/span><span data-contrast=\"none\">\u00a0a trav<\/span><span data-contrast=\"none\">\u00e9<\/span><span data-contrast=\"none\">s de la Unidad de Servicios Bibliotecarios y de Informaci<\/span><span data-contrast=\"none\">\u00f3<\/span><span data-contrast=\"none\">n (USBI)<\/span><span data-contrast=\"none\">\u00a0Veracruz y el\u00a0<\/span><span data-contrast=\"none\">Reflexionario<\/span><span data-contrast=\"none\">\u00a0<\/span><span data-contrast=\"none\">Mocambo<\/span><span data-contrast=\"none\">,<\/span><span data-contrast=\"none\">\u00a0celebra\u00a0<\/span><span data-contrast=\"none\">la Segunda Semana de Lectura y Cu<\/span><span data-contrast=\"none\">ltura Infantil y Juvenil (SeLee<\/span><span data-contrast=\"none\">2021).<\/span><span data-ccp-props=\"{&quot;201341983&quot;:0,&quot;335559738&quot;:160,&quot;335559740&quot;:240,&quot;469777462&quot;:[720,1440,2160,2880,3600,4320,5040,5760,6480,7200,7920,8640],&quot;469777927&quot;:[0,0,0,0,0,0,0,0,0,0,0,0],&quot;469777928&quot;:[1,1,1,1,1,1,1,1,1,1,1,1]}\">\u00a0<\/span><\/p>\n<p><span data-contrast=\"none\">En el marco de las actividades,\u00a0<\/span><span data-contrast=\"none\">que iniciaron el martes 6 de abril y concluir\u00e1n el s\u00e1bado 10,\u00a0<\/span><span data-contrast=\"none\">el\u00a0<\/span><span data-contrast=\"none\">vicerrector\u00a0<\/span><span data-contrast=\"none\">Alfonso Gerardo P<\/span><span data-contrast=\"none\">\u00e9<\/span><span data-contrast=\"none\">rez Morales<\/span><span data-contrast=\"none\">\u00a0<\/span><span data-contrast=\"none\">inaugur<\/span><span data-contrast=\"none\">\u00f3\u00a0<\/span><span data-contrast=\"none\">la\u00a0<\/span><span data-contrast=\"none\">apertura al p<\/span><span data-contrast=\"none\">\u00fa<\/span><span data-contrast=\"none\">blico\u00a0<\/span><span data-contrast=\"none\">de la<\/span><span data-contrast=\"none\">\u00a0exposici<\/span><span data-contrast=\"none\">\u00f3<\/span><span data-contrast=\"none\">n<\/span><span data-contrast=\"none\">\u00a0colectiva<\/span><span data-contrast=\"none\">\u00a0<\/span><i><span data-contrast=\"none\">Queremos paz<\/span><\/i><span data-contrast=\"none\">,\u00a0<\/span><span data-contrast=\"none\">coordinada por el artista\u00a0<\/span><span data-contrast=\"none\">japon<\/span><span data-contrast=\"none\">\u00e9<\/span><span data-contrast=\"none\">s\u00a0<\/span><span data-contrast=\"none\">Ryuichi\u00a0<\/span><span data-contrast=\"none\">Yahagi<\/span><span data-contrast=\"none\">\u00a0y<\/span><span data-contrast=\"none\">\u00a0en la que participaron\u00a0<\/span><span data-contrast=\"none\">ni<\/span><span data-contrast=\"none\">\u00f1<\/span><span data-contrast=\"none\">os y profesores de diferentes institutos educativos de la zona conurbada.<\/span><span data-ccp-props=\"{&quot;201341983&quot;:0,&quot;335559738&quot;:160,&quot;335559740&quot;:240,&quot;469777462&quot;:[720,1440,2160,2880,3600,4320,5040,5760,6480,7200,7920,8640],&quot;469777927&quot;:[0,0,0,0,0,0,0,0,0,0,0,0],&quot;469777928&quot;:[1,1,1,1,1,1,1,1,1,1,1,1]}\">\u00a0<\/span><\/p>\n<p><span data-contrast=\"none\">P<\/span><span data-contrast=\"none\">\u00e9<\/span><span data-contrast=\"none\">rez Morales comparti<\/span><span data-contrast=\"none\">\u00f3\u00a0<\/span><span data-contrast=\"none\">la emoci<\/span><span data-contrast=\"none\">\u00f3<\/span><span data-contrast=\"none\">n\u00a0<\/span><span data-contrast=\"none\">que le brindaba la exhibici<\/span><span data-contrast=\"none\">\u00f3<\/span><span data-contrast=\"none\">n<\/span><span data-contrast=\"none\">:<\/span><span data-contrast=\"none\">\u00a0<\/span><span data-contrast=\"none\">\u201c<\/span><span data-contrast=\"none\">Me encuentro realmente muy conmovido por este proyecto<\/span><span data-contrast=\"none\">,<\/span><span data-contrast=\"none\">\u00a0y m<\/span><span data-contrast=\"none\">\u00e1<\/span><span data-contrast=\"none\">s al conocer la historia que hay detr<\/span><span data-contrast=\"none\">\u00e1<\/span><span data-contrast=\"none\">s de\u00a0<\/span><span data-contrast=\"none\">\u00e9<\/span><span data-contrast=\"none\">l<\/span><span data-contrast=\"none\">.<\/span><span data-contrast=\"none\">\u00a0<\/span><span data-contrast=\"none\">Todo el esfuerzo que cada uno de los participantes realiz<\/span><span data-contrast=\"none\">\u00f3<\/span><span data-contrast=\"none\">, tanto para hacer su grulla como para traerla a la USBI\u00a0<\/span><span data-contrast=\"none\">a pesar de la pandemia, es una manifestaci<\/span><span data-contrast=\"none\">\u00f3<\/span><span data-contrast=\"none\">n aut<\/span><span data-contrast=\"none\">\u00e9<\/span><span data-contrast=\"none\">ntica de amor y esperanza<\/span><span data-contrast=\"none\">\u201d<\/span><span data-contrast=\"none\">.<\/span><span data-ccp-props=\"{&quot;201341983&quot;:0,&quot;335559738&quot;:160,&quot;335559740&quot;:240,&quot;469777462&quot;:[720,1440,2160,2880,3600,4320,5040,5760,6480,7200,7920,8640],&quot;469777927&quot;:[0,0,0,0,0,0,0,0,0,0,0,0],&quot;469777928&quot;:[1,1,1,1,1,1,1,1,1,1,1,1]}\">\u00a0<\/span><\/p>\n<p><span data-contrast=\"none\">Y a<\/span><span data-contrast=\"none\">greg<\/span><span data-contrast=\"none\">\u00f3<\/span><span data-contrast=\"none\">:<\/span><span data-contrast=\"none\">\u00a0<\/span><span data-contrast=\"none\">\u201c<\/span><span data-contrast=\"none\">L<\/span><span data-contrast=\"none\">o que vemos hoy<\/span><span data-contrast=\"none\">\u00a0es\u00a0<\/span><span data-contrast=\"none\">amor<\/span><span data-contrast=\"none\">.<\/span><span data-contrast=\"none\">\u00a0<\/span><span data-contrast=\"none\">La fe de creer en la paz y de tener un mundo mejor; el amor por nuestros semejantes, por nuestros hijos,<\/span><span data-contrast=\"none\">\u00a0padres y el amor por la lectura<\/span><span data-contrast=\"none\">.<\/span><span data-contrast=\"none\">\u00a0<\/span><span data-contrast=\"none\">El amor al final de cuentas por los seres que nos rodean y realmente me es<\/span><span data-contrast=\"none\">\u00a0grato<\/span><span data-contrast=\"none\">\u00a0<\/span><span data-contrast=\"none\">que esto que se haya logrado, mis felicitaciones a los organizadores, a los ni<\/span><span data-contrast=\"none\">\u00f1<\/span><span data-contrast=\"none\">os que aportaron\u00a0<\/span><span data-contrast=\"none\">dos<\/span><span data-contrast=\"none\">\u00a0mil grullas, es decir<\/span><span data-contrast=\"none\">,<\/span><span data-contrast=\"none\">\u00a0dos mi<\/span><span data-contrast=\"none\">l<\/span><span data-contrast=\"none\">\u00a0deseos de esperanza<\/span><span data-contrast=\"none\">.<\/span><span data-contrast=\"none\">\u00a0<\/span><span data-contrast=\"none\">G<\/span><span data-contrast=\"none\">racias a\u00a0<\/span><span data-contrast=\"none\">Ryuichi\u00a0Yahagi\u00a0<\/span><span data-contrast=\"none\">por hacer esto posible<\/span><span data-contrast=\"none\">\u201d<\/span><span data-contrast=\"none\">.<\/span><span data-ccp-props=\"{&quot;201341983&quot;:0,&quot;335559731&quot;:708,&quot;335559739&quot;:200,&quot;335559740&quot;:240}\">\u00a0<\/span><\/p>\n<p>&nbsp;<\/p>\n<div id=\"attachment_95478\" style=\"width: 732px\" class=\"wp-caption aligncenter\"><a href=\"https:\/\/www.uv.mx\/prensa\/files\/2021\/04\/090421-Se-Lee-2.jpg\"><img loading=\"lazy\" decoding=\"async\" aria-describedby=\"caption-attachment-95478\" class=\"size-full wp-image-95478\" src=\"https:\/\/www.uv.mx\/prensa\/files\/2021\/04\/090421-Se-Lee-2.jpg\" alt=\"\" width=\"722\" height=\"542\" srcset=\"https:\/\/www.uv.mx\/prensa\/files\/2021\/04\/090421-Se-Lee-2.jpg 722w, https:\/\/www.uv.mx\/prensa\/files\/2021\/04\/090421-Se-Lee-2-300x225.jpg 300w\" sizes=\"auto, (max-width: 722px) 100vw, 722px\" \/><\/a><p id=\"caption-attachment-95478\" class=\"wp-caption-text\">Padres de familia, profesores y ni\u00f1os se dieron cita en la USBI para participar en la\u00a0Segunda Semana de Lectura y Cultura Infantil y Juvenil<\/p><\/div>\n<p>&nbsp;<\/p>\n<p><span data-contrast=\"none\">Por su parte Daniel\u00a0<\/span><span data-contrast=\"none\">Dom<\/span><span data-contrast=\"none\">\u00ed<\/span><span data-contrast=\"none\">nguez Cuenca,<\/span><span data-contrast=\"none\">\u00a0<\/span><span data-contrast=\"none\">coordinador del\u00a0Reflexionar<\/span><span data-contrast=\"none\">i<\/span><span data-contrast=\"none\">o\u00a0<\/span><span data-contrast=\"none\">Mocambo<\/span><span data-contrast=\"none\">,<\/span><span data-contrast=\"none\">\u00a0explic<\/span><span data-contrast=\"none\">\u00f3\u00a0<\/span><span data-contrast=\"none\">que SeLee2021 es una iniciativa que naci<\/span><span data-contrast=\"none\">\u00f3<\/span><span data-contrast=\"none\">\u00a0<\/span><span data-contrast=\"none\">hace un a<\/span><span data-contrast=\"none\">\u00f1<\/span><span data-contrast=\"none\">o\u00a0<\/span><span data-contrast=\"none\">en dicho recinto<\/span><span data-contrast=\"none\">\u00a0<\/span><span data-contrast=\"none\">con el fin de promover la lectura, pero tambi<\/span><span data-contrast=\"none\">\u00e9<\/span><span data-contrast=\"none\">n el arte y la cultura, a trav<\/span><span data-contrast=\"none\">\u00e9<\/span><span data-contrast=\"none\">s de diferentes actividades orientadas al p<\/span><span data-contrast=\"none\">\u00fa<\/span><span data-contrast=\"none\">blico infantil y j<\/span><span data-contrast=\"none\">uvenil.<\/span><span data-ccp-props=\"{&quot;201341983&quot;:0,&quot;335559731&quot;:708,&quot;335559739&quot;:200,&quot;335559740&quot;:240}\">\u00a0<\/span><\/p>\n<p><span data-contrast=\"none\">\u201c<\/span><span data-contrast=\"none\">Tenemos claro que\u00a0<\/span><span data-contrast=\"none\">la primera infancia y adolescencia<\/span><span data-contrast=\"none\">\u00a0son las etapas medulares para la<\/span><span data-contrast=\"none\">\u00a0formaci<\/span><span data-contrast=\"none\">\u00f3<\/span><span data-contrast=\"none\">n de\u00a0<\/span><span data-contrast=\"none\">nuevos lectores, por ello\u00a0<\/span><span data-contrast=\"none\">s<\/span><span data-contrast=\"none\">e\u00a0<\/span><span data-contrast=\"none\">pretende hacer una labor presente con l<\/span><span data-contrast=\"none\">o<\/span><span data-contrast=\"none\">s\u00a0<\/span><span data-contrast=\"none\">ni<\/span><span data-contrast=\"none\">\u00f1<\/span><span data-contrast=\"none\">os y padres de familia, para que poco a poco se vaya compaginando la lectura con nuestras actividades y se realice con<\/span><span data-contrast=\"none\">\u00a0pla<\/span><span data-contrast=\"none\">cer<\/span><span data-contrast=\"none\">.<\/span><span data-contrast=\"none\">\u201d<\/span><span data-ccp-props=\"{&quot;201341983&quot;:0,&quot;335559731&quot;:708,&quot;335559739&quot;:200,&quot;335559740&quot;:240}\">\u00a0<\/span><\/p>\n<p><span data-contrast=\"none\">Abund<\/span><span data-contrast=\"none\">\u00f3\u00a0<\/span><span data-contrast=\"none\">que el programa incluye la participaci<\/span><span data-contrast=\"none\">\u00f3<\/span><span data-contrast=\"none\">n de<\/span><span data-contrast=\"none\">\u00a0personalidades\u00a0<\/span><span data-contrast=\"none\">que son referentes en la promoci<\/span><span data-contrast=\"none\">\u00f3<\/span><span data-contrast=\"none\">n de la lectura infantil y juvenil a nivel mundial, como\u00a0<\/span><span data-contrast=\"none\">Evelio\u00a0<\/span><span data-contrast=\"none\">Cabrejo<\/span><span data-contrast=\"none\">\u00a0o\u00a0<\/span><span data-contrast=\"none\">Adolfo C<\/span><span data-contrast=\"none\">\u00f3<\/span><span data-contrast=\"none\">rdova Ortiz<\/span><span data-contrast=\"none\">, por mencionar a algunos.<\/span><span data-ccp-props=\"{&quot;201341983&quot;:0,&quot;335559738&quot;:160,&quot;335559740&quot;:240,&quot;469777462&quot;:[720,1440,2160,2880,3600,4320,5040,5760,6480,7200,7920,8640],&quot;469777927&quot;:[0,0,0,0,0,0,0,0,0,0,0,0],&quot;469777928&quot;:[1,1,1,1,1,1,1,1,1,1,1,1]}\">\u00a0<\/span><\/p>\n<p><span data-contrast=\"none\">Detall<\/span><span data-contrast=\"none\">\u00f3\u00a0<\/span><span data-contrast=\"none\">que\u00a0<\/span><span data-contrast=\"none\">se contempla un nutrido y extenso programa de actividades<\/span><span data-contrast=\"none\">\u00a0<\/span><span data-contrast=\"none\">que se transmitir<\/span><span data-contrast=\"none\">\u00e1<\/span><span data-contrast=\"none\">n por los canales de\u00a0<\/span><i><span data-contrast=\"none\">YouTube<\/span><\/i><span data-contrast=\"none\">\u00a0y\u00a0<\/span><i><span data-contrast=\"none\">Facebook<\/span><\/i><span data-contrast=\"none\">\u00a0del\u00a0<\/span><span data-contrast=\"none\">Reflexionario<\/span><span data-contrast=\"none\">\u00a0<\/span><span data-contrast=\"none\">Mocambo<\/span><span data-contrast=\"none\">.<\/span><span data-ccp-props=\"{&quot;201341983&quot;:0,&quot;335559738&quot;:160,&quot;335559740&quot;:240,&quot;469777462&quot;:[720,1440,2160,2880,3600,4320,5040,5760,6480,7200,7920,8640],&quot;469777927&quot;:[0,0,0,0,0,0,0,0,0,0,0,0],&quot;469777928&quot;:[1,1,1,1,1,1,1,1,1,1,1,1]}\">\u00a0<\/span><\/p>\n<p><span data-contrast=\"none\">\u201c<\/span><span data-contrast=\"none\">Hay toda una jornada de diversas actividades gratuitas que\u00a0<\/span><span data-contrast=\"none\">at<\/span><span data-contrast=\"none\">ienden<\/span><span data-contrast=\"none\">\u00a0a distintos p<\/span><span data-contrast=\"none\">\u00fa<\/span><span data-contrast=\"none\">blicos<\/span><span data-contrast=\"none\">\u00a0espec<\/span><span data-contrast=\"none\">\u00ed<\/span><span data-contrast=\"none\">ficos<\/span><span data-contrast=\"none\">: talleres, c<\/span><span data-contrast=\"none\">\u00ed<\/span><span data-contrast=\"none\">rculos de lectura,\u00a0<\/span><span data-contrast=\"none\">conversatorios<\/span><span data-contrast=\"none\">, proyecciones<\/span><span data-contrast=\"none\">\u00a0virtual<\/span><span data-contrast=\"none\">es de cine, lecturas en atril, c<\/span><span data-contrast=\"none\">\u00e1<\/span><span data-contrast=\"none\">psulas por y para\u00a0<\/span><span data-contrast=\"none\">ni<\/span><span data-contrast=\"none\">\u00f1<\/span><span data-contrast=\"none\">o<\/span><span data-contrast=\"none\">s<\/span><span data-contrast=\"none\">, entre otras.<\/span><span data-contrast=\"none\">\u201d<\/span><span data-ccp-props=\"{&quot;201341983&quot;:0,&quot;335559738&quot;:160,&quot;335559740&quot;:240,&quot;469777462&quot;:[720,1440,2160,2880,3600,4320,5040,5760,6480,7200,7920,8640],&quot;469777927&quot;:[0,0,0,0,0,0,0,0,0,0,0,0],&quot;469777928&quot;:[1,1,1,1,1,1,1,1,1,1,1,1]}\">\u00a0<\/span><\/p>\n<p><span data-contrast=\"none\">En el acto inaugural<\/span><span data-contrast=\"none\">\u00a0estuvieron presentes\u00a0<\/span><span data-contrast=\"none\">Martha D. Castro\u00a0<\/span><span data-contrast=\"none\">Montoya, directora de la USBI Veracruz<\/span><span data-contrast=\"none\">;<\/span><span data-contrast=\"none\">\u00a0<\/span><span data-contrast=\"none\">Ana Lil<\/span><span data-contrast=\"none\">i<\/span><span data-contrast=\"none\">a Salda<\/span><span data-contrast=\"none\">\u00f1<\/span><span data-contrast=\"none\">a Ortiz, coordinadora regional de Difusi<\/span><span data-contrast=\"none\">\u00f3<\/span><span data-contrast=\"none\">n Cultural<\/span><span data-contrast=\"none\">,<\/span><span data-contrast=\"none\">\u00a0y Sara Elena Benavides De Le<\/span><span data-contrast=\"none\">\u00f3<\/span><span data-contrast=\"none\">n<\/span><span data-contrast=\"none\">, colaboradora externa.<\/span><span data-ccp-props=\"{&quot;201341983&quot;:0,&quot;335559738&quot;:160,&quot;335559740&quot;:240,&quot;469777462&quot;:[720,1440,2160,2880,3600,4320,5040,5760,6480,7200,7920,8640],&quot;469777927&quot;:[0,0,0,0,0,0,0,0,0,0,0,0],&quot;469777928&quot;:[1,1,1,1,1,1,1,1,1,1,1,1]}\">\u00a0<\/span><\/p>\n<p><span data-contrast=\"none\">De manera virtual\u00a0<\/span><span data-contrast=\"none\">se unieron a<\/span><span data-contrast=\"none\">\u00a0la celebraci<\/span><span data-contrast=\"none\">\u00f3<\/span><span data-contrast=\"none\">n,\u00a0<\/span><span data-contrast=\"none\">Adolfo C<\/span><span data-contrast=\"none\">\u00f3<\/span><span data-contrast=\"none\">rdova Ortiz<\/span><span data-contrast=\"none\">\u00a0<\/span><span data-contrast=\"none\">y\u00a0<\/span><span data-contrast=\"none\">Ryuichi\u00a0<\/span><span data-contrast=\"none\">Yahagi.<\/span><span data-ccp-props=\"{&quot;201341983&quot;:0,&quot;335559738&quot;:160,&quot;335559740&quot;:240,&quot;469777462&quot;:[720,1440,2160,2880,3600,4320,5040,5760,6480,7200,7920,8640],&quot;469777927&quot;:[0,0,0,0,0,0,0,0,0,0,0,0],&quot;469777928&quot;:[1,1,1,1,1,1,1,1,1,1,1,1]}\">\u00a0<\/span><\/p>\n<p><span data-ccp-props=\"{&quot;201341983&quot;:0,&quot;335559738&quot;:160,&quot;335559740&quot;:240,&quot;469777462&quot;:[720,1440,2160,2880,3600,4320,5040,5760,6480,7200,7920,8640],&quot;469777927&quot;:[0,0,0,0,0,0,0,0,0,0,0,0],&quot;469777928&quot;:[1,1,1,1,1,1,1,1,1,1,1,1]}\">\u00a0<\/span><\/p>\n<div id=\"attachment_95479\" style=\"width: 732px\" class=\"wp-caption aligncenter\"><a href=\"https:\/\/www.uv.mx\/prensa\/files\/2021\/04\/090421-Se-Lee-3.jpg\"><img loading=\"lazy\" decoding=\"async\" aria-describedby=\"caption-attachment-95479\" class=\"size-full wp-image-95479\" src=\"https:\/\/www.uv.mx\/prensa\/files\/2021\/04\/090421-Se-Lee-3.jpg\" alt=\"\" width=\"722\" height=\"542\" srcset=\"https:\/\/www.uv.mx\/prensa\/files\/2021\/04\/090421-Se-Lee-3.jpg 722w, https:\/\/www.uv.mx\/prensa\/files\/2021\/04\/090421-Se-Lee-3-300x225.jpg 300w\" sizes=\"auto, (max-width: 722px) 100vw, 722px\" \/><\/a><p id=\"caption-attachment-95479\" class=\"wp-caption-text\">Grandes y peque\u00f1os podr\u00e1n visitar la exhibici\u00f3n en la Galer\u00eda de Arte Moderno de la USBI-Veracruz<\/p><\/div>\n","protected":false},"excerpt":{"rendered":"<p>Es organizada\u00a0opor\u00a0la Unidad de Servicios Bibliotecarios y de Informaci\u00f3n y el\u00a0Reflexionario\u00a0Mocambo de la regi\u00f3n Veracruz\u00a0<\/p>\n","protected":false},"author":1869,"featured_media":95477,"comment_status":"closed","ping_status":"closed","sticky":false,"template":"","format":"standard","meta":{"footnotes":""},"categories":[32,55],"tags":[],"class_list":["post-95475","post","type-post","status-publish","format-standard","has-post-thumbnail","hentry","category-regiones","category-veracruz"],"_links":{"self":[{"href":"https:\/\/www.uv.mx\/prensa\/wp-json\/wp\/v2\/posts\/95475","targetHints":{"allow":["GET"]}}],"collection":[{"href":"https:\/\/www.uv.mx\/prensa\/wp-json\/wp\/v2\/posts"}],"about":[{"href":"https:\/\/www.uv.mx\/prensa\/wp-json\/wp\/v2\/types\/post"}],"author":[{"embeddable":true,"href":"https:\/\/www.uv.mx\/prensa\/wp-json\/wp\/v2\/users\/1869"}],"replies":[{"embeddable":true,"href":"https:\/\/www.uv.mx\/prensa\/wp-json\/wp\/v2\/comments?post=95475"}],"version-history":[{"count":1,"href":"https:\/\/www.uv.mx\/prensa\/wp-json\/wp\/v2\/posts\/95475\/revisions"}],"predecessor-version":[{"id":95551,"href":"https:\/\/www.uv.mx\/prensa\/wp-json\/wp\/v2\/posts\/95475\/revisions\/95551"}],"wp:featuredmedia":[{"embeddable":true,"href":"https:\/\/www.uv.mx\/prensa\/wp-json\/wp\/v2\/media\/95477"}],"wp:attachment":[{"href":"https:\/\/www.uv.mx\/prensa\/wp-json\/wp\/v2\/media?parent=95475"}],"wp:term":[{"taxonomy":"category","embeddable":true,"href":"https:\/\/www.uv.mx\/prensa\/wp-json\/wp\/v2\/categories?post=95475"},{"taxonomy":"post_tag","embeddable":true,"href":"https:\/\/www.uv.mx\/prensa\/wp-json\/wp\/v2\/tags?post=95475"}],"curies":[{"name":"wp","href":"https:\/\/api.w.org\/{rel}","templated":true}]}}