{"id":95414,"date":"2021-04-10T08:04:33","date_gmt":"2021-04-10T13:04:33","guid":{"rendered":"https:\/\/www.uv.mx\/prensa\/?p=95414"},"modified":"2021-04-12T11:49:04","modified_gmt":"2021-04-12T16:49:04","slug":"investigadora-uv-estudia-como-afecta-el-ruido-a-monos-de-los-tuxtlas","status":"publish","type":"post","link":"https:\/\/www.uv.mx\/prensa\/ciencia\/investigadora-uv-estudia-como-afecta-el-ruido-a-monos-de-los-tuxtlas\/","title":{"rendered":"Investigadora UV estudia\u00a0c\u00f3mo afecta\u00a0el ruido\u00a0a\u00a0monos de\u00a0Los\u00a0Tuxtlas\u00a0"},"content":{"rendered":"<ul>\n<li data-leveltext=\"\uf0b7\" data-font=\"Symbol\" data-listid=\"5\" data-aria-posinset=\"1\" data-aria-level=\"1\"><i><span data-contrast=\"auto\">El trabajo de\u00a0<\/span><\/i><i><span data-contrast=\"none\">Ariadna Rangel<\/span><\/i><i><span data-contrast=\"none\">,<\/span><\/i><i><span data-contrast=\"none\">\u00a0del\u00a0<\/span><\/i><i><span data-contrast=\"none\">Instituto de\u00a0<\/span><\/i><i><span data-contrast=\"none\">Neuroetolog\u00eda<\/span><\/i><i><span data-contrast=\"none\">,\u00a0<\/span><\/i><i><span data-contrast=\"auto\">fue ganador en la C<\/span><\/i><i><span data-contrast=\"auto\">onvocatoria 2021 de Proyectos de Investigaci\u00f3n Cient\u00edfica y Desarrollo Tecnol\u00f3gico del\u00a0<\/span><\/i><span data-contrast=\"auto\">Coveicydet<\/span><span data-ccp-props=\"{}\">\u00a0<\/span><\/li>\n<\/ul>\n<p><span data-ccp-props=\"{}\">\u00a0<\/span><\/p>\n<div id=\"attachment_95415\" style=\"width: 371px\" class=\"wp-caption aligncenter\"><a href=\"https:\/\/www.uv.mx\/prensa\/files\/2021\/04\/060421-Ariadna-Rangel-2.jpg\"><img loading=\"lazy\" decoding=\"async\" aria-describedby=\"caption-attachment-95415\" class=\"size-full wp-image-95415\" src=\"https:\/\/www.uv.mx\/prensa\/files\/2021\/04\/060421-Ariadna-Rangel-2.jpg\" alt=\"\" width=\"361\" height=\"481\" srcset=\"https:\/\/www.uv.mx\/prensa\/files\/2021\/04\/060421-Ariadna-Rangel-2.jpg 361w, https:\/\/www.uv.mx\/prensa\/files\/2021\/04\/060421-Ariadna-Rangel-2-225x300.jpg 225w\" sizes=\"auto, (max-width: 361px) 100vw, 361px\" \/><\/a><p id=\"caption-attachment-95415\" class=\"wp-caption-text\">Ariadna Rangel Negr\u00edn<\/p><\/div>\n<p><span data-ccp-props=\"{}\">\u00a0<\/span><\/p>\n<p><b><i><span data-contrast=\"auto\">Carlos Hugo Hermida Rosales<\/span><\/i><\/b><span data-ccp-props=\"{}\">\u00a0<\/span><\/p>\n<p><b><i><span data-contrast=\"auto\">10<\/span><\/i><\/b><b><i><span data-contrast=\"auto\">\/04<\/span><\/i><\/b><b><i><span data-contrast=\"auto\">\/202<\/span><\/i><\/b><b><i><span data-contrast=\"auto\">1<\/span><\/i><\/b><b><i><span data-contrast=\"auto\">,<\/span><\/i><\/b><b><i><span data-contrast=\"auto\">\u00a0<\/span><\/i><\/b><b><i><span data-contrast=\"auto\">Xalapa,\u00a0<\/span><\/i><\/b><b><i><span data-contrast=\"auto\">Ver.<\/span><\/i><\/b><b><i><span data-contrast=\"auto\">&#8211;<\/span><\/i><\/b><b><i><span data-contrast=\"auto\">\u00a0<\/span><\/i><\/b><span data-contrast=\"none\">Ariadna Rangel Negr\u00edn, investigadora del<a href=\"https:\/\/www.uv.mx\/neuro\/\" target=\"_blank\" rel=\"noopener\"> Instituto de\u00a0<\/a><\/span><span data-contrast=\"none\">Neuroetolog\u00eda<\/span><span data-contrast=\"none\">\u00a0de la Universidad Veracruzana (UV), estudia las afectaciones que el ruido producido por el hombre provoca a las poblaciones de monos aulladores que habitan en la reserva de la bi\u00f3sfera de\u00a0<\/span><span data-contrast=\"none\">L<\/span><span data-contrast=\"none\">os\u00a0<\/span><span data-contrast=\"none\">Tuxtlas<\/span><span data-contrast=\"none\">.\u00a0<\/span><span data-ccp-props=\"{}\">\u00a0<\/span><\/p>\n<p><span data-contrast=\"none\">Su trabajo llamado\u00a0<\/span><span data-contrast=\"auto\">\u201c<\/span><span data-contrast=\"auto\">Impacto del ruido antropog\u00e9nico sobre la conducta y la fis<\/span><span data-contrast=\"auto\">iolog\u00eda de un primate\u202fsilvestre\u201d<\/span><span data-contrast=\"auto\">,<\/span><span data-contrast=\"auto\">\u00a0fue ganador en la\u00a0<\/span><span data-contrast=\"auto\">C<\/span><span data-contrast=\"auto\">onvocatoria 2021 de Proyectos de Investigaci\u00f3n Cient\u00edfica y Desarrollo Tecnol\u00f3gico del\u00a0<\/span><span data-contrast=\"auto\">Consejo Veracruzano de Investigaci\u00f3n Cient\u00edfica y Desarrollo Tecnol\u00f3gico (<\/span><i><span data-contrast=\"auto\">Coveicydet<\/span><\/i><span data-contrast=\"auto\">)<\/span><span data-contrast=\"auto\">.<\/span><span data-ccp-props=\"{&quot;335559731&quot;:708}\">\u00a0<\/span><\/p>\n<p><span data-contrast=\"none\">Ariadna Rangel mencion\u00f3 que a trav\u00e9s de este proyecto busca demostrar que el ruido antropog\u00e9nico\u00a0<\/span><span data-contrast=\"none\">\u2013<\/span><span data-contrast=\"none\">provocado por el hombre<\/span><span data-contrast=\"none\">\u2013<\/span><span data-contrast=\"none\">representa un desaf\u00edo suficiente para desencadenar respuestas tanto conductuales como fisiol\u00f3gicas en los monos aulladores de la reserva<\/span><span data-contrast=\"none\">\u00a0de la bi\u00f3sfera de L<\/span><span data-contrast=\"none\">os\u00a0<\/span><span data-contrast=\"none\">Tuxtlas<\/span><span data-contrast=\"none\">.\u00a0<\/span><span data-ccp-props=\"{&quot;335559731&quot;:708}\">\u00a0<\/span><\/p>\n<p><span data-contrast=\"auto\">A<\/span><span data-contrast=\"auto\">unque anteriormente se hab\u00edan realizado proyectos\u00a0<\/span><span data-contrast=\"auto\">para analizar como el ru<\/span><span data-contrast=\"auto\">ido humano afecta a los monos, \u00e9<\/span><span data-contrast=\"auto\">ste es el primero en el que se trabaja de forma experimental, ya que se llevan a cabo simulaciones con el objetivo de medir las respuestas de los primates.\u00a0<\/span><span data-ccp-props=\"{&quot;335559731&quot;:708}\">\u00a0<\/span><\/p>\n<p><span data-contrast=\"none\">Puntualiz\u00f3 que los estudios experimentales no son invasivos; se registra la conducta de los monos<\/span><span data-contrast=\"none\">\u00a0y se recolectan sus heces, con el objetivo de analizar en ellas las concentraciones de hormonas que se quiere<\/span><span data-contrast=\"none\">n<\/span><span data-contrast=\"none\">\u00a0medir.<\/span><span data-ccp-props=\"{&quot;335559731&quot;:708}\">\u00a0<\/span><\/p>\n<p><span data-contrast=\"none\">Comparti\u00f3 que en este proyecto colaboran con ella Pedro Duarte D\u00edaz y<\/span><span data-contrast=\"auto\">\u00a0Domingo Canales Espinosa<\/span><span data-contrast=\"auto\">, investigadores del\u00a0<\/span><span data-contrast=\"none\">Instituto de\u00a0<\/span><span data-contrast=\"none\">Neuroetolog\u00eda<\/span><span data-contrast=\"none\">, adem\u00e1s de Roberto Chavira, del\u00a0<\/span><span data-contrast=\"auto\">Instituto Nacional de Ciencias M\u00e9dicas y\u202fNutrici\u00f3n\u00a0<\/span><span data-contrast=\"auto\">\u201c<\/span><span data-contrast=\"auto\">Salvador\u202f<\/span><span data-contrast=\"auto\">Zubir\u00e1n<\/span><span data-contrast=\"auto\">\u201d<\/span><span data-contrast=\"auto\">.<\/span><span data-ccp-props=\"{&quot;335559731&quot;:708}\">\u00a0<\/span><\/p>\n<p><span data-contrast=\"none\">Ariadna Rangel<\/span><span data-contrast=\"none\">\u00a0afirm\u00f3 que el hecho de que un animal se enfre<\/span><span data-contrast=\"none\">nte constantemente a ruidos cambia sus patrones de conducta, y\u00a0<\/span><span data-contrast=\"none\">detall\u00f3 que en el caso de los monos responden con vocalizaciones, con mayor o menor movilidad, e incluso con curiosidad al acercarse a las fuentes del sonido.<\/span><span data-ccp-props=\"{&quot;335559731&quot;:708}\">\u00a0<\/span><\/p>\n<p><span data-contrast=\"none\">En<\/span><span data-contrast=\"none\">fatiz\u00f3<\/span><span data-contrast=\"none\">\u00a0que estos cambios en su conducta hacen que tengan menos tiempo para socializar o buscar alimento, lo que puede afectarles en su desarrollo.<\/span><span data-contrast=\"none\">\u00a0<\/span><span data-ccp-props=\"{&quot;335559731&quot;:708}\">\u00a0<\/span><\/p>\n<p><span data-contrast=\"none\">Adem\u00e1s, c<\/span><span data-contrast=\"none\">on base en los resultados que arroje el proyecto de investigaci\u00f3n, se propondr\u00e1n planes de manejo y conservaci\u00f3n a las personas que habitan en localidades aleda\u00f1as a la reserva de la bi\u00f3sfera de\u00a0<\/span><span data-contrast=\"none\">L<\/span><span data-contrast=\"none\">os\u00a0<\/span><span data-contrast=\"none\">Tuxtlas<\/span><span data-contrast=\"none\">,\u00a0<\/span><span data-contrast=\"none\">y\u00a0<\/span><span data-contrast=\"none\">adem\u00e1s se elaborar\u00e1n tr\u00edpticos que explique<\/span><span data-contrast=\"none\">n<\/span><span data-contrast=\"none\">\u00a0la situaci\u00f3n y apoyen en la concien<\/span><span data-contrast=\"none\">c<\/span><span data-contrast=\"none\">iaci\u00f3n.<\/span><span data-ccp-props=\"{&quot;335559731&quot;:708}\">\u00a0<\/span><\/p>\n<p><span data-contrast=\"none\">Manifest\u00f3 que siente un gran orgullo de que su trabajo haya sido seleccionado para ser apoyado por el\u00a0<\/span><i><span data-contrast=\"auto\">Coveicydet<\/span><\/i><span data-contrast=\"auto\">,\u00a0<\/span><span data-contrast=\"auto\">y afirm\u00f3 que esto es resultado de los a\u00f1os que ha laborado en la misma l\u00ednea de investigaci\u00f3n.\u00a0<\/span><span data-ccp-props=\"{&quot;335559731&quot;:708}\">\u00a0<\/span><\/p>\n<p><span data-ccp-props=\"{}\">\u00a0<\/span><\/p>\n<div id=\"attachment_95417\" style=\"width: 732px\" class=\"wp-caption aligncenter\"><a href=\"https:\/\/www.uv.mx\/prensa\/files\/2021\/04\/060421-Ariadna-Rangel-1.jpg\"><img loading=\"lazy\" decoding=\"async\" aria-describedby=\"caption-attachment-95417\" class=\"size-full wp-image-95417\" src=\"https:\/\/www.uv.mx\/prensa\/files\/2021\/04\/060421-Ariadna-Rangel-1.jpg\" alt=\"\" width=\"722\" height=\"542\" srcset=\"https:\/\/www.uv.mx\/prensa\/files\/2021\/04\/060421-Ariadna-Rangel-1.jpg 722w, https:\/\/www.uv.mx\/prensa\/files\/2021\/04\/060421-Ariadna-Rangel-1-300x225.jpg 300w\" sizes=\"auto, (max-width: 722px) 100vw, 722px\" \/><\/a><p id=\"caption-attachment-95417\" class=\"wp-caption-text\">Mono aullador<\/p><\/div>\n","protected":false},"excerpt":{"rendered":"<p>El trabajo de\u00a0Ariadna Rangel, del Instituto de\u00a0Neuroetolog\u00eda,\u00a0fue ganador en la Convocatoria 2021 de Proyectos de Investigaci\u00f3n Cient\u00edfica y Desarrollo Tecnol\u00f3gico del <em>Coveicydet<\/em>\u00a0<\/p>\n","protected":false},"author":1869,"featured_media":95416,"comment_status":"closed","ping_status":"closed","sticky":false,"template":"","format":"standard","meta":{"footnotes":""},"categories":[45,61],"tags":[],"class_list":["post-95414","post","type-post","status-publish","format-standard","has-post-thumbnail","hentry","category-ciencia","category-banner"],"_links":{"self":[{"href":"https:\/\/www.uv.mx\/prensa\/wp-json\/wp\/v2\/posts\/95414","targetHints":{"allow":["GET"]}}],"collection":[{"href":"https:\/\/www.uv.mx\/prensa\/wp-json\/wp\/v2\/posts"}],"about":[{"href":"https:\/\/www.uv.mx\/prensa\/wp-json\/wp\/v2\/types\/post"}],"author":[{"embeddable":true,"href":"https:\/\/www.uv.mx\/prensa\/wp-json\/wp\/v2\/users\/1869"}],"replies":[{"embeddable":true,"href":"https:\/\/www.uv.mx\/prensa\/wp-json\/wp\/v2\/comments?post=95414"}],"version-history":[{"count":1,"href":"https:\/\/www.uv.mx\/prensa\/wp-json\/wp\/v2\/posts\/95414\/revisions"}],"predecessor-version":[{"id":95543,"href":"https:\/\/www.uv.mx\/prensa\/wp-json\/wp\/v2\/posts\/95414\/revisions\/95543"}],"wp:featuredmedia":[{"embeddable":true,"href":"https:\/\/www.uv.mx\/prensa\/wp-json\/wp\/v2\/media\/95416"}],"wp:attachment":[{"href":"https:\/\/www.uv.mx\/prensa\/wp-json\/wp\/v2\/media?parent=95414"}],"wp:term":[{"taxonomy":"category","embeddable":true,"href":"https:\/\/www.uv.mx\/prensa\/wp-json\/wp\/v2\/categories?post=95414"},{"taxonomy":"post_tag","embeddable":true,"href":"https:\/\/www.uv.mx\/prensa\/wp-json\/wp\/v2\/tags?post=95414"}],"curies":[{"name":"wp","href":"https:\/\/api.w.org\/{rel}","templated":true}]}}