{"id":95398,"date":"2021-04-09T07:57:51","date_gmt":"2021-04-09T12:57:51","guid":{"rendered":"https:\/\/www.uv.mx\/prensa\/?p=95398"},"modified":"2021-11-08T08:45:00","modified_gmt":"2021-11-08T14:45:00","slug":"integrantes-de-apec-presentaron-publicaciones","status":"publish","type":"post","link":"https:\/\/www.uv.mx\/prensa\/filu\/integrantes-de-apec-presentaron-publicaciones\/","title":{"rendered":"Integrantes de APEC presentaron publicaciones"},"content":{"rendered":"<ul>\n<li data-leveltext=\"\uf0b7\" data-font=\"Symbol\" data-listid=\"5\" data-aria-posinset=\"1\" data-aria-level=\"1\"><i><span data-contrast=\"auto\">Las\u00a0<\/span><\/i><i><span data-contrast=\"auto\">revistas<\/span><\/i><i><span data-contrast=\"auto\">\u00a0<\/span><\/i><span data-contrast=\"auto\">Orientando<\/span><i><span data-contrast=\"auto\">, del\u00a0<\/span><\/i><span data-contrast=\"auto\">Cechiver<\/span><i><span data-contrast=\"auto\">;\u00a0<\/span><\/i><span data-contrast=\"auto\">Portes<\/span><i><span data-contrast=\"auto\">,<\/span><\/i><i><span data-contrast=\"auto\">\u00a0de\u00a0<\/span><\/i><i><span data-contrast=\"auto\">la\u00a0<\/span><\/i><i><span data-contrast=\"auto\">Universidad de Colima<\/span><\/i><i><span data-contrast=\"auto\">;<\/span><\/i><i><span data-contrast=\"auto\">\u00a0y\u00a0<\/span><\/i><span data-contrast=\"auto\">M\u00e9xico y la Cuenca del Pac<\/span><span data-contrast=\"auto\">\u00ed<\/span><span data-contrast=\"auto\">fico<\/span><i><span data-contrast=\"auto\">,<\/span><\/i><i><span data-contrast=\"auto\">\u00a0de la Universidad de Guadalajara,\u00a0<\/span><\/i><i><span data-contrast=\"auto\">abordan temas pol\u00edticos<\/span><\/i><i><span data-contrast=\"auto\">,<\/span><\/i><i><span data-contrast=\"auto\">\u00a0econ\u00f3micos y culturales de la regi\u00f3n Asia-Pac\u00edfico<\/span><\/i><span data-ccp-props=\"{}\">\u00a0<\/span><\/li>\n<\/ul>\n<p><span data-ccp-props=\"{}\">\u00a0<\/span><\/p>\n<div id=\"attachment_95399\" style=\"width: 732px\" class=\"wp-caption aligncenter\"><a href=\"https:\/\/www.uv.mx\/prensa\/files\/2021\/04\/080421-Revistas-APEC-1-100k.jpg\"><img loading=\"lazy\" decoding=\"async\" aria-describedby=\"caption-attachment-95399\" class=\"size-full wp-image-95399\" src=\"https:\/\/www.uv.mx\/prensa\/files\/2021\/04\/080421-Revistas-APEC-1-100k.jpg\" alt=\"Crist\u00f3bal Collignon de Alba\" width=\"722\" height=\"437\" srcset=\"https:\/\/www.uv.mx\/prensa\/files\/2021\/04\/080421-Revistas-APEC-1-100k.jpg 722w, https:\/\/www.uv.mx\/prensa\/files\/2021\/04\/080421-Revistas-APEC-1-100k-300x182.jpg 300w\" sizes=\"auto, (max-width: 722px) 100vw, 722px\" \/><\/a><p id=\"caption-attachment-95399\" class=\"wp-caption-text\">Crist\u00f3bal Collignon de Alba<\/p><\/div>\n<p>&nbsp;<\/p>\n<p><b><i><span data-contrast=\"auto\">Carlos Hugo Hermida Rosales<\/span><\/i><\/b><span data-ccp-props=\"{}\">\u00a0<\/span><\/p>\n<p><b><i><span data-contrast=\"auto\">0<\/span><\/i><\/b><b><i><span data-contrast=\"auto\">9<\/span><\/i><\/b><b><i><span data-contrast=\"auto\">\/04\/<\/span><\/i><\/b><b><i><span data-contrast=\"auto\">202<\/span><\/i><\/b><b><i><span data-contrast=\"auto\">1,<\/span><\/i><\/b><b><i><span data-contrast=\"auto\">\u00a0<\/span><\/i><\/b><b><i><span data-contrast=\"auto\">Xalapa, Ver.<\/span><\/i><\/b><b><i><span data-contrast=\"auto\">\u00a0<\/span><\/i><\/b><span data-contrast=\"auto\">La\u00a0<\/span><span data-contrast=\"auto\">1era <a href=\"https:\/\/filu.uv.mx\/programa\" target=\"_blank\" rel=\"noopener\">Feria Internacional del Libro Universitario Virtual<\/a><\/span><span data-contrast=\"auto\">\u202f(FILU<\/span><span data-contrast=\"auto\">V2021<\/span><span data-contrast=\"auto\">)<\/span><span data-contrast=\"auto\">\u00a0de la Universidad Veracruzana (UV), present\u00f3 la noche del 7 de abril las revistas\u00a0<\/span><i><span data-contrast=\"auto\">M\u00e9xico y la Cuenca del Pac\u00edfico<\/span><\/i><span data-contrast=\"auto\">\u00a0(<\/span><span data-contrast=\"auto\">MyCP<\/span><span data-contrast=\"auto\">)<\/span><span data-contrast=\"auto\">,\u00a0<\/span><i><span data-contrast=\"auto\">Portes. Revista mexicana de estudios sobre la Cuenca del Pac\u00edfico<\/span><\/i><span data-contrast=\"auto\">, y\u00a0<\/span><i><span data-contrast=\"auto\">Orientando<\/span><\/i><span data-contrast=\"auto\">, Temas de Asia Oriental, Sociedad, Cultura y Econom\u00eda<\/span><span data-contrast=\"auto\">, que son publicadas por miembros del\u00a0<\/span><span data-contrast=\"auto\">Consorcio Mexicano de Centros de Estudios del Foro de Cooperaci\u00f3n Econ\u00f3mica Asia-Pac\u00edfico (APEC)<\/span><span data-contrast=\"auto\">.<\/span><span data-ccp-props=\"{}\">\u00a0<\/span><\/p>\n<p><span data-contrast=\"auto\">Este evento<\/span><span data-contrast=\"auto\">, realizado<\/span><span data-contrast=\"auto\">\u00a0en el marco de las Jornadas del Centro de Estudios China-Veracruz (<\/span><i><span data-contrast=\"auto\">Cechiver<\/span><\/i><span data-contrast=\"auto\">), cont\u00f3 con la participaci\u00f3n de\u00a0<\/span><span data-contrast=\"auto\">Crist\u00f3bal\u00a0<\/span><span data-contrast=\"auto\">Collignon<\/span><span data-contrast=\"auto\">\u00a0de Alba<\/span><span data-contrast=\"auto\">\u00a0y\u00a0<\/span><span data-contrast=\"auto\">Nora Elena Preciado<\/span><span data-contrast=\"auto\">,\u00a0<\/span><span data-contrast=\"auto\">miembro del comit\u00e9 ejecutivo y editora de\u00a0<\/span><i><span data-contrast=\"auto\">MyCP<\/span><\/i><span data-contrast=\"auto\">,<\/span><span data-contrast=\"auto\">\u00a0<\/span><span data-contrast=\"auto\">respectivamente<\/span><span data-contrast=\"auto\">; y\u00a0<\/span><span data-contrast=\"auto\">\u00c1ngel Licona Michel, profesor investigador del Centro Universitario de Estudios e Investigaciones sobre la Cuenca del Pac\u00edfico-Centro de Estudios APEC de la Universidad de Colima<\/span><span data-contrast=\"auto\">, moderados por\u00a0<\/span><span data-contrast=\"auto\">David Oliva L\u00f3pez<\/span><span data-contrast=\"auto\">,\u00a0<\/span><span data-contrast=\"auto\">coordinador Editorial del\u00a0<\/span><i><span data-contrast=\"auto\">Cechiver<\/span><\/i><span data-contrast=\"auto\">.<\/span><span data-ccp-props=\"{&quot;335559731&quot;:708}\">\u00a0<\/span><\/p>\n<p><span data-contrast=\"auto\">Crist\u00f3bal\u00a0<\/span><span data-contrast=\"auto\">Collignon<\/span><span data-contrast=\"auto\">\u00a0comparti\u00f3 que\u00a0<\/span><i><span data-contrast=\"auto\">MyCP<\/span><\/i><span data-contrast=\"auto\">\u00a0es una revista acad\u00e9mica publicada por la Universidad de Guadalajara<\/span><span data-contrast=\"auto\">\u00a0(UdeG)<\/span><span data-contrast=\"auto\">, que\u00a0<\/span><span data-contrast=\"auto\">tiene por objeto contribuir a la investigaci\u00f3n, desde una perspectiva multidisciplinaria, de la sociedad, la cultura, el medio ambiente, la econom\u00eda y la pol\u00edtica de las econom\u00edas de Asia-Pac\u00edfico<\/span><span data-contrast=\"auto\">,<\/span><span data-contrast=\"auto\">\u00a0as\u00ed como de los procesos de integraci\u00f3n regional.\u202f<\/span><span data-ccp-props=\"{&quot;335559731&quot;:708}\">\u00a0<\/span><\/p>\n<p><span data-contrast=\"auto\">Destac\u00f3 que\u00a0<\/span><span data-contrast=\"auto\">e<\/span><span data-contrast=\"auto\">s una revista cuatrimestral pionera en su g\u00e9nero en M\u00e9xico y Am\u00e9rica Latina<\/span><span data-contrast=\"auto\">,<\/span><span data-contrast=\"auto\">\u00a0de acceso libre que se publica en formato digital e impreso,\u00a0<\/span><span data-contrast=\"auto\">que se distingue como un foro de discusi\u00f3n cient\u00edfica\u00a0<\/span><span data-contrast=\"auto\">dirigido a investigadores y estudiantes interesados en las relaciones transpac\u00edficas.<\/span><span data-ccp-props=\"{&quot;335559731&quot;:708}\">\u00a0<\/span><\/p>\n<p><span data-contrast=\"auto\">Coment\u00f3 que el acceso abierto de los art\u00edculos publicados acerca el conocimiento a un amplio p\u00fablico que incluye el sector acad\u00e9mico, a empresarios y a hacedores de pol\u00edticas p\u00fablicas, lo que se traduce en un gran impacto social.<\/span><span data-contrast=\"auto\">\u00a0<\/span><\/p>\n<div id=\"attachment_95400\" style=\"width: 732px\" class=\"wp-caption aligncenter\"><a href=\"https:\/\/www.uv.mx\/prensa\/files\/2021\/04\/080421-Revistas-APEC-2-100k.jpg\"><img loading=\"lazy\" decoding=\"async\" aria-describedby=\"caption-attachment-95400\" class=\"size-full wp-image-95400\" src=\"https:\/\/www.uv.mx\/prensa\/files\/2021\/04\/080421-Revistas-APEC-2-100k.jpg\" alt=\"Nora Elena Preciado\" width=\"722\" height=\"438\" srcset=\"https:\/\/www.uv.mx\/prensa\/files\/2021\/04\/080421-Revistas-APEC-2-100k.jpg 722w, https:\/\/www.uv.mx\/prensa\/files\/2021\/04\/080421-Revistas-APEC-2-100k-300x182.jpg 300w\" sizes=\"auto, (max-width: 722px) 100vw, 722px\" \/><\/a><p id=\"caption-attachment-95400\" class=\"wp-caption-text\">Nora Elena Preciado<\/p><\/div>\n<p><span data-contrast=\"auto\">Nora Elena Preciado\u00a0<\/span><span data-contrast=\"auto\">declar\u00f3 que esta revista que surgi\u00f3 como respuesta a una mayor demanda de conocimiento de las econom\u00edas de la\u00a0<\/span><span data-contrast=\"auto\">regi\u00f3n frente a la crisis financiera asi\u00e1tica de 1997, cuenta con 22 a\u00f1os de\u00a0<\/span><span data-contrast=\"auto\">circulaci\u00f3n\u00a0<\/span><span data-contrast=\"auto\">ininterrumpida, en los que ha publicado 452 art\u00edculos.<\/span><span data-ccp-props=\"{&quot;335559731&quot;:708}\">\u00a0<\/span><\/p>\n<p><span data-contrast=\"auto\">Coment\u00f3 que el que esta revista se publique tambi\u00e9n de manera virtual desde 2012, ha logrado una mayor internacionalizaci\u00f3n y que se tenga una comunicaci\u00f3n directa con los lectores.\u00a0<\/span><span data-ccp-props=\"{&quot;335559731&quot;:708}\">\u00a0<\/span><\/p>\n<p><span data-contrast=\"auto\">\u201cLa revista\u00a0<\/span><i><span data-contrast=\"auto\">MyCP<\/span><\/i><span data-contrast=\"auto\">\u00a0se ha convertido en un referente\u00a0<\/span><span data-contrast=\"auto\">para quienes buscan una perspectiva\u00a0<\/span><span data-contrast=\"auto\">acad\u00e9mica<\/span><span data-contrast=\"auto\">\u00a0integral de la din\u00e1mica de la regi\u00f3n Asia<\/span><span data-contrast=\"auto\">-Pac\u00edfico\u201d, asegur\u00f3.\u00a0<\/span><span data-ccp-props=\"{&quot;335559731&quot;:708}\">\u00a0<\/span><\/p>\n<p><span data-contrast=\"auto\">David Oliva<\/span><span data-contrast=\"auto\">\u00a0<\/span><span data-contrast=\"auto\">mencion\u00f3<\/span><span data-contrast=\"auto\">\u00a0que la revista\u00a0<\/span><i><span data-contrast=\"auto\">Orientando<\/span><\/i><span data-contrast=\"auto\">\u00a0es una publicaci\u00f3n semestral fundada por el\u00a0<\/span><i><span data-contrast=\"auto\">Cechiver<\/span><\/i><i><span data-contrast=\"auto\">\u00a0<\/span><\/i><span data-contrast=\"auto\">en 2010, dirigida a estudiantes de licenciatura y posgrado, empresarios, investigadores, gestores de negocios y dem\u00e1s interesados en temas de econom\u00eda, relaciones sino-latinoamericanas y de cultura de oriente.\u00a0<\/span><span data-ccp-props=\"{&quot;335559731&quot;:708}\">\u00a0<\/span><\/p>\n<p><span data-contrast=\"auto\">Com<\/span><span data-contrast=\"auto\">ent\u00f3<\/span><span data-contrast=\"auto\">\u00a0que forma parte del\u00a0<\/span><span data-contrast=\"auto\">Sistema Regional de Informaci\u00f3n en L\u00ednea para Revistas Cient\u00edficas de Am\u00e9rica Latina, el Caribe, Espa\u00f1a y Portugal<\/span><span data-contrast=\"auto\">\u00a0(<\/span><i><span data-contrast=\"auto\">L<\/span><\/i><i><span data-contrast=\"auto\">atindex<\/span><\/i><span data-contrast=\"auto\">),\u00a0<\/span><span data-contrast=\"auto\">y que tiene acceso libre a todas sus publicaciones.\u00a0<\/span><\/p>\n<div id=\"attachment_95401\" style=\"width: 732px\" class=\"wp-caption aligncenter\"><a href=\"https:\/\/www.uv.mx\/prensa\/files\/2021\/04\/080421-Revistas-APEC-3-100k.jpg\"><img loading=\"lazy\" decoding=\"async\" aria-describedby=\"caption-attachment-95401\" class=\"size-full wp-image-95401\" src=\"https:\/\/www.uv.mx\/prensa\/files\/2021\/04\/080421-Revistas-APEC-3-100k.jpg\" alt=\"\u00c1ngel Licona Michel\" width=\"722\" height=\"438\" srcset=\"https:\/\/www.uv.mx\/prensa\/files\/2021\/04\/080421-Revistas-APEC-3-100k.jpg 722w, https:\/\/www.uv.mx\/prensa\/files\/2021\/04\/080421-Revistas-APEC-3-100k-300x182.jpg 300w\" sizes=\"auto, (max-width: 722px) 100vw, 722px\" \/><\/a><p id=\"caption-attachment-95401\" class=\"wp-caption-text\">\u00c1ngel Licona Michel<\/p><\/div>\n<p><span data-contrast=\"auto\">Comparti\u00f3 que a lo largo de una d\u00e9cada cu<\/span><span data-contrast=\"auto\">e<\/span><span data-contrast=\"auto\">nta con 89 art\u00edculos publicados, 36 de ellos escritos por investigadores de Asia Oriental, y\u00a0<\/span><span data-contrast=\"auto\">nueve<\/span><span data-contrast=\"auto\">\u00a0por expertos de pa\u00edses de Europa y Sudam\u00e9rica.<\/span><span data-ccp-props=\"{&quot;335559731&quot;:708}\">\u00a0<\/span><\/p>\n<p><span data-contrast=\"auto\">Destac\u00f3 que el comit\u00e9 cient\u00edfico de esta publicaci\u00f3n se encuentra integrado por autoridades acad\u00e9micas de distintas instituciones de educaci\u00f3n superior chinas y latinoamericanas.<\/span><span data-ccp-props=\"{&quot;335559731&quot;:708}\">\u00a0<\/span><\/p>\n<p><span data-contrast=\"auto\">\u00c1ngel Licona relat\u00f3 que la revista semestral\u00a0<\/span><i><span data-contrast=\"auto\">Portes<\/span><\/i><span data-contrast=\"auto\">\u00a0de la Universidad de Colima naci\u00f3 en 1990 cuando la regi\u00f3n Asia-Pac\u00edfico se mostraba el mundo en los contextos econ\u00f3mico y comercial, y que sus art\u00edculos abordan temas de econom\u00eda, comercio, pol\u00edtica y cultura<\/span><span data-contrast=\"auto\">,<\/span><span data-contrast=\"auto\">\u00a0principalmente.\u00a0<\/span><span data-ccp-props=\"{&quot;335559731&quot;:708}\">\u00a0<\/span><\/p>\n<p><span data-contrast=\"auto\">A\u00a0<\/span><span data-contrast=\"auto\">la fecha ha publicado 49 n\u00fameros ordinarios y dos especiales\u00a0<\/span><span data-contrast=\"auto\">sobre<\/span><span data-contrast=\"auto\">\u00a0Colima, y que desde 2010 que se encuentra en l\u00ednea se han descargado 35 mil art\u00edculos y se cuenta con 137 mil visitas.\u00a0<\/span><span data-ccp-props=\"{&quot;335559731&quot;:708}\">\u00a0<\/span><\/p>\n<p><span data-contrast=\"auto\">\u201cDesde sus inicios la revista\u00a0<\/span><i><span data-contrast=\"auto\">Portes<\/span><\/i><span data-contrast=\"auto\">\u00a0brinda apertura a trabajos encaminados a difundir lo que sucede en la regi\u00f3n Asia-Pac\u00edfico, para\u00a0<\/span><span data-contrast=\"auto\">lo que recibe propuestas de profesores e investigadores de\u00a0<\/span><span data-contrast=\"auto\">i<\/span><span data-contrast=\"auto\">nstituciones de\u00a0<\/span><span data-contrast=\"auto\">e<\/span><span data-contrast=\"auto\">ducaci\u00f3n\u00a0<\/span><span data-contrast=\"auto\">s<\/span><span data-contrast=\"auto\">uperior de todo el mundo\u201d, enunci\u00f3.<\/span><\/p>\n<div id=\"attachment_95402\" style=\"width: 732px\" class=\"wp-caption aligncenter\"><a href=\"https:\/\/www.uv.mx\/prensa\/files\/2021\/04\/080421-Revistas-APEC-4-100k.jpg\"><img loading=\"lazy\" decoding=\"async\" aria-describedby=\"caption-attachment-95402\" class=\"size-full wp-image-95402\" src=\"https:\/\/www.uv.mx\/prensa\/files\/2021\/04\/080421-Revistas-APEC-4-100k.jpg\" alt=\"David Oliva L\u00f3pez\" width=\"722\" height=\"437\" srcset=\"https:\/\/www.uv.mx\/prensa\/files\/2021\/04\/080421-Revistas-APEC-4-100k.jpg 722w, https:\/\/www.uv.mx\/prensa\/files\/2021\/04\/080421-Revistas-APEC-4-100k-300x182.jpg 300w\" sizes=\"auto, (max-width: 722px) 100vw, 722px\" \/><\/a><p id=\"caption-attachment-95402\" class=\"wp-caption-text\">David Oliva L\u00f3pez<\/p><\/div>\n","protected":false},"excerpt":{"rendered":"<p>Se trata de <em>Orientando<\/em>, de la UV; <em>M\u00e9xico y la Cuenca del Pac\u00edfico<\/em>; de la UdeG, y <em>Portes<\/em>, de la U. De Colima, presentadas en la FILU Virtual <\/p>\n","protected":false},"author":1775,"featured_media":95399,"comment_status":"closed","ping_status":"closed","sticky":false,"template":"","format":"standard","meta":{"footnotes":""},"categories":[5128],"tags":[1470,608,2176,2175,2107,2170,2171,2172,2173,2169,2174],"class_list":["post-95398","post","type-post","status-publish","format-standard","has-post-thumbnail","hentry","category-filu","tag-1era-feria-internacional-del-libro-universitario-virtual","tag-apec","tag-centros-de-estudios-del-foro-de-cooperacion-economica-asia-pacifico","tag-consorcio-mexicano","tag-filuv2021","tag-mexico-y-la-cuenca-del-pacifico","tag-mycp","tag-portes","tag-revista-mexicana-de-estudios-sobre-la-cuenca-del-pacifico-y-orientando","tag-revistas","tag-temas-de-asia-oriental-sociedad-cultura-y-economia"],"_links":{"self":[{"href":"https:\/\/www.uv.mx\/prensa\/wp-json\/wp\/v2\/posts\/95398","targetHints":{"allow":["GET"]}}],"collection":[{"href":"https:\/\/www.uv.mx\/prensa\/wp-json\/wp\/v2\/posts"}],"about":[{"href":"https:\/\/www.uv.mx\/prensa\/wp-json\/wp\/v2\/types\/post"}],"author":[{"embeddable":true,"href":"https:\/\/www.uv.mx\/prensa\/wp-json\/wp\/v2\/users\/1775"}],"replies":[{"embeddable":true,"href":"https:\/\/www.uv.mx\/prensa\/wp-json\/wp\/v2\/comments?post=95398"}],"version-history":[{"count":1,"href":"https:\/\/www.uv.mx\/prensa\/wp-json\/wp\/v2\/posts\/95398\/revisions"}],"predecessor-version":[{"id":95554,"href":"https:\/\/www.uv.mx\/prensa\/wp-json\/wp\/v2\/posts\/95398\/revisions\/95554"}],"wp:featuredmedia":[{"embeddable":true,"href":"https:\/\/www.uv.mx\/prensa\/wp-json\/wp\/v2\/media\/95399"}],"wp:attachment":[{"href":"https:\/\/www.uv.mx\/prensa\/wp-json\/wp\/v2\/media?parent=95398"}],"wp:term":[{"taxonomy":"category","embeddable":true,"href":"https:\/\/www.uv.mx\/prensa\/wp-json\/wp\/v2\/categories?post=95398"},{"taxonomy":"post_tag","embeddable":true,"href":"https:\/\/www.uv.mx\/prensa\/wp-json\/wp\/v2\/tags?post=95398"}],"curies":[{"name":"wp","href":"https:\/\/api.w.org\/{rel}","templated":true}]}}