{"id":95328,"date":"2021-04-08T08:00:05","date_gmt":"2021-04-08T13:00:05","guid":{"rendered":"https:\/\/www.uv.mx\/prensa\/?p=95328"},"modified":"2021-04-08T12:30:40","modified_gmt":"2021-04-08T17:30:40","slug":"investigador-uv-trabaja-proyecto-relacionado-con-la-menopausia","status":"publish","type":"post","link":"https:\/\/www.uv.mx\/prensa\/regiones\/investigador-uv-trabaja-proyecto-relacionado-con-la-menopausia\/","title":{"rendered":"Investigador UV trabaja proyecto relacionado con la menopausia"},"content":{"rendered":"<ul>\n<li data-leveltext=\"\uf0b7\" data-font=\"Symbol\" data-listid=\"9\" data-aria-posinset=\"1\" data-aria-level=\"1\"><i><span data-contrast=\"auto\">F<\/span><\/i><i><span data-contrast=\"auto\">ue de los seleccionados por el <\/span><\/i><span data-contrast=\"auto\">Coveicydet<\/span><span data-contrast=\"auto\">,<\/span><i><span data-contrast=\"auto\">\u00a0<\/span><\/i><i><span data-contrast=\"auto\">entre 131 propuesta<\/span><\/i><i><span data-contrast=\"auto\">s de investigaci\u00f3n<\/span><\/i><span data-ccp-props=\"{&quot;201341983&quot;:0,&quot;335559739&quot;:0,&quot;335559740&quot;:240}\">\u00a0<\/span><\/li>\n<\/ul>\n<p><span data-ccp-props=\"{&quot;201341983&quot;:0,&quot;335559739&quot;:0,&quot;335559740&quot;:240}\">\u00a0<\/span><\/p>\n<div id=\"attachment_95329\" style=\"width: 490px\" class=\"wp-caption aligncenter\"><a href=\"https:\/\/www.uv.mx\/prensa\/files\/2021\/04\/050421-Investigador-Eusebio-Medina-1-100k.jpg\"><img loading=\"lazy\" decoding=\"async\" aria-describedby=\"caption-attachment-95329\" class=\"size-full wp-image-95329\" src=\"https:\/\/www.uv.mx\/prensa\/files\/2021\/04\/050421-Investigador-Eusebio-Medina-1-100k.jpg\" alt=\"Manuel Eusebio Medina L\u00f3pez, investigador del Centro de Investigaci\u00f3n en Micolog\u00eda Aplicada de la UV \" width=\"480\" height=\"480\" srcset=\"https:\/\/www.uv.mx\/prensa\/files\/2021\/04\/050421-Investigador-Eusebio-Medina-1-100k.jpg 480w, https:\/\/www.uv.mx\/prensa\/files\/2021\/04\/050421-Investigador-Eusebio-Medina-1-100k-300x300.jpg 300w, https:\/\/www.uv.mx\/prensa\/files\/2021\/04\/050421-Investigador-Eusebio-Medina-1-100k-150x150.jpg 150w, https:\/\/www.uv.mx\/prensa\/files\/2021\/04\/050421-Investigador-Eusebio-Medina-1-100k-120x120.jpg 120w, https:\/\/www.uv.mx\/prensa\/files\/2021\/04\/050421-Investigador-Eusebio-Medina-1-100k-360x360.jpg 360w\" sizes=\"auto, (max-width: 480px) 100vw, 480px\" \/><\/a><p id=\"caption-attachment-95329\" class=\"wp-caption-text\">Manuel Eusebio Medina L\u00f3pez, investigador del Centro de Investigaci\u00f3n en Micolog\u00eda Aplicada de la UV<\/p><\/div>\n<p>&nbsp;<\/p>\n<p><b><i><span data-contrast=\"auto\">Jos\u00e9 Luis\u00a0<\/span><\/i><\/b><b><i><span data-contrast=\"auto\">Couttolenc<\/span><\/i><\/b><b><i><span data-contrast=\"auto\">\u00a0Soto<\/span><\/i><\/b><span data-ccp-props=\"{&quot;201341983&quot;:0,&quot;335559739&quot;:0,&quot;335559740&quot;:240}\">\u00a0<\/span><\/p>\n<p><b><i><span data-contrast=\"auto\">0<\/span><\/i><\/b><b><i><span data-contrast=\"auto\">8<\/span><\/i><\/b><b><i><span data-contrast=\"auto\">\/<\/span><\/i><\/b><b><i><span data-contrast=\"auto\">0<\/span><\/i><\/b><b><i><span data-contrast=\"auto\">4<\/span><\/i><\/b><b><i><span data-contrast=\"auto\">\/202<\/span><\/i><\/b><b><i><span data-contrast=\"auto\">1<\/span><\/i><\/b><b><i><span data-contrast=\"auto\">, Xalapa,\u00a0<\/span><\/i><\/b><b><i><span data-contrast=\"auto\">Ver.-<\/span><\/i><\/b><span data-contrast=\"auto\">\u00a0<\/span><span data-contrast=\"auto\">D<\/span><span data-contrast=\"auto\">urante su periodo de vida\u00a0<\/span><span data-contrast=\"auto\">t<\/span><span data-contrast=\"auto\">oda<\/span><span data-contrast=\"auto\">s<\/span><span data-contrast=\"auto\">\u00a0<\/span><span data-contrast=\"auto\">las\u00a0<\/span><span data-contrast=\"auto\">mujer<\/span><span data-contrast=\"auto\">es<\/span><span data-contrast=\"auto\">\u00a0llega<\/span><span data-contrast=\"auto\">n<\/span><span data-contrast=\"auto\">\u00a0a una etapa conocida como menopausia, proceso caracteriza<\/span><span data-contrast=\"auto\">do<\/span><span data-contrast=\"auto\">\u00a0por la ausencia de estr\u00f3genos<\/span><span data-contrast=\"auto\">\u00a0<\/span><span data-contrast=\"auto\">que\u00a0<\/span><span data-contrast=\"auto\">provoc<\/span><span data-contrast=\"auto\">an\u00a0<\/span><span data-contrast=\"auto\">diversos cambios<\/span><span data-contrast=\"auto\">,<\/span><span data-contrast=\"auto\">\u00a0entre los que se encuentra la disminuci\u00f3n de las defensas antioxidantes<\/span><span data-contrast=\"auto\">.<\/span><span data-ccp-props=\"{&quot;201341983&quot;:0,&quot;335559739&quot;:0,&quot;335559740&quot;:240}\">\u00a0<\/span><\/p>\n<p><span data-contrast=\"auto\">E<\/span><span data-contrast=\"auto\">ste<\/span><span data-contrast=\"auto\">\u00a0desarrollo\u00a0<\/span><span data-contrast=\"auto\">fisiol\u00f3gico\u00a0<\/span><span data-contrast=\"auto\">despert\u00f3 el inter\u00e9s del investigador de la Universidad Veracruzana (UV), Manuel Eusebio Medina L\u00f3pez,\u00a0<\/span><span data-contrast=\"auto\">quien inici\u00f3<\/span><span data-contrast=\"auto\">\u00a0un estudio\u00a0<\/span><span data-contrast=\"auto\">para<\/span><span data-contrast=\"auto\">\u00a0entender a profundidad este proceso y fundamentar p<\/span><span data-contrast=\"auto\">osi<\/span><span data-contrast=\"auto\">bles tratamientos\u00a0<\/span><span data-contrast=\"auto\">a base de<\/span><span data-contrast=\"auto\">\u00a0<\/span><span data-contrast=\"auto\">antioxidantes<\/span><span data-contrast=\"auto\">\u00a0para disminuir los efectos.<\/span><span data-ccp-props=\"{&quot;201341983&quot;:0,&quot;335559731&quot;:708,&quot;335559739&quot;:0,&quot;335559740&quot;:240}\">\u00a0<\/span><\/p>\n<p><span data-contrast=\"auto\">Por los beneficios que puede aportar a la salud de la mujer, el proyecto de estudio del investigador universitario fue uno de los seleccionados<\/span><span data-contrast=\"auto\">\u00a0<\/span><span data-contrast=\"auto\">por el Consejo Veracruzano de Investigaci\u00f3n Cient\u00edfica y Desarrollo Tecnol\u00f3gico (<\/span><i><span data-contrast=\"auto\">Coveicydet<\/span><\/i><span data-contrast=\"auto\">), dentro de su primera convocatoria\u00a0<\/span><span data-contrast=\"auto\">en la que<\/span><span data-contrast=\"auto\">\u00a0<\/span><span data-contrast=\"auto\">fueron inscritos<\/span><span data-contrast=\"auto\">\u00a0131 trabajos<\/span><span data-contrast=\"auto\">\u00a0de investigadores de distintos puntos de la entidad.<\/span><span data-ccp-props=\"{&quot;201341983&quot;:0,&quot;335559739&quot;:0,&quot;335559740&quot;:240}\">\u00a0<\/span><\/p>\n<p><span data-contrast=\"auto\">Medina L\u00f3pez, adscrito al Centro de Investigaci\u00f3n en Micolog\u00eda Aplicada de la UV, explic\u00f3 que el estudio es sobre la capacidad antioxidante de los estr\u00f3genos en medio fisiol\u00f3gico<\/span><span data-contrast=\"auto\">\u00a0por m\u00e9todos te\u00f3ricos, dado que existe evidencia de esta capacidad\u00a0<\/span><span data-contrast=\"auto\">en<\/span><span data-contrast=\"auto\">\u00a0los estr\u00f3genos, pero poco se conoce acerca del mecanismo involucra<\/span><span data-contrast=\"auto\">do en<\/span><span data-contrast=\"auto\">\u00a0la actividad\u00a0<\/span><span data-contrast=\"auto\">anti<\/span><span data-contrast=\"auto\">oxida<\/span><span data-contrast=\"auto\">n<\/span><span data-contrast=\"auto\">t<\/span><span data-contrast=\"auto\">e<\/span><span data-contrast=\"auto\">, por lo que en su proyecto propone profundizar\u00a0<\/span><span data-contrast=\"auto\">considerando<\/span><span data-contrast=\"auto\">\u00a0<\/span><span data-contrast=\"auto\">las etapas primaria y secundaria del proceso en medio lip\u00eddico<\/span><span data-contrast=\"auto\">\u00a0y acuoso<\/span><span data-contrast=\"auto\">, a trav\u00e9s de m\u00e9todos de qu\u00edmica computacional.<\/span><span data-ccp-props=\"{&quot;201341983&quot;:0,&quot;335559739&quot;:0,&quot;335559740&quot;:240}\">\u00a0<\/span><\/p>\n<p><span data-contrast=\"auto\">\u201cEs un estudio completamente te\u00f3rico computacional<\/span><span data-contrast=\"auto\">,<\/span><span data-contrast=\"auto\">\u00a0en donde se aplica la qu\u00edmica cu\u00e1ntica para obtener resultados de reacciones que se llev<\/span><span data-contrast=\"auto\">an a cabo en medio fisiol\u00f3gico.\u201d<\/span><\/p>\n<div id=\"attachment_95330\" style=\"width: 732px\" class=\"wp-caption aligncenter\"><a href=\"https:\/\/www.uv.mx\/prensa\/files\/2021\/04\/050421-Investigador-Eusebio-Medina-2-100k.jpg\"><img loading=\"lazy\" decoding=\"async\" aria-describedby=\"caption-attachment-95330\" class=\"size-full wp-image-95330\" src=\"https:\/\/www.uv.mx\/prensa\/files\/2021\/04\/050421-Investigador-Eusebio-Medina-2-100k.jpg\" alt=\"El estriol es un estr\u00f3geno considerado en este proyecto \" width=\"722\" height=\"412\" srcset=\"https:\/\/www.uv.mx\/prensa\/files\/2021\/04\/050421-Investigador-Eusebio-Medina-2-100k.jpg 722w, https:\/\/www.uv.mx\/prensa\/files\/2021\/04\/050421-Investigador-Eusebio-Medina-2-100k-300x171.jpg 300w\" sizes=\"auto, (max-width: 722px) 100vw, 722px\" \/><\/a><p id=\"caption-attachment-95330\" class=\"wp-caption-text\">El estriol es un estr\u00f3geno considerado en este trabajo de investigaci\u00f3n<\/p><\/div>\n<p><span data-contrast=\"auto\">El Doctor en Ciencias Qu\u00edmico-Biol\u00f3gicas por el Instituto Polit\u00e9cnico Nacional (IPN<\/span><span data-contrast=\"auto\">)<\/span><span data-contrast=\"auto\">,<\/span><span data-contrast=\"auto\">\u00a0mencion\u00f3 que el desarrollo de metodolog\u00edas computacionales brinda cada vez datos m\u00e1s precisos\u00a0<\/span><span data-contrast=\"auto\">acerca de la reactividad y comportamiento molecular en medios fisiol\u00f3gicos, lo que puede ser utilizado como herramienta para explicar<\/span><span data-contrast=\"auto\">\u00a0fen\u00f3menos observados<\/span><span data-contrast=\"auto\">\u00a0<\/span><span data-contrast=\"auto\">en<\/span><span data-contrast=\"auto\">\u00a0los organismos, en este caso<\/span><span data-contrast=\"auto\">\u00a0relacionados con los<\/span><span data-contrast=\"auto\">\u00a0estr\u00f3genos, que constituyen mol\u00e9culas importantes en la vida del ser humano, particularmente de la mujer.<\/span><span data-ccp-props=\"{&quot;201341983&quot;:0,&quot;335559739&quot;:0,&quot;335559740&quot;:240}\">\u00a0<\/span><\/p>\n<p><span data-contrast=\"auto\">Refiri\u00f3 que\u00a0<\/span><span data-contrast=\"auto\">empez\u00f3 a desarrollar\u00a0<\/span><span data-contrast=\"auto\">esta<\/span><span data-contrast=\"auto\">\u00a0l\u00ednea de\u00a0<\/span><span data-contrast=\"auto\">investigaci\u00f3n<\/span><span data-contrast=\"auto\">\u00a0<\/span><span data-contrast=\"auto\">tiempo atr\u00e1s<\/span><span data-contrast=\"auto\">,<\/span><span data-contrast=\"auto\">\u00a0despu\u00e9s de formar parte de un grupo\u00a0<\/span><span data-contrast=\"auto\">interinstitucional que involucra a<\/span><span data-contrast=\"auto\">\u00a0investigadores de la UNAM y UAM Iztapalapa,<\/span><span data-contrast=\"auto\">\u00a0en donde los l\u00edderes del grupo desarrollaron<\/span><span data-contrast=\"auto\">\u00a0la metodolog\u00eda QM-ORSA, que h<\/span><span data-contrast=\"auto\">oy<\/span><span data-contrast=\"auto\">\u00a0es utilizada para explicar el comportamiento<\/span><span data-contrast=\"auto\">\u00a0antioxidante<\/span><span data-contrast=\"auto\">\u00a0de este tipo de mol\u00e9culas, apoy\u00e1ndose en servidores de alto rendimiento computacional.<\/span><span data-ccp-props=\"{&quot;201341983&quot;:0,&quot;335559739&quot;:0,&quot;335559740&quot;:240}\">\u00a0<\/span><\/p>\n<p><span data-contrast=\"auto\">Respecto a<\/span><span data-contrast=\"auto\">\u00a0su investigaci\u00f3n,\u00a0<\/span><span data-contrast=\"auto\">expres\u00f3 que\u00a0<\/span><span data-contrast=\"auto\">e<\/span><span data-contrast=\"auto\">n los \u00faltimos a\u00f1os el estr\u00e9s oxidativo (EO) ha llamado la atenci\u00f3n debido a que se<\/span><span data-contrast=\"auto\">\u00a0le<\/span><span data-contrast=\"auto\">\u00a0relaciona con el deterioro de la salud humana\u00a0<\/span><span data-contrast=\"auto\">y\u00a0<\/span><span data-contrast=\"auto\">los procesos\u00a0<\/span><span data-contrast=\"auto\">de<\/span><span data-contrast=\"auto\">\u00a0envejecimiento<\/span><span data-contrast=\"auto\">, as\u00ed como<\/span><span data-contrast=\"auto\">\u00a0<\/span><span data-contrast=\"auto\">con enfermedades ampliamente distribuidas como la aterosclerosis, Parkinson, Alzheimer y c\u00e1ncer, entre otras.<\/span><span data-ccp-props=\"{&quot;201341983&quot;:0,&quot;335559739&quot;:160,&quot;335559740&quot;:240}\">\u00a0<\/span><\/p>\n<p><b><span data-contrast=\"auto\">\u00a0<\/span><\/b><span data-contrast=\"auto\">Destac\u00f3 que\u00a0<\/span><span data-contrast=\"auto\">las especies reactivas de ox\u00ed<\/span><span data-contrast=\"auto\">geno (ERO) en condiciones de EO<\/span><span data-contrast=\"auto\">\u00a0pueden causar da\u00f1o oxidativo sobre mol\u00e9culas de importancia biol\u00f3gica como prote\u00ednas, l\u00edpidos o ADN,\u00a0<\/span><span data-contrast=\"auto\">as\u00ed como en<\/span><span data-contrast=\"auto\">\u00a0estructuras moleculares fundamentales o funcionales, y poner en riesgo la integridad celular.<\/span><span data-ccp-props=\"{&quot;201341983&quot;:0,&quot;335559739&quot;:160,&quot;335559740&quot;:240}\">\u00a0<\/span><\/p>\n<p><span data-contrast=\"auto\">Por todo lo anterior, Manuel Eusebio Medina consider\u00f3 como una gran oportunidad que el gobierno del estado, a trav\u00e9s del\u00a0<\/span><i><span data-contrast=\"auto\">Coveicydet<\/span><\/i><span data-contrast=\"auto\">,\u00a0<\/span><span data-contrast=\"auto\">apoye a los investigadores para desarrollar conocimiento publicable y aplicable, que permite adem\u00e1s formar estudiantes con capacidad de colaboraci\u00f3n en las investigaciones.<\/span><span data-ccp-props=\"{&quot;201341983&quot;:0,&quot;335559739&quot;:160,&quot;335559740&quot;:240}\">\u00a0<\/span><\/p>\n","protected":false},"excerpt":{"rendered":"<p>Manuel Eusebio Medina, del Centro de Investigaci\u00f3n en Micolog\u00eda Aplicada, busca entender a profundidad este proceso y fundamentar posibles tratamientos a base de antioxidantes, para disminuir los efectos <\/p>\n","protected":false},"author":1775,"featured_media":95331,"comment_status":"closed","ping_status":"closed","sticky":false,"template":"","format":"standard","meta":{"footnotes":""},"categories":[32],"tags":[2048,2049,749,2047,2046],"class_list":["post-95328","post","type-post","status-publish","format-standard","has-post-thumbnail","hentry","category-regiones","tag-consejo-veracruzano-de-investigacion-cientifica-y-desarrollo-tecnologico","tag-coveicydet","tag-investigador","tag-manuel-eusebio-medina-lopez","tag-menopausia"],"_links":{"self":[{"href":"https:\/\/www.uv.mx\/prensa\/wp-json\/wp\/v2\/posts\/95328","targetHints":{"allow":["GET"]}}],"collection":[{"href":"https:\/\/www.uv.mx\/prensa\/wp-json\/wp\/v2\/posts"}],"about":[{"href":"https:\/\/www.uv.mx\/prensa\/wp-json\/wp\/v2\/types\/post"}],"author":[{"embeddable":true,"href":"https:\/\/www.uv.mx\/prensa\/wp-json\/wp\/v2\/users\/1775"}],"replies":[{"embeddable":true,"href":"https:\/\/www.uv.mx\/prensa\/wp-json\/wp\/v2\/comments?post=95328"}],"version-history":[{"count":1,"href":"https:\/\/www.uv.mx\/prensa\/wp-json\/wp\/v2\/posts\/95328\/revisions"}],"predecessor-version":[{"id":95351,"href":"https:\/\/www.uv.mx\/prensa\/wp-json\/wp\/v2\/posts\/95328\/revisions\/95351"}],"wp:featuredmedia":[{"embeddable":true,"href":"https:\/\/www.uv.mx\/prensa\/wp-json\/wp\/v2\/media\/95331"}],"wp:attachment":[{"href":"https:\/\/www.uv.mx\/prensa\/wp-json\/wp\/v2\/media?parent=95328"}],"wp:term":[{"taxonomy":"category","embeddable":true,"href":"https:\/\/www.uv.mx\/prensa\/wp-json\/wp\/v2\/categories?post=95328"},{"taxonomy":"post_tag","embeddable":true,"href":"https:\/\/www.uv.mx\/prensa\/wp-json\/wp\/v2\/tags?post=95328"}],"curies":[{"name":"wp","href":"https:\/\/api.w.org\/{rel}","templated":true}]}}