{"id":95276,"date":"2021-04-07T08:00:13","date_gmt":"2021-04-07T13:00:13","guid":{"rendered":"https:\/\/www.uv.mx\/prensa\/?p=95276"},"modified":"2021-04-07T11:30:07","modified_gmt":"2021-04-07T16:30:07","slug":"desarrollo-sustentable-diferente-para-cada-cultura-gonzalo-halffter","status":"publish","type":"post","link":"https:\/\/www.uv.mx\/prensa\/banner\/desarrollo-sustentable-diferente-para-cada-cultura-gonzalo-halffter\/","title":{"rendered":"Desarrollo sustentable, diferente para cada cultura: Gonzalo Halffter"},"content":{"rendered":"<style type=\"text\/css\">  blockquote p { color: #28519b; font-family: helvetica; font-size: 1.4em; }<br \/><\/style>\n<ul>\n<li data-leveltext=\"\u25cf\" data-font=\"\" data-listid=\"1\" data-aria-posinset=\"1\" data-aria-level=\"1\"><i><span data-contrast=\"auto\">El investigador em\u00e9rito y fundador del Instituto de Ecolog\u00eda imparti\u00f3 conferencia a la comunidad de la Universidad Veracruzana Intercultural<\/span><\/i><span data-ccp-props=\"{&quot;201341983&quot;:0,&quot;335559740&quot;:240}\">\u00a0<\/span><\/li>\n<li data-leveltext=\"\u25cf\" data-font=\"\" data-listid=\"1\" data-aria-posinset=\"2\" data-aria-level=\"1\"><i><span data-contrast=\"auto\">\u201cHay una falta de respeto del ser humano hacia la biodiversidad\u201d, afirm\u00f3 el ponente<\/span><\/i><span data-ccp-props=\"{&quot;201341983&quot;:0,&quot;335559740&quot;:240}\">\u00a0<\/span><\/li>\n<\/ul>\n<p><span data-ccp-props=\"{&quot;201341983&quot;:0,&quot;335559740&quot;:240}\">\u00a0<\/span><\/p>\n<div id=\"attachment_95277\" style=\"width: 732px\" class=\"wp-caption aligncenter\"><a href=\"https:\/\/www.uv.mx\/prensa\/files\/2021\/04\/060421-DAVID-Conf-la-importancia-de-la-biodiversidad-UVI-1-100k.jpg\"><img loading=\"lazy\" decoding=\"async\" aria-describedby=\"caption-attachment-95277\" class=\"size-full wp-image-95277\" src=\"https:\/\/www.uv.mx\/prensa\/files\/2021\/04\/060421-DAVID-Conf-la-importancia-de-la-biodiversidad-UVI-1-100k.jpg\" alt=\"Gonzalo Halffter, fundador del Instituto de Ecolog\u00eda, imparti\u00f3 una conferencia a la comunidad de la Universidad Veracruzana Intercultural\" width=\"722\" height=\"414\" srcset=\"https:\/\/www.uv.mx\/prensa\/files\/2021\/04\/060421-DAVID-Conf-la-importancia-de-la-biodiversidad-UVI-1-100k.jpg 722w, https:\/\/www.uv.mx\/prensa\/files\/2021\/04\/060421-DAVID-Conf-la-importancia-de-la-biodiversidad-UVI-1-100k-300x172.jpg 300w\" sizes=\"auto, (max-width: 722px) 100vw, 722px\" \/><\/a><p id=\"caption-attachment-95277\" class=\"wp-caption-text\">Gonzalo Halffter, fundador del Instituto de Ecolog\u00eda, imparti\u00f3 una conferencia a la comunidad de la Universidad Veracruzana Intercultural<\/p><\/div>\n<p>&nbsp;<\/p>\n<blockquote><p><span data-contrast=\"auto\">\u201cEl desarrollo sus<\/span><span data-contrast=\"auto\">tentable es por definici\u00f3n aque<\/span><span data-contrast=\"auto\">l que permite que las generaciones futuras cosechen lo mismo que nosotros, que\u00a0<\/span><span data-contrast=\"auto\">tengan el mismo medio de subsistencia que\u00a0<\/span><span data-contrast=\"auto\">nosotros<\/span><span data-contrast=\"auto\">.<\/span><span data-contrast=\"auto\">\u00a0<\/span><span data-contrast=\"auto\">N<\/span><span data-contrast=\"auto\">o es nada f\u00e1cil<\/span><span data-contrast=\"auto\">,<\/span><span data-contrast=\"auto\">\u00a0pero de\u00a0<\/span><span data-contrast=\"auto\">ello depende una cultura, suele ser un desarrollo r\u00fastico porque emplea proce<\/span><span data-contrast=\"auto\">sos no forzosamente mecanizados<\/span><span data-contrast=\"auto\">\u00a0que son menos eficientes<\/span><span data-contrast=\"auto\">,<\/span><span data-contrast=\"auto\">\u00a0pero lo que\u00a0<\/span><span data-contrast=\"auto\">se desea con este modelo de desarrollo no es la eficiencia sino la continuidad, la estabilidad\u201d<\/span><\/p><\/blockquote>\n<p>&nbsp;<\/p>\n<p><b><i><span data-contrast=\"auto\">David Sandoval Rodr\u00edguez<\/span><\/i><\/b><span data-ccp-props=\"{&quot;201341983&quot;:0,&quot;335559740&quot;:240}\">\u00a0<\/span><\/p>\n<p><b><i><span data-contrast=\"auto\">0<\/span><\/i><\/b><b><i><span data-contrast=\"auto\">7<\/span><\/i><\/b><b><i><span data-contrast=\"auto\">\/04\/<\/span><\/i><\/b><b><i><span data-contrast=\"auto\">20<\/span><\/i><\/b><b><i><span data-contrast=\"auto\">21<\/span><\/i><\/b><b><i><span data-contrast=\"auto\">,<\/span><\/i><\/b><b><i><span data-contrast=\"auto\">\u00a0Xalapa, Ver.-<\/span><\/i><\/b><span data-contrast=\"auto\">\u00a0No es posible tener un modelo \u00fanico de desarrollo sustentable porque este concepto se genera a partir de la cultura partic<\/span><span data-contrast=\"auto\">ular que lo elabora y lleva a la pr\u00e1ctica, advirti\u00f3 Gonzalo Halffter Salas, investigador del Instituto de Ecolog\u00eda, A.C. (<\/span><i><span data-contrast=\"auto\">Inecol<\/span><\/i><span data-contrast=\"auto\">)<\/span><span data-contrast=\"auto\">,<\/span><span data-contrast=\"auto\">\u00a0en conferencia virtual impartida a la comunidad de la <a href=\"https:\/\/www.uv.mx\/uvi\/\" target=\"_blank\" rel=\"noopener\">Universidad Veracruzana Intercultural<\/a> (UVI).<\/span><span data-ccp-props=\"{&quot;201341983&quot;:0,&quot;335559740&quot;:240}\">\u00a0<\/span><\/p>\n<p><span data-contrast=\"auto\">Con el t\u00edtulo \u201cLa importan<\/span><span data-contrast=\"auto\">cia de la biodiversidad para los ecosistemas\u201d, el investigador nacional em\u00e9rito y ganador de la Medalla al M\u00e9rito Universidad Veracruzana\u00a0<\/span><span data-contrast=\"auto\">2002, abord\u00f3 los diversos cambios que han ocurrido en el desarrollo de la civilizaci\u00f3n, relacionados al crecimiento<\/span><span data-contrast=\"auto\">\u00a0de la poblaci\u00f3n y la obtenci\u00f3n de recursos para su sustento.<\/span><span data-ccp-props=\"{&quot;201341983&quot;:0,&quot;335559740&quot;:240}\">\u00a0<\/span><\/p>\n<p><span data-contrast=\"auto\">La conferencia se imparti\u00f3 por la plataforma\u00a0<\/span><i><span data-contrast=\"auto\">UVZoom<\/span><\/i><span data-contrast=\"auto\">\u00a0y estuvo moderada por los acad\u00e9micos Antonio\u00a0<\/span><span data-contrast=\"auto\">Farreny<\/span><span data-contrast=\"auto\">\u00a0G\u00f3mez-Puente y Norma Edith\u00a0<\/span><span data-contrast=\"auto\">Loeza<\/span><span data-contrast=\"auto\">\u00a0Garc\u00eda, de la UVI sede Grandes Monta\u00f1as, quienes compar<\/span><span data-contrast=\"auto\">tieron las preguntas y comentarios de los participantes.<\/span><span data-ccp-props=\"{&quot;201341983&quot;:0,&quot;335559740&quot;:240}\">\u00a0<\/span><\/p>\n<p><span data-contrast=\"auto\">Halffter Salas plante\u00f3 que es muy interesante estudiar el fen\u00f3meno de<\/span><span data-contrast=\"auto\">\u00a0por qu\u00e9 el hombre destruye a la naturaleza, cuando hay culturas que\u00a0<\/span><span data-contrast=\"auto\">la\u00a0<\/span><span data-contrast=\"auto\">preservan<\/span><span data-contrast=\"auto\">.<\/span><span data-ccp-props=\"{&quot;201341983&quot;:0,&quot;335559740&quot;:240}\">\u00a0<\/span><\/p>\n<p><span data-contrast=\"auto\">Insisti\u00f3 en que lo que ocurre en el ambiente depende de lo que hacemos cada uno de nosotros porque\u00a0<\/span><span data-contrast=\"auto\">como individuo<\/span><span data-contrast=\"auto\">s<\/span><span data-contrast=\"auto\">\u00a0t<\/span><span data-contrast=\"auto\">ene<\/span><span data-contrast=\"auto\">mos<\/span><span data-contrast=\"auto\">\u00a0una posici\u00f3n distinta con respecto a la naturaleza.<\/span><span data-ccp-props=\"{&quot;201341983&quot;:0,&quot;335559731&quot;:720,&quot;335559740&quot;:240}\">\u00a0<\/span><\/p>\n<p><span data-contrast=\"auto\">\u201cPor ejemplo, el manejo de la basura y c\u00f3mo permitimos que contamin<\/span><span data-contrast=\"auto\">e;<\/span><span data-contrast=\"auto\">\u00a0en ese sentido debemos pensar en la conservaci\u00f3n de la<\/span><span data-contrast=\"auto\">\u00a0naturaleza y un nuevo concepto:<\/span><span data-contrast=\"auto\">\u00a0el desarrollo sustentable, que depende de cada cultura, porque\u00a0<\/span><span data-contrast=\"auto\">\u00e9ste<\/span><span data-contrast=\"auto\">\u00a0es diferente para cada cultura\u201d, puntualiz\u00f3.<\/span><\/p>\n<div id=\"attachment_95278\" style=\"width: 732px\" class=\"wp-caption aligncenter\"><a href=\"https:\/\/www.uv.mx\/prensa\/files\/2021\/04\/060421-DAVID-Conf-la-importancia-de-la-biodiversidad-UVI-2-100k.jpg\"><img loading=\"lazy\" decoding=\"async\" aria-describedby=\"caption-attachment-95278\" class=\"size-full wp-image-95278\" src=\"https:\/\/www.uv.mx\/prensa\/files\/2021\/04\/060421-DAVID-Conf-la-importancia-de-la-biodiversidad-UVI-2-100k.jpg\" alt=\"Antonio Farreny, acad\u00e9mico de la UVI Grandes Monta\u00f1as, comparti\u00f3 las preguntas del p\u00fablico \" width=\"722\" height=\"408\" srcset=\"https:\/\/www.uv.mx\/prensa\/files\/2021\/04\/060421-DAVID-Conf-la-importancia-de-la-biodiversidad-UVI-2-100k.jpg 722w, https:\/\/www.uv.mx\/prensa\/files\/2021\/04\/060421-DAVID-Conf-la-importancia-de-la-biodiversidad-UVI-2-100k-300x170.jpg 300w\" sizes=\"auto, (max-width: 722px) 100vw, 722px\" \/><\/a><p id=\"caption-attachment-95278\" class=\"wp-caption-text\">Antonio Farreny, acad\u00e9mico de la UVI Grandes Monta\u00f1as, comparti\u00f3 las preguntas del p\u00fablico<\/p><\/div>\n<p><span data-contrast=\"auto\">El debate acad\u00e9mico ha derivado\u00a0<\/span><span data-contrast=\"auto\">en proponer una soluci\u00f3n \u00f3ptima, sin embargo<\/span><span data-contrast=\"auto\">,<\/span><span data-contrast=\"auto\">\u00a0advirti\u00f3 que lo que se ha llamado desarrollo sustentable no es un t\u00e9rmino f\u00e1cil.<\/span><span data-ccp-props=\"{&quot;201341983&quot;:0,&quot;335559731&quot;:720,&quot;335559740&quot;:240}\">\u00a0<\/span><\/p>\n<p><span data-contrast=\"auto\">\u201cEl desarrollo sus<\/span><span data-contrast=\"auto\">tentable es por definici\u00f3n aque<\/span><span data-contrast=\"auto\">l que permite que las generaciones futuras cosechen lo mismo que nosotros, que\u00a0<\/span><span data-contrast=\"auto\">tengan el mismo medio de subsistencia que\u00a0<\/span><span data-contrast=\"auto\">nosotros<\/span><span data-contrast=\"auto\">.<\/span><span data-contrast=\"auto\">\u00a0<\/span><span data-contrast=\"auto\">N<\/span><span data-contrast=\"auto\">o es nada f\u00e1cil<\/span><span data-contrast=\"auto\">,<\/span><span data-contrast=\"auto\">\u00a0pero de\u00a0<\/span><span data-contrast=\"auto\">ello depende una cultura, suele ser un desarrollo r\u00fastico porque emplea proce<\/span><span data-contrast=\"auto\">sos no forzosamente mecanizados<\/span><span data-contrast=\"auto\">\u00a0que son menos eficientes<\/span><span data-contrast=\"auto\">,<\/span><span data-contrast=\"auto\">\u00a0pero lo que\u00a0<\/span><span data-contrast=\"auto\">se desea con este modelo de desarrollo no es la eficiencia sino la continuidad, la estabilidad\u201d<\/span><span data-contrast=\"auto\">, explic\u00f3 el investigador del Departamento de Biodiversidad y Ecolog\u00eda Animal del\u00a0<\/span><i><span data-contrast=\"auto\">Inecol<\/span><\/i><span data-contrast=\"auto\">.<\/span><span data-ccp-props=\"{&quot;201341983&quot;:0,&quot;335559731&quot;:720,&quot;335559740&quot;:240}\">\u00a0<\/span><\/p>\n<p><span data-contrast=\"auto\">Respecto a si ser\u00eda correcto homogeneizar el desarrollo sus<\/span><span data-contrast=\"auto\">tentable<\/span><span data-contrast=\"auto\">,<\/span><span data-contrast=\"auto\">\u00a0el investigador plante\u00f3 que \u201cla divers<\/span><span data-contrast=\"auto\">idad es parte de la vida humana;<\/span><span data-contrast=\"auto\">\u00a0entonces<\/span><span data-contrast=\"auto\">,<\/span><span data-contrast=\"auto\">\u00a0aceptar la diversidad es parte de la diversidad, no es un juego de palabras\u201d, recalc\u00f3.<\/span><span data-ccp-props=\"{&quot;201341983&quot;:0,&quot;335559731&quot;:720,&quot;335559740&quot;:240}\">\u00a0<\/span><\/p>\n<p><span data-contrast=\"auto\">M<\/span><span data-contrast=\"auto\">encion\u00f3 c\u00f3mo esta definici\u00f3n es cambiante y lo ejemplific\u00f3 con lo\u00a0<\/span><span data-contrast=\"auto\">sucedido en d<\/span><span data-contrast=\"auto\">\u00e9cadas pasadas en la entidad: \u201cU<\/span><span data-contrast=\"auto\">stedes deber\u00edan de saber que el Estado ha pagado por desmontar y en Veracruz, que era un estado con un 60 por ciento de bosques, ahora se tiene un 10<\/span><span data-contrast=\"auto\">\u00a0por ciento, indudablemente que por la ganancia f\u00e1cil ha exi<\/span><span data-contrast=\"auto\">stido el deseo mal\u00e9volo de destruir y esto no ha beneficiado a nadie\u201d.<\/span><span data-ccp-props=\"{&quot;201341983&quot;:0,&quot;335559731&quot;:720,&quot;335559740&quot;:240}\">\u00a0<\/span><\/p>\n<p><span data-contrast=\"auto\">El creador del concepto \u201creservas de la bi\u00f3sfera\u201d expres\u00f3 que<\/span><span data-contrast=\"auto\">\u00a0el hombre, como especie que habita en distintas latitudes hoy en d\u00eda, no entiende a su diversidad, \u201cmientras que el hombre<\/span><span data-contrast=\"auto\">\u00a0primitivo, que no tiene que serlo bajo ning\u00fan punto de vista, cuenta con notables ejemplos de lo opuesto, como en las islas del Pac\u00edfico donde conviven con 100<\/span><span data-contrast=\"auto\">\u00a0especies\u201d.<\/span><\/p>\n<div id=\"attachment_95279\" style=\"width: 732px\" class=\"wp-caption aligncenter\"><a href=\"https:\/\/www.uv.mx\/prensa\/files\/2021\/04\/060421-DAVID-Conf-la-importancia-de-la-biodiversidad-UVI-3-100k.jpg\"><img loading=\"lazy\" decoding=\"async\" aria-describedby=\"caption-attachment-95279\" class=\"size-full wp-image-95279\" src=\"https:\/\/www.uv.mx\/prensa\/files\/2021\/04\/060421-DAVID-Conf-la-importancia-de-la-biodiversidad-UVI-3-100k.jpg\" alt=\"Norma Edith Loeza, acad\u00e9mica de la UVI Grandes Monta\u00f1as, tambi\u00e9n dio a conocer los comentarios de los participantes \" width=\"722\" height=\"410\" srcset=\"https:\/\/www.uv.mx\/prensa\/files\/2021\/04\/060421-DAVID-Conf-la-importancia-de-la-biodiversidad-UVI-3-100k.jpg 722w, https:\/\/www.uv.mx\/prensa\/files\/2021\/04\/060421-DAVID-Conf-la-importancia-de-la-biodiversidad-UVI-3-100k-300x170.jpg 300w\" sizes=\"auto, (max-width: 722px) 100vw, 722px\" \/><\/a><p id=\"caption-attachment-95279\" class=\"wp-caption-text\">Norma Edith Loeza, acad\u00e9mica de la UVI Grandes Monta\u00f1as, tambi\u00e9n dio a conocer los comentarios de los participantes<\/p><\/div>\n<p><span data-contrast=\"auto\">Halffter Salas recalc\u00f3 que \u201chay una falta de respeto del ser humano hacia la biodiv<\/span><span data-contrast=\"auto\">ersidad<\/span><span data-contrast=\"auto\">.<\/span><span data-contrast=\"auto\">\u00a0<\/span><span data-contrast=\"auto\">P<\/span><span data-contrast=\"auto\">iensen que en el siglo XIX\u00a0<\/span><span data-contrast=\"auto\">en los Estados Unidos<\/span><span data-contrast=\"auto\">\u00a0<\/span><span data-contrast=\"auto\">hab\u00eda gran cantidad del ave conocida como pich\u00f3n migratorio y millones de b\u00fafalos,<\/span><span data-contrast=\"auto\">\u00a0y a principios del siglo XX no quedaban muchos, s\u00f3lo algunos en los zool\u00f3gicos\u201d.<\/span><span data-ccp-props=\"{&quot;201341983&quot;:0,&quot;335559731&quot;:720,&quot;335559740&quot;:240}\">\u00a0<\/span><\/p>\n<p><span data-contrast=\"auto\">Explic\u00f3 que a medida que las pobl<\/span><span data-contrast=\"auto\">aciones van<\/span><span data-contrast=\"auto\">\u00a0creciendo<\/span><span data-contrast=\"auto\">\u00a0ocurren una serie de innovaciones, hay m\u00e1s recursos y mayores comodidades, pero eso tiene un l\u00edmite, \u201cno es lo mismo pensar que el hombre como especie<\/span><span data-contrast=\"auto\">\u00a0sea feliz con dos millones de habitantes,<\/span><span data-contrast=\"auto\">\u00a0a que el hombre sea feliz con ocho mil m<\/span><span data-contrast=\"auto\">illones de habitantes,<\/span><span data-contrast=\"auto\">\u00a0y es en este sentido que todo tiene un l\u00edmite definido y estamos cerca de ese l\u00edmite,<\/span><span data-contrast=\"auto\">\u00a0p<\/span><span data-contrast=\"auto\">ero\u00a0<\/span><span data-contrast=\"auto\">\u00bfse puede vivir reduciendo la calidad de vida?<\/span><span data-contrast=\"auto\">\u00a0N<\/span><span data-contrast=\"auto\">o<\/span><span data-contrast=\"auto\">, se tiene que vivir de otra manera\u201d.<\/span><span data-ccp-props=\"{&quot;201341983&quot;:0,&quot;335559731&quot;:720,&quot;335559740&quot;:240}\">\u00a0<\/span><\/p>\n<p><span data-contrast=\"auto\">Hay un punto donde se enfrentan el desa<\/span><span data-contrast=\"auto\">rrollo sustentable y el desarrollo econ\u00f3mico, b\u00e1sicamente porque \u201cno podemos crecer indefinidamente, nada puede crecer as\u00ed, es un absurdo y tiene que haber un l\u00edmite para la poblaci\u00f3n; adem\u00e1s,<\/span><span data-contrast=\"auto\">\u00a0nada justifica el abuso de los recursos naturales, lo han hecho\u00a0<\/span><span data-contrast=\"auto\">los sistemas coloniales y se han buscado justificaciones para ello\u201d.<\/span><span data-ccp-props=\"{&quot;201341983&quot;:0,&quot;335559731&quot;:720,&quot;335559740&quot;:240}\">\u00a0<\/span><\/p>\n<p><span data-contrast=\"auto\">Ante la pregunta sobre c\u00f3mo evitar el saqueo en las<\/span><span data-contrast=\"auto\">\u00a0\u00e1reas\u00a0<\/span><span data-contrast=\"auto\">naturales\u00a0<\/span><span data-contrast=\"auto\">protegidas, record\u00f3 que\u00a0<\/span><span data-contrast=\"auto\">se han tomado distintas decisiones, a veces el gobierno ha apoyado a quienes evitan el saqueo y en otras<\/span><span data-contrast=\"auto\">\u00a0<\/span><span data-contrast=\"auto\">ocasiones los ha metido a la c\u00e1rcel, plante\u00f3 el acad\u00e9mico, quien propuso que\u00a0<\/span><span data-contrast=\"auto\">las personas que viven en el lugar\u00a0<\/span><span data-contrast=\"auto\">se organicen y hagan respetar sus derechos.<\/span><span data-ccp-props=\"{&quot;201341983&quot;:0,&quot;335559731&quot;:720,&quot;335559740&quot;:240}\">\u00a0<\/span><\/p>\n<p><span data-contrast=\"auto\">\u201cEs muy propio del pensamiento ind\u00edgena el conservar \u00e1reas totalmente intactas, muchos<\/span><span data-contrast=\"auto\">\u00a0pueblos ind\u00edgenas lo hacen y nosotros no l<\/span><span data-contrast=\"auto\">o estamos inventando\u201d, subray\u00f3.<\/span><span data-ccp-props=\"{&quot;201341983&quot;:0,&quot;335559731&quot;:720,&quot;335559740&quot;:240}\">\u00a0<\/span><\/p>\n<p><span data-contrast=\"auto\">\u201cEl mundo es muy diverso y distinto, en algunos pa\u00edses s\u00ed<\/span><span data-contrast=\"auto\">\u00a0se respeta el desarrollo sustentable, en otros hay dictaduras muy poderosas, ajenas a este enfoque\u201d, dijo el investigador\u00a0<\/span><span data-contrast=\"auto\">con respecto a las posibilidades de volver al desarrollo sustentable un elemento crucial de las pol\u00edticas implementadas a nivel nacional en los pa\u00edses.<\/span><span data-ccp-props=\"{&quot;201341983&quot;:0,&quot;335559731&quot;:720,&quot;335559740&quot;:240}\">\u00a0<\/span><\/p>\n","protected":false},"excerpt":{"rendered":"<p>El investigador em\u00e9rito y fundador del Instituto de Ecolog\u00eda plante\u00f3 que es muy interesante estudiar por qu\u00e9 el hombre destruye a la naturaleza, cuando hay culturas que la preservan <\/p>\n","protected":false},"author":1775,"featured_media":95280,"comment_status":"closed","ping_status":"closed","sticky":false,"template":"","format":"standard","meta":{"footnotes":""},"categories":[61],"tags":[2039,1044,2037,240,2038,749,469,143],"class_list":["post-95276","post","type-post","status-publish","format-standard","has-post-thumbnail","hentry","category-banner","tag-a-c","tag-conferencia-virtual","tag-gonzalo-halffter-salas","tag-inecol","tag-instituto-de-ecologia","tag-investigador","tag-universidad-veracruzana-intercultural","tag-uvi"],"_links":{"self":[{"href":"https:\/\/www.uv.mx\/prensa\/wp-json\/wp\/v2\/posts\/95276","targetHints":{"allow":["GET"]}}],"collection":[{"href":"https:\/\/www.uv.mx\/prensa\/wp-json\/wp\/v2\/posts"}],"about":[{"href":"https:\/\/www.uv.mx\/prensa\/wp-json\/wp\/v2\/types\/post"}],"author":[{"embeddable":true,"href":"https:\/\/www.uv.mx\/prensa\/wp-json\/wp\/v2\/users\/1775"}],"replies":[{"embeddable":true,"href":"https:\/\/www.uv.mx\/prensa\/wp-json\/wp\/v2\/comments?post=95276"}],"version-history":[{"count":2,"href":"https:\/\/www.uv.mx\/prensa\/wp-json\/wp\/v2\/posts\/95276\/revisions"}],"predecessor-version":[{"id":95300,"href":"https:\/\/www.uv.mx\/prensa\/wp-json\/wp\/v2\/posts\/95276\/revisions\/95300"}],"wp:featuredmedia":[{"embeddable":true,"href":"https:\/\/www.uv.mx\/prensa\/wp-json\/wp\/v2\/media\/95280"}],"wp:attachment":[{"href":"https:\/\/www.uv.mx\/prensa\/wp-json\/wp\/v2\/media?parent=95276"}],"wp:term":[{"taxonomy":"category","embeddable":true,"href":"https:\/\/www.uv.mx\/prensa\/wp-json\/wp\/v2\/categories?post=95276"},{"taxonomy":"post_tag","embeddable":true,"href":"https:\/\/www.uv.mx\/prensa\/wp-json\/wp\/v2\/tags?post=95276"}],"curies":[{"name":"wp","href":"https:\/\/api.w.org\/{rel}","templated":true}]}}