{"id":95216,"date":"2021-04-05T14:33:07","date_gmt":"2021-04-05T19:33:07","guid":{"rendered":"https:\/\/www.uv.mx\/prensa\/?p=95216"},"modified":"2021-04-07T11:44:21","modified_gmt":"2021-04-07T16:44:21","slug":"poza-rica-tuxpan-se-sumo-a-la-estrategia-operativa-de-vacunacion-contra-covid-19","status":"publish","type":"post","link":"https:\/\/www.uv.mx\/prensa\/regiones\/poza-rica-tuxpan-se-sumo-a-la-estrategia-operativa-de-vacunacion-contra-covid-19\/","title":{"rendered":"Poza Rica-Tuxpan se sum\u00f3 a la estrategia operativa de vacunaci\u00f3n contra Covid-19\u00a0"},"content":{"rendered":"<ul>\n<li data-leveltext=\"\uf0b7\" data-font=\"Symbol\" data-listid=\"1\" data-aria-posinset=\"1\" data-aria-level=\"1\"><i><span data-contrast=\"auto\">El vicerrector\u00a0<\/span><\/i><i><span data-contrast=\"auto\">Jos\u00e9 Luis Alan\u00eds M\u00e9ndez<\/span><\/i><i><span data-contrast=\"auto\">\u00a0<\/span><\/i><i><span data-contrast=\"auto\">coment\u00f3 que actuar en estos momentos de contingencia permite a los estudiantes generar aut\u00e9nticas experiencias<\/span><\/i><span data-ccp-props=\"{&quot;134233279&quot;:true,&quot;201341983&quot;:0,&quot;335559739&quot;:160,&quot;335559740&quot;:240}\">\u00a0<\/span><\/li>\n<\/ul>\n<p><span data-ccp-props=\"{&quot;201341983&quot;:0,&quot;335559739&quot;:160,&quot;335559740&quot;:240}\">\u00a0<\/span><\/p>\n<div id=\"attachment_95218\" style=\"width: 732px\" class=\"wp-caption aligncenter\"><a href=\"https:\/\/www.uv.mx\/prensa\/files\/2021\/04\/050421-Vacunacion-Poza-Rica-1.jpg\"><img loading=\"lazy\" decoding=\"async\" aria-describedby=\"caption-attachment-95218\" class=\"size-full wp-image-95218\" src=\"https:\/\/www.uv.mx\/prensa\/files\/2021\/04\/050421-Vacunacion-Poza-Rica-1.jpg\" alt=\"\" width=\"722\" height=\"406\" srcset=\"https:\/\/www.uv.mx\/prensa\/files\/2021\/04\/050421-Vacunacion-Poza-Rica-1.jpg 722w, https:\/\/www.uv.mx\/prensa\/files\/2021\/04\/050421-Vacunacion-Poza-Rica-1-300x169.jpg 300w\" sizes=\"auto, (max-width: 722px) 100vw, 722px\" \/><\/a><p id=\"caption-attachment-95218\" class=\"wp-caption-text\">Los universitarios apoyaron en el desarrollo de las actividades necesarias para el correcto funcionamiento de los m\u00f3dulos de vacunaci\u00f3n<\/p><\/div>\n<p><span data-ccp-props=\"{&quot;201341983&quot;:0,&quot;335559739&quot;:160,&quot;335559740&quot;:240}\">\u00a0<\/span><\/p>\n<p><b><i><span data-contrast=\"auto\">05\/04\/2021, Poza Rica,\u00a0Ver.-\u00a0<\/span><\/i><\/b><span data-contrast=\"auto\">Estudiantes y egresados de la <a href=\"https:\/\/www.uv.mx\/\" target=\"_blank\" rel=\"noopener\">Universidad Veracruzana<\/a> (UV)<\/span><span data-contrast=\"auto\">,\u00a0<\/span><span data-contrast=\"auto\">convocados por las autoridades municipales<\/span><span data-contrast=\"auto\">, participaron\u00a0<\/span><span data-contrast=\"auto\">en el operativo para la vacunaci\u00f3n de la poblaci\u00f3n de adultos mayores de 60 a\u00f1os, que del 22 al 28 de marzo desarrollaron\u00a0<\/span><span data-contrast=\"auto\">en esta regi\u00f3n\u00a0<\/span><span data-contrast=\"auto\">la Secretar\u00eda de Salud del Gobierno del Estado y la Secretar\u00eda del\u00a0<\/span><span data-contrast=\"auto\">Bienestar del Gobierno Federal.<\/span><span data-ccp-props=\"{&quot;201341983&quot;:0,&quot;335559739&quot;:160,&quot;335559740&quot;:240}\">\u00a0<\/span><\/p>\n<p><span data-contrast=\"auto\">En total participaron 46 voluntarios de los municipios de Poza Rica, Papantla,\u00a0<\/span><span data-contrast=\"auto\">Tihuatl\u00e1n<\/span><span data-contrast=\"auto\">,\u00a0<\/span><span data-contrast=\"auto\">Coatzintla<\/span><span data-contrast=\"auto\">\u00a0y Tuxpan, as\u00ed como egresados, estudiantes de servicios social y de semestres avanzados de los programas educativos de Enfermer\u00eda, Medicina, Odontolog\u00eda e integrantes del Programa Brigadas Universitarias de Servicio Social, para incorporarse a la jornada de vacuna<\/span><span data-contrast=\"auto\">ci\u00f3n masiva contra el Covid-19.<\/span><span data-ccp-props=\"{&quot;201341983&quot;:0,&quot;335559731&quot;:708,&quot;335559739&quot;:160,&quot;335559740&quot;:240}\">\u00a0<\/span><\/p>\n<p><span data-contrast=\"auto\">Los universitarios apoyaron en el desarrollo de las actividades necesarias para el correcto funcionamiento de los m\u00f3dulos de vacunaci\u00f3n instalados en Plaza C\u00edvica, Gimnasio Municipal, Centro Comunitario Sauces, Centro Deportivo \u201cCayetano Ledezma\u201d de Poza Rica, donde se aplicaron tres mil 600 vacunas diarias.\u00a0<\/span><span data-ccp-props=\"{&quot;201341983&quot;:0,&quot;335559731&quot;:708,&quot;335559739&quot;:160,&quot;335559740&quot;:240}\">\u00a0<\/span><\/p>\n<p><span data-contrast=\"auto\">Los asistentes hicieron \u00e9nfasis en la buena organizaci\u00f3n, excelente atenci\u00f3n, paciencia y gentileza. Adem\u00e1s, comentaron sobre la buena coordinaci\u00f3n de las actividades y l<\/span><span data-contrast=\"auto\">a eficiencia en la log\u00edstica.<\/span><span data-ccp-props=\"{&quot;201341983&quot;:0,&quot;335559731&quot;:708,&quot;335559739&quot;:160,&quot;335559740&quot;:240}\">\u00a0<\/span><\/p>\n<p><span data-contrast=\"auto\">Los voluntarios actuaron con profesionalismo, demostraron compromiso y responsabilidad social, labor\u00a0<\/span><span data-contrast=\"auto\">que\u00a0<\/span><span data-contrast=\"auto\">fue<\/span><span data-contrast=\"auto\">\u00a0reconocida por los asistentes.<\/span><span data-ccp-props=\"{&quot;201341983&quot;:0,&quot;335559731&quot;:708,&quot;335559739&quot;:160,&quot;335559740&quot;:240}\">\u00a0<\/span><\/p>\n<p><span data-contrast=\"auto\">Como parte de sus\u00a0<\/span><span data-contrast=\"auto\">actividades, realizaron entrevistas a los adultos mayores para descartar una condici\u00f3n m\u00e9dica que les impidiera ser vacunados; les prestaron atenci\u00f3n m\u00e9dica en caso de presentar alguna reacci\u00f3n y tomaron signos vitales, observaci\u00f3n e indicaciones m\u00e9dicas. Auxiliaron al servidor de la naci\u00f3n, al responsable m\u00e9dico y al personal en el puesto de vacunaci\u00f3n en la ejecuci\u00f3n de las funciones de coordinaci\u00f3n, registro y captura de informaci<\/span><span data-contrast=\"auto\">\u00f3n, y la observaci\u00f3n\u00a0<\/span><span data-contrast=\"auto\">pos<\/span><span data-contrast=\"auto\">t<\/span><span data-contrast=\"auto\">vacuna<\/span><span data-contrast=\"auto\">.<\/span><span data-ccp-props=\"{&quot;201341983&quot;:0,&quot;335559731&quot;:708,&quot;335559739&quot;:160,&quot;335559740&quot;:240}\">\u00a0<\/span><\/p>\n<p><span data-contrast=\"auto\">Daniela Alejandra Alvarado V\u00e1zquez, alumna de Enfermer\u00eda, coment\u00f3: \u201cEstuve en\u00a0<\/span><span data-contrast=\"auto\">triage<\/span><span data-contrast=\"auto\">, que es donde se realiza una valoraci\u00f3n al paciente; chequ\u00e9 signos vitales, pasaba a los pacientes con un m\u00e9dico, quien decid\u00eda si el paciente era apto para recibir la vacuna o no. En definitiva, lo que m\u00e1s me gust\u00f3, fue trabajar en equipo con los doctores de esta \u00e1rea, de todos aprend\u00ed un poco y con todos tuve una buena relaci\u00f3n desde el primer d\u00eda, me agrad\u00f3 la forma en\u00a0<\/span><span data-contrast=\"auto\">que se dirig\u00edan a m\u00ed, eso me hizo tener un sentimiento de pertenencia<\/span><span data-contrast=\"auto\">,\u00a0<\/span><span data-contrast=\"auto\">me se<\/span><span data-contrast=\"auto\">nt\u00ed parte del equipo m\u00e9dico\u201d.<\/span><span data-ccp-props=\"{&quot;201341983&quot;:0,&quot;335559731&quot;:708,&quot;335559739&quot;:160,&quot;335559740&quot;:240}\">\u00a0<\/span><\/p>\n<p><span data-contrast=\"auto\">Adem\u00e1s, agradeci\u00f3 la oportunidad de poder estar en esta jornada\u00a0<\/span><span data-contrast=\"auto\">que brind<\/span><span data-contrast=\"auto\">\u00f3<\/span><span data-contrast=\"auto\">\u00a0<\/span><span data-contrast=\"auto\">esperanza\u00a0<\/span><span data-contrast=\"auto\">a\u00a0<\/span><span data-contrast=\"auto\">las personas.<\/span><span data-ccp-props=\"{&quot;201341983&quot;:0,&quot;335559731&quot;:708,&quot;335559739&quot;:160,&quot;335559740&quot;:240}\">\u00a0<\/span><\/p>\n<p><span data-contrast=\"auto\">Por otra parte, Mar\u00eda Trinidad Garc\u00eda Cruz\u00a0<\/span><span data-contrast=\"auto\">expres\u00f3<\/span><span data-contrast=\"auto\">: \u201cMe gust\u00f3 estar como voluntaria y apoyar al equipo de salud que est\u00e1 haciendo frente a la pandemia<\/span><span data-contrast=\"auto\">;\u00a0<\/span><span data-contrast=\"auto\">aunque a\u00fan soy estudiante el trato fue igualitario con todo el equipo, aprend\u00ed mucho y estoy segura de que eso me servir\u00e1 en un futuro como profesional de la salud. Agradezco que nos hayan permitido participar en la campa\u00f1a y espero seguir participan<\/span><span data-contrast=\"auto\">do en las que est\u00e1n por venir\u201d.<\/span><span data-ccp-props=\"{&quot;201341983&quot;:0,&quot;335559731&quot;:708,&quot;335559739&quot;:160,&quot;335559740&quot;:240}\">\u00a0<\/span><\/p>\n<p><span data-contrast=\"auto\">Jos\u00e9 Luis Alan\u00eds M\u00e9ndez, vicerrector de la regi\u00f3n Poza Rica-Tuxpan, reconoci\u00f3 el compromiso, la vocaci\u00f3n y la disposici\u00f3n de servicio de los voluntarios; coment\u00f3 que actuar en estos momentos de contingencia permite a los estudiantes generar aut\u00e9nticas experiencias de aprendizaje, identificar y solucionar problemas del mundo real y situaciones de trabaj<\/span><span data-contrast=\"auto\">o con sentido de pertenencia.<\/span><span data-ccp-props=\"{&quot;201341983&quot;:0,&quot;335559731&quot;:708,&quot;335559739&quot;:160,&quot;335559740&quot;:240}\">\u00a0<\/span><\/p>\n<p><span data-contrast=\"auto\">La vinculaci\u00f3n social de la U<\/span><span data-contrast=\"auto\">V\u00a0<\/span><span data-contrast=\"auto\">forma parte fundamental en la tarea de establecer lazos con su entorno social. Uno de sus prop\u00f3sitos principales es llevar el beneficio del conocimiento a los espacios de la so<\/span><span data-contrast=\"auto\">ciedad donde m\u00e1s se requiere.<\/span><span data-ccp-props=\"{&quot;201341983&quot;:0,&quot;335559731&quot;:708,&quot;335559739&quot;:160,&quot;335559740&quot;:240}\">\u00a0<\/span><\/p>\n<p><span data-contrast=\"auto\">A\u00f1adi\u00f3:\u00a0<\/span><span data-contrast=\"auto\">\u201cAvanzamos en estos tiempos dif\u00edciles y enfrentamos los retos que provoca el Covid-19 en el mundo, me parece muy inspirador ver que la comunidad universitaria se involucra con integridad, \u00e9tica y con profunda respon<\/span><span data-contrast=\"auto\">sabilidad y compromiso social.<\/span><span data-ccp-props=\"{&quot;201341983&quot;:0,&quot;335559731&quot;:708,&quot;335559739&quot;:160,&quot;335559740&quot;:240}\">\u00a0<\/span><\/p>\n<p><span data-contrast=\"auto\">\u201dJuntos podemos ser testigos de la empat\u00eda, fortaleza y la uni\u00f3n con que nuestra comunidad acad\u00e9mica participa solidariamente ante la dura prueba impuesta por el virus SARS-CoV-2, lo cual nos ha obligado a trabajar en una nueva normalidad, siendo integrantes de un proceso de<\/span><span data-contrast=\"auto\">\u00a0recuperaci\u00f3n y reconstrucci\u00f3n<\/span><span data-contrast=\"auto\">\u201d<\/span><span data-contrast=\"auto\">.<\/span><span data-ccp-props=\"{&quot;201341983&quot;:0,&quot;335559731&quot;:708,&quot;335559739&quot;:160,&quot;335559740&quot;:240}\">\u00a0<\/span><\/p>\n<p><span data-contrast=\"auto\">Reiter<\/span><span data-contrast=\"auto\">\u00f3<\/span><span data-contrast=\"auto\">\u00a0<\/span><span data-contrast=\"auto\">su\u00a0<\/span><span data-contrast=\"auto\">reconocimiento al personal de las diferentes dependencias de salud, de las dependencias municipales, estatales y federales que hacen posible y que involucran al sector educativo en la participaci\u00f3n y coordinaci\u00f3n e<\/span><span data-contrast=\"auto\">n este programa de vacunaci\u00f3n.<\/span><span data-ccp-props=\"{&quot;201341983&quot;:0,&quot;335559731&quot;:708,&quot;335559739&quot;:160,&quot;335559740&quot;:240}\">\u00a0<\/span><\/p>\n<p><span data-contrast=\"auto\">Por ello, dijo, \u201ce<\/span><span data-contrast=\"auto\">s prioritario seguir haciendo lo que nos corresponde (como universitarios y como ciudadanos), aprovechar nuestros recursos y\u00a0<\/span><span data-contrast=\"auto\">usar<\/span><span data-contrast=\"auto\">los<\/span><span data-contrast=\"auto\">, dando testimonio que vale la pena luchar por una sociedad y un pa\u00eds mejor.\u201d<\/span><span data-ccp-props=\"{&quot;201341983&quot;:0,&quot;335559731&quot;:708,&quot;335559739&quot;:160,&quot;335559740&quot;:240}\">\u00a0<\/span><\/p>\n<p><span data-ccp-props=\"{&quot;201341983&quot;:0,&quot;335559739&quot;:160,&quot;335559740&quot;:240}\">\u00a0<\/span><\/p>\n<div id=\"attachment_95219\" style=\"width: 732px\" class=\"wp-caption aligncenter\"><a href=\"https:\/\/www.uv.mx\/prensa\/files\/2021\/04\/050421-Vacunacion-Poza-Rica-2.jpg\"><img loading=\"lazy\" decoding=\"async\" aria-describedby=\"caption-attachment-95219\" class=\"size-full wp-image-95219\" src=\"https:\/\/www.uv.mx\/prensa\/files\/2021\/04\/050421-Vacunacion-Poza-Rica-2.jpg\" alt=\"\" width=\"722\" height=\"406\" srcset=\"https:\/\/www.uv.mx\/prensa\/files\/2021\/04\/050421-Vacunacion-Poza-Rica-2.jpg 722w, https:\/\/www.uv.mx\/prensa\/files\/2021\/04\/050421-Vacunacion-Poza-Rica-2-300x169.jpg 300w\" sizes=\"auto, (max-width: 722px) 100vw, 722px\" \/><\/a><p id=\"caption-attachment-95219\" class=\"wp-caption-text\">Los voluntarios actuaron con profesionalismo, demostrando compromiso y responsabilidad social<\/p><\/div>\n","protected":false},"excerpt":{"rendered":"<p>Los asistentes hicieron \u00e9nfasis en la buena organizaci\u00f3n, excelente atenci\u00f3n, paciencia y gentileza de los voluntarios de la UV\u00a0<\/p>\n","protected":false},"author":1869,"featured_media":95217,"comment_status":"closed","ping_status":"closed","sticky":false,"template":"","format":"standard","meta":{"footnotes":""},"categories":[54,61,32],"tags":[],"class_list":["post-95216","post","type-post","status-publish","format-standard","has-post-thumbnail","hentry","category-poza-rica","category-banner","category-regiones"],"_links":{"self":[{"href":"https:\/\/www.uv.mx\/prensa\/wp-json\/wp\/v2\/posts\/95216","targetHints":{"allow":["GET"]}}],"collection":[{"href":"https:\/\/www.uv.mx\/prensa\/wp-json\/wp\/v2\/posts"}],"about":[{"href":"https:\/\/www.uv.mx\/prensa\/wp-json\/wp\/v2\/types\/post"}],"author":[{"embeddable":true,"href":"https:\/\/www.uv.mx\/prensa\/wp-json\/wp\/v2\/users\/1869"}],"replies":[{"embeddable":true,"href":"https:\/\/www.uv.mx\/prensa\/wp-json\/wp\/v2\/comments?post=95216"}],"version-history":[{"count":1,"href":"https:\/\/www.uv.mx\/prensa\/wp-json\/wp\/v2\/posts\/95216\/revisions"}],"predecessor-version":[{"id":95307,"href":"https:\/\/www.uv.mx\/prensa\/wp-json\/wp\/v2\/posts\/95216\/revisions\/95307"}],"wp:featuredmedia":[{"embeddable":true,"href":"https:\/\/www.uv.mx\/prensa\/wp-json\/wp\/v2\/media\/95217"}],"wp:attachment":[{"href":"https:\/\/www.uv.mx\/prensa\/wp-json\/wp\/v2\/media?parent=95216"}],"wp:term":[{"taxonomy":"category","embeddable":true,"href":"https:\/\/www.uv.mx\/prensa\/wp-json\/wp\/v2\/categories?post=95216"},{"taxonomy":"post_tag","embeddable":true,"href":"https:\/\/www.uv.mx\/prensa\/wp-json\/wp\/v2\/tags?post=95216"}],"curies":[{"name":"wp","href":"https:\/\/api.w.org\/{rel}","templated":true}]}}