{"id":95065,"date":"2021-03-30T08:00:22","date_gmt":"2021-03-30T14:00:22","guid":{"rendered":"https:\/\/www.uv.mx\/prensa\/?p=95065"},"modified":"2021-03-29T13:35:03","modified_gmt":"2021-03-29T19:35:03","slug":"gobierno-actual-es-mas-nacionalista-que-populista-martin-aguilar","status":"publish","type":"post","link":"https:\/\/www.uv.mx\/prensa\/banner\/gobierno-actual-es-mas-nacionalista-que-populista-martin-aguilar\/","title":{"rendered":"Gobierno actual es m\u00e1s nacionalista que\u00a0populista: Mart\u00edn Aguilar\u00a0"},"content":{"rendered":"<ul>\n<li data-leveltext=\"\u25cf\" data-font=\"\" data-listid=\"1\" data-aria-posinset=\"1\" data-aria-level=\"1\"><i><span data-contrast=\"auto\">Mart\u00edn Aguilar, decano investigador del IIH<\/span><\/i><i><span data-contrast=\"auto\">&#8211;<\/span><\/i><i><span data-contrast=\"auto\">S, inici\u00f3 las actividades del prog<\/span><\/i><i><span data-contrast=\"auto\">rama \u201cLa palabra y los decanos\u201d<\/span><\/i><span data-ccp-props=\"{&quot;201341983&quot;:0,&quot;335559740&quot;:240}\">\u00a0<\/span><\/li>\n<li data-leveltext=\"\u25cf\" data-font=\"\" data-listid=\"1\" data-aria-posinset=\"2\" data-aria-level=\"1\"><i><span data-contrast=\"auto\">Impartir\u00e1 dos conferencias m\u00e1s,\u00a0<\/span><\/i><i><span data-contrast=\"auto\">los<\/span><\/i><i><span data-contrast=\"auto\">\u00a0jueves 15 y\u00a0<\/span><\/i><i><span data-contrast=\"auto\">29 de abril a las 11:00 horas por\u00a0<\/span><\/i><span data-contrast=\"auto\">UVZoom<\/span><span data-ccp-props=\"{&quot;201341983&quot;:0,&quot;335559740&quot;:240}\">\u00a0<\/span><\/li>\n<\/ul>\n<p><span data-ccp-props=\"{&quot;201341983&quot;:0,&quot;335559740&quot;:240}\">\u00a0<\/span><\/p>\n<div id=\"attachment_95070\" style=\"width: 732px\" class=\"wp-caption aligncenter\"><a href=\"https:\/\/www.uv.mx\/prensa\/files\/2021\/03\/260321-DAVID-Los-movimientos-sociales-conf-Martin-Aguilar-IIHS-1.jpg\"><img aria-describedby=\"caption-attachment-95070\" decoding=\"async\" loading=\"lazy\" class=\"size-full wp-image-95070\" src=\"https:\/\/www.uv.mx\/prensa\/files\/2021\/03\/260321-DAVID-Los-movimientos-sociales-conf-Martin-Aguilar-IIHS-1.jpg\" alt=\"\" width=\"722\" height=\"403\" srcset=\"https:\/\/www.uv.mx\/prensa\/files\/2021\/03\/260321-DAVID-Los-movimientos-sociales-conf-Martin-Aguilar-IIHS-1.jpg 722w, https:\/\/www.uv.mx\/prensa\/files\/2021\/03\/260321-DAVID-Los-movimientos-sociales-conf-Martin-Aguilar-IIHS-1-300x167.jpg 300w\" sizes=\"(max-width: 722px) 100vw, 722px\" \/><\/a><p id=\"caption-attachment-95070\" class=\"wp-caption-text\">Mart\u00edn Aguilar, acad\u00e9mico del Instituto de Investigaciones Hist\u00f3rico-Sociales, inici\u00f3 el programa \u201cLa palabra y los decanos\u201d<\/p><\/div>\n<p><span data-ccp-props=\"{&quot;201341983&quot;:0,&quot;335559740&quot;:240}\">\u00a0<\/span><\/p>\n<p><b><i><span data-contrast=\"auto\">David San<\/span><\/i><\/b><b><i><span data-contrast=\"auto\">doval Rodr\u00edguez<\/span><\/i><\/b><span data-ccp-props=\"{&quot;201341983&quot;:0,&quot;335559740&quot;:240}\">\u00a0<\/span><\/p>\n<p><b><i><span data-contrast=\"auto\">30<\/span><\/i><\/b><b><i><span data-contrast=\"auto\">\/03\/<\/span><\/i><\/b><b><i><span data-contrast=\"auto\">20<\/span><\/i><\/b><b><i><span data-contrast=\"auto\">21<\/span><\/i><\/b><b><i><span data-contrast=\"auto\">,<\/span><\/i><\/b><b><i><span data-contrast=\"auto\">\u00a0Xalapa, Ver.-<\/span><\/i><\/b><span data-contrast=\"auto\">\u00a0<\/span><span data-contrast=\"auto\">Mart\u00edn Aguilar S\u00e1nchez, acad\u00e9mico decano del Instituto de Investigaciones Hist\u00f3rico-Sociales (IIHS) de la Universidad Veracruzana (UV) coment\u00f3 que e<\/span><span data-contrast=\"auto\">n la actualidad tenemos un gobierno m\u00e1s de corte nacionalista que populista,\u00a0<\/span><span data-contrast=\"auto\">que se asemeja a los gobiernos progresistas que han tenido y tienen otros pa\u00edses<\/span><span data-contrast=\"auto\">.<\/span><span data-ccp-props=\"{&quot;201341983&quot;:0,&quot;335559740&quot;:240}\">\u00a0<\/span><\/p>\n<p><span data-contrast=\"auto\">Al participar en el programa La palabra y los decanos, el investigador dijo que<\/span><span data-contrast=\"auto\">\u00a0\u201c<\/span><span data-contrast=\"auto\">la acci\u00f3n colectiva es un espacio que se\u00a0<\/span><span data-contrast=\"auto\">va construyendo hist\u00f3ricamente y que va construyendo procesos auton\u00f3micos en la esfera p\u00fablica\u201d.<\/span><span data-ccp-props=\"{&quot;201341983&quot;:0,&quot;335559740&quot;:240}\">\u00a0<\/span><\/p>\n<p><span data-contrast=\"auto\">Plante\u00f3 que\u00a0<\/span><span data-contrast=\"auto\">hoy d\u00eda<\/span><span data-contrast=\"auto\">\u00a0vivimos una coyuntura importante con la pandemia, que ha\u00a0<\/span><span data-contrast=\"auto\">propiciado\u00a0<\/span><span data-contrast=\"auto\">nuevos movimientos y expresiones, al igual que otros que<\/span><span data-contrast=\"auto\">\u00a0han vuelto a aparecer como los m\u00e9dicos exigiendo seguridad para poder brindar atenci\u00f3n durante la<\/span><span data-contrast=\"auto\">\u00a0actual\u00a0<\/span><span data-contrast=\"auto\">contingencia<\/span><span data-contrast=\"auto\">.<\/span><span data-ccp-props=\"{&quot;201341983&quot;:0,&quot;335559731&quot;:720,&quot;335559740&quot;:240}\">\u00a0<\/span><\/p>\n<p><span data-contrast=\"auto\">Mencion\u00f3<\/span><span data-contrast=\"auto\">,\u00a0<\/span><span data-contrast=\"auto\">adem\u00e1s<\/span><span data-contrast=\"auto\">,<\/span><span data-contrast=\"auto\">\u00a0las protestas de los grupos de productores que est\u00e1n impulsando una tendencia hacia el consumo regional, las protestas contra la di<\/span><span data-contrast=\"auto\">scriminaci\u00f3n, sobre todo el movimiento feminista que rompe con una visi\u00f3n tradicional de la izquierd<\/span><span data-contrast=\"auto\">a respecto a las movilizaciones<\/span><span data-contrast=\"auto\">.<\/span><span data-ccp-props=\"{&quot;201341983&quot;:0,&quot;335559731&quot;:720,&quot;335559740&quot;:240}\">\u00a0<\/span><\/p>\n<p><span data-contrast=\"auto\">\u201c<\/span><span data-contrast=\"auto\">Debemos pensar los movimientos sociales y la acci\u00f3n colectiva considerando su contexto regional, estatal, nacional\u00a0<\/span><span data-contrast=\"auto\">y mundial;\u00a0<\/span><span data-contrast=\"auto\">a nivel nacional<\/span><span data-contrast=\"auto\">,<\/span><span data-contrast=\"auto\">\u00a0transitamos a un cambio de r\u00e9gimen pol\u00edtico y\u00a0<\/span><span data-contrast=\"auto\">la acci\u00f3n colect<\/span><span data-contrast=\"auto\">iva es estrat\u00e9gica y necesaria.\u201d<\/span><span data-ccp-props=\"{&quot;201341983&quot;:0,&quot;335559731&quot;:720,&quot;335559740&quot;:240}\">\u00a0<\/span><\/p>\n<p><span data-contrast=\"auto\">Coment\u00f3 que la elecci\u00f3n presidencial de 2018 reflej\u00f3 una expresi\u00f3n de una sociedad agraviada que seguir\u00e1 tran<\/span><span data-contrast=\"auto\">sform\u00e1ndose y sobre la cual \u201cvamos a estar viendo a partir de ahora nuevos movimientos y nuevas fases<\/span><span data-contrast=\"auto\">,<\/span><span data-contrast=\"auto\">\u00a0as\u00ed como movimientos conservadores y tradicionales de algunos sectores como el empresaria<\/span><span data-contrast=\"auto\">l<\/span><span data-contrast=\"auto\">\u201d.\u00a0<\/span><span data-ccp-props=\"{&quot;201341983&quot;:0,&quot;335559731&quot;:720,&quot;335559740&quot;:240}\">\u00a0<\/span><\/p>\n<p>&nbsp;<\/p>\n<div id=\"attachment_95068\" style=\"width: 732px\" class=\"wp-caption aligncenter\"><a href=\"https:\/\/www.uv.mx\/prensa\/files\/2021\/03\/260321-DAVID-Los-movimientos-sociales-conf-Martin-Aguilar-IIHS-2.jpg\"><img aria-describedby=\"caption-attachment-95068\" decoding=\"async\" loading=\"lazy\" class=\"wp-image-95068 size-full\" src=\"https:\/\/www.uv.mx\/prensa\/files\/2021\/03\/260321-DAVID-Los-movimientos-sociales-conf-Martin-Aguilar-IIHS-2.jpg\" alt=\"\" width=\"722\" height=\"360\" srcset=\"https:\/\/www.uv.mx\/prensa\/files\/2021\/03\/260321-DAVID-Los-movimientos-sociales-conf-Martin-Aguilar-IIHS-2.jpg 722w, https:\/\/www.uv.mx\/prensa\/files\/2021\/03\/260321-DAVID-Los-movimientos-sociales-conf-Martin-Aguilar-IIHS-2-300x150.jpg 300w\" sizes=\"(max-width: 722px) 100vw, 722px\" \/><\/a><p id=\"caption-attachment-95068\" class=\"wp-caption-text\">Juan Ortiz, acad\u00e9mico del IIH-S, fue el moderador de la charla que abord\u00f3 la historia de los movimientos sociales<\/p><\/div>\n<p>&nbsp;<\/p>\n<p><span data-contrast=\"auto\">Aguilar S\u00e1nchez aclar\u00f3 que \u201cno hay un s\u00f3lo tipo de movimie<\/span><span data-contrast=\"auto\">nto, un prototipo, como pens\u00e1bamos los movimientos de 1958 y 1968, que eran articuladores; ahora hay diferentes tipos de protestas, de expresiones, de colectivos<\/span><span data-contrast=\"auto\">,<\/span><span data-contrast=\"auto\">\u00a0as\u00ed como visualizaciones de redes y grupos\u201d.<\/span><span data-ccp-props=\"{&quot;201341983&quot;:0,&quot;335559740&quot;:240}\">\u00a0<\/span><\/p>\n<p><span data-contrast=\"auto\">A nivel nacional transitamos a un cambio de r\u00e9gi<\/span><span data-contrast=\"auto\">men\u00a0<\/span><span data-contrast=\"auto\">donde<\/span><span data-contrast=\"auto\">\u00a0la acci\u00f3n colectiva\u00a0<\/span><span data-contrast=\"auto\">es<\/span><span data-contrast=\"auto\">\u00a0estrat\u00e9gic<\/span><span data-contrast=\"auto\">a\u00a0<\/span><span data-contrast=\"auto\">y necesari<\/span><span data-contrast=\"auto\">a<\/span><span data-contrast=\"auto\">, \u201cpor los estudios que he realizado, los movimientos sociales y la acci\u00f3n colectiva est\u00e1n presentes casi permanentemente en distintos niveles\u201d.<\/span><span data-ccp-props=\"{&quot;201341983&quot;:0,&quot;335559740&quot;:240}\">\u00a0<\/span><\/p>\n<p><span data-contrast=\"auto\">Con su conferencia comenzaron<\/span><span data-contrast=\"auto\">\u00a0las acti<\/span><span data-contrast=\"auto\">vidades del programa \u201cLa palabra y los decanos\u201d, organizado por la Direcci\u00f3n\u00a0<\/span><span data-contrast=\"auto\">General\u00a0<\/span><span data-contrast=\"auto\">del \u00c1rea Acad\u00e9mica de Humanidades, que contempla la impartici\u00f3n de tres conferencias magistrales, comenzando el pasado viernes 26 con la titulada \u201cLos movimientos sociales y el ca<\/span><span data-contrast=\"auto\">mbio pol\u00edtico en M\u00e9xico 2010-2019\u201d, que se transmiti\u00f3 por la plataforma\u00a0<\/span><i><span data-contrast=\"auto\">UVZoom<\/span><\/i><span data-contrast=\"auto\">.<\/span><span data-ccp-props=\"{&quot;201341983&quot;:0,&quot;335559731&quot;:720,&quot;335559740&quot;:240}\">\u00a0<\/span><\/p>\n<p><span data-contrast=\"auto\">Ra\u00fal Romero Ram\u00edrez, director de la Facultad de H<\/span><span data-contrast=\"auto\">istoria, mencion\u00f3 el t\u00edtulo de las pr\u00f3ximas conferencias:<\/span><span data-contrast=\"auto\">\u00a0<\/span><span data-contrast=\"auto\">\u201cLas repercusiones de la expropiaci\u00f3n petrolera e<\/span><span data-contrast=\"auto\">n comunidades de la regi\u00f3n Poza Rica-Papantla\u201d<\/span><span data-contrast=\"auto\">,<\/span><span data-contrast=\"auto\">\u00a0a realizarse el jueves 15 de abril a las 11:00 horas<\/span><span data-contrast=\"auto\">,<\/span><span data-contrast=\"auto\">\u00a0y\u00a0<\/span><span data-contrast=\"auto\">\u201cEl sistema pol\u00edtico veracruzano y la protesta social\u201d, que tendr\u00e1 lugar el jueves 29\u00a0<\/span><span data-contrast=\"auto\">a la misma hora<\/span><span data-contrast=\"auto\">; todas a cargo de<\/span><span data-contrast=\"auto\">\u00a0Aguilar S\u00e1nchez.<\/span><span data-ccp-props=\"{&quot;201341983&quot;:0,&quot;335559740&quot;:240}\">\u00a0<\/span><\/p>\n<p><span data-contrast=\"auto\">Por \u00faltimo e<\/span><span data-contrast=\"auto\">xplic\u00f3 que el prop\u00f3sito de sus presentaciones es mostrar \u201cel v\u00ednculo de nuestra trayectoria acad\u00e9mic<\/span><span data-contrast=\"auto\">a\u00a0<\/span><span data-contrast=\"auto\">con la vida universitaria, hoy inicio estas conferencias que est\u00e1n muy vinculadas a mi trabajo de investigaci\u00f3n y en la perspectiva que quiero dar sobre este gran campo de la acci\u00f3n colectiva y los movimientos sociales\u201d.<\/span><span data-ccp-props=\"{&quot;201341983&quot;:0,&quot;335559731&quot;:720,&quot;335559740&quot;:240}\">\u00a0<\/span><\/p>\n<p><span data-ccp-props=\"{&quot;201341983&quot;:0,&quot;335559740&quot;:240}\">\u00a0<\/span><\/p>\n<div id=\"attachment_95071\" style=\"width: 732px\" class=\"wp-caption aligncenter\"><a href=\"https:\/\/www.uv.mx\/prensa\/files\/2021\/03\/2-260321-DAVID-Los-movimientos-sociales-conf-Martin-Aguilar-IIHS-3.jpg\"><img aria-describedby=\"caption-attachment-95071\" decoding=\"async\" loading=\"lazy\" class=\"size-full wp-image-95071\" src=\"https:\/\/www.uv.mx\/prensa\/files\/2021\/03\/2-260321-DAVID-Los-movimientos-sociales-conf-Martin-Aguilar-IIHS-3.jpg\" alt=\"\" width=\"722\" height=\"373\" srcset=\"https:\/\/www.uv.mx\/prensa\/files\/2021\/03\/2-260321-DAVID-Los-movimientos-sociales-conf-Martin-Aguilar-IIHS-3.jpg 722w, https:\/\/www.uv.mx\/prensa\/files\/2021\/03\/2-260321-DAVID-Los-movimientos-sociales-conf-Martin-Aguilar-IIHS-3-300x155.jpg 300w\" sizes=\"(max-width: 722px) 100vw, 722px\" \/><\/a><p id=\"caption-attachment-95071\" class=\"wp-caption-text\">Ra\u00fal Romero, director de la Facultad de Historia, detall\u00f3 el prop\u00f3sito y las actividades del programa \u201cLa palabra y los decanos\u201d<\/p><\/div>\n","protected":false},"excerpt":{"rendered":"<p>\u201cA partir de ahora vamos a estar viendo nuevos movimientos y nuevas fases, as\u00ed como movimientos conservadores y tradicionales\u201d, coment\u00f3\u00a0el\u00a0investigador\u00a0de la UV\u00a0<\/p>\n","protected":false},"author":1869,"featured_media":95069,"comment_status":"closed","ping_status":"closed","sticky":false,"template":"","format":"standard","meta":[],"categories":[61],"tags":[],"_links":{"self":[{"href":"https:\/\/www.uv.mx\/prensa\/wp-json\/wp\/v2\/posts\/95065"}],"collection":[{"href":"https:\/\/www.uv.mx\/prensa\/wp-json\/wp\/v2\/posts"}],"about":[{"href":"https:\/\/www.uv.mx\/prensa\/wp-json\/wp\/v2\/types\/post"}],"author":[{"embeddable":true,"href":"https:\/\/www.uv.mx\/prensa\/wp-json\/wp\/v2\/users\/1869"}],"replies":[{"embeddable":true,"href":"https:\/\/www.uv.mx\/prensa\/wp-json\/wp\/v2\/comments?post=95065"}],"version-history":[{"count":1,"href":"https:\/\/www.uv.mx\/prensa\/wp-json\/wp\/v2\/posts\/95065\/revisions"}],"predecessor-version":[{"id":95156,"href":"https:\/\/www.uv.mx\/prensa\/wp-json\/wp\/v2\/posts\/95065\/revisions\/95156"}],"wp:featuredmedia":[{"embeddable":true,"href":"https:\/\/www.uv.mx\/prensa\/wp-json\/wp\/v2\/media\/95069"}],"wp:attachment":[{"href":"https:\/\/www.uv.mx\/prensa\/wp-json\/wp\/v2\/media?parent=95065"}],"wp:term":[{"taxonomy":"category","embeddable":true,"href":"https:\/\/www.uv.mx\/prensa\/wp-json\/wp\/v2\/categories?post=95065"},{"taxonomy":"post_tag","embeddable":true,"href":"https:\/\/www.uv.mx\/prensa\/wp-json\/wp\/v2\/tags?post=95065"}],"curies":[{"name":"wp","href":"https:\/\/api.w.org\/{rel}","templated":true}]}}