{"id":94963,"date":"2021-03-25T18:16:27","date_gmt":"2021-03-26T00:16:27","guid":{"rendered":"https:\/\/www.uv.mx\/prensa\/?p=94963"},"modified":"2021-03-26T18:40:06","modified_gmt":"2021-03-27T00:40:06","slug":"facultad-de-pedagogia-region-xalapa-celebra-67-anos","status":"publish","type":"post","link":"https:\/\/www.uv.mx\/prensa\/banner\/facultad-de-pedagogia-region-xalapa-celebra-67-anos\/","title":{"rendered":"Facultad de Pedagog\u00eda, regi\u00f3n Xalapa, celebra 67 a\u00f1os"},"content":{"rendered":"<ul>\n<li data-leveltext=\"\uf0b7\" data-font=\"Symbol\" data-listid=\"9\" data-aria-posinset=\"1\" data-aria-level=\"1\"><i><span data-contrast=\"auto\">\u201cEs uno de los baluartes de la calidad que ofrece como servicio<\/span><\/i><i><span data-contrast=\"auto\">\u00a0<\/span><\/i><i><span data-contrast=\"auto\">educativo la UV\u201d: Jos\u00e9 Luis Mart\u00ednez Su\u00e1rez, director\u00a0<\/span><\/i><i><span data-contrast=\"auto\">general\u00a0<\/span><\/i><i><span data-contrast=\"auto\">del AAH<\/span><\/i><span data-ccp-props=\"{&quot;201341983&quot;:0,&quot;335559739&quot;:0,&quot;335559740&quot;:240}\">\u00a0<\/span><\/li>\n<\/ul>\n<p><span data-ccp-props=\"{&quot;201341983&quot;:0,&quot;335559739&quot;:0,&quot;335559740&quot;:240}\">\u00a0<\/span><\/p>\n<div id=\"attachment_94964\" style=\"width: 732px\" class=\"wp-caption aligncenter\"><a href=\"https:\/\/www.uv.mx\/prensa\/files\/2021\/03\/250321-Pedagogia-1-100k.jpg\"><img loading=\"lazy\" decoding=\"async\" aria-describedby=\"caption-attachment-94964\" class=\"size-full wp-image-94964\" src=\"https:\/\/www.uv.mx\/prensa\/files\/2021\/03\/250321-Pedagogia-1-100k.jpg\" alt=\"Jos\u00e9 Luis Mart\u00ednez Su\u00e1rez inaugur\u00f3 la Jornada de Conferencias Internacionales por el 67 aniversario de la Facultad \" width=\"722\" height=\"405\" srcset=\"https:\/\/www.uv.mx\/prensa\/files\/2021\/03\/250321-Pedagogia-1-100k.jpg 722w, https:\/\/www.uv.mx\/prensa\/files\/2021\/03\/250321-Pedagogia-1-100k-300x168.jpg 300w\" sizes=\"auto, (max-width: 722px) 100vw, 722px\" \/><\/a><p id=\"caption-attachment-94964\" class=\"wp-caption-text\">Jos\u00e9 Luis Mart\u00ednez Su\u00e1rez inaugur\u00f3 la Jornada de Conferencias Internacionales por el 67 aniversario de la Facultad<\/p><\/div>\n<p>&nbsp;<\/p>\n<p><b><i><span data-contrast=\"auto\">Jos\u00e9 Luis\u00a0<\/span><\/i><\/b><b><i><span data-contrast=\"auto\">Couttolenc<\/span><\/i><\/b><b><i><span data-contrast=\"auto\">\u00a0Soto<\/span><\/i><\/b><span data-ccp-props=\"{&quot;201341983&quot;:0,&quot;335559739&quot;:0,&quot;335559740&quot;:240}\">\u00a0<\/span><\/p>\n<p><b><i><span data-contrast=\"auto\">25<\/span><\/i><\/b><b><i><span data-contrast=\"auto\">\/<\/span><\/i><\/b><b><i><span data-contrast=\"auto\">0<\/span><\/i><\/b><b><i><span data-contrast=\"auto\">3<\/span><\/i><\/b><b><i><span data-contrast=\"auto\">\/202<\/span><\/i><\/b><b><i><span data-contrast=\"auto\">1<\/span><\/i><\/b><b><i><span data-contrast=\"auto\">, Xalapa,\u00a0Ver.-<\/span><\/i><\/b><span data-contrast=\"auto\">\u00a0Fundada el 10 de abril de 1954 por el profesor Manuel C. Tello,\u00a0<\/span><span data-contrast=\"auto\">la <a href=\"https:\/\/www.uv.mx\/pedagogia\/\" target=\"_blank\" rel=\"noopener\">Facultad de Pedagog\u00eda<\/a> de la Universidad Veracruzana (UV),\u00a0<\/span><span data-contrast=\"auto\">regi\u00f3n\u00a0<\/span><span data-contrast=\"auto\">Xalapa<\/span><span data-contrast=\"auto\">,<\/span><span data-contrast=\"auto\">\u00a0<\/span><span data-contrast=\"auto\">c<\/span><span data-contrast=\"auto\">elebra<\/span><span data-contrast=\"auto\">\u00a067 a\u00f1os de vida con la J<\/span><span data-contrast=\"auto\">ornada de\u00a0<\/span><span data-contrast=\"auto\">C<\/span><span data-contrast=\"auto\">onferencias\u00a0<\/span><span data-contrast=\"auto\">I<\/span><span data-contrast=\"auto\">nternacionales \u201cPedagog\u00eda y resiliencia ante la vulnerabilidad\u201d, en la que participar\u00e1n ponentes de Espa\u00f1a y Colombia.<\/span><span data-ccp-props=\"{&quot;201341983&quot;:0,&quot;335559739&quot;:0,&quot;335559740&quot;:240}\">\u00a0<\/span><\/p>\n<p><span data-contrast=\"auto\">Al inaugurar el evento, Jos\u00e9 Luis Mart\u00ednez Su\u00e1rez, director general del \u00c1rea Acad\u00e9mica de Humanidades<\/span><span data-contrast=\"auto\">\u00a0(AAH)<\/span><span data-contrast=\"auto\">, consider\u00f3 que la Facultad de Pedagog\u00eda es uno de los baluartes de la calidad que\u00a0<\/span><span data-contrast=\"auto\">la UV\u00a0<\/span><span data-contrast=\"auto\">ofrece como servicio educativo<\/span><span data-contrast=\"auto\">,<\/span><span data-contrast=\"auto\">\u00a0<\/span><span data-contrast=\"auto\">y un ejemplo del compromiso social que tiene como instituci\u00f3n de educaci\u00f3n superior.<\/span><span data-ccp-props=\"{&quot;201341983&quot;:0,&quot;335559739&quot;:0,&quot;335559740&quot;:240}\">\u00a0<\/span><\/p>\n<p><span data-contrast=\"auto\">Dijo que la actual emergencia sanitaria ha\u00a0<\/span><span data-contrast=\"auto\">mostrado<\/span><span data-contrast=\"auto\">\u00a0que cualquier crisis\u00a0<\/span><span data-contrast=\"auto\">pone en evidencia la miseria y dignidad del ser humano, situaci\u00f3n que ha sido posible enfrentar aqu\u00ed por la enorme resiliencia en la comunidad universitaria, que a poco m\u00e1s de un a\u00f1o<\/span><span data-contrast=\"auto\">\u00a0se ha creado una cultura m\u00e1s: \u201cla de la incertidumbre y la vulnerabilidad, pero no nos hemos cruzado de brazos para ver c\u00f3mo se destruye la realidad de nuestro entorno, y en nosotros mismos\u201d.<\/span><\/p>\n<div id=\"attachment_94965\" style=\"width: 732px\" class=\"wp-caption aligncenter\"><a href=\"https:\/\/www.uv.mx\/prensa\/files\/2021\/03\/250321-Pedagogia-2-100k.jpg\"><img loading=\"lazy\" decoding=\"async\" aria-describedby=\"caption-attachment-94965\" class=\"size-full wp-image-94965\" src=\"https:\/\/www.uv.mx\/prensa\/files\/2021\/03\/250321-Pedagogia-2-100k.jpg\" alt=\"Conferencistas de Espa\u00f1a y Colombia participar\u00e1n en los festejos \" width=\"722\" height=\"355\" srcset=\"https:\/\/www.uv.mx\/prensa\/files\/2021\/03\/250321-Pedagogia-2-100k.jpg 722w, https:\/\/www.uv.mx\/prensa\/files\/2021\/03\/250321-Pedagogia-2-100k-300x148.jpg 300w\" sizes=\"auto, (max-width: 722px) 100vw, 722px\" \/><\/a><p id=\"caption-attachment-94965\" class=\"wp-caption-text\">Conferencistas de Espa\u00f1a y Colombia participar\u00e1n en los festejos<\/p><\/div>\n<p><span data-contrast=\"auto\">L<\/span><span data-contrast=\"auto\">a directora de la entidad universitaria, Maribel Dom\u00ednguez Aburto, dio a conocer\u00a0que\u00a0en la\u00a0<\/span><span data-contrast=\"auto\">J<\/span><span data-contrast=\"auto\">ornada de\u00a0<\/span><span data-contrast=\"auto\">C<\/span><span data-contrast=\"auto\">onferencias\u00a0<\/span><span data-contrast=\"auto\">I<\/span><span data-contrast=\"auto\">nternacionales, organizad<\/span><span data-contrast=\"auto\">a por el cuerpo acad\u00e9mico (CA)\u00a0<\/span><span data-contrast=\"auto\">Educaci\u00f3n y Trabajo,<\/span><span data-contrast=\"auto\">\u00a0participar\u00e1n tres reconocidos acad\u00e9micos que expondr\u00e1n en torno a la reflexi\u00f3n del quehacer educativo en contextos de vulnerabilidad social, que evidencia problem\u00e1ticas comunes en distintos pa\u00edses<\/span><span data-contrast=\"auto\">,<\/span><span data-contrast=\"auto\">\u00a0como es el caso de Espa\u00f1a y Colombia.<\/span><span data-ccp-props=\"{&quot;201341983&quot;:0,&quot;335559739&quot;:0,&quot;335559740&quot;:240}\">\u00a0<\/span><\/p>\n<p><span data-contrast=\"none\">\u201c<\/span><span data-contrast=\"none\">La finalidad es contribuir a la formaci\u00f3n integral de los\u00a0<\/span><span data-contrast=\"none\">estudiantes<\/span><span data-contrast=\"none\">\u00a0de la licenciatura, compartiendo experiencias de pa\u00edses iberoamericanos desde un enfoque interdisciplinario, qu<\/span><span data-contrast=\"none\">e muestra la relaci\u00f3n entre la p<\/span><span data-contrast=\"none\">edagog\u00eda y la resiliencia ante la vulnerabilidad de los actores educativos, ofreciendo una perspectiva de esperanza en el\u00a0<\/span><span data-contrast=\"none\">trabajo de pedagogos que pueda enfrentar situaciones de crisis y aportar soluciones<\/span><span data-contrast=\"none\">.<\/span><span data-contrast=\"none\">\u201d<\/span><span data-ccp-props=\"{&quot;201341983&quot;:0,&quot;335559731&quot;:708,&quot;335559739&quot;:160,&quot;335559740&quot;:240}\">\u00a0<\/span><\/p>\n<p><span data-contrast=\"none\">En las conferencias, que se podr\u00e1n seguir a trav\u00e9s de\u00a0<\/span><i><span data-contrast=\"none\">Face<\/span><\/i><i><span data-contrast=\"none\">b<\/span><\/i><i><span data-contrast=\"none\">ook Live<\/span><\/i><span data-contrast=\"none\">,\u00a0<\/span><span data-contrast=\"none\">hoy toc\u00f3 el turno<\/span><span data-contrast=\"none\">\u00a0el 25\u00a0<\/span><span data-contrast=\"none\">a<\/span><span data-contrast=\"none\">\u00a0<\/span><span data-contrast=\"none\">Elena P\u00e9rez Hern\u00e1ndez, acad\u00e9mica de la Universidad Aut\u00f3noma de Madrid, Espa\u00f1a, con el tema \u201cEducamos contigo: un recurso compensador de situaciones de inequidad\u201d;<\/span><span data-contrast=\"none\">\u00a0<\/span><span data-contrast=\"none\">el 13 de abril a las 10:00 horas<\/span><span data-contrast=\"none\">, Mar\u00eda del\u00a0<\/span><span data-contrast=\"none\">M<\/span><span data-contrast=\"none\">ar del Pozo Andr\u00e9s, de la Universidad de Alcal\u00e1, Espa\u00f1a, hablar\u00e1 sobre \u201cEducar durante la guerra, sobrevivir durante<\/span><span data-contrast=\"none\">\u00a0la paz\u201d; el 20 de abril a las\u00a0<\/span><span data-contrast=\"none\">9:00 horas, Julio C\u00e9sar Duarte Vidal, de la Universidad\u00a0<\/span><span data-contrast=\"none\">Surcolombiana<\/span><span data-contrast=\"none\">,\u00a0<\/span><span data-contrast=\"none\">abordar\u00e1 el tema \u201cDid\u00e1ctica de las matem\u00e1ticas: soluci\u00f3n de problemas con n\u00fameros<\/span><span data-contrast=\"none\">\u00a0fraccionarios, en contextos\u201d.<\/span><span data-ccp-props=\"{&quot;201341983&quot;:0,&quot;335559731&quot;:708,&quot;335559739&quot;:160,&quot;335559740&quot;:240}\">\u00a0<\/span><\/p>\n","protected":false},"excerpt":{"rendered":"<p>La entidad acad\u00e9mica es un baluarte de la calidad educativa y un ejemplo del compromiso social de la UV: Jos\u00e9 Luis Mart\u00ednez Su\u00e1rez: director general del \u00c1rea Acad\u00e9mica de Humanidades <\/p>\n","protected":false},"author":1775,"featured_media":94966,"comment_status":"closed","ping_status":"closed","sticky":false,"template":"","format":"standard","meta":{"footnotes":""},"categories":[61],"tags":[1900,384,543,280,1901,1898,1801,1902,1899],"class_list":["post-94963","post","type-post","status-publish","format-standard","has-post-thumbnail","hentry","category-banner","tag-67-anos","tag-colombia","tag-espana","tag-facultad","tag-jornada-de-conferencias-internacionales","tag-manuel-c-tello","tag-pedagogia","tag-pedagogia-y-resiliencia-ante-la-vulnerabilidad","tag-region-xalapa"],"_links":{"self":[{"href":"https:\/\/www.uv.mx\/prensa\/wp-json\/wp\/v2\/posts\/94963","targetHints":{"allow":["GET"]}}],"collection":[{"href":"https:\/\/www.uv.mx\/prensa\/wp-json\/wp\/v2\/posts"}],"about":[{"href":"https:\/\/www.uv.mx\/prensa\/wp-json\/wp\/v2\/types\/post"}],"author":[{"embeddable":true,"href":"https:\/\/www.uv.mx\/prensa\/wp-json\/wp\/v2\/users\/1775"}],"replies":[{"embeddable":true,"href":"https:\/\/www.uv.mx\/prensa\/wp-json\/wp\/v2\/comments?post=94963"}],"version-history":[{"count":1,"href":"https:\/\/www.uv.mx\/prensa\/wp-json\/wp\/v2\/posts\/94963\/revisions"}],"predecessor-version":[{"id":95035,"href":"https:\/\/www.uv.mx\/prensa\/wp-json\/wp\/v2\/posts\/94963\/revisions\/95035"}],"wp:featuredmedia":[{"embeddable":true,"href":"https:\/\/www.uv.mx\/prensa\/wp-json\/wp\/v2\/media\/94966"}],"wp:attachment":[{"href":"https:\/\/www.uv.mx\/prensa\/wp-json\/wp\/v2\/media?parent=94963"}],"wp:term":[{"taxonomy":"category","embeddable":true,"href":"https:\/\/www.uv.mx\/prensa\/wp-json\/wp\/v2\/categories?post=94963"},{"taxonomy":"post_tag","embeddable":true,"href":"https:\/\/www.uv.mx\/prensa\/wp-json\/wp\/v2\/tags?post=94963"}],"curies":[{"name":"wp","href":"https:\/\/api.w.org\/{rel}","templated":true}]}}