{"id":94702,"date":"2021-03-19T09:36:38","date_gmt":"2021-03-19T15:36:38","guid":{"rendered":"https:\/\/www.uv.mx\/prensa\/?p=94702"},"modified":"2021-03-19T15:53:53","modified_gmt":"2021-03-19T21:53:53","slug":"educacion-no-se-valora-como-motor-de-transformacion-social","status":"publish","type":"post","link":"https:\/\/www.uv.mx\/prensa\/general\/educacion-no-se-valora-como-motor-de-transformacion-social\/","title":{"rendered":"Educaci\u00f3n no se valora como motor de transformaci\u00f3n social: C\u00e9sar Antonio Aguilar"},"content":{"rendered":"<style type=\"text\/css\">\n  blockquote p { color: #28519b; font-family: helvetica; font-size: 1.4em; }<br \/><\/style>\n<ul>\n<li data-leveltext=\"\uf0b7\" data-font=\"Symbol\" data-listid=\"9\" data-aria-posinset=\"1\" data-aria-level=\"1\"><i><span data-contrast=\"auto\">\u201cEs necesario cambiar la perspectiva que se tiene de la universidad p\u00fablica y no verla como un saco sin fondo que hay que llenar\u201d: C\u00e9sar Antonio Aguilar<\/span><\/i><b><i><span data-contrast=\"auto\">\u00a0<\/span><\/i><\/b><span data-ccp-props=\"{&quot;201341983&quot;:0,&quot;335559739&quot;:0,&quot;335559740&quot;:240}\">\u00a0<\/span><\/li>\n<\/ul>\n<p><span data-ccp-props=\"{&quot;201341983&quot;:0,&quot;335559739&quot;:0,&quot;335559740&quot;:240}\">\u00a0<\/span><\/p>\n<div id=\"attachment_94703\" style=\"width: 369px\" class=\"wp-caption aligncenter\"><a href=\"https:\/\/www.uv.mx\/prensa\/files\/2021\/03\/170321-Entrevista-Antonio-Aguilar-1-100k.jpg\"><img loading=\"lazy\" decoding=\"async\" aria-describedby=\"caption-attachment-94703\" class=\"size-full wp-image-94703\" src=\"https:\/\/www.uv.mx\/prensa\/files\/2021\/03\/170321-Entrevista-Antonio-Aguilar-1-100k.jpg\" alt=\"C\u00e9sar Antonio Aguilar, investigador del IIE\" width=\"359\" height=\"480\" srcset=\"https:\/\/www.uv.mx\/prensa\/files\/2021\/03\/170321-Entrevista-Antonio-Aguilar-1-100k.jpg 359w, https:\/\/www.uv.mx\/prensa\/files\/2021\/03\/170321-Entrevista-Antonio-Aguilar-1-100k-224x300.jpg 224w\" sizes=\"auto, (max-width: 359px) 100vw, 359px\" \/><\/a><p id=\"caption-attachment-94703\" class=\"wp-caption-text\">C\u00e9sar Antonio Aguilar, investigador del IIE<\/p><\/div>\n<p>&nbsp;<\/p>\n<blockquote><p><span data-contrast=\"auto\">El Doctor en Ling\u00fc\u00edstica opin\u00f3 que las universidades p\u00fablicas deben pugnar y mostrar escenarios que dejen claro que invertir en ellas es una apuesta segura y no un gasto del cual se puede prescindir en periodos de crisis econ\u00f3mica, en donde se afecta tradicionalmente los rubros de educaci\u00f3n, ciencia y tecnolog\u00eda, arte y salud<\/span><\/p><\/blockquote>\n<p>&nbsp;<\/p>\n<blockquote><p><span data-contrast=\"auto\">C\u00e9sar Antonio consider\u00f3 que en institutos como el de IIE se pueden generar modelos te\u00f3ricos y herramientas (metodol\u00f3gicas y tecnol\u00f3gicas) para superar la brecha educativa y digital existente en el pa\u00eds, lo cual deber\u00eda ser una prioridad<\/span><\/p>\n<p>&nbsp;<\/p><\/blockquote>\n<p><b><i><span data-contrast=\"auto\">Jos\u00e9 Luis\u00a0<\/span><\/i><\/b><b><i><span data-contrast=\"auto\">Couttolenc<\/span><\/i><\/b><b><i><span data-contrast=\"auto\">\u00a0Soto<\/span><\/i><\/b><span data-ccp-props=\"{&quot;201341983&quot;:0,&quot;335559739&quot;:0,&quot;335559740&quot;:240}\">\u00a0<\/span><\/p>\n<p><b><i><span data-contrast=\"auto\">1<\/span><\/i><\/b><b><i><span data-contrast=\"auto\">9<\/span><\/i><\/b><b><i><span data-contrast=\"auto\">\/<\/span><\/i><\/b><b><i><span data-contrast=\"auto\">0<\/span><\/i><\/b><b><i><span data-contrast=\"auto\">3<\/span><\/i><\/b><b><i><span data-contrast=\"auto\">\/202<\/span><\/i><\/b><b><i><span data-contrast=\"auto\">1<\/span><\/i><\/b><b><i><span data-contrast=\"auto\">, Xalapa,\u00a0<\/span><\/i><\/b><b><i><span data-contrast=\"auto\">Ver.-<\/span><\/i><\/b><i><span data-contrast=\"auto\">\u00a0<\/span><\/i><span data-contrast=\"auto\">Para\u00a0<\/span><span data-contrast=\"auto\">C\u00e9sar Antonio Aguilar,\u00a0<\/span><span data-contrast=\"auto\">investigador\u00a0<\/span><span data-contrast=\"auto\">adscrito al<a href=\"https:\/\/www.uv.mx\/iie\/\" target=\"_blank\" rel=\"noopener\"> Instituto de Investigaciones en Educaci\u00f3<\/a><\/span><span data-contrast=\"auto\">n (IIE)<\/span><span data-contrast=\"auto\">\u00a0<\/span><span data-contrast=\"auto\">de la Universidad Veracruzana (UV), es necesario cambiar la perspectiva que se tiene de la universidad p\u00fablica y no verla como un sa<\/span><span data-contrast=\"auto\">co sin fondo que hay que llenar<\/span><span data-contrast=\"auto\">, sino considerarla un valor estrat\u00e9gico que permite transitar en una econom\u00eda basada en el conocimiento y que ayuda a generar recursos financieros.<\/span><span data-ccp-props=\"{&quot;201341983&quot;:0,&quot;335559739&quot;:0,&quot;335559740&quot;:240}\">\u00a0<\/span><\/p>\n<p><span data-contrast=\"auto\">E<\/span><span data-contrast=\"auto\">l Doctor en Ling\u00fc\u00edstica opin\u00f3<\/span><span data-contrast=\"auto\">\u00a0que las universidades p\u00fablicas deben pugnar y mostrar escenarios\u00a0<\/span><span data-contrast=\"auto\">que<\/span><span data-contrast=\"auto\">\u00a0deje<\/span><span data-contrast=\"auto\">n<\/span><span data-contrast=\"auto\">\u00a0claro que invertir en ellas es una apuesta segura y no un gasto del cual se puede prescindir en periodos de crisis econ\u00f3mica<\/span><span data-contrast=\"auto\">,<\/span><span data-contrast=\"auto\">\u00a0en donde se afecta tradicionalmente los rubros de educaci\u00f3n, ciencia y tecnolog\u00eda, arte y salud.<\/span><span data-ccp-props=\"{&quot;201341983&quot;:0,&quot;335559739&quot;:0,&quot;335559740&quot;:240}\">\u00a0<\/span><\/p>\n<p><span data-contrast=\"auto\">Estos recortes, dijo, \u201cse dan bajo la creencia de que\u00a0<\/span><span data-contrast=\"auto\">\u2013<\/span><span data-contrast=\"auto\">para salir\u00a0<\/span><span data-contrast=\"auto\">lo m\u00e1s pronto posible del bache\u2013<\/span><span data-contrast=\"auto\">\u00a0hay que inyectar dinero a los sectores productivos, tendencia que veo en buena parte de los gobierno<\/span><span data-contrast=\"auto\">s mexicanos de los \u00faltimos a\u00f1os,\u00a0<\/span><span data-contrast=\"auto\">y parec<\/span><span data-contrast=\"auto\">e que \u00e9ste no es la excepci\u00f3n\u201d.<\/span><span data-ccp-props=\"{&quot;201341983&quot;:0,&quot;335559739&quot;:0,&quot;335559740&quot;:240}\">\u00a0<\/span><\/p>\n<p><span data-contrast=\"auto\">No obstante, el investigador<\/span><span data-contrast=\"auto\">\u00a0<\/span><span data-contrast=\"auto\">expres\u00f3 que la crisis sanitaria por Covid-19<\/span><span data-contrast=\"auto\">\u00a0\u201cnos abri\u00f3 de nuevo los ojos hacia algo que ha venido gest\u00e1ndose desde la d\u00e9cada del 2000, base del capitalismo que vivimos hoy, la\u00a0<\/span><span data-contrast=\"auto\">econom\u00eda del conocimiento<\/span><span data-contrast=\"auto\">\u201d<\/span><span data-contrast=\"auto\">;<\/span><span data-contrast=\"auto\">\u00a0esto es, la inversi\u00f3n del capital p\u00fablico y privado para generar productos tecnol\u00f3gicos\u00a0<\/span><span data-contrast=\"auto\">que innoven y creen tendencias.<\/span><span data-ccp-props=\"{&quot;201341983&quot;:0,&quot;335559739&quot;:0,&quot;335559740&quot;:240}\">\u00a0<\/span><\/p>\n<p><span data-contrast=\"auto\">Como e<\/span><span data-contrast=\"auto\">jemplo de este protot<\/span><span data-contrast=\"auto\">ipo de econom\u00eda mencion\u00f3 el\u00a0<\/span><span data-contrast=\"auto\">Sil<\/span><span data-contrast=\"auto\">icon<\/span><span data-contrast=\"auto\">\u00a0Valley<\/span><span data-contrast=\"auto\">, que es sede de compa\u00f1\u00edas emergentes y globales de tecnolog\u00eda\u00a0<\/span><span data-contrast=\"auto\">(<\/span><i><span data-contrast=\"auto\">Apple<\/span><\/i><span data-contrast=\"auto\">,\u00a0<\/span><i><span data-contrast=\"auto\">Facebook<\/span><\/i><span data-contrast=\"auto\">\u00a0y\u00a0<\/span><i><span data-contrast=\"auto\">Google<\/span><\/i><span data-contrast=\"auto\">)<\/span><span data-contrast=\"auto\">, sustentado por la relaci\u00f3n arm\u00f3nica entre capitales privados<\/span><span data-contrast=\"auto\">\u00a0y\u00a0<\/span><span data-contrast=\"auto\">genios publicitarios, \u201cpero\u00a0sobre todo, j\u00f3venes egresados de universidades p\u00fablicas y privadas, enfocados en generar\u00a0<\/span><i><span data-contrast=\"auto\">softwares<\/span><\/i><span data-contrast=\"auto\">\u00a0y\u00a0<\/span><i><span data-contrast=\"auto\">apps<\/span><\/i><span data-contrast=\"auto\">\u00a0que puedan tener un impacto comercial inmediato. Negar la relaci\u00f3n que mantienen estos tres factores en conjunto, es pecar de ingenuidad<\/span><span data-contrast=\"auto\">\u00a0<\/span><span data-contrast=\"auto\">o ignorancia\u201d.<\/span><span data-ccp-props=\"{&quot;201341983&quot;:0,&quot;335559739&quot;:0,&quot;335559740&quot;:240}\">\u00a0<\/span><\/p>\n<p><span data-contrast=\"auto\">Reconoci\u00f3 que en la actualidad existe un claro contraste respecto a esta visi\u00f3n del conocimiento,<\/span><span data-contrast=\"auto\">\u00a0en donde<\/span><span data-contrast=\"auto\">\u00a0la perspectiva\u00a0<\/span><span data-contrast=\"auto\">de China<\/span><span data-contrast=\"auto\">\u00a0<\/span><span data-contrast=\"auto\">en\u00a0<\/span><span data-contrast=\"auto\">el rubr<\/span><span data-contrast=\"auto\">o de la ciencia y la tecnolog\u00eda<\/span><span data-contrast=\"auto\">\u00a0<\/span><span data-contrast=\"auto\">\u2013<\/span><span data-contrast=\"auto\">incluida en \u00e9ste<\/span><span data-contrast=\"auto\">\u00a0la educaci\u00f3n<\/span><span data-contrast=\"auto\">\u2013<\/span><span data-contrast=\"auto\">\u00a0ha pasado a ocupar un lugar estrat\u00e9gico para su desarrollo, proyect\u00e1ndose una meta sumamente ambiciosa como lo es el plan\u00a0<\/span><i><span data-contrast=\"auto\">Made<\/span><\/i><i><span data-contrast=\"auto\">\u00a0in China<\/span><\/i><span data-contrast=\"auto\">\u00a02025,<\/span><i><span data-contrast=\"auto\">\u00a0<\/span><\/i><span data-contrast=\"auto\">que entre sus apuestas est\u00e1 lograr la total autarqu\u00eda cient\u00edfica y tecnol\u00f3gica, apostando fuertemente por la educaci\u00f3n como uno de los motores esenciales para dicho plan, junto con la investigaci\u00f3n empresarial, la creaci\u00f3n de centros de investigaci\u00f3n y desarrollo de primer nivel.<\/span><span data-ccp-props=\"{&quot;201341983&quot;:0,&quot;335559739&quot;:0,&quot;335559740&quot;:240}\">\u00a0<\/span><\/p>\n<p><span data-contrast=\"auto\">\u201cPensar en crecimiento econ\u00f3mico en el siglo XXI sin tomar en cuenta el poder de la educaci\u00f3n universitaria, particularmente la p\u00fablica, apostando nada m\u00e1s a la inyecci\u00f3n de dinero p\u00fablico y privado a las empresas, es como querer ganar\u00a0<\/span><span data-contrast=\"auto\">la<\/span><span data-contrast=\"auto\">\u00a0F\u00f3rmula 1 conduciendo un\u00a0<\/span><span data-contrast=\"auto\">Chevy<\/span><span data-contrast=\"auto\">\u00a01990, gastando litros de gasolina<\/span><span data-contrast=\"auto\">\u00a0y confiando en la habi<\/span><span data-contrast=\"auto\">lidad del conductor.\u201d<\/span><span data-ccp-props=\"{&quot;201341983&quot;:0,&quot;335559739&quot;:0,&quot;335559740&quot;:240}\">\u00a0<\/span><\/p>\n<p><span data-contrast=\"auto\">El investigador universitario\u00a0<\/span><span data-contrast=\"auto\">coment\u00f3<\/span><span data-contrast=\"auto\">\u00a0tener claro que en M\u00e9xico a\u00fan no se comprende el impacto que debe tener la educaci\u00f3n como motor de transformaci\u00f3n en la sociedad, y que se contin\u00faa siendo un pa\u00eds que para su subsistencia apuesta a la exportaci\u00f3n de materias primas junto co<\/span><span data-contrast=\"auto\">n la producci\u00f3n de manufacturas.<\/span><span data-ccp-props=\"{&quot;201341983&quot;:0,&quot;335559739&quot;:0,&quot;335559740&quot;:240}\">\u00a0<\/span><\/p>\n<p><span data-contrast=\"auto\">\u201c<\/span><span data-contrast=\"auto\">Estas\u00a0<\/span><span data-contrast=\"auto\">actividades financieras\u00a0<\/span><span data-contrast=\"auto\">han sido\u00a0<\/span><span data-contrast=\"auto\">cedidas\u00a0<\/span><span data-contrast=\"auto\">casi\u00a0<\/span><span data-contrast=\"auto\">por completo a la empresa privada que, en nuestro actual esquema econ\u00f3mico, aportan muy poco por medio de la recaudaci\u00f3n de impuestos o la donaci\u00f3n d<\/span><span data-contrast=\"auto\">e recursos de forma voluntaria.\u201d<\/span><span data-ccp-props=\"{&quot;201341983&quot;:0,&quot;335559731&quot;:708,&quot;335559739&quot;:0,&quot;335559740&quot;:240}\">\u00a0<\/span><\/p>\n<p><span data-contrast=\"auto\">En cuanto a los programas de becas y ayudas econ\u00f3micas para estudiantes, tanto del sector p\u00fablico como privado, dijo que<\/span><span data-contrast=\"auto\">\u00a0excepto los de\u00a0<\/span><i><span data-contrast=\"auto\">Conacyt<\/span><\/i><span data-contrast=\"auto\">\u00a0enfocados en estudiantes de posgrado, los dem\u00e1s\u00a0<\/span><span data-contrast=\"auto\">brindan un alivio inmediato con un m\u00ednimo impacto en la formaci\u00f3n de recursos humanos especializados,\u00a0<\/span><span data-contrast=\"auto\">\u201cson apenas paliativos que no resuelven un problema mucho mayor: la enorme brecha educativa en la poblaci\u00f3n mexicana\u201d.<\/span><span data-ccp-props=\"{&quot;201341983&quot;:0,&quot;335559739&quot;:0,&quot;335559740&quot;:240}\">\u00a0<\/span><\/p>\n<p><span data-contrast=\"auto\">Por otra parte,\u00a0<\/span><span data-contrast=\"auto\">C\u00e9sar Antonio consider\u00f3 que<\/span><span data-contrast=\"auto\">\u00a0en institutos<\/span><span data-contrast=\"auto\">\u00a0como el de\u00a0<\/span><span data-contrast=\"auto\">IIE\u00a0<\/span><span data-contrast=\"auto\">se pueden generar modelos te\u00f3ricos y herramientas (metodol\u00f3gicas y tecnol\u00f3gicas) para superar la brecha educativa y digital existente en el pa\u00eds, lo\u00a0<\/span><span data-contrast=\"auto\">cual<\/span><span data-contrast=\"auto\">\u00a0deber\u00eda ser una prioridad.<\/span><span data-ccp-props=\"{&quot;201341983&quot;:0,&quot;335559739&quot;:160,&quot;335559740&quot;:240}\">\u00a0<\/span><\/p>\n<p><span data-contrast=\"auto\">Apunt\u00f3 que junto con la investigadora Olga Acosta escribi\u00f3 un libro en el que hacen una revisi\u00f3n respecto a los logros, alcances y problemas que hoy tienen que enfrentar las tecnolog\u00edas del lenguaje en M\u00e9xico y Chile.<\/span><span data-ccp-props=\"{&quot;201341983&quot;:0,&quot;335559739&quot;:160,&quot;335559740&quot;:240}\">\u00a0<\/span><\/p>\n<p><span data-contrast=\"auto\">Por \u00faltimo, el investigador del\u00a0<\/span><span data-contrast=\"auto\">IIE record\u00f3 una frase de Gerardo Sierra, l\u00edder del Grupo de Ingenier\u00eda Ling\u00fc\u00edstica de la UNAM, quien dijo:\u00a0<\/span><span data-contrast=\"auto\">\u201c<\/span><span data-contrast=\"auto\">Siempre estamos tratando de resolver lo urgente<\/span><span data-contrast=\"auto\">\u00a0y dejamos para despu\u00e9s lo importante<\/span><span data-contrast=\"auto\">\u201d<\/span><span data-contrast=\"auto\">.<\/span><span data-ccp-props=\"{&quot;201341983&quot;:0,&quot;335559739&quot;:160,&quot;335559740&quot;:240}\">\u00a0<\/span><\/p>\n","protected":false},"excerpt":{"rendered":"<p>\u201cInvertir en las universidades p\u00fablicas es una apuesta segura y no un gasto del que se puede prescindir en periodos de crisis\u201d: C\u00e9sar Antonio Aguilar, investigador del IIE <\/p>\n","protected":false},"author":1775,"featured_media":94703,"comment_status":"closed","ping_status":"closed","sticky":false,"template":"","format":"standard","meta":{"footnotes":""},"categories":[1],"tags":[1852,139,848,749],"class_list":["post-94702","post","type-post","status-publish","format-standard","has-post-thumbnail","hentry","category-general","tag-cesar-antonio-aguilar","tag-iie","tag-instituto-de-investigaciones-en-educacion","tag-investigador"],"_links":{"self":[{"href":"https:\/\/www.uv.mx\/prensa\/wp-json\/wp\/v2\/posts\/94702","targetHints":{"allow":["GET"]}}],"collection":[{"href":"https:\/\/www.uv.mx\/prensa\/wp-json\/wp\/v2\/posts"}],"about":[{"href":"https:\/\/www.uv.mx\/prensa\/wp-json\/wp\/v2\/types\/post"}],"author":[{"embeddable":true,"href":"https:\/\/www.uv.mx\/prensa\/wp-json\/wp\/v2\/users\/1775"}],"replies":[{"embeddable":true,"href":"https:\/\/www.uv.mx\/prensa\/wp-json\/wp\/v2\/comments?post=94702"}],"version-history":[{"count":1,"href":"https:\/\/www.uv.mx\/prensa\/wp-json\/wp\/v2\/posts\/94702\/revisions"}],"predecessor-version":[{"id":94741,"href":"https:\/\/www.uv.mx\/prensa\/wp-json\/wp\/v2\/posts\/94702\/revisions\/94741"}],"wp:featuredmedia":[{"embeddable":true,"href":"https:\/\/www.uv.mx\/prensa\/wp-json\/wp\/v2\/media\/94703"}],"wp:attachment":[{"href":"https:\/\/www.uv.mx\/prensa\/wp-json\/wp\/v2\/media?parent=94702"}],"wp:term":[{"taxonomy":"category","embeddable":true,"href":"https:\/\/www.uv.mx\/prensa\/wp-json\/wp\/v2\/categories?post=94702"},{"taxonomy":"post_tag","embeddable":true,"href":"https:\/\/www.uv.mx\/prensa\/wp-json\/wp\/v2\/tags?post=94702"}],"curies":[{"name":"wp","href":"https:\/\/api.w.org\/{rel}","templated":true}]}}