{"id":94679,"date":"2021-03-17T23:04:36","date_gmt":"2021-03-18T05:04:36","guid":{"rendered":"https:\/\/www.uv.mx\/prensa\/?p=94679"},"modified":"2021-03-19T13:09:10","modified_gmt":"2021-03-19T19:09:10","slug":"trabajo-social-clave-para-el-futuro-de-mexico-jorge-bobadilla","status":"publish","type":"post","link":"https:\/\/www.uv.mx\/prensa\/regiones\/coatzacoalcos\/trabajo-social-clave-para-el-futuro-de-mexico-jorge-bobadilla\/","title":{"rendered":"Trabajo social, clave para el futuro de M\u00e9xico: Jorge Bobadilla"},"content":{"rendered":"<p>&nbsp;<\/p>\n<div id=\"attachment_94681\" style=\"width: 484px\" class=\"wp-caption aligncenter\"><a href=\"https:\/\/www.uv.mx\/prensa\/files\/2021\/03\/170321-CECILIA-Trabajo.jpg\"><img loading=\"lazy\" decoding=\"async\" aria-describedby=\"caption-attachment-94681\" class=\"size-full wp-image-94681\" src=\"https:\/\/www.uv.mx\/prensa\/files\/2021\/03\/170321-CECILIA-Trabajo.jpg\" alt=\"\" width=\"474\" height=\"481\" srcset=\"https:\/\/www.uv.mx\/prensa\/files\/2021\/03\/170321-CECILIA-Trabajo.jpg 474w, https:\/\/www.uv.mx\/prensa\/files\/2021\/03\/170321-CECILIA-Trabajo-296x300.jpg 296w\" sizes=\"auto, (max-width: 474px) 100vw, 474px\" \/><\/a><p id=\"caption-attachment-94681\" class=\"wp-caption-text\">Jorge Bobadilla Mart\u00ednez<\/p><\/div>\n<p>&nbsp;<\/p>\n<p><b><i><span data-contrast=\"auto\">Cecilia Escribano Reyes<br \/>\n<\/span><\/i><\/b><\/p>\n<p><b><i><span data-contrast=\"auto\">17<\/span><\/i><\/b><b><i><span data-contrast=\"auto\">\/<\/span><\/i><\/b><b><i><span data-contrast=\"auto\">0<\/span><\/i><\/b><b><i><span data-contrast=\"auto\">3<\/span><\/i><\/b><b><i><span data-contrast=\"auto\">\/202<\/span><\/i><\/b><b><i><span data-contrast=\"auto\">1<\/span><\/i><\/b><b><i><span data-contrast=\"auto\">, <\/span><\/i><\/b><b><i><span data-contrast=\"auto\">Minatitl\u00e1n<\/span><\/i><\/b><b><i><span data-contrast=\"auto\">, <\/span><\/i><\/b><b><i><span data-contrast=\"auto\">Ver.-<\/span><\/i><\/b> <span data-contrast=\"auto\">Jorge Bobadilla Mart\u00ednez<\/span><span data-contrast=\"auto\">, <\/span><span data-contrast=\"auto\">c<\/span><span data-contrast=\"auto\">oordinador <\/span><span data-contrast=\"auto\">g<\/span><span data-contrast=\"auto\">eneral de Planeaci\u00f3n<\/span><span data-contrast=\"auto\"> de la <\/span><span data-contrast=\"auto\">Universidad Aut\u00f3noma Metropolitana<\/span><span data-contrast=\"auto\"> (UAM)<\/span> <span data-contrast=\"auto\">Unidad Azcapotzalco<\/span><span data-contrast=\"auto\">, <\/span><span data-contrast=\"auto\">imparti\u00f3 <\/span><span data-contrast=\"auto\">el <\/span><span data-contrast=\"auto\">15 de marzo<\/span> <span data-contrast=\"auto\">la conferencia magistral \u201c<\/span><span data-contrast=\"auto\">El futuro del perfil profesional en el trabajo social y el papel de las competencias digitales<\/span><span data-contrast=\"auto\">\u201d, <\/span><span data-contrast=\"auto\">invitado por la<\/span><a href=\"https:\/\/www.uv.mx\/coatza\/trabajosocial\/\" target=\"_blank\" rel=\"noopener\"><span data-contrast=\"auto\"> Facultad <\/span><\/a><span data-contrast=\"auto\">Trabajo Social de la Universidad Veracruzana<\/span><span data-contrast=\"auto\"> (UV).<\/span><span data-ccp-props=\"{&quot;201341983&quot;:0,&quot;335559739&quot;:160,&quot;335559740&quot;:240}\">\u00a0<\/span><\/p>\n<p><span data-contrast=\"auto\">El evento se realiz\u00f3 a<\/span> <span data-contrast=\"auto\">trav\u00e9s de la plataforma <\/span><i><span data-contrast=\"auto\">UV-Zoom<\/span><\/i><span data-contrast=\"auto\">, <\/span><span data-contrast=\"auto\">cont\u00f3 con la participaci\u00f3n de<\/span><span data-contrast=\"auto\"> directivos, acad\u00e9micos, estudiantes y egresados de la Facultad.<\/span><span data-ccp-props=\"{&quot;201341983&quot;:0,&quot;335559731&quot;:720,&quot;335559739&quot;:160,&quot;335559740&quot;:240}\">\u00a0<\/span><\/p>\n<p><span data-contrast=\"auto\">Bobadilla Mart\u00ednez<\/span><span data-contrast=\"auto\"> explic\u00f3 que el t<\/span><span data-contrast=\"auto\">rabajo social <\/span><span data-contrast=\"auto\">es<\/span> <span data-contrast=\"auto\">una actividad clave para el futuro <\/span><span data-contrast=\"auto\">de<\/span><span data-contrast=\"auto\"> M\u00e9xico<\/span><span data-contrast=\"auto\"> pues<\/span> <span data-contrast=\"auto\">la<\/span> <span data-contrast=\"auto\">a<\/span><span data-contrast=\"auto\">tenci\u00f3n promueve el cambio social, la resoluci\u00f3n de problemas en las relaciones humanas y el fortalecimiento comunitario para incrementar el bienestar, por medio de la utilizaci\u00f3n de teor\u00edas sobre el comportamiento humano y los sistemas sociales<\/span><span data-contrast=\"auto\">.<\/span><span data-ccp-props=\"{&quot;201341983&quot;:0,&quot;335559731&quot;:720,&quot;335559739&quot;:160,&quot;335559740&quot;:240}\">\u00a0<\/span><\/p>\n<p><span data-contrast=\"auto\">R<\/span><span data-contrast=\"auto\">ecalc\u00f3 que la<\/span> <span data-contrast=\"auto\">cifra de estudiantes de Trabajo Social a nivel nacional es de 35 mil 887, de los cuales el 59 por ciento estudia en instituciones p\u00fablicas y el 41 por ciento en <\/span><span data-contrast=\"auto\">privada<\/span><span data-contrast=\"auto\">s.<\/span><span data-ccp-props=\"{&quot;201341983&quot;:0,&quot;335559731&quot;:720,&quot;335559739&quot;:160,&quot;335559740&quot;:240}\">\u00a0<\/span><\/p>\n<p><span data-contrast=\"auto\">\u201c<\/span><span data-contrast=\"auto\">E<\/span><span data-contrast=\"auto\">s la carrera 56 en la lista de las mejor pagadas (de un total de 59 en la lista). A nivel nacional, 49.5 <\/span><span data-contrast=\"auto\">por ciento <\/span><span data-contrast=\"auto\">trabajan en el sector privado<\/span><span data-contrast=\"auto\">,<\/span><span data-contrast=\"auto\"> 82.8 <\/span><span data-contrast=\"auto\">por ciento <\/span><span data-contrast=\"auto\">son trabajadores subordinados y remunerados<\/span><span data-contrast=\"auto\"> y<\/span><span data-contrast=\"auto\"> 39.7 por ciento tienen un trabajo acorde a sus estudios. De ellos, 37 por ciento son investigadores y especialistas en ciencias humanas<\/span><span data-contrast=\"auto\">.\u201d<\/span><span data-ccp-props=\"{&quot;201341983&quot;:0,&quot;335559731&quot;:720,&quot;335559739&quot;:160,&quot;335559740&quot;:240}\">\u00a0<\/span><\/p>\n<p><span data-contrast=\"auto\">Enfatiz\u00f3 que los <\/span><span data-contrast=\"auto\">temas<\/span> <span data-contrast=\"auto\">a<\/span><span data-contrast=\"auto\">tenci\u00f3n a la violencia familiar<\/span><span data-contrast=\"auto\">, <\/span><span data-contrast=\"auto\">c<\/span><span data-contrast=\"auto\">iencias de la familia<\/span><span data-contrast=\"auto\">, <\/span><span data-contrast=\"auto\">c<\/span><span data-contrast=\"auto\">onsultor\u00eda familiar<\/span><span data-contrast=\"auto\">, <\/span><span data-contrast=\"auto\">o<\/span><span data-contrast=\"auto\">rientaci\u00f3n familiar y matrimonial<\/span><span data-contrast=\"auto\">, <\/span><span data-contrast=\"auto\">y p<\/span><span data-contrast=\"auto\">revenci\u00f3n en el consumo de drogas y alcohol<\/span> <span data-contrast=\"auto\">son claves en el M\u00e9xico contempor\u00e1neo y en el futuro de nuestra sociedad<\/span><span data-contrast=\"auto\">.<\/span><span data-ccp-props=\"{&quot;201341983&quot;:0,&quot;335559731&quot;:720,&quot;335559739&quot;:160,&quot;335559740&quot;:240}\">\u00a0<\/span><\/p>\n<p><span data-ccp-props=\"{&quot;201341983&quot;:0,&quot;335559739&quot;:160,&quot;335559740&quot;:240}\">\u00a0<\/span><\/p>\n<div id=\"attachment_94680\" style=\"width: 589px\" class=\"wp-caption aligncenter\"><a href=\"https:\/\/www.uv.mx\/prensa\/files\/2021\/03\/170321-CECILIA-Trabajo-2.jpg\"><img loading=\"lazy\" decoding=\"async\" aria-describedby=\"caption-attachment-94680\" class=\"size-full wp-image-94680\" src=\"https:\/\/www.uv.mx\/prensa\/files\/2021\/03\/170321-CECILIA-Trabajo-2.jpg\" alt=\"\" width=\"579\" height=\"481\" srcset=\"https:\/\/www.uv.mx\/prensa\/files\/2021\/03\/170321-CECILIA-Trabajo-2.jpg 579w, https:\/\/www.uv.mx\/prensa\/files\/2021\/03\/170321-CECILIA-Trabajo-2-300x249.jpg 300w\" sizes=\"auto, (max-width: 579px) 100vw, 579px\" \/><\/a><p id=\"caption-attachment-94680\" class=\"wp-caption-text\">Asistentes al evento organizado por la Facultad Trabajo Social<\/p><\/div>\n<p>&nbsp;<\/p>\n<p><b><span data-contrast=\"auto\">\u00bfQu\u00e9 sabemos de los trabajadores sociale<\/span><\/b><b><span data-contrast=\"auto\">s en M\u00e9xico y en la regi\u00f3n del G<\/span><\/b><b><span data-contrast=\"auto\">olfo?<\/span><\/b><span data-ccp-props=\"{&quot;201341983&quot;:0,&quot;335559739&quot;:160,&quot;335559740&quot;:240}\">\u00a0<\/span><\/p>\n<p><span data-contrast=\"auto\">El conferencista present\u00f3 reflexiones sobre <\/span><span data-contrast=\"auto\">los t<\/span><span data-contrast=\"auto\">ra<\/span><span data-contrast=\"auto\">bajadores sociales en la regi\u00f3n<\/span> <span data-contrast=\"auto\">y<\/span><span data-contrast=\"auto\"> explic\u00f3 los indicadores proporcionados por Timoteo Rivera Vicencio<\/span><span data-contrast=\"auto\">, <\/span><span data-contrast=\"auto\">enlace de egresados de la Facultad de Trabajo Social<\/span><span data-contrast=\"auto\">.<\/span><span data-ccp-props=\"{&quot;201341983&quot;:0,&quot;335559739&quot;:160,&quot;335559740&quot;:240}\">\u00a0<\/span><\/p>\n<p><span data-contrast=\"auto\">D<\/span><span data-contrast=\"auto\">e <\/span><span data-contrast=\"auto\">164 encuestados el <\/span><span data-contrast=\"auto\">93<\/span><span data-contrast=\"auto\"> por ciento fueron <\/span><span data-contrast=\"auto\">mujeres<\/span><span data-contrast=\"auto\">; <\/span><span data-contrast=\"auto\">51<\/span> <span data-contrast=\"auto\">por ciento <\/span><span data-contrast=\"auto\">obtuvo empleo antes de seis meses<\/span><span data-contrast=\"auto\">,<\/span><span data-contrast=\"auto\"> 60<\/span> <span data-contrast=\"auto\">por ciento <\/span><span data-contrast=\"auto\">por convocatoria<\/span><span data-contrast=\"auto\">,<\/span> <span data-contrast=\"auto\">68.29<\/span> <span data-contrast=\"auto\">por ciento <\/span><span data-contrast=\"auto\">afirm<\/span><span data-contrast=\"auto\">\u00f3<\/span><span data-contrast=\"auto\"> que est\u00e1 trabajando y el 31.37<\/span> <span data-contrast=\"auto\">por ciento <\/span><span data-contrast=\"auto\">desempleado<\/span><span data-contrast=\"auto\">.<\/span><span data-ccp-props=\"{&quot;201341983&quot;:0,&quot;335559731&quot;:720,&quot;335559739&quot;:160,&quot;335559740&quot;:240}\">\u00a0<\/span><\/p>\n<p><span data-contrast=\"auto\">De los ocupados, el 76.42<\/span> <span data-contrast=\"auto\">por ciento <\/span><span data-contrast=\"auto\">realiza actividades relacionadas con el <\/span><span data-contrast=\"auto\">trabajo social<\/span><span data-contrast=\"auto\">; <\/span><span data-contrast=\"auto\">e<\/span><span data-contrast=\"auto\">l sector p\u00fablico emplea al 77<\/span> <span data-contrast=\"auto\">por ciento <\/span><span data-contrast=\"auto\">y el sector privado al 18<\/span> <span data-contrast=\"auto\">por ciento<\/span><span data-contrast=\"auto\">;<\/span> <span data-contrast=\"auto\">el <\/span><span data-contrast=\"auto\">37.74<\/span> <span data-contrast=\"auto\">por ciento <\/span><span data-contrast=\"auto\">labora en el sector salud<\/span><span data-contrast=\"auto\"> y<\/span><span data-contrast=\"auto\"> 27.36<\/span> <span data-contrast=\"auto\">por ciento <\/span><span data-contrast=\"auto\">en el sector educativo.<\/span><span data-ccp-props=\"{&quot;201341983&quot;:0,&quot;335559731&quot;:720,&quot;335559739&quot;:160,&quot;335559740&quot;:240}\">\u00a0<\/span><\/p>\n<p><span data-contrast=\"auto\">\u201c<\/span><span data-contrast=\"auto\">En <\/span><span data-contrast=\"auto\">cuanto a<\/span><span data-contrast=\"auto\"> conocimientos te\u00f3ricos, se usa la investigaci\u00f3n social y el an\u00e1lisis de los contextos sociales y culturales<\/span><span data-contrast=\"auto\">,<\/span><span data-contrast=\"auto\"> primordialmente<\/span><span data-contrast=\"auto\">.<\/span> <span data-contrast=\"auto\">Las habilidades profesionales m\u00e1s utilizadas son las del trabajo en equipo y las relaciones interpersonales<\/span><span data-contrast=\"auto\">, y los <\/span><span data-contrast=\"auto\">saberes axiol\u00f3gicos m\u00e1s ut<\/span><span data-contrast=\"auto\">ilizados son el r<\/span><span data-contrast=\"auto\">espeto y la <\/span><span data-contrast=\"auto\">r<\/span><span data-contrast=\"auto\">esponsabilidad<\/span><span data-contrast=\"auto\">.\u201d<\/span><span data-ccp-props=\"{&quot;201341983&quot;:0,&quot;335559731&quot;:720,&quot;335559739&quot;:160,&quot;335559740&quot;:240}\">\u00a0<\/span><\/p>\n<p><span data-contrast=\"auto\">Bobadilla Mart\u00ednez<\/span><span data-contrast=\"auto\"> abord\u00f3 la importancia de las<\/span><span data-contrast=\"auto\"> competencias digitales en el futuro del empleo y la formaci\u00f3n del trabajador social<\/span><span data-contrast=\"auto\">, habl\u00f3 de dos lados de la moneda<\/span><span data-contrast=\"auto\">:<\/span> <span data-contrast=\"auto\">en <\/span><span data-contrast=\"auto\">el primero<\/span><span data-contrast=\"auto\">,<\/span> <span data-contrast=\"auto\">se enfrentan \u201c<\/span><span data-contrast=\"auto\">nuevas realidades<\/span><span data-contrast=\"auto\">\u201d <\/span><span data-contrast=\"auto\">y \u201c<\/span><span data-contrast=\"auto\">nuevos<\/span><span data-contrast=\"auto\"> desaf\u00edos<\/span><span data-contrast=\"auto\">\u201d<\/span><span data-contrast=\"auto\">,<\/span><span data-contrast=\"auto\"> como por ejemplo la <\/span><span data-contrast=\"auto\">b<\/span><span data-contrast=\"auto\">recha y <\/span><span data-contrast=\"auto\">d<\/span><span data-contrast=\"auto\">esigualdad digitales<\/span><span data-contrast=\"auto\">.<\/span><span data-ccp-props=\"{&quot;201341983&quot;:0,&quot;335559731&quot;:720,&quot;335559739&quot;:160,&quot;335559740&quot;:240}\">\u00a0<\/span><\/p>\n<p><span data-contrast=\"auto\">En el segundo,<\/span> <span data-contrast=\"auto\">la<\/span><span data-contrast=\"auto\">s<\/span><span data-contrast=\"auto\"> \u201c<\/span><span data-contrast=\"auto\">n<\/span><span data-contrast=\"auto\">uevas realidades<\/span><span data-contrast=\"auto\">\u201d<\/span><span data-contrast=\"auto\"> como la <\/span><span data-contrast=\"auto\">soledad y aislamiento, desempleo, exclusi\u00f3n<\/span><span data-contrast=\"auto\">,<\/span><span data-contrast=\"auto\"> y los <\/span><span data-contrast=\"auto\">\u201c<\/span><span data-contrast=\"auto\">n<\/span><span data-contrast=\"auto\">uevos desaf\u00edos<\/span><span data-contrast=\"auto\">\u201d<\/span><span data-contrast=\"auto\"> como ser un <\/span><span data-contrast=\"auto\">trabajador social <\/span><span data-contrast=\"auto\">como radares, curadores y organizadores<\/span><span data-contrast=\"auto\">, realizando t<\/span><span data-contrast=\"auto\">r\u00e1mites sociales<\/span><span data-contrast=\"auto\">, aplicando<\/span> <span data-contrast=\"auto\">estrategias<\/span><span data-contrast=\"auto\"> del <\/span><span data-contrast=\"auto\">trabajo social<\/span><span data-contrast=\"auto\">: conectividad digital,<\/span><span data-contrast=\"auto\"> acceso <\/span><span data-contrast=\"auto\">a la informaci\u00f3n y conocimiento,<\/span><span data-contrast=\"auto\"> la <\/span><span data-contrast=\"auto\">participaci\u00f3n y la identidad digital<\/span><span data-contrast=\"auto\">.<\/span><span data-ccp-props=\"{&quot;201341983&quot;:0,&quot;335559731&quot;:720,&quot;335559739&quot;:160,&quot;335559740&quot;:240}\">\u00a0<\/span><\/p>\n<p><span data-contrast=\"auto\">\u201c<\/span><span data-contrast=\"auto\">Usar en el trabajo social las redes sociales, los grandes datos, <\/span><span data-contrast=\"auto\">la inteligencia artificial, el <\/span><i><span data-contrast=\"auto\">learning<\/span><\/i><i><span data-contrast=\"auto\"> machine<\/span><\/i><span data-contrast=\"auto\"> y el <\/span><i><span data-contrast=\"auto\">blockchain<\/span><\/i><span data-contrast=\"auto\">, adem\u00e1s de la <\/span><span data-contrast=\"auto\">aplicaci\u00f3n<\/span> <span data-contrast=\"auto\">de <\/span><i><span data-contrast=\"auto\">W<\/span><\/i><i><span data-contrast=\"auto\">h<\/span><\/i><i><span data-contrast=\"auto\">ats<\/span><\/i><i><span data-contrast=\"auto\">A<\/span><\/i><i><span data-contrast=\"auto\">pp<\/span><\/i><span data-contrast=\"auto\"> para atender a pacientes en la pandemia<\/span><span data-contrast=\"auto\">.\u201d<\/span><span data-ccp-props=\"{&quot;201341983&quot;:0,&quot;335559731&quot;:720,&quot;335559739&quot;:160,&quot;335559740&quot;:240}\">\u00a0<\/span><\/p>\n<p><span data-contrast=\"auto\">Enfatiz\u00f3 que <\/span><span data-contrast=\"auto\">h<\/span><span data-contrast=\"auto\">ablar de competencias y habilidades digitales es hablar de un repertorio amplio que permite cumplir de mejor manera los retos que la realidad impone al trabajo social.<\/span> <span data-contrast=\"auto\">Este es el punto de partida para procesos de formaci\u00f3n, actualizaci\u00f3n y profesionalizaci\u00f3n contextualizadas y con una visi\u00f3n de largo plazo<\/span><span data-contrast=\"auto\">\u201d.<\/span><span data-ccp-props=\"{&quot;201341983&quot;:0,&quot;335559731&quot;:720,&quot;335559739&quot;:160,&quot;335559740&quot;:240}\">\u00a0<\/span><\/p>\n<p><span data-contrast=\"auto\">Jorge Bobadilla Mart\u00ednez<\/span> <span data-contrast=\"auto\">es e<\/span><span data-contrast=\"auto\">conomista egresado de la UAM-Azcapotzalco; psic\u00f3logo por la Universidad Tecnol\u00f3gica de M\u00e9xico<\/span><span data-contrast=\"auto\">; tiene<\/span><span data-contrast=\"auto\"> Maestr\u00eda en Econom\u00eda <\/span><span data-contrast=\"auto\">por el ITAM<\/span><span data-contrast=\"auto\"> y en P<\/span><span data-contrast=\"auto\">ol\u00edticas P\u00fablicas por la <\/span><span data-contrast=\"auto\">UAM-Xochimilco<\/span><span data-contrast=\"auto\">.<\/span><span data-contrast=\"auto\"> Ha cursado diplomados y cursos cortos en instituciones como la Universid<\/span><span data-contrast=\"auto\">ad de California en Los \u00c1ngeles,<\/span><span data-contrast=\"auto\"> Universidad de California en Berkeley<\/span><span data-contrast=\"auto\"> y<\/span><span data-contrast=\"auto\"> Universidad de Georgetown<\/span><span data-contrast=\"auto\">.<\/span><span data-ccp-props=\"{&quot;201341983&quot;:0,&quot;335559731&quot;:720,&quot;335559739&quot;:160,&quot;335559740&quot;:240}\">\u00a0<\/span><\/p>\n","protected":false},"excerpt":{"rendered":"<p>El acad\u00e9mico de la UAM imparti\u00f3 la conferencia magistral \u201cEl futuro del perfil profesional en el trabajo social y el papel de las competencias digitales\u201d<\/p>\n","protected":false},"author":1508,"featured_media":94681,"comment_status":"closed","ping_status":"closed","sticky":false,"template":"","format":"standard","meta":{"footnotes":""},"categories":[52],"tags":[],"class_list":["post-94679","post","type-post","status-publish","format-standard","has-post-thumbnail","hentry","category-coatzacoalcos"],"_links":{"self":[{"href":"https:\/\/www.uv.mx\/prensa\/wp-json\/wp\/v2\/posts\/94679","targetHints":{"allow":["GET"]}}],"collection":[{"href":"https:\/\/www.uv.mx\/prensa\/wp-json\/wp\/v2\/posts"}],"about":[{"href":"https:\/\/www.uv.mx\/prensa\/wp-json\/wp\/v2\/types\/post"}],"author":[{"embeddable":true,"href":"https:\/\/www.uv.mx\/prensa\/wp-json\/wp\/v2\/users\/1508"}],"replies":[{"embeddable":true,"href":"https:\/\/www.uv.mx\/prensa\/wp-json\/wp\/v2\/comments?post=94679"}],"version-history":[{"count":1,"href":"https:\/\/www.uv.mx\/prensa\/wp-json\/wp\/v2\/posts\/94679\/revisions"}],"predecessor-version":[{"id":94717,"href":"https:\/\/www.uv.mx\/prensa\/wp-json\/wp\/v2\/posts\/94679\/revisions\/94717"}],"wp:featuredmedia":[{"embeddable":true,"href":"https:\/\/www.uv.mx\/prensa\/wp-json\/wp\/v2\/media\/94681"}],"wp:attachment":[{"href":"https:\/\/www.uv.mx\/prensa\/wp-json\/wp\/v2\/media?parent=94679"}],"wp:term":[{"taxonomy":"category","embeddable":true,"href":"https:\/\/www.uv.mx\/prensa\/wp-json\/wp\/v2\/categories?post=94679"},{"taxonomy":"post_tag","embeddable":true,"href":"https:\/\/www.uv.mx\/prensa\/wp-json\/wp\/v2\/tags?post=94679"}],"curies":[{"name":"wp","href":"https:\/\/api.w.org\/{rel}","templated":true}]}}