{"id":94571,"date":"2021-03-16T19:32:28","date_gmt":"2021-03-17T01:32:28","guid":{"rendered":"https:\/\/www.uv.mx\/prensa\/?p=94571"},"modified":"2021-03-17T12:23:18","modified_gmt":"2021-03-17T18:23:18","slug":"adultos-mayores-aplaudieron-servicio-de-la-uv-en-jornada-de-vacunacion","status":"publish","type":"post","link":"https:\/\/www.uv.mx\/prensa\/banner\/adultos-mayores-aplaudieron-servicio-de-la-uv-en-jornada-de-vacunacion\/","title":{"rendered":"Adultos mayores aplaudieron servicio de la UV en jornada de vacunaci\u00f3n"},"content":{"rendered":"<ul>\n<li data-leveltext=\"\uf0b7\" data-font=\"Symbol\" data-listid=\"5\" data-aria-posinset=\"1\" data-aria-level=\"1\"><i><span data-contrast=\"auto\">Con acciones de este tipo, esta casa de estudios refrenda que se encuen<\/span><\/i><i><span data-contrast=\"auto\">tra al servicio de la sociedad\u201d:<\/span><\/i><i><span data-contrast=\"auto\">\u00a0Salvador Valencia Carmona<\/span><\/i><span data-ccp-props=\"{}\">\u00a0<\/span><\/li>\n<li data-leveltext=\"\uf0b7\" data-font=\"Symbol\" data-listid=\"5\" data-aria-posinset=\"2\" data-aria-level=\"1\"><i><span data-contrast=\"auto\">\u201cLa atenci\u00f3n de estudiantes y pe<\/span><\/i><i><span data-contrast=\"auto\">rsonal de la UV fue excelente\u201d:\u00a0<\/span><\/i><i><span data-contrast=\"auto\">Mar\u00eda del Pilar Ram\u00edrez<\/span><\/i><span data-ccp-props=\"{}\">\u00a0<\/span><\/li>\n<li data-leveltext=\"\uf0b7\" data-font=\"Symbol\" data-listid=\"5\" data-aria-posinset=\"3\" data-aria-level=\"1\"><i><span data-contrast=\"auto\">\u201cLa UV cue<\/span><\/i><i><span data-contrast=\"auto\">nta con seres humanos buenos y\u00a0<\/span><\/i><i><span data-contrast=\"auto\">comprometidos con su profesi\u00f3n\u201d:<\/span><\/i><i><span data-contrast=\"auto\">\u00a0No\u00e9 Pozos C\u00f3rdoba<\/span><\/i><span data-ccp-props=\"{}\">\u00a0<\/span><\/li>\n<\/ul>\n<p><span data-ccp-props=\"{}\">\u00a0<\/span><\/p>\n<div id=\"attachment_94567\" style=\"width: 732px\" class=\"wp-caption aligncenter\"><a href=\"https:\/\/www.uv.mx\/prensa\/files\/2021\/03\/160321-Vacunacion-1-100k.jpg\"><img loading=\"lazy\" decoding=\"async\" aria-describedby=\"caption-attachment-94567\" class=\"size-full wp-image-94567\" src=\"https:\/\/www.uv.mx\/prensa\/files\/2021\/03\/160321-Vacunacion-1-100k.jpg\" alt=\"En el punto de vacunaci\u00f3n de Ciencias de la Salud participan diariamente alrededor de 100 voluntarios universitarios, entre acad\u00e9micos y estudiantes \" width=\"722\" height=\"482\" srcset=\"https:\/\/www.uv.mx\/prensa\/files\/2021\/03\/160321-Vacunacion-1-100k.jpg 722w, https:\/\/www.uv.mx\/prensa\/files\/2021\/03\/160321-Vacunacion-1-100k-300x200.jpg 300w\" sizes=\"auto, (max-width: 722px) 100vw, 722px\" \/><\/a><p id=\"caption-attachment-94567\" class=\"wp-caption-text\">En el punto de vacunaci\u00f3n de Ciencias de la Salud participan diariamente alrededor de 100 voluntarios universitarios, entre acad\u00e9micos y estudiantes<\/p><\/div>\n<p>&nbsp;<\/p>\n<p><b><i><span data-contrast=\"auto\">Carlos Hugo Hermida Rosales<\/span><\/i><\/b><span data-ccp-props=\"{}\">\u00a0<\/span><\/p>\n<p><b><i><span data-contrast=\"auto\">16\/03<\/span><\/i><\/b><b><i><span data-contrast=\"auto\">\/202<\/span><\/i><\/b><b><i><span data-contrast=\"auto\">1<\/span><\/i><\/b><b><i><span data-contrast=\"auto\">,<\/span><\/i><\/b><b><i><span data-contrast=\"auto\">\u00a0<\/span><\/i><\/b><b><i><span data-contrast=\"auto\">Xalapa, Ver.<\/span><\/i><\/b><b><i><span data-contrast=\"auto\">\u00a0<\/span><\/i><\/b><span data-contrast=\"auto\">Adultos mayores que acudieron al punto de vacunaci\u00f3n ubicado en la Unidad de\u00a0<\/span><span data-contrast=\"auto\"><a href=\"https:\/\/www.uv.mx\/orgmet\/ciencias-de-la-salud\/\" target=\"_blank\" rel=\"noopener\">Ciencias de la Salud<\/a> de la regi\u00f3n Xalapa de la Universidad Veracruzana (UV), resaltaron la bondad y profesionalismo de los estudiantes y personal universitario que apoya en el\u00a0<\/span><span data-contrast=\"auto\">Plan\u00a0<\/span><span data-contrast=\"auto\">Nacional de Vacunaci\u00f3n contra la<\/span><span data-contrast=\"auto\">\u00a0Covid-19<\/span><span data-contrast=\"auto\">, coordinado por el gobierno federal.<\/span><span data-ccp-props=\"{}\">\u00a0<\/span><\/p>\n<p><span data-contrast=\"auto\">Entre<\/span><span data-contrast=\"auto\">vistadas en el cuarto d\u00eda de la jornada de vacunaci\u00f3n, las personas accedieron con agrado a comentar c\u00f3mo se hab\u00edan sentido con la atenci\u00f3n recibida.<\/span><\/p>\n<div id=\"attachment_94561\" style=\"width: 732px\" class=\"wp-caption aligncenter\"><a href=\"https:\/\/www.uv.mx\/prensa\/files\/2021\/03\/160321-Vacunacion-2-100k.jpg\"><img loading=\"lazy\" decoding=\"async\" aria-describedby=\"caption-attachment-94561\" class=\"size-full wp-image-94561\" src=\"https:\/\/www.uv.mx\/prensa\/files\/2021\/03\/160321-Vacunacion-2-100k.jpg\" alt=\"Las personas vacunadas realizan peque\u00f1os ejercicios f\u00edsicos \" width=\"722\" height=\"482\" srcset=\"https:\/\/www.uv.mx\/prensa\/files\/2021\/03\/160321-Vacunacion-2-100k.jpg 722w, https:\/\/www.uv.mx\/prensa\/files\/2021\/03\/160321-Vacunacion-2-100k-300x200.jpg 300w\" sizes=\"auto, (max-width: 722px) 100vw, 722px\" \/><\/a><p id=\"caption-attachment-94561\" class=\"wp-caption-text\">Las personas vacunadas realizan peque\u00f1os ejercicios f\u00edsicos<\/p><\/div>\n<p><span data-contrast=\"auto\">En primera instancia\u00a0<\/span><span data-contrast=\"auto\">Mar\u00eda del Pilar Ram\u00edrez Jim\u00e9nez<\/span><span data-contrast=\"auto\">\u00a0asegur\u00f3 q<\/span><span data-contrast=\"auto\">ue el proceso de vacunaci\u00f3n est\u00e1 muy bien organizado,\u00a0<\/span><span data-contrast=\"auto\">que la aplicaci\u00f3n de la v<\/span><span data-contrast=\"auto\">acuna no le gener\u00f3 ning\u00fan dolor,<\/span><span data-contrast=\"auto\">\u00a0que la atenci\u00f3n de estudiantes y personal de la UV fue excelente, y anim\u00f3 a la poblaci\u00f3n a acudir a este punto de vacunaci\u00f3n.<\/span><\/p>\n<p><span data-contrast=\"auto\">La se\u00f1ora\u00a0<\/span><span data-contrast=\"auto\">E<\/span><span data-contrast=\"auto\">lodia S\u00e1nchez Rodr\u00edguez destac\u00f3<\/span><span data-contrast=\"auto\">\u00a0la\u00a0<\/span><span data-contrast=\"auto\">dedicaci\u00f3n, el profesionalismo del personal de la UV<\/span><span data-contrast=\"auto\">\u00a0y aplaudi\u00f3 a esta casa de estudios por sumarse al Plan Nacional de Vacunaci\u00f3n.<\/span><\/p>\n<div id=\"attachment_94562\" style=\"width: 732px\" class=\"wp-caption aligncenter\"><a href=\"https:\/\/www.uv.mx\/prensa\/files\/2021\/03\/160321-Vacunacion-3-100k.jpg\"><img loading=\"lazy\" decoding=\"async\" aria-describedby=\"caption-attachment-94562\" class=\"size-full wp-image-94562\" src=\"https:\/\/www.uv.mx\/prensa\/files\/2021\/03\/160321-Vacunacion-3-100k.jpg\" alt=\"Salvador Valencia Carmona, ex rector de la UV, dijo que la UV tiene una historia de servicio a la comunidad \" width=\"722\" height=\"482\" srcset=\"https:\/\/www.uv.mx\/prensa\/files\/2021\/03\/160321-Vacunacion-3-100k.jpg 722w, https:\/\/www.uv.mx\/prensa\/files\/2021\/03\/160321-Vacunacion-3-100k-300x200.jpg 300w\" sizes=\"auto, (max-width: 722px) 100vw, 722px\" \/><\/a><p id=\"caption-attachment-94562\" class=\"wp-caption-text\">Salvador Valencia Carmona, ex rector de la UV, dijo que la UV tiene una historia de servicio a la comunidad<\/p><\/div>\n<p><span data-contrast=\"auto\">En el mismo tenor,\u00a0<\/span><span data-contrast=\"auto\">Mar\u00eda F\u00e9lix Reyes Violante<\/span><span data-contrast=\"auto\">\u00a0agradeci\u00f3 a la universidad por apoyar en la aplicaci\u00f3n de las vacunas.\u00a0 \u201cE<\/span><span data-contrast=\"auto\">l trato del personal\u00a0<\/span><span data-contrast=\"auto\">universitario fue muy bondadoso,<\/span><span data-contrast=\"auto\">\u00a0en todo momen<\/span><span data-contrast=\"auto\">to estuvieron pendientes de m\u00ed\u201d<\/span><span data-contrast=\"auto\">.<\/span><span data-ccp-props=\"{&quot;335559731&quot;:708}\">\u00a0<\/span><\/p>\n<p><span data-contrast=\"auto\">\u00a0Romel Reyes, estudiante de posgrado de la UV que acompa\u00f1\u00f3<\/span><span data-contrast=\"auto\">\u00a0a su mam\u00e1 a vacunarse, dijo<\/span><span data-contrast=\"auto\">\u00a0que la atenci\u00f3n fue \u00e1gil y de primera, adem\u00e1s de muy profesional.<\/span><span data-contrast=\"auto\">\u00a0<\/span><span data-contrast=\"auto\">\u201cLas enfermeras explicaron la marca de la vacuna, y las posibles reacciones secundarias\u201d,\u00a0<\/span><span data-contrast=\"auto\">detall\u00f3<\/span><span data-contrast=\"auto\">.<\/span><\/p>\n<div id=\"attachment_94563\" style=\"width: 732px\" class=\"wp-caption aligncenter\"><a href=\"https:\/\/www.uv.mx\/prensa\/files\/2021\/03\/160321-Vacunacion-4-100k.jpg\"><img loading=\"lazy\" decoding=\"async\" aria-describedby=\"caption-attachment-94563\" class=\"size-full wp-image-94563\" src=\"https:\/\/www.uv.mx\/prensa\/files\/2021\/03\/160321-Vacunacion-4-100k.jpg\" alt=\"Mar\u00eda del Pilar Ram\u00edrez Jim\u00e9nez \" width=\"722\" height=\"482\" srcset=\"https:\/\/www.uv.mx\/prensa\/files\/2021\/03\/160321-Vacunacion-4-100k.jpg 722w, https:\/\/www.uv.mx\/prensa\/files\/2021\/03\/160321-Vacunacion-4-100k-300x200.jpg 300w\" sizes=\"auto, (max-width: 722px) 100vw, 722px\" \/><\/a><p id=\"caption-attachment-94563\" class=\"wp-caption-text\">Mar\u00eda del Pilar Ram\u00edrez Jim\u00e9nez<\/p><\/div>\n<p><span data-contrast=\"auto\">El joven asegur\u00f3 que la UV siempre ha sido una instituci\u00f3n altruista,\u00a0<\/span><span data-contrast=\"auto\">que fomenta este sentimiento entre sus estudiantes y personal.<\/span><span data-ccp-props=\"{&quot;335559731&quot;:708}\">\u00a0<\/span><\/p>\n<p><span data-contrast=\"auto\">No\u00e9 Pozos C\u00f3rdoba afirm\u00f3 que el personal y estudiant<\/span><span data-contrast=\"auto\">es de la UV son seres humanos \u201cb<\/span><span data-contrast=\"auto\">uenos y comprometidos con su profesi\u00f3n\u201d; asegur\u00f3 que en todo el proceso de vacunaci\u00f3n fue tratado con mucha amabilidad y respeto.<\/span><\/p>\n<p><span data-contrast=\"auto\">Martha Silva Moreno calific\u00f3 como excelente el trato recibido por el<\/span><span data-contrast=\"auto\">\u00a0pers<\/span><span data-contrast=\"auto\">onal universitario \u201cfue m\u00e1<\/span><span data-contrast=\"auto\">s r\u00e1pido de lo que esperaba<\/span><span data-contrast=\"auto\">\u201d<\/span><span data-contrast=\"auto\">; relat\u00f3 que ella\u00a0<\/span><span data-contrast=\"auto\">pens\u00f3<\/span><span data-contrast=\"auto\">\u00a0tardar<\/span><span data-contrast=\"auto\">\u00eda m\u00e1s tiempo<\/span><span data-contrast=\"auto\">\u00a0y que incluso trajo de su casa un banquito que nunca utiliz\u00f3. Invit\u00f3 a todos los adultos mayores a vacunarse, para erradicar poco a poco el Covid-19.<\/span><\/p>\n<p><span data-contrast=\"auto\">Salvador Valencia Carmona, quien fungi\u00f3 como<\/span><span data-contrast=\"auto\">\u00a0rector de la UV de 1986 a 1991 tambi\u00e9n<\/span><span data-contrast=\"auto\">\u00a0acudi\u00f3 a vacunarse<\/span><span data-contrast=\"auto\">\u00a0en esta sede. F<\/span><span data-contrast=\"auto\">elicit\u00f3 ampliamente a estudiantes y personal universitario por su trato tan profesional.<\/span><\/p>\n<div id=\"attachment_94568\" style=\"width: 732px\" class=\"wp-caption aligncenter\"><a href=\"https:\/\/www.uv.mx\/prensa\/files\/2021\/03\/160321-Vacunacion-5-100k.jpg\"><img loading=\"lazy\" decoding=\"async\" aria-describedby=\"caption-attachment-94568\" class=\"size-full wp-image-94568\" src=\"https:\/\/www.uv.mx\/prensa\/files\/2021\/03\/160321-Vacunacion-5-100k.jpg\" alt=\"Estudiantes de Odontolog\u00eda apoyaron en labores log\u00edsticas en el punto de vacunaci\u00f3n \" width=\"722\" height=\"482\" srcset=\"https:\/\/www.uv.mx\/prensa\/files\/2021\/03\/160321-Vacunacion-5-100k.jpg 722w, https:\/\/www.uv.mx\/prensa\/files\/2021\/03\/160321-Vacunacion-5-100k-300x200.jpg 300w\" sizes=\"auto, (max-width: 722px) 100vw, 722px\" \/><\/a><p id=\"caption-attachment-94568\" class=\"wp-caption-text\">Estudiantes de Odontolog\u00eda apoyaron en labores log\u00edsticas en el punto de vacunaci\u00f3n<\/p><\/div>\n<p><span data-contrast=\"auto\">El ex rector agreg\u00f3\u00a0<\/span><span data-contrast=\"auto\">que\u00a0con acciones de este tipo, esta casa de estudios refrenda que se encuentra al servicio de la sociedad.<\/span><span data-ccp-props=\"{&quot;335559731&quot;:708}\">\u00a0<\/span><\/p>\n<p><span data-contrast=\"auto\">Pedro Guti\u00e9rrez Aguilar, director general del \u00c1rea Acad\u00e9mica de Ciencias de la Salud,\u00a0<\/span><span data-contrast=\"auto\">mencion\u00f3<\/span><span data-contrast=\"auto\">\u00a0que en est<\/span><span data-contrast=\"auto\">a<\/span><span data-contrast=\"auto\">\u00a0fecha se cumpli\u00f3 el cuarto\u00a0<\/span><span data-contrast=\"auto\">d\u00eda de vacunaci\u00f3n, y que el mi\u00e9rcoles 17 de marzo ser\u00e1 el \u00faltimo.\u00a0<\/span><\/p>\n<p><span data-contrast=\"auto\">Comparti\u00f3 que diariamente se han vacunado de 450 a 500 personas, lo que da un total de entre el 85 y 90 por ciento de la cifra estimada por las autoridades sanitarias.<\/span><span data-ccp-props=\"{&quot;335559731&quot;:708}\">\u00a0<\/span><\/p>\n<p><span data-contrast=\"auto\">\u00a0L<\/span><span data-contrast=\"auto\">os estudiantes de los programas educativos de M\u00e9dico Cirujano,\u202fEnfermer\u00eda, Odontolog\u00eda y Nutrici\u00f3n<\/span><span data-contrast=\"auto\">\u00a0que han participado en este proceso pasar\u00e1n a la historia, y adem\u00e1s tendr\u00e1n un gran aprendizaje que les ser\u00e1 de mucha ayuda<\/span><span data-contrast=\"auto\">\u00a0en su trayectoria profesional, agreg\u00f3 el funcionario.<\/span><\/p>\n<div id=\"attachment_94564\" style=\"width: 732px\" class=\"wp-caption aligncenter\"><a href=\"https:\/\/www.uv.mx\/prensa\/files\/2021\/03\/160321-Vacunacion-6-100k.jpg\"><img loading=\"lazy\" decoding=\"async\" aria-describedby=\"caption-attachment-94564\" class=\"size-full wp-image-94564\" src=\"https:\/\/www.uv.mx\/prensa\/files\/2021\/03\/160321-Vacunacion-6-100k.jpg\" alt=\"Mar\u00eda F\u00e9lix y Romel Reyes destacaron la gran atenci\u00f3n del personal universitario\" width=\"722\" height=\"482\" srcset=\"https:\/\/www.uv.mx\/prensa\/files\/2021\/03\/160321-Vacunacion-6-100k.jpg 722w, https:\/\/www.uv.mx\/prensa\/files\/2021\/03\/160321-Vacunacion-6-100k-300x200.jpg 300w\" sizes=\"auto, (max-width: 722px) 100vw, 722px\" \/><\/a><p id=\"caption-attachment-94564\" class=\"wp-caption-text\">Mar\u00eda F\u00e9lix y Romel Reyes destacaron la gran atenci\u00f3n del personal universitario<\/p><\/div>\n<p><span data-contrast=\"auto\">Alberto Navarrete Mungu\u00eda, director de\u00a0<\/span><span data-contrast=\"auto\">la Facultad de Medicina, sostuvo<\/span><span data-contrast=\"auto\">\u00a0que las jornadas de vacunaci\u00f3n han sido una experiencia muy satisfactoria para todos los participantes.<\/span><\/p>\n<p><span data-ccp-props=\"{&quot;335559731&quot;:708}\">\u00a0<\/span><span data-contrast=\"auto\">\u201c<\/span><span data-contrast=\"auto\">Esta experiencia\u00a0<\/span><span data-contrast=\"auto\">fortalecer\u00e1<\/span><span data-contrast=\"auto\">\u00a0la formaci\u00f3n de los\u00a0<\/span><span data-contrast=\"auto\">estudiantes<\/span><span data-contrast=\"auto\">,<\/span><span data-contrast=\"auto\">\u00a0ya que<\/span><span data-contrast=\"auto\">\u00a0se enfrentan a una realidad controlada bajo una log\u00edstica\u00a0<\/span><span data-contrast=\"auto\">bien e<\/span><span data-contrast=\"auto\">structurada<\/span><span data-contrast=\"auto\">\u201d, enfatiz\u00f3.\u00a0<\/span><\/p>\n<div id=\"attachment_94565\" style=\"width: 732px\" class=\"wp-caption aligncenter\"><a href=\"https:\/\/www.uv.mx\/prensa\/files\/2021\/03\/160321-Vacunacion-7-100k.jpg\"><img loading=\"lazy\" decoding=\"async\" aria-describedby=\"caption-attachment-94565\" class=\"size-full wp-image-94565\" src=\"https:\/\/www.uv.mx\/prensa\/files\/2021\/03\/160321-Vacunacion-7-100k.jpg\" alt=\"Estudiantes universitarios muestran un gran entusiasmo al apoyar en este punto de vacunaci\u00f3n \" width=\"722\" height=\"482\" srcset=\"https:\/\/www.uv.mx\/prensa\/files\/2021\/03\/160321-Vacunacion-7-100k.jpg 722w, https:\/\/www.uv.mx\/prensa\/files\/2021\/03\/160321-Vacunacion-7-100k-300x200.jpg 300w\" sizes=\"auto, (max-width: 722px) 100vw, 722px\" \/><\/a><p id=\"caption-attachment-94565\" class=\"wp-caption-text\">Estudiantes universitarios muestran un gran entusiasmo al apoyar en este punto de vacunaci\u00f3n<\/p><\/div>\n<p><span data-contrast=\"auto\">Mar\u00eda Matilde Ortega\u00a0Labourdet<\/span><span data-contrast=\"auto\">, directora de la Facultad de Odontolog\u00eda, relat\u00f3 que los\u00a0<\/span><span data-contrast=\"auto\">alumnos<\/span><span data-contrast=\"auto\">\u00a0de esta entidad acad\u00e9mica participan principalmente en el \u00e1rea log\u00edstica de captura de datos, y apoyan a las personas que no sab<\/span><span data-contrast=\"auto\">en<\/span><span data-contrast=\"auto\">\u00a0c\u00f3<\/span><span data-contrast=\"auto\">mo registrarse para ser vacunadas.<\/span><span data-ccp-props=\"{&quot;335559731&quot;:708}\">\u00a0<\/span><\/p>\n<p><span data-contrast=\"auto\">Manifest\u00f3 que la\u00a0<\/span><span data-contrast=\"auto\">formaci\u00f3n human\u00edstica de servicio a la comunidad<\/span><span data-contrast=\"auto\">\u00a0que la UV les brinda,<\/span><span data-contrast=\"auto\">\u00a0<\/span><span data-contrast=\"auto\">fortalece<\/span><span data-contrast=\"auto\">\u00a0el perfil con que ellos egresan y la\u00a0<\/span><span data-contrast=\"auto\">educaci\u00f3n\u00a0<\/span><span data-contrast=\"auto\">que se les da.\u00a0<\/span><\/p>\n<div id='gallery-1' class='gallery galleryid-94571 gallery-columns-3 gallery-size-full'><dl class='gallery-item'>\n\t\t\t<dt class='gallery-icon landscape'>\n\t\t\t\t<a href='https:\/\/www.uv.mx\/prensa\/general\/departamento-de-orientacion-educativa-del-sea-inicio-actividades\/attachment\/160321-vacunacion-8-100k\/'><img loading=\"lazy\" decoding=\"async\" width=\"722\" height=\"482\" src=\"https:\/\/www.uv.mx\/prensa\/files\/2021\/03\/160321-Vacunacion-8-100k.jpg\" class=\"attachment-full size-full\" alt=\"Pedro Guti\u00e9rrez Aguilar refiri\u00f3 que esta experiencia ser\u00e1 de mucha ayuda para la trayectoria profesional de los estudiantes\" aria-describedby=\"gallery-1-94569\" srcset=\"https:\/\/www.uv.mx\/prensa\/files\/2021\/03\/160321-Vacunacion-8-100k.jpg 722w, https:\/\/www.uv.mx\/prensa\/files\/2021\/03\/160321-Vacunacion-8-100k-300x200.jpg 300w\" sizes=\"auto, (max-width: 722px) 100vw, 722px\" \/><\/a>\n\t\t\t<\/dt>\n\t\t\t\t<dd class='wp-caption-text gallery-caption' id='gallery-1-94569'>\n\t\t\t\tPedro Guti\u00e9rrez Aguilar refiri\u00f3 que esta experiencia ser\u00e1 de mucha ayuda para la trayectoria profesional de los estudiantes \n\t\t\t\t<\/dd><\/dl><dl class='gallery-item'>\n\t\t\t<dt class='gallery-icon landscape'>\n\t\t\t\t<a href='https:\/\/www.uv.mx\/prensa\/general\/departamento-de-orientacion-educativa-del-sea-inicio-actividades\/attachment\/160321-vacunacion-9-100k\/'><img loading=\"lazy\" decoding=\"async\" width=\"722\" height=\"482\" src=\"https:\/\/www.uv.mx\/prensa\/files\/2021\/03\/160321-Vacunacion-9-100k.jpg\" class=\"attachment-full size-full\" alt=\"Mar\u00eda Matilde Ortega Labourdet\" aria-describedby=\"gallery-1-94566\" srcset=\"https:\/\/www.uv.mx\/prensa\/files\/2021\/03\/160321-Vacunacion-9-100k.jpg 722w, https:\/\/www.uv.mx\/prensa\/files\/2021\/03\/160321-Vacunacion-9-100k-300x200.jpg 300w\" sizes=\"auto, (max-width: 722px) 100vw, 722px\" \/><\/a>\n\t\t\t<\/dt>\n\t\t\t\t<dd class='wp-caption-text gallery-caption' id='gallery-1-94566'>\n\t\t\t\tMar\u00eda Matilde Ortega Labourdet \n\t\t\t\t<\/dd><\/dl><dl class='gallery-item'>\n\t\t\t<dt class='gallery-icon landscape'>\n\t\t\t\t<a href='https:\/\/www.uv.mx\/prensa\/general\/departamento-de-orientacion-educativa-del-sea-inicio-actividades\/attachment\/160321-vacunacion-10-100k\/'><img loading=\"lazy\" decoding=\"async\" width=\"722\" height=\"482\" src=\"https:\/\/www.uv.mx\/prensa\/files\/2021\/03\/160321-Vacunacion-10-100k.jpg\" class=\"attachment-full size-full\" alt=\"Alberto Navarrete Mungu\u00eda\" aria-describedby=\"gallery-1-94570\" srcset=\"https:\/\/www.uv.mx\/prensa\/files\/2021\/03\/160321-Vacunacion-10-100k.jpg 722w, https:\/\/www.uv.mx\/prensa\/files\/2021\/03\/160321-Vacunacion-10-100k-300x200.jpg 300w\" sizes=\"auto, (max-width: 722px) 100vw, 722px\" \/><\/a>\n\t\t\t<\/dt>\n\t\t\t\t<dd class='wp-caption-text gallery-caption' id='gallery-1-94570'>\n\t\t\t\tAlberto Navarrete Mungu\u00eda\n\t\t\t\t<\/dd><\/dl><br style=\"clear: both\" \/>\n\t\t<\/div>\n\n","protected":false},"excerpt":{"rendered":"<p>En la Unidad de Ciencias de la Salud se han vacunado de 450 a 500 personas por d\u00eda, cifra que oscila entre el 85 y 90 por ciento de la estimada por las autoridades sanitarias <\/p>\n","protected":false},"author":1775,"featured_media":94573,"comment_status":"closed","ping_status":"closed","sticky":false,"template":"","format":"standard","meta":{"footnotes":""},"categories":[61],"tags":[1793,559,1808,1806,1807,700,1794,1805,307],"class_list":["post-94571","post","type-post","status-publish","format-standard","has-post-thumbnail","hentry","category-banner","tag-adultos-mayores","tag-estudiantes","tag-gobierno-federal","tag-personal-universitario","tag-plan-nacional-de-vacunacion-contra-la-covid-19","tag-region","tag-unidad-de-ciencias-de-la-salud","tag-vacunacion","tag-xalapa"],"_links":{"self":[{"href":"https:\/\/www.uv.mx\/prensa\/wp-json\/wp\/v2\/posts\/94571","targetHints":{"allow":["GET"]}}],"collection":[{"href":"https:\/\/www.uv.mx\/prensa\/wp-json\/wp\/v2\/posts"}],"about":[{"href":"https:\/\/www.uv.mx\/prensa\/wp-json\/wp\/v2\/types\/post"}],"author":[{"embeddable":true,"href":"https:\/\/www.uv.mx\/prensa\/wp-json\/wp\/v2\/users\/1775"}],"replies":[{"embeddable":true,"href":"https:\/\/www.uv.mx\/prensa\/wp-json\/wp\/v2\/comments?post=94571"}],"version-history":[{"count":1,"href":"https:\/\/www.uv.mx\/prensa\/wp-json\/wp\/v2\/posts\/94571\/revisions"}],"predecessor-version":[{"id":94581,"href":"https:\/\/www.uv.mx\/prensa\/wp-json\/wp\/v2\/posts\/94571\/revisions\/94581"}],"wp:featuredmedia":[{"embeddable":true,"href":"https:\/\/www.uv.mx\/prensa\/wp-json\/wp\/v2\/media\/94573"}],"wp:attachment":[{"href":"https:\/\/www.uv.mx\/prensa\/wp-json\/wp\/v2\/media?parent=94571"}],"wp:term":[{"taxonomy":"category","embeddable":true,"href":"https:\/\/www.uv.mx\/prensa\/wp-json\/wp\/v2\/categories?post=94571"},{"taxonomy":"post_tag","embeddable":true,"href":"https:\/\/www.uv.mx\/prensa\/wp-json\/wp\/v2\/tags?post=94571"}],"curies":[{"name":"wp","href":"https:\/\/api.w.org\/{rel}","templated":true}]}}