{"id":94307,"date":"2021-03-10T09:47:28","date_gmt":"2021-03-10T15:47:28","guid":{"rendered":"https:\/\/www.uv.mx\/prensa\/?p=94307"},"modified":"2021-03-10T09:47:28","modified_gmt":"2021-03-10T15:47:28","slug":"region-coatzacoalcos-minatitlan-presento-convocatoria-de-posgrados-2021","status":"publish","type":"post","link":"https:\/\/www.uv.mx\/prensa\/regiones\/region-coatzacoalcos-minatitlan-presento-convocatoria-de-posgrados-2021\/","title":{"rendered":"Regi\u00f3n Coatzacoalcos-Minatitl\u00e1n present\u00f3 convocatoria de Posgrados 2021"},"content":{"rendered":"<div id=\"attachment_94308\" style=\"width: 732px\" class=\"wp-caption aligncenter\"><a href=\"https:\/\/www.uv.mx\/prensa\/files\/2021\/03\/080221-CECILIA-convocatoria-1-100k.jpg\"><img loading=\"lazy\" decoding=\"async\" aria-describedby=\"caption-attachment-94308\" class=\"size-full wp-image-94308\" src=\"https:\/\/www.uv.mx\/prensa\/files\/2021\/03\/080221-CECILIA-convocatoria-1-100k.jpg\" alt=\"Carlos Lamothe Zavaleta y Ma. Teresa de la Luz S\u00e1enz Barajas \" width=\"722\" height=\"481\" srcset=\"https:\/\/www.uv.mx\/prensa\/files\/2021\/03\/080221-CECILIA-convocatoria-1-100k.jpg 722w, https:\/\/www.uv.mx\/prensa\/files\/2021\/03\/080221-CECILIA-convocatoria-1-100k-300x200.jpg 300w\" sizes=\"auto, (max-width: 722px) 100vw, 722px\" \/><\/a><p id=\"caption-attachment-94308\" class=\"wp-caption-text\">Carlos Lamothe Zavaleta y Ma. Teresa de la Luz S\u00e1enz Barajas<\/p><\/div>\n<p>&nbsp;<\/p>\n<p><b><i><span data-contrast=\"auto\">Cecilia Escribano<\/span><\/i><\/b><b><i><span data-contrast=\"auto\">\u00a0Reyes<\/span><\/i><\/b><\/p>\n<p><b><i><span data-contrast=\"auto\">10<\/span><\/i><\/b><b><i><span data-contrast=\"auto\">\/<\/span><\/i><\/b><b><i><span data-contrast=\"auto\">0<\/span><\/i><\/b><b><i><span data-contrast=\"auto\">3<\/span><\/i><\/b><b><i><span data-contrast=\"auto\">\/202<\/span><\/i><\/b><b><i><span data-contrast=\"auto\">1<\/span><\/i><\/b><b><i><span data-contrast=\"auto\">, Coatzacoalcos,\u00a0<\/span><\/i><\/b><b><i><span data-contrast=\"auto\">Ver<\/span><\/i><\/b><b><i><span data-contrast=\"auto\">.<\/span><\/i><\/b><b><i><span data-contrast=\"auto\">&#8211;<\/span><\/i><\/b><b><i><span data-contrast=\"auto\">\u00a0<\/span><\/i><\/b><span data-contrast=\"auto\">La\u00a0<\/span><span data-contrast=\"auto\">regi\u00f3n\u00a0<\/span><span data-contrast=\"auto\">Coatzacoalcos-Minatitl\u00e1n<\/span><span data-contrast=\"auto\">\u00a0<\/span><span data-contrast=\"auto\">de la\u00a0<\/span><span data-contrast=\"auto\">Universidad Veracruzana (UV)<\/span><span data-contrast=\"auto\">\u00a0present\u00f3 la\u00a0<\/span><span data-contrast=\"auto\">convocatoria de Posgrados 2021, misma que ofrece\u00a0<\/span><span data-contrast=\"auto\">dos maestr\u00edas y un doctorado que fortalecen a<\/span><span data-contrast=\"auto\">\u00a0esta casa de estudios.<\/span><span data-ccp-props=\"{&quot;201341983&quot;:0,&quot;335559739&quot;:160,&quot;335559740&quot;:240}\">\u00a0<\/span><\/p>\n<p><span data-contrast=\"auto\">L<\/span><span data-contrast=\"auto\">a\u00a0<\/span><span data-contrast=\"auto\">convocatoria\u00a0<\/span><span data-contrast=\"auto\">se<\/span><span data-contrast=\"auto\">\u00a0public<\/span><span data-contrast=\"auto\">\u00f3\u00a0<\/span><span data-contrast=\"auto\">el 2<\/span><span data-contrast=\"auto\">6<\/span><span data-contrast=\"auto\">\u00a0de febrero en la p\u00e1gina\u00a0<\/span><a href=\"https:\/\/www.uv.mx\/escolar\/posgradoenero2021\/\"><span data-contrast=\"none\">https:\/\/www.uv.mx\/escolar<\/span><span data-contrast=\"none\">\/<\/span><span data-contrast=\"none\">posgradoenero2021\/<\/span><\/a><span data-contrast=\"auto\">,\u00a0<\/span><span data-contrast=\"auto\">en ella\u00a0<\/span><span data-contrast=\"auto\">se invita a pertenecer a la primera generaci\u00f3n de la\u00a0<\/span><span data-contrast=\"auto\">M<\/span><span data-contrast=\"auto\">aestr\u00eda en<\/span><span data-contrast=\"auto\">\u00a0<\/span><span data-contrast=\"auto\">C<\/span><span data-contrast=\"auto\">iencias en Tecnolog\u00eda Energ\u00e9tica<\/span><span data-contrast=\"auto\">\u00a0(M<\/span><span data-contrast=\"auto\">CTE)<\/span><span data-contrast=\"auto\">,<\/span><span data-contrast=\"auto\">\u00a0<\/span><span data-contrast=\"auto\">la Maestr\u00eda en Ingenier\u00eda de Procesos y el\u00a0<\/span><span data-contrast=\"auto\">D<\/span><span data-contrast=\"auto\">octorado en\u00a0<\/span><span data-contrast=\"auto\">Ingenier\u00eda Qu\u00edmica, inform\u00f3 el\u00a0<\/span><span data-contrast=\"auto\">vicerrector<\/span><span data-contrast=\"auto\">\u00a0<\/span><span data-contrast=\"auto\">Carlos Lamothe Zavaleta.<\/span><span data-ccp-props=\"{&quot;201341983&quot;:0,&quot;335559731&quot;:720,&quot;335559739&quot;:160,&quot;335559740&quot;:240}\">\u00a0<\/span><\/p>\n<p><span data-contrast=\"auto\">Ma. Teresa de la Luz S\u00e1enz Barajas, coordinadora regional de\u00a0<\/span><span data-contrast=\"auto\">Posgrado,<\/span><span data-contrast=\"auto\">\u00a0<\/span><span data-contrast=\"auto\">invit\u00f3 a los interesados a seguir el proceso de ingreso a trav\u00e9s de la convocatoria\u00a0<\/span><span data-contrast=\"auto\">que est\u00e1\u00a0<\/span><span data-contrast=\"auto\">disponible\u00a0<\/span><span data-contrast=\"auto\">hasta e<\/span><span data-contrast=\"auto\">l 8<\/span><span data-contrast=\"auto\">\u00a0de a<\/span><span data-contrast=\"auto\">bril.<\/span><span data-ccp-props=\"{&quot;201341983&quot;:0,&quot;335559731&quot;:720,&quot;335559739&quot;:160,&quot;335559740&quot;:240}\">\u00a0<\/span><\/p>\n<p><span data-contrast=\"auto\">Gerardo Alc<\/span><span data-contrast=\"auto\">al<\/span><span data-contrast=\"auto\">\u00e1 Perea, coordinador de la\u00a0<\/span><span data-contrast=\"auto\">Maestr\u00eda en Ciencias en Tecnolog\u00eda Energ\u00e9tica,\u00a0<\/span><span data-contrast=\"auto\">dijo que \u00e9<\/span><span data-contrast=\"auto\">sta<\/span><span data-contrast=\"auto\">\u00a0<\/span><span data-contrast=\"auto\">tiene\u00a0<\/span><span data-contrast=\"auto\">por\u00a0<\/span><span data-contrast=\"auto\">objetivo formar recursos humanos de alto nivel y calidad, propiciando el desarrollo del pensamiento y m\u00e9todo cient\u00edfico,\u00a0<\/span><span data-contrast=\"auto\">buscando<\/span><span data-contrast=\"auto\">\u00a0soluciones ante problemas en el \u00e1mbito de la energ\u00eda y ofrecer un espacio para la discusi\u00f3n, formaci\u00f3n de recursos humanos, demostraci\u00f3n, investigaci\u00f3n y evaluaci\u00f3n\u00a0<\/span><span data-contrast=\"auto\">relacionada<\/span><span data-contrast=\"auto\">\u00a0<\/span><span data-contrast=\"auto\">con\u00a0<\/span><span data-contrast=\"auto\">la energ\u00eda.<\/span><span data-ccp-props=\"{&quot;201341983&quot;:0,&quot;335559731&quot;:720,&quot;335559739&quot;:160,&quot;335559740&quot;:240}\">\u00a0<\/span><\/p>\n<p><span data-contrast=\"auto\">Recalc\u00f3 que tiene\u00a0<\/span><span data-contrast=\"auto\">dos\u00a0<\/span><span data-contrast=\"auto\">L<\/span><span data-contrast=\"auto\">\u00edneas de\u00a0<\/span><span data-contrast=\"auto\">G<\/span><span data-contrast=\"auto\">eneraci\u00f3n y\u00a0<\/span><span data-contrast=\"auto\">A<\/span><span data-contrast=\"auto\">plicaci\u00f3n del\u00a0<\/span><span data-contrast=\"auto\">C<\/span><span data-contrast=\"auto\">onocimiento<\/span><span data-contrast=\"auto\">\u00a0(LGAC)<\/span><span data-contrast=\"auto\">:<\/span><span data-contrast=\"auto\">\u00a0\u201cModelado, simulaci\u00f3n y desarrollo de sistemas energ\u00e9ticos\u201d y \u201c<\/span><span data-contrast=\"auto\">F<\/span><span data-contrast=\"auto\">isicoqu\u00edmica de procesos sustentables<\/span><span data-contrast=\"auto\">\u201d<\/span><span data-contrast=\"auto\">.<\/span><span data-ccp-props=\"{&quot;201341983&quot;:0,&quot;335559731&quot;:720,&quot;335559739&quot;:160,&quot;335559740&quot;:240}\">\u00a0<\/span><\/p>\n<p><span data-contrast=\"auto\">Por su parte, Hugo P\u00e9rez Pastenes, coordinador de la\u00a0<\/span><span data-contrast=\"auto\">M<\/span><span data-contrast=\"auto\">aestr\u00eda en Ingenier\u00eda de Procesos, se\u00f1al\u00f3 que es un programa que se imparte en modalidad escolarizada con una orientaci\u00f3n profesionalizante.<\/span><\/p>\n<div id=\"attachment_94309\" style=\"width: 732px\" class=\"wp-caption aligncenter\"><a href=\"https:\/\/www.uv.mx\/prensa\/files\/2021\/03\/080221-CECILIA-convocatoria-2-100k.jpg\"><img loading=\"lazy\" decoding=\"async\" aria-describedby=\"caption-attachment-94309\" class=\"size-full wp-image-94309\" src=\"https:\/\/www.uv.mx\/prensa\/files\/2021\/03\/080221-CECILIA-convocatoria-2-100k.jpg\" alt=\"Coordinadores de los programas de posgrado \" width=\"722\" height=\"481\" srcset=\"https:\/\/www.uv.mx\/prensa\/files\/2021\/03\/080221-CECILIA-convocatoria-2-100k.jpg 722w, https:\/\/www.uv.mx\/prensa\/files\/2021\/03\/080221-CECILIA-convocatoria-2-100k-300x200.jpg 300w\" sizes=\"auto, (max-width: 722px) 100vw, 722px\" \/><\/a><p id=\"caption-attachment-94309\" class=\"wp-caption-text\">Coordinadores de los programas de posgrado<\/p><\/div>\n<p><span data-contrast=\"auto\">\u201c<\/span><span data-contrast=\"auto\">E<\/span><span data-contrast=\"auto\">st\u00e1 enfocada a la formaci\u00f3n de profesionistas altamente competentes, que tengan liderazgo en la aplicaci\u00f3n de los conocimientos cient\u00edfico-tecnol\u00f3gicos y que<\/span><span data-contrast=\"auto\">\u00a0ello<\/span><span data-contrast=\"auto\">\u00a0se vea reflejado en el\u00a0<\/span><span data-contrast=\"auto\">sector<\/span><span data-contrast=\"auto\">\u00a0<\/span><span data-contrast=\"auto\">industrial<\/span><span data-contrast=\"auto\">, principalmente con proyectos de intervenci\u00f3n en procesos qu\u00edmicos, ambientales y biotecno<\/span><span data-contrast=\"auto\">l\u00f3gicos<\/span><span data-contrast=\"auto\">.<\/span><span data-contrast=\"auto\">\u201d<\/span><span data-ccp-props=\"{&quot;201341983&quot;:0,&quot;335559731&quot;:720,&quot;335559739&quot;:160,&quot;335559740&quot;:240}\">\u00a0<\/span><\/p>\n<p><span data-contrast=\"auto\">Enfatiz\u00f3 que\u00a0<\/span><span data-contrast=\"auto\">del 12 al 30 de abril\u00a0<\/span><span data-contrast=\"auto\">se impartir\u00e1 un curso proped\u00e9utico sin costo para los aspirantes a la maestr\u00eda.<\/span><span data-ccp-props=\"{&quot;201341983&quot;:0,&quot;335559731&quot;:720,&quot;335559739&quot;:160,&quot;335559740&quot;:240}\">\u00a0<\/span><\/p>\n<p><span data-contrast=\"auto\">Agreg\u00f3 que los procesos pueden ser optimizados y mejorados a trav\u00e9s de estos estudios de redise\u00f1o y reconfiguraci\u00f3n,\u00a0<\/span><span data-contrast=\"auto\">he ah\u00ed la importancia de la maestr\u00eda, donde se aborda la teor\u00eda de los transportes,\u00a0<\/span><span data-contrast=\"auto\">la termodin\u00e1mica<\/span><span data-contrast=\"auto\">\u00a0<\/span><span data-contrast=\"auto\">y los fundamentos b\u00e1sicos, adem\u00e1s del uso de\u00a0<\/span><i><span data-contrast=\"auto\">software<\/span><\/i><span data-contrast=\"auto\">\u00a0<\/span><span data-contrast=\"auto\">especializado con licencia<\/span><span data-contrast=\"auto\">\u00a0y libre<\/span><span data-contrast=\"auto\">,<\/span><span data-contrast=\"auto\">\u00a0entre otras fortalezas.<\/span><span data-ccp-props=\"{&quot;201341983&quot;:0,&quot;335559731&quot;:720,&quot;335559739&quot;:160,&quot;335559740&quot;:240}\">\u00a0<\/span><\/p>\n<p><span data-contrast=\"auto\">Al respecto, Benoit Auguste Roger\u00a0<\/span><span data-contrast=\"auto\">Fouconnier<\/span><span data-contrast=\"auto\">, coordinador del\u00a0<\/span><span data-contrast=\"auto\">D<\/span><span data-contrast=\"auto\">octorado en\u00a0<\/span><span data-contrast=\"auto\">I<\/span><span data-contrast=\"auto\">ngenier\u00eda Qu\u00edmica, recalc\u00f3 que su misi\u00f3n es formar investigadores con una preparaci\u00f3n cient\u00edfica y profesional en el\u00a0<\/span><span data-contrast=\"auto\">campo<\/span><span data-contrast=\"auto\">\u00a0de la ingenier\u00eda qu\u00edmica, capaces de realizar investigaci\u00f3<\/span><span data-contrast=\"auto\">n original y multidisciplinaria<\/span><span data-contrast=\"auto\">\u00a0con amplio sentido cr\u00edtico, \u00e9tico y humanista.<\/span><span data-ccp-props=\"{&quot;201341983&quot;:0,&quot;335559731&quot;:720,&quot;335559739&quot;:160,&quot;335559740&quot;:240}\">\u00a0<\/span><\/p>\n<p><span data-contrast=\"auto\">Este doctorado tiene una duraci\u00f3n de cuatro a\u00f1os y se imparte en modalidad escolarizada,\u00a0<\/span><span data-contrast=\"auto\">cuenta con dos\u00a0<\/span><span data-contrast=\"auto\">LGAC<\/span><span data-contrast=\"auto\">:\u00a0<\/span><span data-contrast=\"auto\">\u201cI<\/span><span data-contrast=\"auto\">ngenier\u00eda de los procesos qu\u00edmicos y biol\u00f3gicos<\/span><span data-contrast=\"auto\">\u201d<\/span><span data-contrast=\"auto\">\u00a0<\/span><span data-contrast=\"auto\">e<\/span><span data-contrast=\"auto\">\u00a0<\/span><span data-contrast=\"auto\">\u201cI<\/span><span data-contrast=\"auto\">nnovaci\u00f3n tecnol\u00f3gica y desarrollo sustentable<\/span><span data-contrast=\"auto\">\u201d<\/span><span data-contrast=\"auto\">.<\/span><span data-ccp-props=\"{&quot;201341983&quot;:0,&quot;335559731&quot;:720,&quot;335559739&quot;:160,&quot;335559740&quot;:240}\">\u00a0<\/span><\/p>\n<p><span data-contrast=\"auto\">Los datos sobre\u00a0<\/span><span data-contrast=\"auto\">los posgrados<\/span><span data-contrast=\"auto\">\u00a0est\u00e1n disponibles en\u00a0<\/span><a href=\"https:\/\/www.uv.mx\/coatza\/macte\/\"><span data-contrast=\"none\">https:\/\/www.uv.mx\/coatza\/macte\/<\/span><\/a><span data-contrast=\"auto\">,\u00a0<\/span><a href=\"https:\/\/www.uv.mx\/coatza\/diq\"><span data-contrast=\"none\">https:\/\/www.uv.mx\/coatza\/diq<\/span><\/a><span data-contrast=\"auto\">\u00a0y\u00a0<\/span><a href=\"https:\/\/www.uv.mx\/coatza\/mip\"><span data-contrast=\"none\">https:\/\/www.uv.mx\/coatza\/mip<\/span><\/a><span data-contrast=\"auto\">.<\/span><span data-ccp-props=\"{&quot;201341983&quot;:0,&quot;335559731&quot;:720,&quot;335559739&quot;:160,&quot;335559740&quot;:240}\">\u00a0<\/span><\/p>\n","protected":false},"excerpt":{"rendered":"<p>Se ofrecen las maestr\u00edas en Ciencias en Tecnolog\u00eda Energ\u00e9tica y en Ingenier\u00eda de Procesos, as\u00ed como el Doctorado en Ingenier\u00eda Qu\u00edmica <\/p>\n","protected":false},"author":1775,"featured_media":94309,"comment_status":"closed","ping_status":"closed","sticky":false,"template":"","format":"standard","meta":{"footnotes":""},"categories":[52,32],"tags":[1762,1759,689,1433,1247,1761,1162,575,1760,1758,700,892],"class_list":["post-94307","post","type-post","status-publish","format-standard","has-post-thumbnail","hentry","category-coatzacoalcos","category-regiones","tag-carlos-lamothe-zavaleta","tag-ciencias-en-tecnologia-energetica","tag-coatzacoalcos-minatitlan","tag-convocatoria","tag-doctorado","tag-ingenieria-de-procesos","tag-ingenieria-quimica","tag-maestria","tag-mcte","tag-posgrados-2021","tag-region","tag-vicerrector"],"_links":{"self":[{"href":"https:\/\/www.uv.mx\/prensa\/wp-json\/wp\/v2\/posts\/94307","targetHints":{"allow":["GET"]}}],"collection":[{"href":"https:\/\/www.uv.mx\/prensa\/wp-json\/wp\/v2\/posts"}],"about":[{"href":"https:\/\/www.uv.mx\/prensa\/wp-json\/wp\/v2\/types\/post"}],"author":[{"embeddable":true,"href":"https:\/\/www.uv.mx\/prensa\/wp-json\/wp\/v2\/users\/1775"}],"replies":[{"embeddable":true,"href":"https:\/\/www.uv.mx\/prensa\/wp-json\/wp\/v2\/comments?post=94307"}],"version-history":[{"count":1,"href":"https:\/\/www.uv.mx\/prensa\/wp-json\/wp\/v2\/posts\/94307\/revisions"}],"predecessor-version":[{"id":94310,"href":"https:\/\/www.uv.mx\/prensa\/wp-json\/wp\/v2\/posts\/94307\/revisions\/94310"}],"wp:featuredmedia":[{"embeddable":true,"href":"https:\/\/www.uv.mx\/prensa\/wp-json\/wp\/v2\/media\/94309"}],"wp:attachment":[{"href":"https:\/\/www.uv.mx\/prensa\/wp-json\/wp\/v2\/media?parent=94307"}],"wp:term":[{"taxonomy":"category","embeddable":true,"href":"https:\/\/www.uv.mx\/prensa\/wp-json\/wp\/v2\/categories?post=94307"},{"taxonomy":"post_tag","embeddable":true,"href":"https:\/\/www.uv.mx\/prensa\/wp-json\/wp\/v2\/tags?post=94307"}],"curies":[{"name":"wp","href":"https:\/\/api.w.org\/{rel}","templated":true}]}}