{"id":94237,"date":"2021-03-09T08:00:25","date_gmt":"2021-03-09T14:00:25","guid":{"rendered":"https:\/\/www.uv.mx\/prensa\/?p=94237"},"modified":"2021-03-09T16:02:34","modified_gmt":"2021-03-09T22:02:34","slug":"reducir-presupuesto-a-ies-afectara-el-desarrollo-academico-planificado","status":"publish","type":"post","link":"https:\/\/www.uv.mx\/prensa\/banner\/reducir-presupuesto-a-ies-afectara-el-desarrollo-academico-planificado\/","title":{"rendered":"Reducir presupuesto a IES afectar\u00e1 el desarrollo acad\u00e9mico planificado"},"content":{"rendered":"<ul>\n<li data-leveltext=\"\uf0b7\" data-font=\"Symbol\" data-listid=\"8\" data-aria-posinset=\"1\" data-aria-level=\"1\"><i><span data-contrast=\"auto\">La<\/span><\/i><i><span data-contrast=\"auto\">s consecuencias se reflejar\u00e1n en el aula, investigaci\u00f3n,<\/span><\/i><i><span data-contrast=\"auto\">\u00a0<\/span><\/i><i><span data-contrast=\"auto\">innovaci\u00f3n, desarrollo cient\u00edfico y tecnol\u00f3gico, infraestructura<\/span><\/i><i><span data-contrast=\"auto\">\u00a0<\/span><\/i><i><span data-contrast=\"auto\">y act<\/span><\/i><i><span data-contrast=\"auto\">ividades administrativas, afirm\u00f3<\/span><\/i><i><span data-contrast=\"auto\">\u00a0<\/span><\/i><i><span data-contrast=\"auto\">el\u00a0<\/span><\/i><i><span data-contrast=\"auto\">investigador\u00a0<\/span><\/i><i><span data-contrast=\"auto\">Arturo\u00a0<\/span><\/i><i><span data-contrast=\"auto\">Chipuli<\/span><\/i><i><span data-contrast=\"auto\">\u00a0<\/span><\/i><span data-ccp-props=\"{&quot;201341983&quot;:0,&quot;335559739&quot;:0,&quot;335559740&quot;:240}\">\u00a0<\/span><\/li>\n<\/ul>\n<p><span data-ccp-props=\"{&quot;201341983&quot;:0,&quot;335559739&quot;:0,&quot;335559740&quot;:240}\">\u00a0<\/span><\/p>\n<div id=\"attachment_51389\" style=\"width: 732px\" class=\"wp-caption aligncenter\"><a href=\"https:\/\/www.uv.mx\/prensa\/files\/2018\/08\/120818-ENTREVISTA-Chipuli.jpg\"><img loading=\"lazy\" decoding=\"async\" aria-describedby=\"caption-attachment-51389\" class=\"size-full wp-image-51389\" src=\"https:\/\/www.uv.mx\/prensa\/files\/2018\/08\/120818-ENTREVISTA-Chipuli.jpg\" alt=\"Arturo Miguel Chipuli Castillo, investigador del IIJ. (foto de archivo) \" width=\"722\" height=\"483\" srcset=\"https:\/\/www.uv.mx\/prensa\/files\/2018\/08\/120818-ENTREVISTA-Chipuli.jpg 722w, https:\/\/www.uv.mx\/prensa\/files\/2018\/08\/120818-ENTREVISTA-Chipuli-300x201.jpg 300w\" sizes=\"auto, (max-width: 722px) 100vw, 722px\" \/><\/a><p id=\"caption-attachment-51389\" class=\"wp-caption-text\">Arturo Miguel Chipuli Castillo, investigador del <span data-contrast=\"auto\"><a href=\"https:\/\/www.uv.mx\/iij\/\" target=\"_blank\" rel=\"noopener\">Instituto de Investigaciones Jur\u00eddicas<\/a><\/span> (foto de archivo)<\/p><\/div>\n<p>&nbsp;<\/p>\n<p><b><i><span data-contrast=\"auto\">Jos\u00e9 Luis\u00a0<\/span><\/i><\/b><b><i><span data-contrast=\"auto\">Couttolenc<\/span><\/i><\/b><b><i><span data-contrast=\"auto\">\u00a0Soto<\/span><\/i><\/b><span data-ccp-props=\"{&quot;201341983&quot;:0,&quot;335559739&quot;:0,&quot;335559740&quot;:240}\">\u00a0<\/span><\/p>\n<p><b><i><span data-contrast=\"auto\">0<\/span><\/i><\/b><b><i><span data-contrast=\"auto\">9<\/span><\/i><\/b><b><i><span data-contrast=\"auto\">\/<\/span><\/i><\/b><b><i><span data-contrast=\"auto\">0<\/span><\/i><\/b><b><i><span data-contrast=\"auto\">3<\/span><\/i><\/b><b><i><span data-contrast=\"auto\">\/202<\/span><\/i><\/b><b><i><span data-contrast=\"auto\">1<\/span><\/i><\/b><b><i><span data-contrast=\"auto\">, Xalapa,\u00a0<\/span><\/i><\/b><b><i><span data-contrast=\"auto\">Ver.-<\/span><\/i><\/b><span data-contrast=\"auto\">\u00a0La reducci\u00f3n del presupuesto a las universidades p\u00fablicas representa un problema grave, con consecuencias en el corto, mediano y largo plazo que afectar\u00e1n el desarrollo planificado de las actividades acad\u00e9micas,\u00a0<\/span><span data-contrast=\"auto\">lo cual<\/span><span data-contrast=\"auto\">\u00a0se reflejar\u00e1 en el aula, la investigaci\u00f3n, innovaci\u00f3n, el desarrollo cient\u00edfico y tecnol\u00f3gico, la infraestructura, as\u00ed como en las actividades administrativas.<\/span><span data-ccp-props=\"{&quot;201341983&quot;:0,&quot;335559739&quot;:0,&quot;335559740&quot;:240}\">\u00a0<\/span><\/p>\n<p><span data-contrast=\"auto\">Arturo Miguel\u00a0<\/span><span data-contrast=\"auto\">Chipuli<\/span><span data-contrast=\"auto\">\u00a0Castillo, adscrito al <a href=\"https:\/\/www.uv.mx\/iij\/\" target=\"_blank\" rel=\"noopener\">Instituto de Investigaciones Jur\u00eddicas<\/a> (IIJ) de la Universidad Veracruzana (UV)<\/span><span data-contrast=\"auto\">,<\/span><span data-contrast=\"auto\">\u00a0se\u00f1al\u00f3 que adem\u00e1s conllevar\u00eda importantes problem\u00e1ticas en torno a la matr\u00edcula que se podr\u00eda ver limitada ante la capacidad de las universidades para ampliarla, y en algunos casos mantenerla, dificultando con ello el acceso de los aspirantes a\u00a0<\/span><span data-contrast=\"auto\">la<\/span><span data-contrast=\"auto\">\u00a0educaci\u00f3n de nivel superior.<\/span><span data-ccp-props=\"{&quot;201341983&quot;:0,&quot;335559739&quot;:0,&quot;335559740&quot;:240}\">\u00a0<\/span><\/p>\n<p><span data-contrast=\"auto\">El Doctor en Derecho y especialista en Derecho Constitucional por la Universidad de Salamanca, Espa\u00f1a, advirti\u00f3 que por lo general las reducciones presupuestales tienden a tener efectos marcadamente negativos y desproporcionales, afectando a personas y grupos en situaci\u00f3n de desventaja hist\u00f3rica y marginaci\u00f3n, por lo que es importante que en el dise\u00f1o de los presupuestos, como de las pol\u00edticas p\u00fablicas, sean con enfoque de derechos humanos<\/span><span data-contrast=\"auto\">,<\/span><span data-contrast=\"auto\">\u00a0poniendo \u00e9nfasis en el cumplimiento de las obligaciones enmarc<\/span><span data-contrast=\"auto\">adas por la Constituci\u00f3n y los t<\/span><span data-contrast=\"auto\">ratados\u00a0<\/span><span data-contrast=\"auto\">i<\/span><span data-contrast=\"auto\">nternacionales.<\/span><span data-ccp-props=\"{&quot;201341983&quot;:0,&quot;335559739&quot;:0,&quot;335559740&quot;:240}\">\u00a0<\/span><\/p>\n<p><span data-contrast=\"auto\">\u201cEs importante hacer hincapi\u00e9 en que los presupuestos p\u00fablicos son la fuente de recursos para la materializaci\u00f3n de muchas de las obligaciones en materia de derechos humanos, en este caso la educaci\u00f3n superior, y que sin ellos resulta inviable satisfacer los requerimientos en materia de disponibilidad, accesibi<\/span><span data-contrast=\"auto\">lidad, calidad y aceptabilidad.\u201d<\/span><span data-ccp-props=\"{&quot;201341983&quot;:0,&quot;335559739&quot;:0,&quot;335559740&quot;:240}\">\u00a0<\/span><\/p>\n<p><span data-contrast=\"auto\">Puntualiz\u00f3\u00a0que\u00a0aunado a lo anterior, el contexto de la pandemia por Covid-19 ha tra\u00eddo importantes consecuencias en la deserci\u00f3n escolar, que resulta inevitable enfrentar y enmendar mediante medidas correctivas ante un actual y complejo entorno de la educaci\u00f3n superior, en donde la participaci\u00f3n activa de los diversos actores en la construcci\u00f3n de los presupuestos es esencial.<\/span><span data-ccp-props=\"{&quot;201341983&quot;:0,&quot;335559739&quot;:0,&quot;335559740&quot;:240}\">\u00a0<\/span><\/p>\n<p><span data-contrast=\"auto\">Finalmente se refiri\u00f3 al pago de la deuda<\/span><span data-contrast=\"auto\">\u00a0de la UV, acci\u00f3n que consider\u00f3 \u201cdign<\/span><span data-contrast=\"auto\">a<\/span><span data-contrast=\"auto\">\u00a0de celebrarse\u201d, dado que \u201cla universidad p\u00fablica es el semillero de las futuras generaciones, del desarrollo del pa\u00eds y de una sociedad m\u00e1s justa e incluyente; por tanto, cualquier acci\u00f3n que se encamine al mejoramiento de las condiciones de ella es plausible y abona al cumplimiento de esos prop\u00f3sitos\u201d.<\/span><span data-ccp-props=\"{&quot;201341983&quot;:0,&quot;335559739&quot;:0,&quot;335559740&quot;:240}\">\u00a0<\/span><\/p>\n","protected":false},"excerpt":{"rendered":"<p>Adem\u00e1s, conllevar\u00eda importantes problem\u00e1ticas en torno a la matr\u00edcula, que se podr\u00eda ver limitada: Arturo Chipuli <\/p>\n","protected":false},"author":1775,"featured_media":94238,"comment_status":"closed","ping_status":"closed","sticky":false,"template":"","format":"standard","meta":{"footnotes":""},"categories":[61],"tags":[1743,543,593,592,1744],"class_list":["post-94237","post","type-post","status-publish","format-standard","has-post-thumbnail","hentry","category-banner","tag-arturo-miguel-chipuli-castillo","tag-espana","tag-iij","tag-instituto-de-investigaciones-juridicas","tag-universidad-de-salamanca"],"_links":{"self":[{"href":"https:\/\/www.uv.mx\/prensa\/wp-json\/wp\/v2\/posts\/94237","targetHints":{"allow":["GET"]}}],"collection":[{"href":"https:\/\/www.uv.mx\/prensa\/wp-json\/wp\/v2\/posts"}],"about":[{"href":"https:\/\/www.uv.mx\/prensa\/wp-json\/wp\/v2\/types\/post"}],"author":[{"embeddable":true,"href":"https:\/\/www.uv.mx\/prensa\/wp-json\/wp\/v2\/users\/1775"}],"replies":[{"embeddable":true,"href":"https:\/\/www.uv.mx\/prensa\/wp-json\/wp\/v2\/comments?post=94237"}],"version-history":[{"count":1,"href":"https:\/\/www.uv.mx\/prensa\/wp-json\/wp\/v2\/posts\/94237\/revisions"}],"predecessor-version":[{"id":94284,"href":"https:\/\/www.uv.mx\/prensa\/wp-json\/wp\/v2\/posts\/94237\/revisions\/94284"}],"wp:featuredmedia":[{"embeddable":true,"href":"https:\/\/www.uv.mx\/prensa\/wp-json\/wp\/v2\/media\/94238"}],"wp:attachment":[{"href":"https:\/\/www.uv.mx\/prensa\/wp-json\/wp\/v2\/media?parent=94237"}],"wp:term":[{"taxonomy":"category","embeddable":true,"href":"https:\/\/www.uv.mx\/prensa\/wp-json\/wp\/v2\/categories?post=94237"},{"taxonomy":"post_tag","embeddable":true,"href":"https:\/\/www.uv.mx\/prensa\/wp-json\/wp\/v2\/tags?post=94237"}],"curies":[{"name":"wp","href":"https:\/\/api.w.org\/{rel}","templated":true}]}}