{"id":94231,"date":"2021-03-08T15:51:48","date_gmt":"2021-03-08T21:51:48","guid":{"rendered":"https:\/\/www.uv.mx\/prensa\/?p=94231"},"modified":"2021-03-08T15:51:48","modified_gmt":"2021-03-08T21:51:48","slug":"investigadoras-universitarias-destacaron-rol-de-la-mujer-en-la-ciencia","status":"publish","type":"post","link":"https:\/\/www.uv.mx\/prensa\/ciencia\/investigadoras-universitarias-destacaron-rol-de-la-mujer-en-la-ciencia\/","title":{"rendered":"Investigadoras universitarias destacaron rol de la mujer en la ciencia"},"content":{"rendered":"<style type=\"text\/css\">  blockquote p { color: #28519b; font-family: helvetica; font-size: 1.4em; }<br \/><\/style>\n<ul>\n<li data-leveltext=\"\uf0b7\" data-font=\"Symbol\" data-listid=\"2\" data-aria-posinset=\"1\" data-aria-level=\"1\"><i><span data-contrast=\"auto\">\u201cS<\/span><\/i><i><span data-contrast=\"auto\">igue haciendo falta la visi\u00f3n femenina en la investigaci\u00f3n<\/span><\/i><i><span data-contrast=\"auto\"> cient\u00edfica\u201d: Rebeca Menchaca<\/span><\/i><span data-ccp-props=\"{&quot;134233279&quot;:true,&quot;201341983&quot;:0,&quot;335559739&quot;:160,&quot;335559740&quot;:240}\">\u00a0<\/span><\/li>\n<li data-leveltext=\"\uf0b7\" data-font=\"Symbol\" data-listid=\"2\" data-aria-posinset=\"2\" data-aria-level=\"1\"><i><span data-contrast=\"auto\">\u201c<\/span><\/i><i><span data-contrast=\"auto\">R<\/span><\/i><i><span data-contrast=\"auto\">econocer nuestra igualdad de capacidades debe ayudarnos a romper con los obst\u00e1culos estructurales<\/span><\/i><i><span data-contrast=\"auto\">\u201d: Yovana Celaya<\/span><\/i><\/li>\n<li data-leveltext=\"\uf0b7\" data-font=\"Symbol\" data-listid=\"2\" data-aria-posinset=\"2\" data-aria-level=\"1\"><i><span data-contrast=\"auto\">\u201cL<\/span><\/i><i><span data-contrast=\"auto\">a vida como cient\u00edfica es muy rica y gratificante<\/span><\/i><i><span data-contrast=\"auto\">\u201d: Leticia Cano<\/span><\/i><\/li>\n<li data-leveltext=\"\uf0b7\" data-font=\"Symbol\" data-listid=\"2\" data-aria-posinset=\"2\" data-aria-level=\"1\"><i><span data-contrast=\"auto\">\u201c<\/span><\/i><i><span data-contrast=\"auto\">L<\/span><\/i><i><span data-contrast=\"auto\">as mujeres y el enorme papel que tienen en la familia, la ciencia, la tecnolog\u00eda, las artes y en la sociedad en general, debe ser valorad<\/span><\/i><i><span data-contrast=\"auto\">o<\/span><\/i><i><span data-contrast=\"auto\"> todos los d\u00edas<\/span><\/i><i><span data-contrast=\"auto\">\u201d: Cristina Mac <\/span><\/i><i><span data-contrast=\"auto\">Swiney<\/span><\/i><span data-ccp-props=\"{&quot;134233279&quot;:true,&quot;201341983&quot;:0,&quot;335559739&quot;:160,&quot;335559740&quot;:240}\">\u00a0<\/span><\/li>\n<\/ul>\n<p>&nbsp;<\/p>\n<div id='gallery-1' class='gallery galleryid-94231 gallery-columns-2 gallery-size-full'><dl class='gallery-item'>\n\t\t\t<dt class='gallery-icon landscape'>\n\t\t\t\t<a href='https:\/\/www.uv.mx\/prensa\/files\/2019\/05\/280519-PAOLA-Nueva-especie-2.jpg'><img loading=\"lazy\" decoding=\"async\" width=\"722\" height=\"481\" src=\"https:\/\/www.uv.mx\/prensa\/files\/2019\/05\/280519-PAOLA-Nueva-especie-2.jpg\" class=\"attachment-full size-full\" alt=\"Rebeca Menchaca, coordinadora del Orquidario UV\" aria-describedby=\"gallery-1-68812\" srcset=\"https:\/\/www.uv.mx\/prensa\/files\/2019\/05\/280519-PAOLA-Nueva-especie-2.jpg 722w, https:\/\/www.uv.mx\/prensa\/files\/2019\/05\/280519-PAOLA-Nueva-especie-2-300x200.jpg 300w\" sizes=\"auto, (max-width: 722px) 100vw, 722px\" \/><\/a>\n\t\t\t<\/dt>\n\t\t\t\t<dd class='wp-caption-text gallery-caption' id='gallery-1-68812'>\n\t\t\t\tRebeca Menchaca Garc\u00eda, coordinadora del Orquidario UV \n\t\t\t\t<\/dd><\/dl><dl class='gallery-item'>\n\t\t\t<dt class='gallery-icon landscape'>\n\t\t\t\t<a href='https:\/\/www.uv.mx\/prensa\/files\/2021\/03\/260221-TARDES-DE-CIENCIA-1-100k-e1615239721284.jpg'><img loading=\"lazy\" decoding=\"async\" width=\"604\" height=\"402\" src=\"https:\/\/www.uv.mx\/prensa\/files\/2021\/03\/260221-TARDES-DE-CIENCIA-1-100k-e1615239721284.jpg\" class=\"attachment-full size-full\" alt=\"Citlalli L\u00f3pez Binnq\u00fcist, coordinadora del Citro-UV, impartir\u00e1 la pl\u00e1tica virtual el martes 2 de marzo\" aria-describedby=\"gallery-1-93876\" \/><\/a>\n\t\t\t<\/dt>\n\t\t\t\t<dd class='wp-caption-text gallery-caption' id='gallery-1-93876'>\n\t\t\t\tCitlalli L\u00f3pez Binnq\u00fcist, coordinadora del Citro \n\t\t\t\t<\/dd><\/dl><br style=\"clear: both\" \/><dl class='gallery-item'>\n\t\t\t<dt class='gallery-icon landscape'>\n\t\t\t\t<a href='https:\/\/www.uv.mx\/prensa\/files\/2018\/06\/220618-PAOLA-Leticia-Cano.jpg'><img loading=\"lazy\" decoding=\"async\" width=\"722\" height=\"483\" src=\"https:\/\/www.uv.mx\/prensa\/files\/2018\/06\/220618-PAOLA-Leticia-Cano.jpg\" class=\"attachment-full size-full\" alt=\"\" aria-describedby=\"gallery-1-49924\" srcset=\"https:\/\/www.uv.mx\/prensa\/files\/2018\/06\/220618-PAOLA-Leticia-Cano.jpg 722w, https:\/\/www.uv.mx\/prensa\/files\/2018\/06\/220618-PAOLA-Leticia-Cano-300x201.jpg 300w\" sizes=\"auto, (max-width: 722px) 100vw, 722px\" \/><\/a>\n\t\t\t<\/dt>\n\t\t\t\t<dd class='wp-caption-text gallery-caption' id='gallery-1-49924'>\n\t\t\t\tLeticia Cano Asseleih, investigadora del Citro \n\t\t\t\t<\/dd><\/dl><dl class='gallery-item'>\n\t\t\t<dt class='gallery-icon landscape'>\n\t\t\t\t<a href='https:\/\/www.uv.mx\/prensa\/files\/2018\/08\/100818-CIENCIA-RELEVANTES-Murcielagos-1-e1615239702702.jpg'><img loading=\"lazy\" decoding=\"async\" width=\"722\" height=\"480\" src=\"https:\/\/www.uv.mx\/prensa\/files\/2018\/08\/100818-CIENCIA-RELEVANTES-Murcielagos-1-e1615239702702.jpg\" class=\"attachment-full size-full\" alt=\"\" aria-describedby=\"gallery-1-51464\" srcset=\"https:\/\/www.uv.mx\/prensa\/files\/2018\/08\/100818-CIENCIA-RELEVANTES-Murcielagos-1-e1615239702702.jpg 722w, https:\/\/www.uv.mx\/prensa\/files\/2018\/08\/100818-CIENCIA-RELEVANTES-Murcielagos-1-e1615239702702-300x199.jpg 300w\" sizes=\"auto, (max-width: 722px) 100vw, 722px\" \/><\/a>\n\t\t\t<\/dt>\n\t\t\t\t<dd class='wp-caption-text gallery-caption' id='gallery-1-51464'>\n\t\t\t\tCristina Mac Swiney Gonz\u00e1lez, investigadora del Citro\n\t\t\t\t<\/dd><\/dl><br style=\"clear: both\" \/>\n\t\t<\/div>\n\n<p>&nbsp;<\/p>\n<blockquote><p><span class=\"TextRun Highlight SCXW134521283 BCX4\" lang=\"ES-419\" xml:lang=\"ES-419\" data-contrast=\"auto\"><span class=\"NormalTextRun SCXW134521283 BCX4\">A nivel mundial, la matr\u00edcula de estudiantes femeninas en tecnolog\u00edas de la informaci\u00f3n y comunicaci\u00f3n apenas alcanza el tres por ciento; en ciencias naturales, matem\u00e1ticas y estad\u00edsticas, el cinco por ciento, y en ingenier\u00eda, manufactura y construcci\u00f3n, el ocho por ciento<\/span><\/span><span class=\"EOP SCXW134521283 BCX4\" data-ccp-props=\"{&quot;201341983&quot;:0,&quot;335551550&quot;:1,&quot;335551620&quot;:1,&quot;335559739&quot;:160,&quot;335559740&quot;:240}\">\u00a0<\/span><\/p><\/blockquote>\n<p>&nbsp;<\/p>\n<p><b><i><span data-contrast=\"auto\">Paola Cort\u00e9s P\u00e9rez<\/span><\/i><\/b><span data-ccp-props=\"{&quot;201341983&quot;:0,&quot;335559739&quot;:160,&quot;335559740&quot;:240}\">\u00a0<\/span><\/p>\n<p><b><i><span data-contrast=\"auto\">08\/03\/2021, Xalapa, Ver.-<\/span><\/i><\/b> <span data-contrast=\"auto\">H<\/span><span data-contrast=\"auto\">ace <\/span><span data-contrast=\"auto\">46 a\u00f1os<\/span> <span data-contrast=\"auto\">la Organizaci\u00f3n de las Naciones Unidas (ONU) <\/span><span data-contrast=\"auto\">institucionaliz<\/span><span data-contrast=\"auto\">\u00f3 <\/span><span data-contrast=\"auto\">el D\u00eda Internacional de la Mujer<\/span><span data-contrast=\"auto\">,<\/span><span data-contrast=\"auto\"> este a\u00f1o el tema principal es <\/span><span data-contrast=\"auto\">\u201cMujeres l\u00edderes: por un futuro igualitario en el mundo de la Covid-19\u201d, el cual celebra los enormes esfuerzos que realizan mujeres y ni\u00f1as en todo el mundo para forjar un futuro m\u00e1s igualitario y recup<\/span><span data-contrast=\"auto\">erarse de la pandemia ocasionada<\/span><span data-contrast=\"auto\"> por el virus SARS-CoV-2.<\/span><span data-ccp-props=\"{&quot;201341983&quot;:0,&quot;335559739&quot;:160,&quot;335559740&quot;:240}\">\u00a0<\/span><\/p>\n<p><span data-contrast=\"auto\">Uno d<\/span><span data-contrast=\"auto\">e los espacios do<\/span><span data-contrast=\"auto\">nde se refleja la desigualdad <\/span><span data-contrast=\"auto\">es el cient\u00edfico;<\/span><span data-contrast=\"auto\"> de acuerdo con datos de <\/span><span data-contrast=\"auto\">la <\/span><a href=\"https:\/\/es.unesco.org\/\"><span data-contrast=\"none\">Organizaci\u00f3n de las Naciones Unidas para la Educaci\u00f3n, la Ciencia y la Cultura<\/span><\/a><span data-contrast=\"auto\"> (<\/span><span data-contrast=\"auto\">UNESCO<\/span><span data-contrast=\"auto\">)<\/span><span data-contrast=\"auto\">, <\/span><span data-contrast=\"auto\">las mujeres siguen encontrando obst\u00e1culos para desenvolverse en el campo de la ciencia<\/span><span data-contrast=\"auto\">.<\/span><span data-ccp-props=\"{&quot;201341983&quot;:0,&quot;335559731&quot;:708,&quot;335559739&quot;:160,&quot;335559740&quot;:240}\">\u00a0<\/span><\/p>\n<p><span data-contrast=\"auto\">A pesar de que la participaci\u00f3n de las mujeres ha aumentado en las carreras de grado superior, <\/span><span data-contrast=\"auto\">todav\u00eda est\u00e1n insuficientemente representadas en los sectores de la ciencia, la tecnolog\u00eda, la ingenier\u00eda y las matem\u00e1ticas<\/span><span data-contrast=\"auto\"> (STEM<\/span><span data-contrast=\"auto\">, por sus siglas en ingl\u00e9s<\/span><span data-contrast=\"auto\">)<\/span><span data-contrast=\"auto\">.<\/span><span data-ccp-props=\"{&quot;201341983&quot;:0,&quot;335559731&quot;:708,&quot;335559739&quot;:160,&quot;335559740&quot;:240}\">\u00a0<\/span><\/p>\n<p><span data-contrast=\"auto\">A nivel mundial, la matr\u00edcula de estudiantes femeninas en <\/span><span data-contrast=\"auto\">tecnolog\u00eda<\/span><span data-contrast=\"auto\">s<\/span><span data-contrast=\"auto\"> de la informaci\u00f3n y comunicaci<\/span><span data-contrast=\"auto\">\u00f3n <\/span><span data-contrast=\"auto\">(TIC) apenas alcanza <\/span><span data-contrast=\"auto\">el<\/span><span data-contrast=\"auto\"> tres por ciento; en ciencias naturales, matem\u00e1ticas y estad\u00edsticas, <\/span><span data-contrast=\"auto\">el<\/span><span data-contrast=\"auto\"> cinco por ciento, y en ingenier\u00eda, manufactura y construcci\u00f3n, <\/span><span data-contrast=\"auto\">el<\/span><span data-contrast=\"auto\"> ocho por ciento.<\/span><span data-ccp-props=\"{&quot;201341983&quot;:0,&quot;335559731&quot;:708,&quot;335559739&quot;:160,&quot;335559740&quot;:240}\">\u00a0<\/span><\/p>\n<p><span data-contrast=\"auto\">Lo que da como resultado que s\u00f3lo el 33 por ciento de los investigador<\/span><span data-contrast=\"auto\">e<\/span><span data-contrast=\"auto\">s en todo el mundo son mujeres. <\/span><span data-contrast=\"auto\">En 2019, la regi\u00f3n con el mayor n\u00famero de cient\u00edficas era Asia Central, con el 48.2 por ciento, seguida de Am\u00e9rica Latina y el Caribe con el 45.1 por ciento<\/span><span data-contrast=\"auto\">, siendo Venezuela con el mayor porcentaje de cient\u00edficas, con el 61.4 por <\/span><span data-contrast=\"auto\">ciento<\/span><span data-contrast=\"auto\">.<\/span><span data-ccp-props=\"{&quot;201341983&quot;:0,&quot;335559731&quot;:708,&quot;335559739&quot;:160,&quot;335559740&quot;:240}\">\u00a0<\/span><\/p>\n<p><span data-contrast=\"auto\">En cuanto a M\u00e9xico<\/span><span data-contrast=\"auto\">, <\/span><span data-contrast=\"auto\">en <\/span><span data-contrast=\"auto\">el <\/span><span data-contrast=\"auto\">art\u00edculo<\/span> <a href=\"http:\/\/www.scielo.org.mx\/scielo.php?script=sci_arttext&amp;pid=S2448-76782015000200004&amp;lng=es&amp;nrm=iso&amp;tlng=es\"><span data-contrast=\"none\">\u201cLa <\/span><span data-contrast=\"none\">participaci\u00f3n de las mujeres investigadoras en <\/span><span data-contrast=\"none\">M\u00e9xic<\/span><span data-contrast=\"none\">o\u201d<\/span><\/a><span data-contrast=\"auto\">, <\/span><span data-contrast=\"auto\">de Magali C\u00e1rdenas Tapia,<\/span> <span data-contrast=\"auto\">resultado de una investigaci\u00f3n que tuvo por objetivo evaluar la equidad de g\u00e9nero en la investigaci\u00f3n en el pa\u00eds, <\/span><span data-contrast=\"auto\">arroj\u00f3<\/span><span data-contrast=\"auto\"> como resultados que <\/span><span data-contrast=\"auto\">en<\/span> <span data-contrast=\"auto\">2012<\/span> <span data-contrast=\"auto\">el porcentaje de mujeres <\/span><span data-contrast=\"auto\">que participaron en este sector fue de 33 por ciento; en 2013, increment\u00f3 dos puntos porcentuales, llegando a 35 por <\/span><span data-contrast=\"auto\">ciento, y para 2015 los porcentajes se mantuvieron iguales.<\/span><span data-ccp-props=\"{&quot;201341983&quot;:0,&quot;335559731&quot;:708,&quot;335559739&quot;:160,&quot;335559740&quot;:240}\">\u00a0<\/span><\/p>\n<p><span data-contrast=\"auto\">De las siete \u00e1reas de conocimiento establecidas por el Consejo Nacional de Ciencias y Tecnolog\u00eda (<\/span><i><span data-contrast=\"auto\">Conacyt<\/span><\/i><span data-contrast=\"auto\">), <\/span><span data-contrast=\"auto\">en ninguna las mujeres son mayor\u00eda; sin embargo, <\/span><span data-contrast=\"auto\">la mayor concentraci\u00f3n est\u00e1<\/span><span data-contrast=\"auto\"> en las \u00e1reas de <\/span><span data-contrast=\"auto\">b<\/span><span data-contrast=\"auto\">iolog\u00eda y <\/span><span data-contrast=\"auto\">q<\/span><span data-contrast=\"auto\">u\u00edmica; <\/span><span data-contrast=\"auto\">h<\/span><span data-contrast=\"auto\">umanidades y <\/span><span data-contrast=\"auto\">c<\/span><span data-contrast=\"auto\">iencias de la conducta, y <\/span><span data-contrast=\"auto\">c<\/span><span data-contrast=\"auto\">iencias <\/span><span data-contrast=\"auto\">s<\/span><span data-contrast=\"auto\">ociales y <\/span><span data-contrast=\"auto\">e<\/span><span data-contrast=\"auto\">con\u00f3micas.<\/span><span data-ccp-props=\"{&quot;201341983&quot;:0,&quot;335559731&quot;:708,&quot;335559739&quot;:160,&quot;335559740&quot;:240}\">\u00a0<\/span><\/p>\n<p><span data-contrast=\"auto\">Ante este panorama y con motiv<\/span><span data-contrast=\"auto\">o <\/span><span data-contrast=\"auto\">del D\u00eda Internacional de la Muje<\/span><span data-contrast=\"auto\">r, <\/span><span data-contrast=\"auto\">entrevista<\/span><span data-contrast=\"auto\">mos<\/span><span data-contrast=\"auto\"> a algunas investigadoras <\/span><span data-contrast=\"auto\">de la Universidad <\/span><span data-contrast=\"auto\">Veracruzana (UV)<\/span> <span data-contrast=\"auto\">\u2013<\/span><span data-contrast=\"auto\">todas ellas destacadas en sus disciplinas y l\u00edneas de investigaci\u00f3n<\/span><span data-contrast=\"auto\">\u2013<\/span> <span data-contrast=\"auto\">sobre su quehacer cient\u00edfico, los obst\u00e1culos que han enfrentado y el papel de las mujeres en la ciencia.<\/span><span data-ccp-props=\"{&quot;201341983&quot;:0,&quot;335559731&quot;:708,&quot;335559739&quot;:160,&quot;335559740&quot;:240}\">\u00a0<\/span><\/p>\n<p><span data-contrast=\"auto\">Rebeca<\/span><span data-contrast=\"auto\"> Menchaca <\/span><span data-contrast=\"auto\">Garc\u00eda, coordinadora del <\/span><span data-contrast=\"auto\">Orquidario del Centro de Investigaciones Tropicales<\/span><span data-contrast=\"auto\"> (<\/span><i><span data-contrast=\"auto\">Citro<\/span><\/i><span data-contrast=\"auto\">)<\/span><span data-contrast=\"auto\">, expres\u00f3 que sigue<\/span><span data-contrast=\"auto\"> haciendo falta la visi\u00f3n femenina en la investigaci\u00f3n, ya que menos del 30 por ciento de las personas dedicadas a la ciencia son mujeres.<\/span><span data-ccp-props=\"{&quot;201341983&quot;:0,&quot;335559731&quot;:708,&quot;335559739&quot;:160,&quot;335559740&quot;:240}\">\u00a0<\/span><\/p>\n<p><span data-contrast=\"auto\">Yovana Celaya <\/span><span data-contrast=\"auto\">N\u00e1ndez<\/span><span data-contrast=\"auto\">, <\/span><span data-contrast=\"auto\">investigadora adscrita al Instituto de Investigaciones Hist\u00f3rico-Sociales (IIH-S), <\/span><span data-contrast=\"auto\">se\u00f1al\u00f3 <\/span><span data-contrast=\"auto\">que pese al avance que se ha tenido en los \u00faltimos dos decenios<\/span> <span data-contrast=\"auto\">a\u00fan queda mucho camino por recorrer, para ello \u201cse requiere fortalecer la difusi\u00f3n en los distintos campos del conocimiento<\/span><span data-contrast=\"auto\">, y el reconocer nuestra igualdad de capacidades debe ayudarnos a romper con los obst\u00e1culos estructurales\u201d.<\/span><span data-ccp-props=\"{&quot;201341983&quot;:0,&quot;335559731&quot;:708,&quot;335559739&quot;:160,&quot;335559740&quot;:240}\">\u00a0<\/span><\/p>\n<p><span data-contrast=\"auto\">Citlalli <\/span><span data-contrast=\"auto\">L\u00f3pez Binnq\u00fcist<\/span><span data-contrast=\"auto\">, coordinadora del <\/span><i><span data-contrast=\"auto\">Citro<\/span><\/i><span data-contrast=\"auto\">, <\/span><span data-contrast=\"auto\">coment\u00f3 que como cient\u00edficas <\/span><span data-contrast=\"auto\">\u2013en formaci\u00f3n o ya laborando\u2013<\/span><span data-contrast=\"auto\"> pueden encontrar inspiraci\u00f3n y aliento en la fortaleza y \u00e1nimo de mujeres que cotidianamente cuidan a sus familias y sus entornos, campesinas, curanderas, artesanas y mujeres que <\/span><span data-contrast=\"auto\">han contribuido en importantes avances cient\u00edficos.<\/span><span data-ccp-props=\"{&quot;201341983&quot;:0,&quot;335559731&quot;:708,&quot;335559739&quot;:160,&quot;335559740&quot;:240}\">\u00a0<\/span><\/p>\n<p><span data-contrast=\"auto\">L<\/span><span data-contrast=\"auto\">eticia<\/span><span data-contrast=\"auto\"> C<\/span><span data-contrast=\"auto\">ano<\/span><span data-contrast=\"auto\"> A<\/span><span data-contrast=\"auto\">sseleih, investigadora del <\/span><i><span data-contrast=\"auto\">Citro<\/span><\/i><span data-contrast=\"auto\"> y responsable del proyecto de investigaci\u00f3n \u201cFlora <\/span><span data-contrast=\"auto\">m<\/span><span data-contrast=\"auto\">edicinal de Veracruz\u201d<\/span><span data-contrast=\"auto\">, <\/span><span data-contrast=\"auto\">mencion\u00f3 que <\/span><span data-contrast=\"auto\">la vida como cient\u00edfica es muy rica y gratificante, \u201cbrinda muchas satisfacciones cuando se hace con entrega\u201d.<\/span><span data-ccp-props=\"{&quot;201341983&quot;:0,&quot;335559731&quot;:708,&quot;335559739&quot;:160,&quot;335559740&quot;:240}\">\u00a0<\/span><\/p>\n<p><span data-contrast=\"auto\">Cristina Mac<\/span> <span data-contrast=\"auto\">Swiney Gonz\u00e1lez<\/span><span data-contrast=\"auto\">, investigadora del <\/span><i><span data-contrast=\"auto\">Citro<\/span><\/i><span data-contrast=\"auto\">, enfatiz\u00f3<\/span><span data-contrast=\"auto\">:<\/span> <span data-contrast=\"auto\">\u201cCreo que las mujeres y el enorme papel que tienen en la <\/span><span data-contrast=\"auto\">familia, la ciencia, la tecnolog\u00eda, las artes y en la sociedad en general, deben ser valoradas todos los d\u00edas del a\u00f1o\u201d.<\/span><span data-ccp-props=\"{&quot;201341983&quot;:0,&quot;335559731&quot;:708,&quot;335559739&quot;:160,&quot;335559740&quot;:240}\">\u00a0<\/span><\/p>\n<p><span data-ccp-props=\"{&quot;201341983&quot;:0,&quot;335559739&quot;:160,&quot;335559740&quot;:240}\">\u00a0<\/span><\/p>\n<p><b><span data-contrast=\"auto\">C<\/span><\/b><b><span data-contrast=\"auto\">uriosidad y capacidad de asombro<\/span><\/b><b><span data-contrast=\"auto\">, base de la investigaci\u00f3n<\/span><\/b><span data-ccp-props=\"{&quot;201341983&quot;:0,&quot;335559739&quot;:160,&quot;335559740&quot;:240}\">\u00a0<\/span><\/p>\n<p><span data-contrast=\"auto\">Durante m\u00e1s de 20 a\u00f1os <\/span><span data-contrast=\"auto\">Rebeca Menchaca<\/span> <span data-contrast=\"auto\">se ha dedicado a la investigaci\u00f3n y formaci\u00f3n de profesionales dedicados al estudio de las orqu\u00eddeas.<\/span><span data-ccp-props=\"{&quot;201341983&quot;:0,&quot;335559739&quot;:160,&quot;335559740&quot;:240}\">\u00a0<\/span><\/p>\n<p><span data-contrast=\"auto\">En entrevista para <\/span><i><span data-contrast=\"auto\">Universo<\/span><\/i> <span data-contrast=\"auto\">cont\u00f3 que<\/span><span data-contrast=\"auto\"> su inter\u00e9s por la investigaci\u00f3n quiz\u00e1 se dio porque <\/span><span data-contrast=\"auto\">creci\u00f3 rodeada<\/span><span data-contrast=\"auto\"> de naturaleza<\/span><span data-contrast=\"auto\">, atrapando alacranes y viendo c\u00f3mo se reproduc\u00edan las lagartijas <\/span><span data-contrast=\"auto\">\u2013<\/span><span data-contrast=\"auto\">de las que tuvo varias generaciones<\/span><span data-contrast=\"auto\">.<\/span><span data-ccp-props=\"{&quot;201341983&quot;:0,&quot;335559731&quot;:708,&quot;335559739&quot;:160,&quot;335559740&quot;:240}\">\u00a0<\/span><\/p>\n<p><span data-contrast=\"auto\">\u201cLa casa estaba rodeada de plantas y de las mascotas m\u00e1s sorprendentes. La gran cultura de mi madre y la profesi\u00f3n de mi pare como ingeniero agr<\/span><span data-contrast=\"auto\">\u00f3nomo, me orientaron a la investigaci\u00f3n por las plantas.\u201d<\/span><span data-ccp-props=\"{&quot;201341983&quot;:0,&quot;335559731&quot;:708,&quot;335559739&quot;:160,&quot;335559740&quot;:240}\">\u00a0<\/span><\/p>\n<p><span data-contrast=\"auto\">Fue a los 11 a\u00f1os de edad que conoci\u00f3 las orqu\u00eddeas, de las que quedar\u00eda impactada por su variedad de formas y colores, <\/span><span data-contrast=\"auto\">as\u00ed como por el fascinante sabor de la vainilla. Por ello, considera que la base de la investigaci\u00f3n es la curiosidad y la capacidad de asombro.<\/span><span data-ccp-props=\"{&quot;201341983&quot;:0,&quot;335559731&quot;:708,&quot;335559739&quot;:160,&quot;335559740&quot;:240}\">\u00a0<\/span><\/p>\n<p><span data-contrast=\"auto\">Cont\u00f3 que como en todo camino profesional siempre hu<\/span><span data-contrast=\"auto\">b<\/span><span data-contrast=\"auto\">o periodos dif\u00edciles que sortear, <\/span><span data-contrast=\"auto\">pero decidi\u00f3 no verlos como obst\u00e1culos sino como retos, <\/span><span data-contrast=\"auto\">as\u00ed que conseguir ser investigadora en la Universidad<\/span><span data-contrast=\"auto\">, lograr reconocimientos y\/o est\u00edmulos acad\u00e9micos, y poder combinar la vida familiar con la profesional, son lo<\/span><span data-contrast=\"auto\">g<\/span><span data-contrast=\"auto\">ros que ahora disfruta mucho.<\/span><span data-ccp-props=\"{&quot;201341983&quot;:0,&quot;335559731&quot;:708,&quot;335559739&quot;:160,&quot;335559740&quot;:240}\">\u00a0<\/span><\/p>\n<p><span data-contrast=\"auto\">A las nuevas generaciones de cient\u00edficas les dijo que la ciencia es divertida<\/span><span data-contrast=\"auto\"> y el dedicar la vida profesional a buscar respuestas<\/span> <span data-contrast=\"auto\">\u2013<\/span><span data-contrast=\"auto\">que a veces generan nuevas preguntas<\/span><span data-contrast=\"auto\">\u2013<\/span><span data-contrast=\"auto\"> es un campo apasionante y din\u00e1mico que no tiene fin.<\/span><span data-ccp-props=\"{&quot;201341983&quot;:0,&quot;335559731&quot;:708,&quot;335559739&quot;:160,&quot;335559740&quot;:240}\">\u00a0<\/span><\/p>\n<p><span data-contrast=\"auto\">\u201cAfortunadamente hay mujeres que nos inspiran, <\/span><span data-contrast=\"auto\">como <\/span><span data-contrast=\"auto\">Rosalind Franklin, <\/span><span data-contrast=\"auto\">que <\/span><span data-contrast=\"auto\">realiz\u00f3 las primeras fotograf\u00edas de mol\u00e9culas de ADN en 1950<\/span><span data-contrast=\"auto\">; <\/span><span data-contrast=\"auto\">Jane Goodall, qu<\/span><span data-contrast=\"auto\">e dedic\u00f3<\/span><span data-contrast=\"auto\"> toda su vida al estudio de<\/span> <span data-contrast=\"auto\">los primates, y actualmente Chen Wei, Ki<\/span><span data-contrast=\"auto\">zzmekia Corbett y Sarah Gilbert, <\/span><span data-contrast=\"auto\">quienes <\/span><span data-contrast=\"auto\">desarrollan <\/span><span data-contrast=\"auto\">las principales vacunas contra la <\/span><span data-contrast=\"auto\">Covid<\/span><span data-contrast=\"auto\">-19.<\/span><span data-contrast=\"auto\"> E<\/span><span data-contrast=\"auto\">n un futuro, seguramente una de nuestras estudiantes ser\u00e1 como ellas<\/span><span data-contrast=\"auto\">.\u201d<\/span><span data-ccp-props=\"{&quot;201341983&quot;:0,&quot;335559731&quot;:708,&quot;335559739&quot;:160,&quot;335559740&quot;:240}\">\u00a0<\/span><\/p>\n<p><span data-ccp-props=\"{&quot;201341983&quot;:0,&quot;335559739&quot;:160,&quot;335559740&quot;:240}\">\u00a0<\/span><\/p>\n<p><b><span data-contrast=\"auto\">Los obst\u00e1culos son parte del aprendizaje<\/span><\/b><span data-ccp-props=\"{&quot;201341983&quot;:0,&quot;335559739&quot;:160,&quot;335559740&quot;:240}\">\u00a0<\/span><\/p>\n<p><span data-contrast=\"auto\">Yovana Celaya <\/span><span data-contrast=\"auto\">tiene <\/span><span data-contrast=\"auto\">D<\/span><span data-contrast=\"auto\">octorado en Historia por El Colegio de M\u00e9xico y es integrante del Sistema Nacional de Investigadores (SNI) Nivel I<\/span><span data-contrast=\"auto\">; cont\u00f3 que su inter\u00e9s por la historia surgi\u00f3 desde los cursos de<\/span><span data-contrast=\"auto\"> formaci\u00f3n b\u00e1sica en secundaria y preparatoria, pero su <\/span><span data-contrast=\"auto\">inter\u00e9s por la investigaci\u00f3n <\/span><span data-contrast=\"auto\">se dio cuando durante sus estudios en la Universidad entrevist\u00f3 a un investigador, como parte de sus actividades educativas.<\/span><span data-ccp-props=\"{&quot;201341983&quot;:0,&quot;335559739&quot;:160,&quot;335559740&quot;:240}\">\u00a0<\/span><\/p>\n<p><span data-contrast=\"auto\">\u201cSin lugar a dudas el conocerlo y <\/span><span data-contrast=\"auto\">hacerle preguntas de una investigaci\u00f3n en curso <\/span><span data-contrast=\"auto\">fue significativo para decidirme por la <\/span><span data-contrast=\"auto\">investigaci\u00f3n y comprender que \u00e9<\/span><span data-contrast=\"auto\">ste era otro campo donde pod\u00eda desempe\u00f1arme<\/span><span data-contrast=\"auto\">.\u201d<\/span><span data-ccp-props=\"{&quot;201341983&quot;:0,&quot;335559731&quot;:708,&quot;335559739&quot;:160,&quot;335559740&quot;:240}\">\u00a0<\/span><\/p>\n<p><span data-contrast=\"auto\">Mencion\u00f3 que dedicarse a la investigaci\u00f3n es un proceso largo: a los cuatro a\u00f1os de licenciatura <\/span><span data-contrast=\"auto\">deben sumarse al menos seis a\u00f1os de formaci\u00f3n en maestr\u00eda y doctorado. Es un proceso que exige compromiso <\/span><span data-contrast=\"auto\">y entender que la producci\u00f3n de conocimiento no es un proceso lineal y que los obst\u00e1culos son parte del crecimiento.<\/span><span data-ccp-props=\"{&quot;201341983&quot;:0,&quot;335559731&quot;:708,&quot;335559739&quot;:160,&quot;335559740&quot;:240}\">\u00a0<\/span><\/p>\n<p><span data-contrast=\"auto\">\u201cEn la medida que se reconozca que <\/span><span data-contrast=\"auto\">de <\/span><span data-contrast=\"auto\">los obst\u00e1c<\/span><span data-contrast=\"auto\">ulos que se present<\/span><span data-contrast=\"auto\">an tambi\u00e9n puede<\/span><span data-contrast=\"auto\">n surgir nuevas posibilidades, \u00e9<\/span><span data-contrast=\"auto\">stos dejar\u00e1n de <\/span><span data-contrast=\"auto\">tener s\u00f3lo una carga negativa y podr\u00e1n considerarse como una oportunidad.<\/span><span data-ccp-props=\"{&quot;201341983&quot;:0,&quot;335559731&quot;:708,&quot;335559739&quot;:160,&quot;335559740&quot;:240}\">\u00a0<\/span><\/p>\n<p><span data-contrast=\"auto\">\u201d<\/span><span data-contrast=\"auto\">Por supuesto que experimentamos condiciones particulares y estructurales que pueden dificultar nuestra incursi\u00f3n en determinados campos, pero reconocer nuestra igualdad <\/span><span data-contrast=\"auto\">de capacidades debe ayudarnos a romper con los obst\u00e1culos estructurales.\u201d<\/span><span data-ccp-props=\"{&quot;201341983&quot;:0,&quot;335559731&quot;:708,&quot;335559739&quot;:160,&quot;335559740&quot;:240}\">\u00a0<\/span><\/p>\n<p><span data-contrast=\"auto\">Apunt\u00f3 que desde el papel como investigador<\/span><span data-contrast=\"auto\">es<\/span><span data-contrast=\"auto\"> y docente<\/span><span data-contrast=\"auto\">s<\/span><span data-contrast=\"auto\"> debe fomentarse en las j\u00f3venes generaciones <\/span><span data-contrast=\"auto\">las preguntas b\u00e1sicas<\/span><span data-contrast=\"auto\">:<\/span><span data-contrast=\"auto\"> \u00bf<\/span><span data-contrast=\"auto\">q<\/span><span data-contrast=\"auto\">u\u00e9 significa la investigaci\u00f3<\/span><span data-contrast=\"auto\">n<\/span><span data-contrast=\"auto\">?, \u00bf<\/span><span data-contrast=\"auto\">p<\/span><span data-contrast=\"auto\">o<\/span><span data-contrast=\"auto\">r qu\u00e9 se necesita hacer investigaci\u00f3n?, \u00bf<\/span><span data-contrast=\"auto\">c<\/span><span data-contrast=\"auto\">\u00f3mo y para qu\u00e9?<\/span><span data-ccp-props=\"{&quot;201341983&quot;:0,&quot;335559731&quot;:708,&quot;335559739&quot;:160,&quot;335559740&quot;:240}\">\u00a0<\/span><\/p>\n<p><span data-contrast=\"auto\">\u201c<\/span><span data-contrast=\"auto\">El proceso conjunto entre j\u00f3venes en formaci\u00f3n y mujeres ejerciendo puede contribuir a cerrar la brecha de desigualdad y aumentar las posibilidades de elecci\u00f3n por parte de ni\u00f1as y j\u00f3venes para dedicarse a la investigaci\u00f3n cient\u00edfica.<\/span><span data-contrast=\"auto\">\u201d<\/span><span data-ccp-props=\"{&quot;201341983&quot;:0,&quot;335559731&quot;:708,&quot;335559739&quot;:160,&quot;335559740&quot;:240}\">\u00a0<\/span><\/p>\n<p><span data-contrast=\"auto\">En la actualidad<\/span><span data-contrast=\"auto\">, Celaya N\u00e1ndez<\/span><span data-contrast=\"auto\"> trabaja en una investigaci\u00f3n que analiza la reforma fiscal liberal veracruzana desde la perspectiva de las instituciones municipales en su car\u00e1cter de coadyuvantes en el registro de los contribuyentes y cobro de impuestos de jurisdicci\u00f3n estatal.<\/span><span data-ccp-props=\"{&quot;201341983&quot;:0,&quot;335559731&quot;:708,&quot;335559739&quot;:160,&quot;335559740&quot;:240}\">\u00a0<\/span><\/p>\n<p><span data-ccp-props=\"{&quot;201341983&quot;:0,&quot;335559739&quot;:160,&quot;335559740&quot;:240}\">\u00a0<\/span><\/p>\n<p><b><span data-contrast=\"auto\">No he tenido como meta el destacar, sino el contribuir<\/span><\/b><span data-ccp-props=\"{&quot;201341983&quot;:0,&quot;335559739&quot;:160,&quot;335559740&quot;:240}\">\u00a0<\/span><\/p>\n<p><span data-contrast=\"auto\">Citlalli <\/span><span data-contrast=\"auto\">L\u00f3pez Binnq\u00fcist<\/span> <span data-contrast=\"auto\">dijo que una de las principales metas para trabajar en el <\/span><span data-contrast=\"auto\">\u00e1mbito<\/span><span data-contrast=\"auto\"> cient\u00edfico <\/span><span data-contrast=\"auto\">fue <\/span><span data-contrast=\"auto\">la labor<\/span><span data-contrast=\"auto\"> constante<\/span><span data-contrast=\"auto\">, cada d\u00eda.<\/span><span data-ccp-props=\"{&quot;201341983&quot;:0,&quot;335559739&quot;:160,&quot;335559740&quot;:240}\">\u00a0<\/span><\/p>\n<p><span data-contrast=\"auto\">Dijo que si <\/span><span data-contrast=\"auto\">se <\/span><span data-contrast=\"auto\">desarrolla y\/o investiga<\/span> <span data-contrast=\"auto\">sobre temas que gustan y con los cuales <\/span><span data-contrast=\"auto\">se est\u00e1<\/span> <span data-contrast=\"auto\">comprometido<\/span><span data-contrast=\"auto\"> a nivel individual, social y pol\u00edticamente, el trabajo se torna en un<\/span><span data-contrast=\"auto\">a<\/span><span data-contrast=\"auto\"> actividad <\/span><span data-contrast=\"auto\">de la cual no se deja de aprender y de disfrutar, pese a las dificultades que puedan presentarse.<\/span><span data-ccp-props=\"{&quot;201341983&quot;:0,&quot;335559731&quot;:708,&quot;335559739&quot;:160,&quot;335559740&quot;:240}\">\u00a0<\/span><\/p>\n<p><span data-contrast=\"auto\">\u201c<\/span><span data-contrast=\"auto\">D<\/span><span data-contrast=\"auto\">estacar en el \u00e1mbito cient\u00edfico y profesional es resultado de<\/span><span data-contrast=\"auto\">l<\/span><span data-contrast=\"auto\"> trabajo perseverante y detallado. Yo no he tenido como meta el destacar, sino lograr contribuir, sobre todo en el \u00e1mbito educativo en el que nos encontramos.<\/span><span data-contrast=\"auto\">\u201d<\/span><span data-ccp-props=\"{&quot;201341983&quot;:0,&quot;335559731&quot;:708,&quot;335559739&quot;:160,&quot;335559740&quot;:240}\">\u00a0<\/span><\/p>\n<p><span data-contrast=\"auto\">A las nuevas generaciones de mujeres que desean ser cient\u00edficas o est\u00e1n en formaci\u00f3n<\/span><span data-contrast=\"auto\">,<\/span><span data-contrast=\"auto\"> les <\/span><span data-contrast=\"auto\">dijo que el contexto actual <\/span><span data-contrast=\"auto\">ha sido complicado para todos, <\/span><span data-contrast=\"auto\">\u201c<\/span><span data-contrast=\"auto\">pero lo cierto es que <\/span><span data-contrast=\"auto\">tambi\u00e9n<\/span><span data-contrast=\"auto\"> tenemos una gran responsabilidad desde <\/span><span data-contrast=\"auto\">cualquier etapa en la que estemos<\/span><span data-contrast=\"auto\">; y como cient\u00edficas <\/span><span data-contrast=\"auto\">pueden encontrar inspiraci\u00f3n y aliento en la fortaleza<\/span><span data-contrast=\"auto\">, as\u00ed como<\/span><span data-contrast=\"auto\"> \u00e1nimo de mujeres que cotidi<\/span><span data-contrast=\"auto\">anamente cuidan a sus familias y sus entornos<\/span><span data-contrast=\"auto\">\u201d<\/span><span data-contrast=\"auto\">.<\/span><span data-ccp-props=\"{&quot;201341983&quot;:0,&quot;335559731&quot;:708,&quot;335559739&quot;:160,&quot;335559740&quot;:240}\">\u00a0<\/span><\/p>\n<p><span data-ccp-props=\"{&quot;201341983&quot;:0,&quot;335559739&quot;:160,&quot;335559740&quot;:240}\">\u00a0<\/span><\/p>\n<p><b><span data-contrast=\"auto\">L<\/span><\/b><b><span data-contrast=\"auto\">a vida de las mujeres cient\u00edficas es muy rica y gratificante<\/span><\/b><span data-ccp-props=\"{&quot;201341983&quot;:0,&quot;335559739&quot;:160,&quot;335559740&quot;:240}\">\u00a0<\/span><\/p>\n<p><span data-contrast=\"auto\">L<\/span><span data-contrast=\"auto\">eticia<\/span><span data-contrast=\"auto\"> C<\/span><span data-contrast=\"auto\">ano<\/span><span data-contrast=\"auto\"> A<\/span><span data-contrast=\"auto\">sseleih<\/span> <span data-contrast=\"auto\">cont\u00f3 a <\/span><i><span data-contrast=\"auto\">Universo<\/span><\/i><span data-contrast=\"auto\"> que<\/span><span data-contrast=\"auto\"> su gusto por la ciencia se dio<\/span> <span data-contrast=\"auto\">a partir de su clase de qu\u00edmica <\/span><span data-contrast=\"auto\">en<\/span><span data-contrast=\"auto\"> la secundaria<\/span><span data-contrast=\"auto\">, <\/span><span data-contrast=\"auto\">cuando <\/span><span data-contrast=\"auto\">aprendi\u00f3 que toda mater<\/span><span data-contrast=\"auto\">i<\/span><span data-contrast=\"auto\">a viva e inanimada estaba conforma<\/span><span data-contrast=\"auto\">da por el mismo elemento y era el \u00e1tomo.<\/span><span data-ccp-props=\"{&quot;201341983&quot;:0,&quot;335559739&quot;:160,&quot;335559740&quot;:240}\">\u00a0<\/span><\/p>\n<p><span data-contrast=\"auto\">\u201c<\/span><span data-contrast=\"auto\">Para m\u00ed<\/span><span data-contrast=\"auto\"> esto fue una gran revelaci\u00f3n, a partir de la cu\u00e1l surgieron miles de preguntas sobre las diferencias entre los variados colores y formas de las flores, las texturas, las consistencias de las cosas.<\/span><span data-ccp-props=\"{&quot;201341983&quot;:0,&quot;335559731&quot;:708,&quot;335559739&quot;:160,&quot;335559740&quot;:240}\">\u00a0<\/span><\/p>\n<p><span data-contrast=\"auto\">\u201d<\/span><span data-contrast=\"auto\">D<\/span><span data-contrast=\"auto\">esde ese momento no he dejado de hacerme preguntas y encontrar explicaciones a ellas<\/span><span data-contrast=\"auto\">,<\/span><span data-contrast=\"auto\"> y esto es el fundamento de la investigaci\u00f3n.<\/span><span data-contrast=\"auto\">\u201d<\/span><span data-ccp-props=\"{&quot;201341983&quot;:0,&quot;335559731&quot;:708,&quot;335559739&quot;:160,&quot;335559740&quot;:240}\">\u00a0<\/span><\/p>\n<p><span data-contrast=\"auto\">Enfatiz\u00f3 que a lo largo de su preparaci\u00f3n como <\/span><span data-contrast=\"auto\">cient\u00edfica <\/span><span data-contrast=\"auto\">su meta principal <\/span><span data-contrast=\"auto\">ha sido y es realizar<\/span><span data-contrast=\"auto\"> investigaci\u00f3n<\/span><span data-contrast=\"auto\"> y su trabajo profesional con una fuer<\/span><span data-contrast=\"auto\">te<\/span><span data-contrast=\"auto\"> base \u00e9tica<\/span><span data-contrast=\"auto\">, para impulsar a los j\u00f3venes a participar en proyectos con pertinencia social.<\/span><span data-ccp-props=\"{&quot;201341983&quot;:0,&quot;335559731&quot;:708,&quot;335559739&quot;:160,&quot;335559740&quot;:240}\">\u00a0<\/span><\/p>\n<p><span data-contrast=\"auto\">Uno de los obst\u00e1culos a los que <\/span><span data-contrast=\"auto\">se <\/span><span data-contrast=\"auto\">enfrent\u00f3 a lo largo de su trayectoria fue quedarse desemplead<\/span><span data-contrast=\"auto\">a<\/span><span data-contrast=\"auto\"> en dos momentos, situaciones que le hicieron dudar de su capacidad como investigadora cient\u00edfica<\/span><span data-contrast=\"auto\">; sin embargo, no se dej<\/span><span data-contrast=\"auto\">\u00f3<\/span><span data-contrast=\"auto\"> vencer por el <\/span><span data-contrast=\"auto\">des\u00e1nimo<\/span><span data-contrast=\"auto\">, as\u00ed que cada vez que ve\u00eda las caritas de sus hijos <\/span><span data-contrast=\"auto\">eso la <\/span><span data-contrast=\"auto\">impulsaba a seguir luchando.<\/span><span data-ccp-props=\"{&quot;201341983&quot;:0,&quot;335559731&quot;:708,&quot;335559739&quot;:160,&quot;335559740&quot;:240}\">\u00a0<\/span><\/p>\n<p><span data-contrast=\"auto\">A<\/span><span data-contrast=\"auto\">l dirigirse a<\/span><span data-contrast=\"auto\"> las<\/span> <span data-contrast=\"auto\">generaciones m\u00e1s <\/span><span data-contrast=\"auto\">j\u00f3venes<\/span><span data-contrast=\"auto\">,<\/span> <span data-contrast=\"auto\">dijo <\/span><span data-contrast=\"auto\">que ser cient\u00edfica es muy gratificante y deja muchas satisfacciones cuando se hace con entrega.<\/span><span data-ccp-props=\"{&quot;201341983&quot;:0,&quot;335559731&quot;:708,&quot;335559739&quot;:160,&quot;335559740&quot;:240}\">\u00a0<\/span><\/p>\n<p><span data-contrast=\"auto\">\u201c<\/span><span data-contrast=\"auto\">Nunca se dejen vencer por los avatares que conlleva, siempre contin\u00faen luchando por el objetivo y la meta que se marcan como mujer y como cient\u00edfica, con esperanza, fortaleci\u00e9ndose d\u00eda a d\u00eda de manera integral, en lo acad\u00e9mico, en lo humano y con la seguridad de que al final lo lograr\u00e1n, as\u00ed me pas\u00f3 a m\u00ed.<\/span><span data-contrast=\"auto\">\u201d<\/span><span data-ccp-props=\"{&quot;201341983&quot;:0,&quot;335559731&quot;:708,&quot;335559739&quot;:160,&quot;335559740&quot;:240}\">\u00a0<\/span><\/p>\n<p><span data-contrast=\"auto\">Desde muy joven, <\/span><span data-contrast=\"auto\">Cristina Mac<\/span> <span data-contrast=\"auto\">Swiney <\/span><span data-contrast=\"auto\">tuvo la oportunidad de <\/span><span data-contrast=\"auto\">viajar por muchos ecosistemas del pa\u00eds,<\/span><span data-contrast=\"auto\"> y<\/span><span data-contrast=\"auto\"> siempre sinti\u00f3 esa fascinaci\u00f3n por las flores y los animales del campo. <\/span><span data-contrast=\"auto\">Cuando lleg\u00f3 el momento de decidir la profesi\u00f3n a la que se dedicar\u00eda, le sorprendi\u00f3 <\/span><span data-contrast=\"auto\">la enorme diversidad de temas y grupos taxon\u00f3micos que puede estudiarse en la <\/span><span data-contrast=\"auto\">b<\/span><span data-contrast=\"auto\">iolog\u00eda, pero desde el primer d\u00eda <\/span><span data-contrast=\"auto\">fue atrapada por los murci\u00e9lagos.<\/span><span data-ccp-props=\"{&quot;201341983&quot;:0,&quot;335559731&quot;:708,&quot;335559739&quot;:160,&quot;335559740&quot;:240}\">\u00a0<\/span><\/p>\n<p><span data-contrast=\"auto\">\u201cMe encant\u00f3 su enorme diversidad en colores, su gran variedad de formas (<\/span><span data-contrast=\"auto\">de orejas, de alas, de tama\u00f1o de ojos) relacionadas con sus h\u00e1bitos alimenticios<\/span><span data-contrast=\"auto\">. Desde ese d\u00eda tuve la certeza que ese <\/span><span data-contrast=\"auto\">g<\/span><span data-contrast=\"auto\">rupo de mam\u00edferos era mi tema de estudio.\u201d<\/span><span data-ccp-props=\"{&quot;201341983&quot;:0,&quot;335559731&quot;:708,&quot;335559739&quot;:160,&quot;335559740&quot;:240}\">\u00a0<\/span><\/p>\n<p><span data-contrast=\"auto\">Las metas que se traz\u00f3 para destacar en el \u00e1mbito cient\u00edfico y profesional fue ser constante<\/span><span data-contrast=\"auto\">, disfrutar su trabajo <\/span><span data-contrast=\"auto\">\u2013<\/span><span data-contrast=\"auto\">en oficina y en campo<\/span><span data-contrast=\"auto\">\u2013<\/span><span data-contrast=\"auto\"> y no rendirse ante las dificultades<\/span><span data-contrast=\"auto\">.<\/span><span data-ccp-props=\"{&quot;201341983&quot;:0,&quot;335559731&quot;:708,&quot;335559739&quot;:160,&quot;335559740&quot;:240}\">\u00a0<\/span><\/p>\n<p><span data-contrast=\"auto\">\u201cDesde muy joven supe que quer\u00eda ser investigadora y orient\u00e9 mi trabajo a ese fin, prepar\u00e1ndome acad\u00e9micamente con estudios de posgrado y dedicando muchas horas a mi trabajo.\u201d<\/span><span data-ccp-props=\"{&quot;201341983&quot;:0,&quot;335559731&quot;:708,&quot;335559739&quot;:160,&quot;335559740&quot;:240}\">\u00a0<\/span><\/p>\n<p><span data-contrast=\"auto\">Por ello, a las nuevas generaciones de mujeres cient\u00edficas les aconsej\u00f3 no rendirse <\/span><span data-contrast=\"auto\">cuando enfrente<\/span><span data-contrast=\"auto\">n<\/span><span data-contrast=\"auto\"> dificultades<\/span><span data-contrast=\"auto\"> y<\/span><span data-contrast=\"auto\"> encuentren la manera de sortearlas<\/span><span data-contrast=\"auto\">,<\/span> <span data-contrast=\"auto\">que busquen entornos positivos, con gente con la que puedan trabajar proyectos en conjunto<\/span><span data-contrast=\"auto\">, pues en la ciencia la colaboraci\u00f3n enriquece el conocimiento<\/span><span data-contrast=\"auto\">.<\/span><span data-ccp-props=\"{&quot;201341983&quot;:0,&quot;335559731&quot;:708,&quot;335559739&quot;:160,&quot;335559740&quot;:240}\">\u00a0<\/span><\/p>\n<p><span data-contrast=\"auto\">\u201cEl 8 de marzo se ha establecido como un d\u00eda para celebrar a la mujer, pero este d\u00eda no debe ser el \u00fanico<\/span><span data-contrast=\"auto\"> en el que se valore <\/span><span data-contrast=\"auto\">su <\/span><span data-contrast=\"auto\">papel. Creo que las mujeres y <\/span><span data-contrast=\"auto\">las <\/span><span data-contrast=\"auto\">enorme<\/span><span data-contrast=\"auto\">s<\/span> <span data-contrast=\"auto\">contribuciones <\/span><span data-contrast=\"auto\">que tienen en la familia, la ciencia, la tecnolog\u00eda, las artes y en la sociedad<\/span> <span data-contrast=\"auto\">deben ser valoradas todos los d\u00edas del a\u00f1o.\u201d<\/span><span data-ccp-props=\"{&quot;201341983&quot;:0,&quot;335559731&quot;:708,&quot;335559739&quot;:160,&quot;335559740&quot;:240}\">\u00a0<\/span><\/p>\n","protected":false},"excerpt":{"rendered":"<p>Aunque la participaci\u00f3n de las mujeres ha aumentado en las carreras de grado superior, todav\u00eda no est\u00e1n representadas en los sectores de la ciencia <\/p>\n","protected":false},"author":1508,"featured_media":94233,"comment_status":"closed","ping_status":"closed","sticky":false,"template":"","format":"standard","meta":{"footnotes":""},"categories":[45,61],"tags":[],"class_list":["post-94231","post","type-post","status-publish","format-standard","has-post-thumbnail","hentry","category-ciencia","category-banner"],"_links":{"self":[{"href":"https:\/\/www.uv.mx\/prensa\/wp-json\/wp\/v2\/posts\/94231","targetHints":{"allow":["GET"]}}],"collection":[{"href":"https:\/\/www.uv.mx\/prensa\/wp-json\/wp\/v2\/posts"}],"about":[{"href":"https:\/\/www.uv.mx\/prensa\/wp-json\/wp\/v2\/types\/post"}],"author":[{"embeddable":true,"href":"https:\/\/www.uv.mx\/prensa\/wp-json\/wp\/v2\/users\/1508"}],"replies":[{"embeddable":true,"href":"https:\/\/www.uv.mx\/prensa\/wp-json\/wp\/v2\/comments?post=94231"}],"version-history":[{"count":1,"href":"https:\/\/www.uv.mx\/prensa\/wp-json\/wp\/v2\/posts\/94231\/revisions"}],"predecessor-version":[{"id":94234,"href":"https:\/\/www.uv.mx\/prensa\/wp-json\/wp\/v2\/posts\/94231\/revisions\/94234"}],"wp:featuredmedia":[{"embeddable":true,"href":"https:\/\/www.uv.mx\/prensa\/wp-json\/wp\/v2\/media\/94233"}],"wp:attachment":[{"href":"https:\/\/www.uv.mx\/prensa\/wp-json\/wp\/v2\/media?parent=94231"}],"wp:term":[{"taxonomy":"category","embeddable":true,"href":"https:\/\/www.uv.mx\/prensa\/wp-json\/wp\/v2\/categories?post=94231"},{"taxonomy":"post_tag","embeddable":true,"href":"https:\/\/www.uv.mx\/prensa\/wp-json\/wp\/v2\/tags?post=94231"}],"curies":[{"name":"wp","href":"https:\/\/api.w.org\/{rel}","templated":true}]}}