{"id":94182,"date":"2021-03-07T08:00:19","date_gmt":"2021-03-07T14:00:19","guid":{"rendered":"https:\/\/www.uv.mx\/prensa\/?p=94182"},"modified":"2021-03-09T10:35:45","modified_gmt":"2021-03-09T16:35:45","slug":"tardes-de-ciencia-abordara-relacion-de-habitantes-con-volcanes-en-los-tuxtlas","status":"publish","type":"post","link":"https:\/\/www.uv.mx\/prensa\/ciencia\/tardes-de-ciencia-abordara-relacion-de-habitantes-con-volcanes-en-los-tuxtlas\/","title":{"rendered":"\u201cTardes de Ciencia\u201d abordar\u00e1 relaci\u00f3n de habitantes con volcanes en Los Tuxtlas"},"content":{"rendered":"<ul>\n<li data-leveltext=\"\uf0b7\" data-font=\"Symbol\" data-listid=\"1\" data-aria-posinset=\"1\" data-aria-level=\"1\"><i><span data-contrast=\"auto\">La charla del martes 9 de marzo ser\u00e1 impartida por <\/span><\/i><i><span data-contrast=\"auto\">Gibr\u00e1nn<\/span><\/i><i><span data-contrast=\"auto\"> Becerra \u00c1lvarez, docente de la Facultad de Antropolog\u00eda<\/span><\/i><i><span data-contrast=\"auto\">, a<\/span><\/i><i><span data-contrast=\"auto\"> las 17:00 horas por la plataforma <\/span><\/i><span data-contrast=\"auto\">Cisco <\/span><span data-contrast=\"auto\">Webex<\/span><span data-ccp-props=\"{&quot;134233279&quot;:true,&quot;201341983&quot;:0,&quot;335559739&quot;:160,&quot;335559740&quot;:240}\">\u00a0<\/span><\/li>\n<li data-leveltext=\"\uf0b7\" data-font=\"Symbol\" data-listid=\"1\" data-aria-posinset=\"2\" data-aria-level=\"1\"><i><span data-contrast=\"auto\">Hablar\u00e1 sobre las erupciones registradas en esa regi\u00f3n hace mil 200, mil 800 a\u00f1os<\/span><\/i><i><span data-contrast=\"auto\">\u00a0y<\/span><\/i><i><span data-contrast=\"auto\">\u00a0en 1793<\/span><\/i><span data-ccp-props=\"{&quot;134233279&quot;:true,&quot;201341983&quot;:0,&quot;335559739&quot;:160,&quot;335559740&quot;:240}\">\u00a0<\/span><\/li>\n<\/ul>\n<p>&nbsp;<\/p>\n<div id=\"attachment_94183\" style=\"width: 733px\" class=\"wp-caption aligncenter\"><a href=\"https:\/\/www.uv.mx\/prensa\/files\/2021\/03\/050321-TARDES-DE-CIENCIA-2.jpg\"><img loading=\"lazy\" decoding=\"async\" aria-describedby=\"caption-attachment-94183\" class=\"size-full wp-image-94183\" src=\"https:\/\/www.uv.mx\/prensa\/files\/2021\/03\/050321-TARDES-DE-CIENCIA-2.jpg\" alt=\"\" width=\"723\" height=\"481\" srcset=\"https:\/\/www.uv.mx\/prensa\/files\/2021\/03\/050321-TARDES-DE-CIENCIA-2.jpg 723w, https:\/\/www.uv.mx\/prensa\/files\/2021\/03\/050321-TARDES-DE-CIENCIA-2-300x200.jpg 300w\" sizes=\"auto, (max-width: 723px) 100vw, 723px\" \/><\/a><p id=\"caption-attachment-94183\" class=\"wp-caption-text\">\u201cLos antiguos pobladores de Los Tuxtlas y su relaci\u00f3n con el agua y los volcanes\u201d es el tema de la pr\u00f3xima sesi\u00f3n de <span class=\"TextRun BCX4 SCXW38561836\" lang=\"ES-MX\" xml:lang=\"ES-MX\" data-contrast=\"auto\"><span class=\"NormalTextRun BCX4 SCXW38561836\">\u201cTardes de Ciencia<\/span><\/span><span class=\"TextRun BCX4 SCXW38561836\" lang=\"ES-MX\" xml:lang=\"ES-MX\" data-contrast=\"auto\"><span class=\"NormalTextRun BCX4 SCXW38561836\">\u201d<\/span><\/span><\/p><\/div>\n<p>&nbsp;<\/p>\n<p><b><i><span data-contrast=\"auto\">Claudia Peralta V\u00e1zquez<\/span><\/i><\/b><span data-ccp-props=\"{&quot;201341983&quot;:0,&quot;335559739&quot;:160,&quot;335559740&quot;:240}\">\u00a0<\/span><\/p>\n<p><b><i><span data-contrast=\"auto\">07<\/span><\/i><\/b><b><i><span data-contrast=\"auto\">\/<\/span><\/i><\/b><b><i><span data-contrast=\"auto\">03<\/span><\/i><\/b><b><i><span data-contrast=\"auto\">\/<\/span><\/i><\/b><b><i><span data-contrast=\"auto\">20<\/span><\/i><\/b><b><i><span data-contrast=\"auto\">21,<\/span><\/i><\/b><b><i><span data-contrast=\"auto\"> Xalapa, Ver.- <\/span><\/i><\/b><span data-contrast=\"auto\">Gibr\u00e1nn<\/span><span data-contrast=\"auto\"> Becerra \u00c1lvarez, docente de la Facultad de Antropolog\u00eda de la <a href=\"https:\/\/www.uv.mx\/\" target=\"_blank\" rel=\"noopener\">Universidad Veracruzana<\/a> (UV), impartir\u00e1 el martes 9 de marzo la charla \u201c<\/span><span data-contrast=\"auto\">Los antiguos pobladores de <\/span><span data-contrast=\"auto\">L<\/span><span data-contrast=\"auto\">os Tuxtlas y su relaci\u00f3n con el agua y los volcanes<\/span><span data-contrast=\"auto\">\u201d, dentro de <\/span><span data-contrast=\"auto\">\u201c<\/span><span data-contrast=\"auto\">Tardes de Ciencia<\/span><span data-contrast=\"auto\">\u201d<\/span><span data-contrast=\"auto\">.<\/span><span data-ccp-props=\"{&quot;201341983&quot;:0,&quot;335559739&quot;:160,&quot;335559740&quot;:240}\">\u00a0<\/span><\/p>\n<p><span data-contrast=\"auto\">Como en cada sesi\u00f3n de este programa adscrito a la Direcci\u00f3n General de Investigaciones<\/span><span data-contrast=\"auto\"> (DGI), \u201c<\/span><span data-contrast=\"auto\">S\u00e1bados<\/span><span data-contrast=\"auto\"> en la Ciencia\u201d<\/span><span data-contrast=\"auto\"> y <\/span><span data-contrast=\"auto\">la <\/span><span data-contrast=\"auto\">Academia Mexicana de Ciencias (AMC), la pl\u00e1tica inici<\/span><span data-contrast=\"auto\">ar\u00e1<\/span><span data-contrast=\"auto\"> a las 17:00 horas, <\/span><span data-contrast=\"auto\">en <\/span><a href=\"http:\/\/sabadosenlaciencia.webex.com\/meet\/tardesdeciencia\"><span data-contrast=\"none\">sabadosenlaciencia.webex.com\/meet\/tardesdeciencia<\/span><\/a><span data-contrast=\"auto\">,<\/span> <span data-contrast=\"auto\">a trav\u00e9s <\/span><span data-contrast=\"auto\">de la plataforma <\/span><i><span data-contrast=\"auto\">Cisco <\/span><\/i><i><span data-contrast=\"auto\">Webex<\/span><\/i><i><span data-contrast=\"auto\">.<\/span><\/i><span data-ccp-props=\"{&quot;201341983&quot;:0,&quot;335559739&quot;:160,&quot;335559740&quot;:240}\">\u00a0<\/span><\/p>\n<p><span data-contrast=\"auto\">Mediante una presentaci\u00f3n din\u00e1mica, ilustrativa e interesante, <\/span><span data-contrast=\"auto\">Gibr\u00e1nn<\/span><span data-contrast=\"auto\"> Becerra <\/span><span data-contrast=\"auto\">compartir\u00e1 con<\/span><span data-contrast=\"auto\"> los e<\/span><span data-contrast=\"auto\">s<\/span><span data-contrast=\"auto\">pectadores una de sus m\u00e1s grandes pasiones <\/span><span data-contrast=\"auto\">relacionada con <\/span><span data-contrast=\"auto\">su labor profesional: la pr\u00e1ctica de campo en la regi\u00f3n de Los Tuxtlas.<\/span><span data-ccp-props=\"{&quot;201341983&quot;:0,&quot;335559731&quot;:708,&quot;335559739&quot;:160,&quot;335559740&quot;:240}\">\u00a0<\/span><\/p>\n<p><span data-contrast=\"auto\">\u201cEs una regi\u00f3n que me gusta y me importa mucho, ah\u00ed he desarrolla<\/span><span data-contrast=\"auto\">do todo mi trabajo profesional.\u201d<\/span><span data-ccp-props=\"{&quot;201341983&quot;:0,&quot;335559739&quot;:160,&quot;335559740&quot;:240}\">\u00a0<\/span><\/p>\n<p><span data-contrast=\"auto\">En la Facultad de Antropolog\u00eda, el docente imparte las experiencias educativas<\/span><span data-contrast=\"auto\"> (EE)<\/span><span data-contrast=\"auto\"> Pr\u00e1ctica de <\/span><span data-contrast=\"auto\">C<\/span><span data-contrast=\"auto\">ampo y An\u00e1lisis de <\/span><span data-contrast=\"auto\">M<\/span><span data-contrast=\"auto\">ateriales<\/span><span data-contrast=\"auto\">, mismas que debido a la pandemia se interrumpieron a partir del a\u00f1o pasado.<\/span><span data-ccp-props=\"{&quot;201341983&quot;:0,&quot;335559731&quot;:708,&quot;335559739&quot;:160,&quot;335559740&quot;:240}\">\u00a0<\/span><\/p>\n<p><span data-contrast=\"auto\">Sin embargo, considera relevante mostrar al p\u00fablico de <\/span><span data-contrast=\"auto\">\u201c<\/span><span data-contrast=\"auto\">Tardes de Ciencia<\/span><span data-contrast=\"auto\">\u201d<\/span> <span data-contrast=\"auto\">c\u00f3mo la vida de las personas<\/span><span data-contrast=\"auto\">, de las comunidades y de la sociedad en general<\/span><span data-contrast=\"auto\"> est\u00e1 relacionada con la actividad de los volcanes.<\/span> <span data-contrast=\"auto\">El ejemplo m\u00e1s cercano es el volc\u00e1n Popocat\u00e9petl<\/span><span data-contrast=\"auto\">,<\/span><span data-contrast=\"auto\"> cuya actividad ha impactado a los habitantes de poblaciones <\/span><span data-contrast=\"auto\">circunvecinas.<\/span><span data-ccp-props=\"{&quot;201341983&quot;:0,&quot;335559731&quot;:708,&quot;335559739&quot;:160,&quot;335559740&quot;:240}\">\u00a0<\/span><\/p>\n<p><span data-contrast=\"auto\">\u201c<\/span><span data-contrast=\"auto\">Podemos pensar que los volcanes tambi\u00e9n est\u00e1n vivos porque se mueven, ocasionan temblores, exhalaciones, vapores, en el paisaje <\/span><span data-contrast=\"auto\">son un elemento poderoso y fuerte que tiene la posibilidad de propiciar la vida y el desastre<\/span><span data-contrast=\"auto\">.<\/span><span data-contrast=\"auto\">\u201d<\/span><span data-ccp-props=\"{&quot;201341983&quot;:0,&quot;335559731&quot;:708,&quot;335559739&quot;:160,&quot;335559740&quot;:240}\">\u00a0<\/span><\/p>\n<p><span data-contrast=\"auto\">E<\/span><span data-contrast=\"auto\">n el caso de <\/span><span data-contrast=\"auto\">Los <\/span><span data-contrast=\"auto\">Tuxtlas<\/span><span data-contrast=\"auto\">, <\/span><span data-contrast=\"auto\">Gibr\u00e1nn<\/span><span data-contrast=\"auto\"> Becerra dio a conocer que <\/span><span data-contrast=\"auto\">existen alrededor de 400 de ellos, adem\u00e1s de que es una zona circundada por agu<\/span><span data-contrast=\"auto\">a.<\/span><span data-ccp-props=\"{&quot;201341983&quot;:0,&quot;335559731&quot;:708,&quot;335559739&quot;:160,&quot;335559740&quot;:240}\">\u00a0<\/span><\/p>\n<p><span data-contrast=\"auto\">La combinaci\u00f3n de ambos contextos es interesante para entender c\u00f3mo las personas se han adap<\/span><span data-contrast=\"auto\">tado y desarrollado estrategias, <\/span><span data-contrast=\"auto\">con el fin de<\/span><span data-contrast=\"auto\"> enfrenta<\/span><span data-contrast=\"auto\">r<\/span> <span data-contrast=\"auto\">los riesgos que implica la actividad volc\u00e1nica.<\/span><span data-ccp-props=\"{&quot;201341983&quot;:0,&quot;335559731&quot;:708,&quot;335559739&quot;:160,&quot;335559740&quot;:240}\">\u00a0<\/span><\/p>\n<p><span data-contrast=\"auto\">En <\/span><span data-contrast=\"auto\">su ponencia se referir\u00e1 a tres periodos<\/span><span data-contrast=\"auto\">, mismos que<\/span><span data-contrast=\"auto\"> tienen que ver con<\/span><span data-contrast=\"auto\"> igual n\u00famero de<\/span><span data-contrast=\"auto\"> erupciones <\/span><span data-contrast=\"auto\">ocurridas <\/span><span data-contrast=\"auto\">en esta regi\u00f3n del sur de Veracruz<\/span><span data-contrast=\"auto\">,<\/span><span data-contrast=\"auto\"> hace <\/span><span data-contrast=\"auto\">mil 200<\/span><span data-contrast=\"auto\"> y <\/span><span data-contrast=\"auto\">mil 800 a\u00f1os<\/span><span data-contrast=\"auto\">; y otra en 1793 del volc\u00e1n San Mart\u00edn Tuxtla.<\/span><span data-ccp-props=\"{&quot;201341983&quot;:0,&quot;335559731&quot;:708,&quot;335559739&quot;:160,&quot;335559740&quot;:240}\">\u00a0<\/span><\/p>\n<p><span data-contrast=\"auto\">Con base en datos de <\/span><span data-contrast=\"auto\">v<\/span><span data-contrast=\"auto\">ulcan\u00f3logos, <\/span><span data-contrast=\"auto\">g<\/span><span data-contrast=\"auto\">eof\u00edsicos y <\/span><span data-contrast=\"auto\">g<\/span><span data-contrast=\"auto\">e\u00f3logos, se sabe que las <\/span><span data-contrast=\"auto\">personas actuaron de diferente forma<\/span><span data-contrast=\"auto\"> ante la actividad volc\u00e1nica que los oblig\u00f3 a <\/span><span data-contrast=\"auto\">cambiar <\/span><span data-contrast=\"auto\">sus formas de vida, alimentaci\u00f3n, incluso migraci\u00f3n.<\/span><span data-ccp-props=\"{&quot;201341983&quot;:0,&quot;335559731&quot;:708,&quot;335559739&quot;:160,&quot;335559740&quot;:240}\">\u00a0<\/span><\/p>\n<p><span data-contrast=\"auto\">Destac\u00f3 que esta pl\u00e1tica deriva de la publicaci\u00f3n de un art\u00edculo <\/span><span data-contrast=\"auto\">en<\/span><span data-contrast=\"auto\"> el libro <\/span><i><span data-contrast=\"auto\">Agua: territorialidades y dimensiones de an\u00e1lisis<\/span><\/i><span data-contrast=\"auto\">, <\/span><span data-contrast=\"auto\">en el que <\/span><span data-contrast=\"auto\">junto con <\/span><span data-contrast=\"auto\">\u00e9l particip\u00f3 <\/span><span data-contrast=\"auto\">Sara Ladr\u00f3n de Guevara, rectora de la UV, y <\/span><span data-contrast=\"auto\">Lourdes <\/span><span data-contrast=\"auto\">Budar<\/span><span data-contrast=\"auto\"> Jim\u00e9nez, directora de la Universidad Veracruzana Intercultural (UVI)<\/span><span data-contrast=\"auto\">.<\/span><span data-ccp-props=\"{&quot;201341983&quot;:0,&quot;335559739&quot;:160,&quot;335559740&quot;:240}\">\u00a0<\/span><\/p>\n<p><span data-contrast=\"auto\">Este art\u00edculo aborda el tema<\/span> <span data-contrast=\"auto\">\u201cEl agua en la construcci\u00f3n del paisaje pol\u00edtico de la costa este de Los Tuxtlas\u201d<\/span><span data-contrast=\"auto\">.<\/span><span data-ccp-props=\"{&quot;201341983&quot;:0,&quot;335559739&quot;:160,&quot;335559740&quot;:240}\">\u00a0<\/span><\/p>\n<p><span data-contrast=\"auto\">Tambi\u00e9n, hablar\u00e1 acerca del<\/span><span data-contrast=\"auto\"> naturalista<\/span><span data-contrast=\"auto\"> mexicano<\/span><span data-contrast=\"auto\"> Jos\u00e9 Mariano <\/span><span data-contrast=\"auto\">Mo<\/span><span data-contrast=\"auto\">c<\/span><span data-contrast=\"auto\">i\u00f1o<\/span><span data-contrast=\"auto\">, encargado de registrar y documentar la erupci\u00f3n de <\/span><span data-contrast=\"auto\">1793, <\/span><span data-contrast=\"auto\">junto con su equipo de pintores y dibujantes.<\/span><span data-ccp-props=\"{&quot;201341983&quot;:0,&quot;335559739&quot;:160,&quot;335559740&quot;:240}\">\u00a0<\/span><\/p>\n<p>&nbsp;<\/p>\n<div id=\"attachment_94184\" style=\"width: 731px\" class=\"wp-caption aligncenter\"><a href=\"https:\/\/www.uv.mx\/prensa\/files\/2021\/03\/050321-TARDES-DE-CIENCIA-1.jpg\"><img loading=\"lazy\" decoding=\"async\" aria-describedby=\"caption-attachment-94184\" class=\"size-full wp-image-94184\" src=\"https:\/\/www.uv.mx\/prensa\/files\/2021\/03\/050321-TARDES-DE-CIENCIA-1.jpg\" alt=\"\" width=\"721\" height=\"481\" srcset=\"https:\/\/www.uv.mx\/prensa\/files\/2021\/03\/050321-TARDES-DE-CIENCIA-1.jpg 721w, https:\/\/www.uv.mx\/prensa\/files\/2021\/03\/050321-TARDES-DE-CIENCIA-1-300x200.jpg 300w\" sizes=\"auto, (max-width: 721px) 100vw, 721px\" \/><\/a><p id=\"caption-attachment-94184\" class=\"wp-caption-text\">Gibr\u00e1nn Becerra \u00c1lvarez, docente de la Facultad de Antropolog\u00eda<\/p><\/div>\n","protected":false},"excerpt":{"rendered":"<p>La charla del 9 de marzo ser\u00e1 impartida por Gibr\u00e1nn Becerra \u00c1lvarez, docente de la Facultad de Antropolog\u00eda, a las 17:00 horas por la plataforma <em>Cisco Webex<\/em><\/p>\n","protected":false},"author":1508,"featured_media":0,"comment_status":"closed","ping_status":"closed","sticky":false,"template":"","format":"standard","meta":{"footnotes":""},"categories":[45,47],"tags":[],"class_list":["post-94182","post","type-post","status-publish","format-standard","hentry","category-ciencia","category-eventos"],"_links":{"self":[{"href":"https:\/\/www.uv.mx\/prensa\/wp-json\/wp\/v2\/posts\/94182","targetHints":{"allow":["GET"]}}],"collection":[{"href":"https:\/\/www.uv.mx\/prensa\/wp-json\/wp\/v2\/posts"}],"about":[{"href":"https:\/\/www.uv.mx\/prensa\/wp-json\/wp\/v2\/types\/post"}],"author":[{"embeddable":true,"href":"https:\/\/www.uv.mx\/prensa\/wp-json\/wp\/v2\/users\/1508"}],"replies":[{"embeddable":true,"href":"https:\/\/www.uv.mx\/prensa\/wp-json\/wp\/v2\/comments?post=94182"}],"version-history":[{"count":1,"href":"https:\/\/www.uv.mx\/prensa\/wp-json\/wp\/v2\/posts\/94182\/revisions"}],"predecessor-version":[{"id":94251,"href":"https:\/\/www.uv.mx\/prensa\/wp-json\/wp\/v2\/posts\/94182\/revisions\/94251"}],"wp:attachment":[{"href":"https:\/\/www.uv.mx\/prensa\/wp-json\/wp\/v2\/media?parent=94182"}],"wp:term":[{"taxonomy":"category","embeddable":true,"href":"https:\/\/www.uv.mx\/prensa\/wp-json\/wp\/v2\/categories?post=94182"},{"taxonomy":"post_tag","embeddable":true,"href":"https:\/\/www.uv.mx\/prensa\/wp-json\/wp\/v2\/tags?post=94182"}],"curies":[{"name":"wp","href":"https:\/\/api.w.org\/{rel}","templated":true}]}}