{"id":9409,"date":"2016-04-12T11:31:20","date_gmt":"2016-04-12T16:31:20","guid":{"rendered":"https:\/\/www.uv.mx\/prensa\/?p=9409"},"modified":"2016-04-13T12:34:24","modified_gmt":"2016-04-13T17:34:24","slug":"editorial-uv-presentara-novedades-en-la-filu","status":"publish","type":"post","link":"https:\/\/www.uv.mx\/prensa\/general\/editorial-uv-presentara-novedades-en-la-filu\/","title":{"rendered":"Editorial UV presentar\u00e1 novedades en la FILU"},"content":{"rendered":"<p>&nbsp;<\/p>\n<ul>\n<li><em>Se trata de novelas, antolog\u00edas de cuentos, poes\u00eda, investigaciones cient\u00edficas y m\u00e1s<\/em><\/li>\n<\/ul>\n<p>&nbsp;<\/p>\n<p><strong><em>Karina de la Paz Reyes D\u00edaz<\/em><\/strong><\/p>\n<p>&nbsp;<\/p>\n<p>La Editorial de la Universidad Veracruzana (UV) presentar\u00e1 en la Feria Internacional del Libro Universitario (FILU) 2016, que se realizar\u00e1 del 22 de abril al 1 de mayo en el Complejo Omega, las obras m\u00e1s recientes que se agregaron a su cat\u00e1logo. Abarca todos los g\u00e9neros literarios y una amplia gama de tem\u00e1ticas: violencia, periodismo, m\u00fasica y teatro, por mencionar algunas.<\/p>\n<p>El s\u00e1bado 23 de abril a las 13:30 horas, en el Sal\u00f3n \u201cRam\u00f3n Rodr\u00edguez\u201d del Complejo Deportivo Omega, se presentar\u00e1 <em>Cartapacios<\/em>, de Pedro Dami\u00e1n Bautista, ganador del Premio de Primera Novela \u201cSergio Galindo\u201d 2015. Participan: Carlos Manuel Cruz Meza, Jaime Mu\u00f1oz, \u00c9dgar Garc\u00eda Valencia y el autor.<\/p>\n<p>A las 17:00 horas, en el mismo lugar, se har\u00e1 lo propio con <em>Historia de la risa y de la burla<\/em>, de Georges Minois, coeditado por la Universidad de Sonora, Editorial Ficticia y la UV. Participar\u00e1n: Martha Mungu\u00eda y Jorge Brash (traductor).<\/p>\n<p>Media hora despu\u00e9s, en el Sal\u00f3n \u201cJuan Vicente Melo\u201d, Rodolfo Mendoza, director general del Instituto Veracruzano de la Cultura (<em>Ivec<\/em>), y Edgar Garc\u00eda Valencia, director de la Editorial UV, presentar\u00e1n <em>Demonios en casa<\/em>, de Pedro \u00c1ngel Palou, quien tambi\u00e9n participar\u00e1 en el acto.<\/p>\n<p>A las 19:00 horas, en el Sal\u00f3n \u201cRam\u00f3n Rodr\u00edguez\u201d, Remedios \u00c1lvarez Santos, Leonardo Rodr\u00edguez Torres y Judith Guadalupe P\u00e1ez, moderados por Maricruz G\u00f3mez Lim\u00f3n, hablar\u00e1n del n\u00famero 36 de la revista <em>La Palabra y el Hombre<\/em>.<\/p>\n<p>El domingo 24, a las 13:00 horas, tambi\u00e9n en el Sal\u00f3n \u201cRam\u00f3n Rodr\u00edguez\u201d se presentar\u00e1 <em>Ediciones El Puente y los vac\u00edos del canon literario cubano: din\u00e1micas culturales posrevolucionarias<\/em>, de Mar\u00eda Isabel Alfonso. Participar\u00e1n: Elizabeth Corral, Leticia Mora y Christian Fr\u00edas. Moderar\u00e1: Jes\u00fas Guerrero.<\/p>\n<p>A las 16:00 horas, en el Sal\u00f3n \u201cEmilio Carballido\u201d, tendr\u00e1 lugar la<\/p>\n<p>presentaci\u00f3n de <em>Crimen premeditado y otros cuentos<\/em>, de Witold Gombrowicz. En ella intervendr\u00e1n H\u00e9ctor Orestes Aguilar, Rodolfo Mendoza y Roberto Culebro, bajo la moderaci\u00f3n \u00c9dgar Garc\u00eda Valencia.<\/p>\n<p>A las 16:30 horas, como parte de la mesa de discusi\u00f3n \u201cPasado, presente y futuro de la prensa veracruzana\u201d, se presentar\u00e1n dos libros <em>Pasado y Presente, 220 a\u00f1os de periodismo en Veracruz de la Editorial de la UV <\/em>y <em>Violencia y periodismo regional en M\u00e9xico<\/em> (bajo el sello del Consejo Nacional de Ciencia y Tecnolog\u00eda y Editorial Juan Pablos) de Celia del Palacio. Participar\u00e1n: Norma Trujillo, Williams Cort\u00e9s, Jos\u00e9 Alfredo Zavaleta y la autora, bajo la moderaci\u00f3n de Germ\u00e1n Mart\u00ednez Aceves.<\/p>\n<p>A las 18:00 horas, en el Sal\u00f3n \u201cRam\u00f3n Rodr\u00edguez\u201d, se presentar\u00e1 <em>Mientras exista el mar\/Pendat que la mer existe<\/em>, de Jamel Eddine Bencheikh, con la intervenci\u00f3n de Philippe Cheron y Philippe Oll\u00e9 Laprune, moderados por Nina Crangle.<\/p>\n<div id=\"attachment_9411\" style=\"width: 310px\" class=\"wp-caption aligncenter\"><a href=\"https:\/\/www.uv.mx\/prensa\/files\/2016\/04\/Editorial-UV-en-la-FILU.jpg\"><img aria-describedby=\"caption-attachment-9411\" decoding=\"async\" loading=\"lazy\" class=\"size-medium wp-image-9411\" src=\"https:\/\/www.uv.mx\/prensa\/files\/2016\/04\/Editorial-UV-en-la-FILU-300x200.jpg\" alt=\"La FILU 2016 se realizar\u00e1 en el Complejo Deportivo Omega\" width=\"300\" height=\"200\" srcset=\"https:\/\/www.uv.mx\/prensa\/files\/2016\/04\/Editorial-UV-en-la-FILU-300x200.jpg 300w, https:\/\/www.uv.mx\/prensa\/files\/2016\/04\/Editorial-UV-en-la-FILU-1024x684.jpg 1024w, https:\/\/www.uv.mx\/prensa\/files\/2016\/04\/Editorial-UV-en-la-FILU.jpg 1203w\" sizes=\"(max-width: 300px) 100vw, 300px\" \/><\/a><p id=\"caption-attachment-9411\" class=\"wp-caption-text\">La FILU 2016 se realizar\u00e1 en el Complejo Deportivo Omega<\/p><\/div>\n<p>El lunes 25 a las 16:00 horas, en el Sal\u00f3n \u201cRam\u00f3n Rodr\u00edguez\u201d, Eckart Boege y Miguel Escalona, moderados por \u00c9dgar Garc\u00eda Valencia, hablar\u00e1n del libro <em>Los ma\u00edces nativos de la Sierra de Santa Marta<\/em>, de Carlos \u00c1vila Bello.<\/p>\n<p>A las 18:00 horas, en el Sal\u00f3n \u201cJuan Vicente Melo\u201d, se har\u00e1 lo propio con <em>Las mujeres y su goce: del silencio al lenguaje fecundo<\/em>, de Mar\u00eda Jos\u00e9 Garc\u00eda Oramas. Participar\u00e1n: Jos\u00e9 Luis Mart\u00ednez Su\u00e1rez, Alejandra Tena y la autora, moderados por \u00c9dgar Garc\u00eda Valencia.<\/p>\n<p>El martes 26 a las 17:00 horas, en el Sal\u00f3n \u201cJuan Vicente Melo\u201d, la cita es para hablar del libro <em>Violencia, inseguridad y justicia en Veracruz<\/em>, coordinado por Alberto Olvera, V\u00edctor Andrade y Jos\u00e9 Alfredo Zavaleta, con la moderaci\u00f3n de Germ\u00e1n Mart\u00ednez Aceves.<\/p>\n<p>El mi\u00e9rcoles 27 a las 17:00 horas, en el auditorio del \u00c1gora de la Ciudad, se presentar\u00e1 <em>Tragedia, risa y desencanto en el teatro mexicano contempor\u00e1neo, <\/em>de Claudia Gidi, coeditado por Paso de Gato y la UV. Los comentarios ser\u00e1n de Nidia Vincent y Luis Mario Moncada.<\/p>\n<p>De las 18:30 a 19:30 horas, en el Sal\u00f3n \u201cJuan Vicente Melo\u201d, se har\u00e1 lo propio con <em>Una naci\u00f3n de pueblos<\/em>, de Michael Ducey. Participar\u00e1n Luis Fernando Granados y Victoria Chenaut.<\/p>\n<p>Al d\u00eda siguiente, a las 12:00 horas en el Sal\u00f3n \u201cEmilio Carballido\u201d, Luis Josu\u00e9 Mart\u00ednez, Leticia Mora Perdomo y Milena Koprivitza presentar\u00e1n <em>Jos\u00e9 Justo Montiel, pintor orizabe\u00f1o<\/em>, libro coeditado por el Fomento Cultural <em>Banamex<\/em>, <em>Ivec<\/em>, Consejo Nacional para la Cultura y las Artes y la UV.<\/p>\n<p>A las 13:00 horas, en el Sal\u00f3n \u201cJuan Vicente Melo\u201d, Guillermo Cuevas y \u00c9dgar Dorantes, moderados por Cecilia del Mar Zamudio, hablar\u00e1n de <em>El nacimiento de Kind of Blue, una obra maestra<\/em>, de Eric Nisenson.<\/p>\n<p>A las 17:30 horas, en el mismo lugar, tocar\u00e1 el turno a <em>Cuentos del novecento<\/em> <em>italiano: Un modelo para armar<\/em>, compilado por Ana Villada. M\u00f3nica S\u00e1nchez, Mois\u00e9s Hern\u00e1ndez Romero y la compiladora lo comentar\u00e1n y la mesa ser\u00e1 moderada por Amanda Falcone.<\/p>\n<p>Por la noche, a las 21:00 horas, en La Moderna (calle Hidalgo n\u00famero 67, Centro de Xalapa) se presentar\u00e1 la antolog\u00eda <em>Inestabilidad. Poes\u00eda contempor\u00e1nea de Francia y M\u00e9xico<\/em>, de Ana Franco y Roc\u00edo Cer\u00f3n, coeditado por UV-EBL. Hablar\u00e1n de ella Joachim Montessuis Regen, C\u00e9sar Silva y las autoras.<\/p>\n<p>El viernes 29 a las 11:30 horas se presentar\u00e1 el n\u00famero 1 del volumen 29 de la revista <em>La Ciencia y el Hombre<\/em>. Participar\u00e1 Leonardo Ortiz Lozano y moderar\u00e1 Liliana Calatayud Duhalt. Enseguida, a las 12:00 horas, en el Sal\u00f3n \u201cJuan Vicente Melo\u201d se presentar\u00e1n los libros <em>Ritmos circadianos de la c\u00e9lula al ser humano <\/em>e <em>Investigaci\u00f3n biom\u00e9dica<\/em>, de Mario Caba.<\/p>\n<p>A la 13:30 horas, en el Foro \u201cSergio Galindo\u201d, el tema ser\u00e1 el libro <em>La m\u00fasica veracruzana: historia, pr\u00e1cticas y reto, <\/em>coordinado por Enrique Florescano y Nelly Palafox, coeditado por la Secretar\u00eda de Educaci\u00f3n de Veracruz y la UV. Comentar\u00e1n Juan Ortiz Escamilla y Andr\u00e9s Barahona, y moderar\u00e1 el propio Florescano.<\/p>\n<p>Por la tarde, a las 18:30 horas, en el Sal\u00f3n \u201cRam\u00f3n Rodr\u00edguez\u201d, se presentar\u00e1 <em>El sue\u00f1o derramado<\/em>, de Jacobo Rauskin. Participar\u00e1n Jorge Lobillo y el autor. Moderar\u00e1 \u00c9dgar Garc\u00eda Valencia.<\/p>\n<p>Por la noche, a las 21:00 horas, en La Moderna tendr\u00e1 lugar la presentaci\u00f3n del poemario <em>Noches de Adrenalina<\/em>, de Carmen Oll\u00e9, coeditado por la UV-EBL. Lo comentarios ser\u00e1n de Esther Hern\u00e1ndez Palacios (directora general de Difusi\u00f3n Cultural), Roc\u00edo Cer\u00f3n, Itzel Guevara y Magali Velasco Vargas (coordinadora de la FILU).<\/p>\n<p>El s\u00e1bado 30 a las 13:30 horas, en el Sal\u00f3n \u201cJuan Vicente Melo\u201d, se presentar\u00e1 <em>El umbral. Mar\u00eda Teresa de Medina, La dama insurgente<\/em>, de Roberto Peredo.<\/p>\n<p>A las 18:30 horas, en el Sal\u00f3n \u201cEmilio Carballido\u201d, Jos\u00e9 Miguel Barajas y Diana Luz S\u00e1nchez presentar\u00e1n <em>La geometr\u00eda de las variables<\/em>, de Mamadou Mahmoud N&#8217;dongo. Tambi\u00e9n participar\u00e1 el autor.<\/p>\n<p>El domingo 1 de mayo a las 13:00 horas, en el Sal\u00f3n \u201cJuan Vicente Melo\u201d se hablar\u00e1 de <em>Huesos de jilguero. Antolog\u00eda po\u00e9tica<\/em>, de Janet Frame. Participar\u00e1n Nair Anaya y Camila Krauss, as\u00ed como Nina Crangle, en calidad de moderadora.<\/p>\n<p>Finalmente, a las 14:00 horas, tambi\u00e9n en el Juan Vicente Melo, Mario Mu\u00f1oz, Jes\u00fas Guerrero y \u00c9dgar Onofre Fern\u00e1ndez presentar\u00e1n <em>El \u00e1rbol detr\u00e1s de la ventana. Panorama literario de reportaje polaco<\/em>, cuya selecci\u00f3n y pr\u00f3logo es de Tomasz Pindel.<\/p>\n<p>&nbsp;<\/p>\n","protected":false},"excerpt":{"rendered":"<p><strong><em>Karina de la Paz Reyes .-<\/em><\/strong>La Editorial de la Universidad Veracruzana (UV) presentar\u00e1 en la Feria Internacional del Libro Universitario (FILU) 2016, que se realizar\u00e1 del 22 de abril al 1 de mayo en el Complejo Omega, las obras m\u00e1s recientes que se agregaron a su cat\u00e1logo. Abarca todos los g\u00e9neros literarios y una amplia gama de tem\u00e1ticas: violencia, periodismo, m\u00fasica y teatro, por mencionar algunas.<\/p>\n","protected":false},"author":1810,"featured_media":9410,"comment_status":"closed","ping_status":"closed","sticky":false,"template":"","format":"standard","meta":[],"categories":[1],"tags":[3],"_links":{"self":[{"href":"https:\/\/www.uv.mx\/prensa\/wp-json\/wp\/v2\/posts\/9409"}],"collection":[{"href":"https:\/\/www.uv.mx\/prensa\/wp-json\/wp\/v2\/posts"}],"about":[{"href":"https:\/\/www.uv.mx\/prensa\/wp-json\/wp\/v2\/types\/post"}],"author":[{"embeddable":true,"href":"https:\/\/www.uv.mx\/prensa\/wp-json\/wp\/v2\/users\/1810"}],"replies":[{"embeddable":true,"href":"https:\/\/www.uv.mx\/prensa\/wp-json\/wp\/v2\/comments?post=9409"}],"version-history":[{"count":0,"href":"https:\/\/www.uv.mx\/prensa\/wp-json\/wp\/v2\/posts\/9409\/revisions"}],"wp:featuredmedia":[{"embeddable":true,"href":"https:\/\/www.uv.mx\/prensa\/wp-json\/wp\/v2\/media\/9410"}],"wp:attachment":[{"href":"https:\/\/www.uv.mx\/prensa\/wp-json\/wp\/v2\/media?parent=9409"}],"wp:term":[{"taxonomy":"category","embeddable":true,"href":"https:\/\/www.uv.mx\/prensa\/wp-json\/wp\/v2\/categories?post=9409"},{"taxonomy":"post_tag","embeddable":true,"href":"https:\/\/www.uv.mx\/prensa\/wp-json\/wp\/v2\/tags?post=9409"}],"curies":[{"name":"wp","href":"https:\/\/api.w.org\/{rel}","templated":true}]}}