{"id":94028,"date":"2021-03-04T14:45:16","date_gmt":"2021-03-04T20:45:16","guid":{"rendered":"https:\/\/www.uv.mx\/prensa\/?p=94028"},"modified":"2021-03-05T11:23:22","modified_gmt":"2021-03-05T17:23:22","slug":"uv-entrego-nombramiento-a-director-de-la-fispa","status":"publish","type":"post","link":"https:\/\/www.uv.mx\/prensa\/regiones\/uv-entrego-nombramiento-a-director-de-la-fispa\/","title":{"rendered":"UV entreg\u00f3 nombramiento\u00a0a\u00a0Director\u00a0de\u00a0la\u00a0FISPA\u00a0"},"content":{"rendered":"<div id=\"attachment_94030\" style=\"width: 732px\" class=\"wp-caption aligncenter\"><a href=\"https:\/\/www.uv.mx\/prensa\/files\/2021\/03\/030321-CECILIA-Director-2.jpg\"><img loading=\"lazy\" decoding=\"async\" aria-describedby=\"caption-attachment-94030\" class=\"size-full wp-image-94030\" src=\"https:\/\/www.uv.mx\/prensa\/files\/2021\/03\/030321-CECILIA-Director-2.jpg\" alt=\"\" width=\"722\" height=\"481\" srcset=\"https:\/\/www.uv.mx\/prensa\/files\/2021\/03\/030321-CECILIA-Director-2.jpg 722w, https:\/\/www.uv.mx\/prensa\/files\/2021\/03\/030321-CECILIA-Director-2-300x200.jpg 300w\" sizes=\"auto, (max-width: 722px) 100vw, 722px\" \/><\/a><p id=\"caption-attachment-94030\" class=\"wp-caption-text\">Nayib\u00a0Bechara\u00a0Acar\u00a0rindi\u00f3 protesta ante el vicerrector Carlos Lamothe<\/p><\/div>\n<p>&nbsp;<\/p>\n<p><b><i><span data-contrast=\"auto\">Cecilia Escribano<\/span><\/i><\/b><b><i><span data-contrast=\"auto\">\u00a0Reyes<\/span><\/i><\/b><span data-ccp-props=\"{&quot;201341983&quot;:0,&quot;335559739&quot;:160,&quot;335559740&quot;:240}\">\u00a0<\/span><\/p>\n<p><b><i><span data-contrast=\"auto\">0<\/span><\/i><\/b><b><i><span data-contrast=\"auto\">5<\/span><\/i><\/b><b><i><span data-contrast=\"auto\">\/03\/2021, Coatzacoalcos, Ver.-\u00a0<\/span><\/i><\/b><span data-contrast=\"auto\">E<\/span><span data-contrast=\"auto\">l\u00a0<\/span><span data-contrast=\"auto\">vicerrector<\/span><span data-contrast=\"auto\">\u00a0de la <a href=\"https:\/\/www.uv.mx\/coatza\/\" target=\"_blank\" rel=\"noopener\">regi\u00f3n Coatzacoalcos-Minatitl\u00e1n<\/a><\/span><span data-contrast=\"auto\">\u00a0<\/span><span data-contrast=\"auto\">de la Universidad Veracruzana (UV),\u00a0<\/span><span data-contrast=\"auto\">Carlos\u00a0<\/span><span data-contrast=\"auto\">Lamothe<\/span><span data-contrast=\"auto\">\u00a0Zavaleta,<\/span><span data-contrast=\"auto\">\u00a0entreg\u00f3 a\u00a0<\/span><span data-contrast=\"auto\">Nayib<\/span><span data-contrast=\"auto\">\u00a0<\/span><span data-contrast=\"auto\">Bechara<\/span><span data-contrast=\"auto\">\u00a0<\/span><span data-contrast=\"auto\">Acar<\/span><span data-contrast=\"auto\">\u00a0Mart\u00ednez<\/span><span data-contrast=\"auto\">\u00a0el nombramiento que lo acredita como\u00a0<\/span><span data-contrast=\"auto\">director de la\u00a0<\/span><span data-contrast=\"auto\">Facultad de Ingenier\u00eda en Sistemas de Producci\u00f3n Agropecuaria<\/span><span data-contrast=\"auto\">\u00a0(FISPA)<\/span><span data-contrast=\"auto\">\u00a0por los siguientes cuatro a\u00f1os<\/span><span data-contrast=\"auto\">, e<\/span><span data-contrast=\"auto\">n ceremonia realizada el 3 de marzo a trav\u00e9s de la plataforma\u00a0<\/span><i><span data-contrast=\"auto\">UV-Zoom.<\/span><\/i><span data-ccp-props=\"{&quot;201341983&quot;:0,&quot;335559739&quot;:160,&quot;335559740&quot;:240}\">\u00a0<\/span><\/p>\n<p><span data-contrast=\"auto\">A<\/span><span data-contrast=\"auto\">l evento\u00a0<\/span><span data-contrast=\"auto\">se dieron cita:\u00a0<\/span><span data-contrast=\"auto\">Domingo Canales Espinosa, director general del\u00a0<\/span><span data-contrast=\"auto\">\u00c1<\/span><span data-contrast=\"auto\">rea\u00a0<\/span><span data-contrast=\"auto\">A<\/span><span data-contrast=\"auto\">cad\u00e9mica de\u00a0<\/span><span data-contrast=\"auto\">C<\/span><span data-contrast=\"auto\">iencias\u00a0<\/span><span data-contrast=\"auto\">B<\/span><span data-contrast=\"auto\">iol\u00f3gico-<\/span><span data-contrast=\"auto\">A<\/span><span data-contrast=\"auto\">gropecuarias;\u00a0<\/span><span data-contrast=\"auto\">Hugo Ismael Noble P\u00e9rez<\/span><span data-contrast=\"auto\">\u00a0<\/span><span data-contrast=\"auto\">y Mar\u00eda In\u00e9s Quevedo L\u00f3pez,<\/span><span data-contrast=\"auto\">\u00a0secretario<\/span><span data-contrast=\"auto\">s<\/span><span data-contrast=\"auto\">\u00a0<\/span><span data-contrast=\"auto\">regionales A<\/span><span data-contrast=\"auto\">cad\u00e9mico<\/span><span data-contrast=\"auto\">, y\u00a0<\/span><span data-contrast=\"auto\">de\u00a0<\/span><span data-contrast=\"auto\">A<\/span><span data-contrast=\"auto\">dministraci\u00f3n y\u00a0<\/span><span data-contrast=\"auto\">F<\/span><span data-contrast=\"auto\">inanzas<\/span><span data-contrast=\"auto\">, respectivamente<\/span><span data-contrast=\"auto\">;\u00a0<\/span><span data-contrast=\"auto\">Jos\u00e9 Orlando Ram\u00edrez Valencia, secretario de la FISPA; Enrique Ram\u00edrez\u00a0<\/span><span data-contrast=\"auto\">Nazariega<\/span><span data-contrast=\"auto\">, integrante de la Junta de Gobierno;\u00a0<\/span><span data-contrast=\"auto\">Fernando\u00a0<\/span><span data-contrast=\"auto\">Cancino<\/span><span data-contrast=\"auto\">\u00a0<\/span><span data-contrast=\"auto\">Cancino<\/span><span data-contrast=\"auto\">, representante del Sindicato Estatal del Personal Acad\u00e9mico (<\/span><i><span data-contrast=\"auto\">Fesapauv<\/span><\/i><span data-contrast=\"auto\">),<\/span><span data-contrast=\"auto\">\u00a0<\/span><span data-contrast=\"auto\">as\u00ed como<\/span><span data-contrast=\"auto\">\u00a0secretario<\/span><span data-contrast=\"auto\">s<\/span><span data-contrast=\"auto\">\u00a0regionales<\/span><span data-contrast=\"auto\">\u00a0y<\/span><span data-contrast=\"auto\">\u00a0directores.<\/span><span data-ccp-props=\"{&quot;201341983&quot;:0,&quot;335559731&quot;:720,&quot;335559739&quot;:160,&quot;335559740&quot;:240}\">\u00a0<\/span><\/p>\n<p><span data-contrast=\"auto\">Lamoth<\/span><span data-contrast=\"auto\">e<\/span><span data-contrast=\"auto\">\u00a0Zavaleta<\/span><span data-contrast=\"auto\">\u00a0<\/span><span data-contrast=\"auto\">destac\u00f3 la sinergia con la que se\u00a0<\/span><span data-contrast=\"auto\">trabaja<\/span><span data-contrast=\"auto\">\u00a0<\/span><span data-contrast=\"auto\">en<\/span><span data-contrast=\"auto\">tre\u00a0<\/span><span data-contrast=\"auto\">el<\/span><span data-contrast=\"auto\">\u00a0<\/span><span data-contrast=\"auto\">\u00c1rea Acad\u00e9mica d<\/span><span data-contrast=\"auto\">e Ciencias Biol\u00f3gico-Agropecuarias<\/span><span data-contrast=\"auto\">\u00a0<\/span><span data-contrast=\"auto\">y la\u00a0<\/span><span data-contrast=\"auto\">V<\/span><span data-contrast=\"auto\">icerrector\u00eda<\/span><span data-contrast=\"auto\">\u00a0para\u00a0<\/span><span data-contrast=\"auto\">fortalecer a la\u00a0<\/span><span data-contrast=\"auto\">FISPA:\u00a0<\/span><span data-contrast=\"auto\">\u201c<\/span><span data-contrast=\"auto\">P<\/span><span data-contrast=\"auto\">odemos ver que la F<\/span><span data-contrast=\"auto\">acultad\u00a0<\/span><span data-contrast=\"auto\">ha crecido de manera significativa, gracias a la intensa labor\u00a0<\/span><span data-contrast=\"auto\">de<\/span><span data-contrast=\"auto\">\u00a0acad\u00e9micos y los directivos<\/span><span data-contrast=\"auto\">, quienes<\/span><span data-contrast=\"auto\">\u00a0han\u00a0<\/span><span data-contrast=\"auto\">promovido<\/span><span data-contrast=\"auto\">\u00a0el programa educativo en diversos lugares\u201d.<\/span><span data-ccp-props=\"{&quot;201341983&quot;:0,&quot;335559731&quot;:720,&quot;335559739&quot;:160,&quot;335559740&quot;:240}\">\u00a0<\/span><\/p>\n<p><span data-contrast=\"auto\">Recalc\u00f3 que\u00a0<\/span><span data-contrast=\"auto\">es un programa pertinente que atiende las necesidades del sector agropecuario de la regi\u00f3n; \u201cen estos a\u00f1os hemos visto el crecimiento a trav\u00e9s del programa de maestr\u00eda y a partir de agosto tendremos la\u00a0<\/span><span data-contrast=\"auto\">L<\/span><span data-contrast=\"auto\">icenciatura\u00a0<\/span><span data-contrast=\"auto\">en\u00a0<\/span><span data-contrast=\"auto\">A<\/span><span data-contrast=\"auto\">gronegocios<\/span><span data-contrast=\"auto\">\u00a0<\/span><span data-contrast=\"auto\">I<\/span><span data-contrast=\"auto\">nternacionales\u201d.<\/span><span data-ccp-props=\"{&quot;201341983&quot;:0,&quot;335559731&quot;:720,&quot;335559739&quot;:160,&quot;335559740&quot;:240}\">\u00a0<\/span><\/p>\n<p><span data-contrast=\"auto\">Agreg\u00f3 que\u00a0<\/span><span data-contrast=\"auto\">la rectora\u00a0<\/span><span data-contrast=\"auto\">Sara Ladr\u00f3n de Guevara design\u00f3<\/span><span data-contrast=\"auto\">\u00a0al director<\/span><span data-contrast=\"auto\">\u00a0<\/span><span data-contrast=\"auto\">considerando\u00a0<\/span><span data-contrast=\"auto\">sus<\/span><span data-contrast=\"auto\">\u00a0acciones y est\u00e1 segura que la\u00a0<\/span><span data-contrast=\"auto\">FISPA<\/span><span data-contrast=\"auto\">\u00a0continuar\u00e1 fortaleci\u00e9ndose.<\/span><span data-ccp-props=\"{&quot;201341983&quot;:0,&quot;335559731&quot;:720,&quot;335559739&quot;:160,&quot;335559740&quot;:240}\">\u00a0<\/span><\/p>\n<p><span data-contrast=\"auto\">E<\/span><span data-contrast=\"auto\">l\u00a0<\/span><span data-contrast=\"auto\">nombramiento se otorg\u00f3 con\u00a0<\/span><span data-contrast=\"auto\">fundamento en lo dispuesto en el Art\u00edculo 38<\/span><span data-contrast=\"auto\">,<\/span><span data-contrast=\"auto\">\u00a0Fracci\u00f3n\u00a0<\/span><span data-contrast=\"auto\">XI<\/span><span data-contrast=\"auto\">,<\/span><span data-contrast=\"auto\">\u00a0de la Ley Org\u00e1nica de la UV<\/span><span data-contrast=\"auto\">\u00a0y\u00a0<\/span><span data-contrast=\"auto\">teniendo en cuenta<\/span><span data-contrast=\"auto\">\u00a0las cualidades que en\u00a0<\/span><span data-contrast=\"auto\">Acar<\/span><span data-contrast=\"auto\">\u00a0Mart\u00ednez<\/span><span data-contrast=\"auto\">\u00a0<\/span><span data-contrast=\"auto\">concurren.<\/span><span data-ccp-props=\"{&quot;201341983&quot;:0,&quot;335559731&quot;:720,&quot;335559739&quot;:160,&quot;335559740&quot;:240}\">\u00a0<\/span><\/p>\n<p><span data-contrast=\"auto\">Por su parte,\u00a0<\/span><span data-contrast=\"auto\">D<\/span><span data-contrast=\"auto\">omingo Canales<\/span><span data-contrast=\"auto\">\u00a0agradeci\u00f3 a la terna por participar en la convocatoria e invit\u00f3 a sumarse a los trabajos y esfuerzos de la gesti\u00f3n que toma protesta.<\/span><span data-ccp-props=\"{&quot;201341983&quot;:0,&quot;335559731&quot;:720,&quot;335559739&quot;:160,&quot;335559740&quot;:240}\">\u00a0<\/span><\/p>\n<p><span data-contrast=\"auto\">Nayib<\/span><span data-contrast=\"auto\">\u00a0<\/span><span data-contrast=\"auto\">Bechara<\/span><span data-contrast=\"auto\">\u00a0<\/span><span data-contrast=\"auto\">expres\u00f3 su agradecimiento por haberlo designado nuevamente para dirigir\u00a0<\/span><span data-contrast=\"auto\">los destinos de<\/span><span data-contrast=\"auto\">\u00a0la FISPA,\u00a0<\/span><span data-contrast=\"auto\">\u201ces el reconocimiento al trabajo colaborativo realizado en los \u00faltimos cuatro<\/span><span data-contrast=\"auto\">\u00a0a\u00f1os por el personal acad\u00e9mico<\/span><span data-contrast=\"auto\">, alumnos y trabajadores, quienes con su esfuerzo y compromiso han afianzado la presencia de esta entidad acad\u00e9mica fundada\u00a0<\/span><span data-contrast=\"auto\">hace<\/span><span data-contrast=\"auto\">\u00a025 a\u00f1os\u201d.<\/span><span data-ccp-props=\"{&quot;201341983&quot;:0,&quot;335559731&quot;:720,&quot;335559739&quot;:160,&quot;335559740&quot;:240}\">\u00a0<\/span><\/p>\n<p><span data-contrast=\"auto\">Agreg\u00f3 que asume el compromiso de seguir generando resultados, de consolidar lo que se ha logrado, trabajar de manera plural y en las instancias colegiadas de la\u00a0<\/span><span data-contrast=\"auto\">Facultad, favoreciendo el di\u00e1<\/span><span data-contrast=\"auto\">logo.<\/span><span data-ccp-props=\"{&quot;201341983&quot;:0,&quot;335559731&quot;:720,&quot;335559739&quot;:160,&quot;335559740&quot;:240}\">\u00a0<\/span><\/p>\n<p><span data-ccp-props=\"{&quot;201341983&quot;:0,&quot;335559739&quot;:160,&quot;335559740&quot;:240}\">\u00a0<\/span><\/p>\n<div id=\"attachment_94029\" style=\"width: 371px\" class=\"wp-caption aligncenter\"><a href=\"https:\/\/www.uv.mx\/prensa\/files\/2021\/03\/030321-CECILIA-Director-1.jpg\"><img loading=\"lazy\" decoding=\"async\" aria-describedby=\"caption-attachment-94029\" class=\"size-full wp-image-94029\" src=\"https:\/\/www.uv.mx\/prensa\/files\/2021\/03\/030321-CECILIA-Director-1.jpg\" alt=\"\" width=\"361\" height=\"481\" srcset=\"https:\/\/www.uv.mx\/prensa\/files\/2021\/03\/030321-CECILIA-Director-1.jpg 361w, https:\/\/www.uv.mx\/prensa\/files\/2021\/03\/030321-CECILIA-Director-1-225x300.jpg 225w\" sizes=\"auto, (max-width: 361px) 100vw, 361px\" \/><\/a><p id=\"caption-attachment-94029\" class=\"wp-caption-text\">Nayib Bechara Acar Mart\u00ednez<\/p><\/div>\n","protected":false},"excerpt":{"rendered":"<p>El vicerrector de la regi\u00f3n Coatzacoalcos-Minatitl\u00e1n,\u00a0Carlos Lamothe,\u00a0tom\u00f3 protesta\u00a0a\u00a0Nayib\u00a0Bechara\u00a0Acar\u00a0como director de la\u00a0Facultad de Ingenier\u00eda en Sistemas de Producci\u00f3n Agropecuaria\u00a0<\/p>\n","protected":false},"author":1869,"featured_media":94030,"comment_status":"closed","ping_status":"closed","sticky":false,"template":"","format":"standard","meta":{"footnotes":""},"categories":[52,32],"tags":[],"class_list":["post-94028","post","type-post","status-publish","format-standard","has-post-thumbnail","hentry","category-coatzacoalcos","category-regiones"],"_links":{"self":[{"href":"https:\/\/www.uv.mx\/prensa\/wp-json\/wp\/v2\/posts\/94028","targetHints":{"allow":["GET"]}}],"collection":[{"href":"https:\/\/www.uv.mx\/prensa\/wp-json\/wp\/v2\/posts"}],"about":[{"href":"https:\/\/www.uv.mx\/prensa\/wp-json\/wp\/v2\/types\/post"}],"author":[{"embeddable":true,"href":"https:\/\/www.uv.mx\/prensa\/wp-json\/wp\/v2\/users\/1869"}],"replies":[{"embeddable":true,"href":"https:\/\/www.uv.mx\/prensa\/wp-json\/wp\/v2\/comments?post=94028"}],"version-history":[{"count":1,"href":"https:\/\/www.uv.mx\/prensa\/wp-json\/wp\/v2\/posts\/94028\/revisions"}],"predecessor-version":[{"id":94084,"href":"https:\/\/www.uv.mx\/prensa\/wp-json\/wp\/v2\/posts\/94028\/revisions\/94084"}],"wp:featuredmedia":[{"embeddable":true,"href":"https:\/\/www.uv.mx\/prensa\/wp-json\/wp\/v2\/media\/94030"}],"wp:attachment":[{"href":"https:\/\/www.uv.mx\/prensa\/wp-json\/wp\/v2\/media?parent=94028"}],"wp:term":[{"taxonomy":"category","embeddable":true,"href":"https:\/\/www.uv.mx\/prensa\/wp-json\/wp\/v2\/categories?post=94028"},{"taxonomy":"post_tag","embeddable":true,"href":"https:\/\/www.uv.mx\/prensa\/wp-json\/wp\/v2\/tags?post=94028"}],"curies":[{"name":"wp","href":"https:\/\/api.w.org\/{rel}","templated":true}]}}