{"id":94008,"date":"2021-03-04T11:28:11","date_gmt":"2021-03-04T17:28:11","guid":{"rendered":"https:\/\/www.uv.mx\/prensa\/?p=94008"},"modified":"2021-03-05T11:25:13","modified_gmt":"2021-03-05T17:25:13","slug":"uv-realizo-la-viii-jornada-regional-de-tutorias","status":"publish","type":"post","link":"https:\/\/www.uv.mx\/prensa\/regiones\/uv-realizo-la-viii-jornada-regional-de-tutorias\/","title":{"rendered":"UV\u00a0realiz\u00f3\u00a0la\u00a0VIII Jornada\u00a0Regional\u00a0de\u00a0Tutor\u00edas\u00a0"},"content":{"rendered":"<div id=\"attachment_94009\" style=\"width: 730px\" class=\"wp-caption aligncenter\"><a href=\"https:\/\/www.uv.mx\/prensa\/files\/2021\/03\/040321-Jornadas-Regionales-Veracruz-1.jpg\"><img loading=\"lazy\" decoding=\"async\" aria-describedby=\"caption-attachment-94009\" class=\"size-full wp-image-94009\" src=\"https:\/\/www.uv.mx\/prensa\/files\/2021\/03\/040321-Jornadas-Regionales-Veracruz-1.jpg\" alt=\"\" width=\"720\" height=\"411\" srcset=\"https:\/\/www.uv.mx\/prensa\/files\/2021\/03\/040321-Jornadas-Regionales-Veracruz-1.jpg 720w, https:\/\/www.uv.mx\/prensa\/files\/2021\/03\/040321-Jornadas-Regionales-Veracruz-1-300x171.jpg 300w\" sizes=\"auto, (max-width: 720px) 100vw, 720px\" \/><\/a><p id=\"caption-attachment-94009\" class=\"wp-caption-text\">La actividad acad\u00e9mica se realiz\u00f3 del 24 al 27 de febrero, en la regi\u00f3n Veracruz<\/p><\/div>\n<p><span data-ccp-props=\"{&quot;201341983&quot;:0,&quot;335559739&quot;:160,&quot;335559740&quot;:240}\">\u00a0<\/span><\/p>\n<p><b><i><span data-contrast=\"none\">Shuguey<\/span><\/i><\/b><b><i><span data-contrast=\"none\">\u00a0Enr<\/span><\/i><\/b><b><i><span data-contrast=\"none\">\u00ed<\/span><\/i><\/b><b><i><span data-contrast=\"none\">quez\u00a0<\/span><\/i><\/b><b><i><span data-contrast=\"none\">Ambrell<\/span><\/i><\/b><span data-ccp-props=\"{&quot;201341983&quot;:0,&quot;335559739&quot;:160,&quot;335559740&quot;:240}\">\u00a0<\/span><\/p>\n<p><b><i><span data-contrast=\"none\">0<\/span><\/i><\/b><b><i><span data-contrast=\"none\">4<\/span><\/i><\/b><b><i><span data-contrast=\"none\">\/0<\/span><\/i><\/b><b><i><span data-contrast=\"none\">3<\/span><\/i><\/b><b><i><span data-contrast=\"none\">\/2021,<\/span><\/i><\/b><b><i><span data-contrast=\"none\">\u00a0<\/span><\/i><\/b><b><i><span data-contrast=\"none\">Veracruz<\/span><\/i><\/b><b><i><span data-contrast=\"none\">,\u00a0<\/span><\/i><\/b><b><i><span data-contrast=\"none\">Ver.<\/span><\/i><\/b><b><i><span data-contrast=\"none\">&#8211;<\/span><\/i><\/b><b><i><span data-contrast=\"none\">\u00a0<\/span><\/i><\/b><span data-contrast=\"none\">La <a href=\"https:\/\/www.uv.mx\/\" target=\"_blank\" rel=\"noopener\">Universidad Veracruzana<\/a><\/span><span data-contrast=\"none\">\u00a0<\/span><span data-contrast=\"none\">(UV)<\/span><span data-contrast=\"none\">,<\/span><span data-contrast=\"none\">\u00a0a trav<\/span><span data-contrast=\"none\">\u00e9<\/span><span data-contrast=\"none\">s de l<\/span><span data-contrast=\"none\">a Coordinaci<\/span><span data-contrast=\"none\">\u00f3<\/span><span data-contrast=\"none\">n de Tutor<\/span><span data-contrast=\"none\">\u00ed<\/span><span data-contrast=\"none\">as<\/span><span data-contrast=\"none\">\u202f<\/span><span data-contrast=\"none\">de la regi<\/span><span data-contrast=\"none\">\u00f3<\/span><span data-contrast=\"none\">n Veracruz<\/span><span data-contrast=\"none\">,\u00a0<\/span><span data-contrast=\"none\">llev\u00f3 a cabo\u00a0<\/span><span data-contrast=\"none\">la VIII Jornada Regional de Tutor<\/span><span data-contrast=\"none\">\u00ed<\/span><span data-contrast=\"none\">as y<\/span><span data-contrast=\"none\">\u00a0segunda en modalidad virtual, que se realiz<\/span><span data-contrast=\"none\">\u00f3\u00a0<\/span><span data-contrast=\"none\">del 24 al 27 de febrero.<\/span><span data-ccp-props=\"{&quot;201341983&quot;:0,&quot;335559739&quot;:160,&quot;335559740&quot;:240}\">\u00a0<\/span><\/p>\n<p><span data-contrast=\"none\">El\u00a0<\/span><span data-contrast=\"none\">vicerrector\u00a0<\/span><span data-contrast=\"none\">Alfonso\u00a0<\/span><span data-contrast=\"none\">P\u00e9rez<\/span><span data-contrast=\"none\">\u00a0Morales<\/span><span data-contrast=\"none\">\u00a0coment\u00f3:\u00a0<\/span><span data-contrast=\"none\">\u201c<\/span><span data-contrast=\"none\">E<\/span><span data-contrast=\"none\">sta jornada es un conjunto de actividades que se desarrollan\u00a0<\/span><span data-contrast=\"none\">pensando en l<\/span><span data-contrast=\"none\">o<\/span><span data-contrast=\"none\">s<\/span><span data-contrast=\"none\">\u00a0aspectos tutoriales<\/span><span data-contrast=\"none\">\u201d<\/span><span data-contrast=\"none\">; adem\u00e1s, e<\/span><span data-contrast=\"none\">nfatiz<\/span><span data-contrast=\"none\">\u00f3\u00a0<\/span><span data-contrast=\"none\">que\u00a0<\/span><span data-contrast=\"none\">la tutor<\/span><span data-contrast=\"none\">\u00ed<\/span><span data-contrast=\"none\">a es un proceso de acompa<\/span><span data-contrast=\"none\">\u00f1<\/span><span data-contrast=\"none\">amiento\u00a0<\/span><span data-contrast=\"none\">para<\/span><span data-contrast=\"none\">\u00a0que\u00a0<\/span><span data-contrast=\"none\">las<\/span><span data-contrast=\"none\">\u00a0dificultades que\u00a0<\/span><span data-contrast=\"none\">ten<\/span><span data-contrast=\"none\">ga\u00a0<\/span><span data-contrast=\"none\">el a<\/span><span data-contrast=\"none\">lumno\u00a0<\/span><span data-contrast=\"none\">en sus diferentes materias<\/span><span data-contrast=\"none\">\u00a0<\/span><span data-contrast=\"none\">puedan ser superadas por \u00e9<\/span><span data-contrast=\"none\">l mismo<\/span><span data-contrast=\"none\">.<\/span><span data-ccp-props=\"{&quot;201341983&quot;:0,&quot;335559731&quot;:708,&quot;335559739&quot;:160,&quot;335559740&quot;:240}\">\u00a0<\/span><\/p>\n<p><span data-contrast=\"none\">L<\/span><span data-contrast=\"none\">os tutores fungen como\u00a0<\/span><span data-contrast=\"none\">facilitadores\u00a0<\/span><span data-contrast=\"none\">que bu<\/span><span data-contrast=\"none\">scan<\/span><span data-contrast=\"none\">\u00a0estrategias que permita<\/span><span data-contrast=\"none\">n<\/span><span data-contrast=\"none\">\u00a0<\/span><span data-contrast=\"none\">al alumno superar dificultades acad<\/span><span data-contrast=\"none\">\u00e9<\/span><span data-contrast=\"none\">micas\u00a0<\/span><span data-contrast=\"none\">y\/o<\/span><span data-contrast=\"none\">\u00a0personales<\/span><span data-contrast=\"none\">,<\/span><span data-contrast=\"none\">\u00a0<\/span><span data-contrast=\"none\">son\u00a0<\/span><span data-contrast=\"none\">como un padre adoptivo\u00a0<\/span><span data-contrast=\"none\">que<\/span><span data-contrast=\"none\">\u00a0toma al tutorado como\u00a0<\/span><span data-contrast=\"none\">a un hijo al que se\u00a0<\/span><span data-contrast=\"none\">orienta y\u00a0<\/span><span data-contrast=\"none\">ayuda<\/span><span data-contrast=\"none\">\u00a0<\/span><span data-contrast=\"none\">a\u00a0<\/span><span data-contrast=\"none\">solucionar\u00a0<\/span><span data-contrast=\"none\">el problema que tiene<\/span><span data-contrast=\"none\">, saca<\/span><span data-contrast=\"none\">\u00a0adelante el potencial del\u00a0<\/span><span data-contrast=\"none\">estudiante<\/span><span data-contrast=\"none\">\u00a0para\u00a0<\/span><span data-contrast=\"none\">que domine los contenidos<\/span><span data-contrast=\"none\">.<\/span><span data-ccp-props=\"{&quot;201341983&quot;:0,&quot;335559731&quot;:708,&quot;335559739&quot;:160,&quot;335559740&quot;:240}\">\u00a0<\/span><\/p>\n<p>&nbsp;<\/p>\n<div id=\"attachment_94010\" style=\"width: 730px\" class=\"wp-caption aligncenter\"><a href=\"https:\/\/www.uv.mx\/prensa\/files\/2021\/03\/040321-Jornadas-Regionales-Veracruz-2.jpg\"><img loading=\"lazy\" decoding=\"async\" aria-describedby=\"caption-attachment-94010\" class=\"size-full wp-image-94010\" src=\"https:\/\/www.uv.mx\/prensa\/files\/2021\/03\/040321-Jornadas-Regionales-Veracruz-2.jpg\" alt=\"\" width=\"720\" height=\"430\" srcset=\"https:\/\/www.uv.mx\/prensa\/files\/2021\/03\/040321-Jornadas-Regionales-Veracruz-2.jpg 720w, https:\/\/www.uv.mx\/prensa\/files\/2021\/03\/040321-Jornadas-Regionales-Veracruz-2-300x179.jpg 300w\" sizes=\"auto, (max-width: 720px) 100vw, 720px\" \/><\/a><p id=\"caption-attachment-94010\" class=\"wp-caption-text\">El Vicerrector comparti\u00f3 que\u00a0el trabajo tutorial permite sacar adelante el potencial del alumno<\/p><\/div>\n<p>&nbsp;<\/p>\n<p><span data-contrast=\"none\">Ulises Aguirre Orozco,\u00a0<\/span><span data-contrast=\"none\">s<\/span><span data-contrast=\"none\">ecretario Acad<\/span><span data-contrast=\"none\">\u00e9<\/span><span data-contrast=\"none\">mico\u00a0<\/span><span data-contrast=\"none\">r<\/span><span data-contrast=\"none\">egional<\/span><span data-contrast=\"none\">,<\/span><span data-contrast=\"none\">\u00a0<\/span><span data-contrast=\"none\">coment<\/span><span data-contrast=\"none\">\u00f3\u00a0<\/span><span data-contrast=\"none\">que\u00a0<\/span><span data-contrast=\"none\">el objetivo de la<\/span><span data-contrast=\"none\">\u00a0jornada es\u00a0<\/span><span data-contrast=\"none\">\u201c<\/span><span data-contrast=\"none\">que\u00a0<\/span><span data-contrast=\"none\">la comunidad estudiantil conozca los servicios que presta la U<\/span><span data-contrast=\"none\">V\u00a0<\/span><span data-contrast=\"none\">a trav<\/span><span data-contrast=\"none\">\u00e9<\/span><span data-contrast=\"none\">s de los diferentes programas en el panorama acad<\/span><span data-contrast=\"none\">\u00e9<\/span><span data-contrast=\"none\">mico<\/span><span data-contrast=\"none\">, tales\u00a0<\/span><span data-contrast=\"none\">como las relaciones internacionales y\u00a0<\/span><span data-contrast=\"none\">movilidad,\u00a0<\/span><span data-contrast=\"none\">el \u00c1<\/span><span data-contrast=\"none\">rea de\u00a0<\/span><span data-contrast=\"none\">Formaci\u00f3n de E<\/span><span data-contrast=\"none\">lecci<\/span><span data-contrast=\"none\">\u00f3<\/span><span data-contrast=\"none\">n\u00a0<\/span><span data-contrast=\"none\">L<\/span><span data-contrast=\"none\">ibre de corte cultural y deportivo<\/span><span data-contrast=\"none\">\u201d<\/span><span data-contrast=\"none\">.<\/span><span data-ccp-props=\"{&quot;201341983&quot;:0,&quot;335559731&quot;:708,&quot;335559739&quot;:160,&quot;335559740&quot;:240}\">\u00a0<\/span><\/p>\n<p><span data-contrast=\"none\">Asimismo, a<\/span><span data-contrast=\"none\">grade<\/span><span data-contrast=\"none\">ci\u00f3\u00a0<\/span><span data-contrast=\"none\">a\u00a0<\/span><span data-contrast=\"none\">la Vicerrector<\/span><span data-contrast=\"none\">\u00ed<\/span><span data-contrast=\"none\">a\u00a0<\/span><span data-contrast=\"none\">por<\/span><span data-contrast=\"none\">\u00a0<\/span><span data-contrast=\"none\">su apoyo\u00a0<\/span><span data-contrast=\"none\">fundamental\u00a0<\/span><span data-contrast=\"none\">para este evento;<\/span><span data-contrast=\"none\">\u00a0<\/span><span data-contrast=\"none\">as\u00ed como a\u00a0<\/span><span data-contrast=\"none\">la\u00a0<\/span><span data-contrast=\"none\">D<\/span><span data-contrast=\"none\">irecci<\/span><span data-contrast=\"none\">\u00f3<\/span><span data-contrast=\"none\">n General de Desarrollo Acad<\/span><span data-contrast=\"none\">\u00e9<\/span><span data-contrast=\"none\">mico e\u00a0<\/span><span data-contrast=\"none\">I<\/span><span data-contrast=\"none\">nnovaci<\/span><span data-contrast=\"none\">\u00f3<\/span><span data-contrast=\"none\">n\u00a0<\/span><span data-contrast=\"none\">Educativa,\u00a0<\/span><span data-contrast=\"none\">a cargo de\u00a0<\/span><span data-contrast=\"none\">Liliana Betancourt\u00a0<\/span><span data-contrast=\"none\">Trevedhan<\/span><span data-contrast=\"none\">;<\/span><span data-contrast=\"none\">\u00a0y\u00a0<\/span><span data-contrast=\"none\">a\u00a0<\/span><span data-contrast=\"none\">Alejandra\u00a0<\/span><span data-contrast=\"none\">Yamel<\/span><span data-contrast=\"none\">\u00a0Assad Meza<\/span><span data-contrast=\"none\">,<\/span><span data-contrast=\"none\">\u00a0<\/span><span data-contrast=\"none\">j<\/span><span data-contrast=\"none\">efa del\u00a0<\/span><span data-contrast=\"none\">D<\/span><span data-contrast=\"none\">epartamento de Apoyo a la Formaci<\/span><span data-contrast=\"none\">\u00f3<\/span><span data-contrast=\"none\">n Integral del Estudiante<\/span><span data-contrast=\"none\">.<\/span><span data-ccp-props=\"{&quot;201341983&quot;:0,&quot;335559731&quot;:708,&quot;335559739&quot;:160,&quot;335559740&quot;:240}\">\u00a0<\/span><\/p>\n<p><span data-contrast=\"none\">Por su parte Graciela L<\/span><span data-contrast=\"none\">\u00f3<\/span><span data-contrast=\"none\">pez Orozco<\/span><span data-contrast=\"none\">,<\/span><span data-contrast=\"none\">\u00a0<\/span><span data-contrast=\"none\">c<\/span><span data-contrast=\"none\">oordinadora regional d<\/span><span data-contrast=\"none\">e\u00a0<\/span><span data-contrast=\"none\">T<\/span><span data-contrast=\"none\">utor<\/span><span data-contrast=\"none\">\u00ed<\/span><span data-contrast=\"none\">as<\/span><span data-contrast=\"none\">,<\/span><span data-contrast=\"none\">\u00a0detall<\/span><span data-contrast=\"none\">\u00f3<\/span><span data-contrast=\"none\">:\u00a0<\/span><span data-contrast=\"none\">\u201c<\/span><span data-contrast=\"none\">Esta jornada es el esfuerzo de todos los coordinadores regionales de tutor<\/span><span data-contrast=\"none\">\u00ed<\/span><span data-contrast=\"none\">as\u00a0<\/span><span data-contrast=\"none\">y\u00a0<\/span><span data-contrast=\"none\">el<\/span><span data-contrast=\"none\">\u00a0objetivo es acercar a los estudiantes a los<\/span><span data-contrast=\"none\">\u00a0programas transversales de la U<\/span><span data-contrast=\"none\">niversidad,\u00a0<\/span><span data-contrast=\"none\">as<\/span><span data-contrast=\"none\">\u00ed<\/span><span data-contrast=\"none\">\u00a0como los programas de apoyo para contribuir a la formaci<\/span><span data-contrast=\"none\">\u00f3<\/span><span data-contrast=\"none\">n in<\/span><span data-contrast=\"none\">tegral<\/span><span data-contrast=\"none\">.\u00a0<\/span><span data-contrast=\"none\">Los estudiantes son nuestra raz<\/span><span data-contrast=\"none\">\u00f3<\/span><span data-contrast=\"none\">n de ser<\/span><span data-contrast=\"none\">\u00a0y merecen este gran esfuerzo de\u00a0<\/span><span data-contrast=\"none\">los coordinadores de sistemas tutoriales de las entidades<\/span><span data-contrast=\"none\">\u201d<\/span><span data-contrast=\"none\">.<\/span><span data-ccp-props=\"{&quot;201341983&quot;:0,&quot;335559731&quot;:708,&quot;335559739&quot;:160,&quot;335559740&quot;:240}\">\u00a0<\/span><\/p>\n<p>&nbsp;<\/p>\n<div id=\"attachment_94011\" style=\"width: 730px\" class=\"wp-caption aligncenter\"><a href=\"https:\/\/www.uv.mx\/prensa\/files\/2021\/03\/040321-Jornadas-Regionales-Veracruz-3.jpg\"><img loading=\"lazy\" decoding=\"async\" aria-describedby=\"caption-attachment-94011\" class=\"size-full wp-image-94011\" src=\"https:\/\/www.uv.mx\/prensa\/files\/2021\/03\/040321-Jornadas-Regionales-Veracruz-3.jpg\" alt=\"\" width=\"720\" height=\"406\" srcset=\"https:\/\/www.uv.mx\/prensa\/files\/2021\/03\/040321-Jornadas-Regionales-Veracruz-3.jpg 720w, https:\/\/www.uv.mx\/prensa\/files\/2021\/03\/040321-Jornadas-Regionales-Veracruz-3-300x169.jpg 300w\" sizes=\"auto, (max-width: 720px) 100vw, 720px\" \/><\/a><p id=\"caption-attachment-94011\" class=\"wp-caption-text\">Graciela L\u00f3pez Orozco\u00a0mencion\u00f3 que los estudiantes son la raz\u00f3n de ser de la Coordinaci\u00f3n de Tutor\u00edas<\/p><\/div>\n<p>&nbsp;<\/p>\n<p><span data-contrast=\"none\">Explic<\/span><span data-contrast=\"none\">\u00f3\u00a0<\/span><span data-contrast=\"none\">que\u00a0<\/span><span data-contrast=\"none\">la<\/span><span data-contrast=\"none\">\u00a0metodolog<\/span><span data-contrast=\"none\">\u00ed<\/span><span data-contrast=\"none\">a\u00a0<\/span><span data-contrast=\"none\">de las j<\/span><span data-contrast=\"none\">ornadas se realiz<\/span><span data-contrast=\"none\">\u00f3\u00a0<\/span><span data-contrast=\"none\">de manera\u00a0<\/span><span data-contrast=\"none\">mixta<\/span><span data-contrast=\"none\">,<\/span><span data-contrast=\"none\">\u00a0a trav<\/span><span data-contrast=\"none\">\u00e9<\/span><span data-contrast=\"none\">s de ligas, estrategias y espacios virtuales de las facultades y por\u00a0<\/span><i><span data-contrast=\"none\">Zoom<\/span><\/i><span data-contrast=\"none\">\u00a0en algunos casos.\u00a0<\/span><span data-contrast=\"none\">Adem<\/span><span data-contrast=\"none\">\u00e1<\/span><span data-contrast=\"none\">s<\/span><span data-contrast=\"none\">,<\/span><span data-contrast=\"none\">\u00a0<\/span><span data-contrast=\"none\">se\u00a0<\/span><span data-contrast=\"none\">compartieron<\/span><span data-contrast=\"none\">\u00a0<\/span><span data-contrast=\"none\">mini<\/span><span data-contrast=\"none\">c<\/span><span data-contrast=\"none\">\u00e1<\/span><span data-contrast=\"none\">psulas<\/span><span data-contrast=\"none\">\u00a0en las redes sociales de cada entidad<\/span><span data-contrast=\"none\">.<\/span><span data-ccp-props=\"{&quot;201341983&quot;:0,&quot;335559731&quot;:708,&quot;335559739&quot;:160,&quot;335559740&quot;:240}\">\u00a0<\/span><\/p>\n<p><span data-contrast=\"none\">La<\/span><span data-contrast=\"none\">s actividades<\/span><span data-contrast=\"none\">\u00a0<\/span><span data-contrast=\"none\">iniciaron<\/span><span data-contrast=\"none\">\u00a0<\/span><span data-contrast=\"none\">en la Facultad de Psicolo<\/span><span data-contrast=\"none\">g<\/span><span data-contrast=\"none\">\u00ed<\/span><span data-contrast=\"none\">a y<\/span><span data-contrast=\"none\">\u00a0<\/span><span data-contrast=\"none\">continuaron con\u00a0<\/span><span data-contrast=\"none\">la inauguraci<\/span><span data-contrast=\"none\">\u00f3<\/span><span data-contrast=\"none\">n oficial en la\u00a0<\/span><span data-contrast=\"none\">Facultad\u00a0<\/span><span data-contrast=\"none\">de Odontolog<\/span><span data-contrast=\"none\">\u00ed<\/span><span data-contrast=\"none\">a.<\/span><span data-contrast=\"none\">\u00a0<\/span><span data-contrast=\"none\">Posteriormente, se realiz<\/span><span data-contrast=\"none\">\u00f3\u00a0<\/span><span data-contrast=\"none\">la presentaci<\/span><span data-contrast=\"none\">\u00f3<\/span><span data-contrast=\"none\">n en la Facultad de Enfermer<\/span><span data-contrast=\"none\">\u00ed<\/span><span data-contrast=\"none\">a con la participaci<\/span><span data-contrast=\"none\">\u00f3<\/span><span data-contrast=\"none\">n de m<\/span><span data-contrast=\"none\">\u00e1<\/span><span data-contrast=\"none\">s de\u00a0<\/span><span data-contrast=\"none\">100<\/span><span data-contrast=\"none\">\u00a0asistentes conectados a la\u00a0<\/span><i><span data-contrast=\"none\">Zoom<\/span><\/i><span data-contrast=\"none\">.<\/span><span data-ccp-props=\"{&quot;201341983&quot;:0,&quot;335559731&quot;:708,&quot;335559739&quot;:160,&quot;335559740&quot;:240}\">\u00a0<\/span><\/p>\n<p><span data-contrast=\"none\">Se cont<\/span><span data-contrast=\"none\">\u00f3\u00a0<\/span><span data-contrast=\"none\">tambi<\/span><span data-contrast=\"none\">\u00e9<\/span><span data-contrast=\"none\">n con<\/span><span data-contrast=\"none\">\u00a0la participaci<\/span><span data-contrast=\"none\">\u00f3<\/span><span data-contrast=\"none\">n de los funcionarios universitarios<\/span><span data-contrast=\"none\">:<\/span><span data-contrast=\"none\">\u00a0Juan Pablo Mungu<\/span><span data-contrast=\"none\">\u00ed<\/span><span data-contrast=\"none\">a Tiburcio<\/span><span data-contrast=\"none\">,<\/span><span data-contrast=\"none\">\u00a0<\/span><span data-contrast=\"none\">s<\/span><span data-contrast=\"none\">ecretario de Administraci<\/span><span data-contrast=\"none\">\u00f3<\/span><span data-contrast=\"none\">n y Finanzas<\/span><span data-contrast=\"none\">;<\/span><span data-contrast=\"none\">\u00a0Antonia Barranca Enr<\/span><span data-contrast=\"none\">\u00ed<\/span><span data-contrast=\"none\">quez<\/span><span data-contrast=\"none\">,<\/span><span data-contrast=\"none\">\u00a0<\/span><span data-contrast=\"none\">c<\/span><span data-contrast=\"none\">oordinadora de Desarrollo Institucional<\/span><span data-contrast=\"none\">;<\/span><span data-contrast=\"none\">\u00a0<\/span><span data-contrast=\"none\">Enrique Morales Gonz<\/span><span data-contrast=\"none\">\u00e1<\/span><span data-contrast=\"none\">lez<\/span><span data-contrast=\"none\">,<\/span><span data-contrast=\"none\">\u00a0<\/span><span data-contrast=\"none\">c<\/span><span data-contrast=\"none\">oordinador\u00a0<\/span><span data-contrast=\"none\">r<\/span><span data-contrast=\"none\">egional de\u00a0<\/span><span data-contrast=\"none\">Posgrado;<\/span><span data-contrast=\"none\">\u00a0Lourdes Cordero<\/span><span data-contrast=\"none\">, c<\/span><span data-contrast=\"none\">oordinadora de\u00a0<\/span><span data-contrast=\"none\">F<\/span><span data-contrast=\"none\">ormaci<\/span><span data-contrast=\"none\">\u00f3<\/span><span data-contrast=\"none\">n\u00a0<\/span><span data-contrast=\"none\">B<\/span><span data-contrast=\"none\">\u00e1<\/span><span data-contrast=\"none\">sica<\/span><span data-contrast=\"none\">;\u00a0<\/span><span data-contrast=\"none\">as<\/span><span data-contrast=\"none\">\u00ed<\/span><span data-contrast=\"none\">\u00a0como directores, acad<\/span><span data-contrast=\"none\">\u00e9<\/span><span data-contrast=\"none\">micos y estudiantes de las d<\/span><span data-contrast=\"none\">iferentes facultades de la regi<\/span><span data-contrast=\"none\">\u00f3<\/span><span data-contrast=\"none\">n<\/span><span data-contrast=\"none\">.<\/span><span data-ccp-props=\"{&quot;201341983&quot;:0,&quot;335559731&quot;:708,&quot;335559739&quot;:160,&quot;335559740&quot;:240}\">\u00a0<\/span><\/p>\n<p><span data-ccp-props=\"{&quot;201341983&quot;:0,&quot;335559739&quot;:160,&quot;335559740&quot;:240}\">\u00a0<\/span><\/p>\n<div id=\"attachment_94012\" style=\"width: 730px\" class=\"wp-caption aligncenter\"><a href=\"https:\/\/www.uv.mx\/prensa\/files\/2021\/03\/040321-Jornadas-Regionales-Veracruz-4.jpg\"><img loading=\"lazy\" decoding=\"async\" aria-describedby=\"caption-attachment-94012\" class=\"size-full wp-image-94012\" src=\"https:\/\/www.uv.mx\/prensa\/files\/2021\/03\/040321-Jornadas-Regionales-Veracruz-4.jpg\" alt=\"\" width=\"720\" height=\"466\" srcset=\"https:\/\/www.uv.mx\/prensa\/files\/2021\/03\/040321-Jornadas-Regionales-Veracruz-4.jpg 720w, https:\/\/www.uv.mx\/prensa\/files\/2021\/03\/040321-Jornadas-Regionales-Veracruz-4-300x194.jpg 300w\" sizes=\"auto, (max-width: 720px) 100vw, 720px\" \/><\/a><p id=\"caption-attachment-94012\" class=\"wp-caption-text\">Ulises Aguirre Orozco coment\u00f3 que el objetivo fue presentar a los estudiantes los servicios que presta la UV<\/p><\/div>\n","protected":false},"excerpt":{"rendered":"<p>Se realiz\u00f3\u00a0del 24 al 27 de febrero, en la regi\u00f3n\u00a0Veracruz\u00a0<\/p>\n","protected":false},"author":1869,"featured_media":94009,"comment_status":"closed","ping_status":"closed","sticky":false,"template":"","format":"standard","meta":{"footnotes":""},"categories":[32,55],"tags":[],"class_list":["post-94008","post","type-post","status-publish","format-standard","has-post-thumbnail","hentry","category-regiones","category-veracruz"],"_links":{"self":[{"href":"https:\/\/www.uv.mx\/prensa\/wp-json\/wp\/v2\/posts\/94008","targetHints":{"allow":["GET"]}}],"collection":[{"href":"https:\/\/www.uv.mx\/prensa\/wp-json\/wp\/v2\/posts"}],"about":[{"href":"https:\/\/www.uv.mx\/prensa\/wp-json\/wp\/v2\/types\/post"}],"author":[{"embeddable":true,"href":"https:\/\/www.uv.mx\/prensa\/wp-json\/wp\/v2\/users\/1869"}],"replies":[{"embeddable":true,"href":"https:\/\/www.uv.mx\/prensa\/wp-json\/wp\/v2\/comments?post=94008"}],"version-history":[{"count":1,"href":"https:\/\/www.uv.mx\/prensa\/wp-json\/wp\/v2\/posts\/94008\/revisions"}],"predecessor-version":[{"id":94086,"href":"https:\/\/www.uv.mx\/prensa\/wp-json\/wp\/v2\/posts\/94008\/revisions\/94086"}],"wp:featuredmedia":[{"embeddable":true,"href":"https:\/\/www.uv.mx\/prensa\/wp-json\/wp\/v2\/media\/94009"}],"wp:attachment":[{"href":"https:\/\/www.uv.mx\/prensa\/wp-json\/wp\/v2\/media?parent=94008"}],"wp:term":[{"taxonomy":"category","embeddable":true,"href":"https:\/\/www.uv.mx\/prensa\/wp-json\/wp\/v2\/categories?post=94008"},{"taxonomy":"post_tag","embeddable":true,"href":"https:\/\/www.uv.mx\/prensa\/wp-json\/wp\/v2\/tags?post=94008"}],"curies":[{"name":"wp","href":"https:\/\/api.w.org\/{rel}","templated":true}]}}