{"id":93391,"date":"2021-02-19T07:59:25","date_gmt":"2021-02-19T13:59:25","guid":{"rendered":"https:\/\/www.uv.mx\/prensa\/?p=93391"},"modified":"2021-02-19T11:13:19","modified_gmt":"2021-02-19T17:13:19","slug":"docentes-y-alumna-uv-destacaron-en-8a-bienal-de-arte-visual-de-la-uaem","status":"publish","type":"post","link":"https:\/\/www.uv.mx\/prensa\/banner\/docentes-y-alumna-uv-destacaron-en-8a-bienal-de-arte-visual-de-la-uaem\/","title":{"rendered":"Docentes y alumna UV destacaron en 8\u00aa Bienal de Arte Visual de la UAEM"},"content":{"rendered":"<ul>\n<li data-leveltext=\"\uf0b7\" data-font=\"Symbol\" data-listid=\"5\" data-aria-posinset=\"1\" data-aria-level=\"1\"><i><span data-contrast=\"auto\">La pieza de a<\/span><\/i><i><span data-contrast=\"auto\">rte del acad\u00e9mico Uros\u00a0<\/span><\/i><i><span data-contrast=\"auto\">Uscebrka<\/span><\/i><i><span data-contrast=\"auto\">\u00a0obtuvo el tercer lugar dentro de la categor\u00eda \u201cDocentes y egresados<\/span><\/i><i><span data-contrast=\"auto\">\u201d<\/span><\/i><i><span data-contrast=\"auto\">\u00a0<\/span><\/i><span data-ccp-props=\"{}\">\u00a0<\/span><\/li>\n<li data-leveltext=\"\uf0b7\" data-font=\"Symbol\" data-listid=\"5\" data-aria-posinset=\"2\" data-aria-level=\"1\"><i><span data-contrast=\"auto\">Las obras del catedr\u00e1tico Dar\u00edo Mel\u00e9ndez y<\/span><\/i><i><span data-contrast=\"auto\">\u00a0la estudiante Aranza Hern\u00e1ndez<\/span><\/i><i><span data-contrast=\"auto\">\u00a0fueron seleccionadas para formar parte de la\u00a0<\/span><\/i><a href=\"https:\/\/bienaldeartesvisuales.uaemex.mx\/?fbclid=IwAR3WxW3v6hETV6Fm4iZhJ4Z6xo0lmVAAmqtmM0ymTc_BB-q5mHYEqKBqWuM\"><i><span data-contrast=\"none\">exposici\u00f3n virtual<\/span><\/i><\/a><i><span data-contrast=\"auto\">\u00a0del evento<\/span><\/i><span data-ccp-props=\"{}\">\u00a0<\/span><\/li>\n<\/ul>\n<p><span data-ccp-props=\"{}\">\u00a0<\/span><\/p>\n<div id=\"attachment_93392\" style=\"width: 392px\" class=\"wp-caption aligncenter\"><a href=\"https:\/\/www.uv.mx\/prensa\/files\/2021\/02\/170221-CARLOS-8-Bienal-1-100k.jpg\"><img aria-describedby=\"caption-attachment-93392\" decoding=\"async\" loading=\"lazy\" class=\"size-full wp-image-93392\" src=\"https:\/\/www.uv.mx\/prensa\/files\/2021\/02\/170221-CARLOS-8-Bienal-1-100k.jpg\" alt=\"Autorretrato de Dar\u00edo Mel\u00e9ndez\" width=\"382\" height=\"480\" srcset=\"https:\/\/www.uv.mx\/prensa\/files\/2021\/02\/170221-CARLOS-8-Bienal-1-100k.jpg 382w, https:\/\/www.uv.mx\/prensa\/files\/2021\/02\/170221-CARLOS-8-Bienal-1-100k-239x300.jpg 239w\" sizes=\"(max-width: 382px) 100vw, 382px\" \/><\/a><p id=\"caption-attachment-93392\" class=\"wp-caption-text\">Autorretrato de Dar\u00edo Mel\u00e9ndez<\/p><\/div>\n<p>&nbsp;<\/p>\n<p><b><i><span data-contrast=\"auto\">Carlos Hugo Hermida Rosales<\/span><\/i><\/b><span data-ccp-props=\"{}\">\u00a0<\/span><\/p>\n<p><b><i><span data-contrast=\"auto\">1<\/span><\/i><\/b><b><i><span data-contrast=\"auto\">9<\/span><\/i><\/b><b><i><span data-contrast=\"auto\">\/02\/<\/span><\/i><\/b><b><i><span data-contrast=\"auto\">202<\/span><\/i><\/b><b><i><span data-contrast=\"auto\">1<\/span><\/i><\/b><b><i><span data-contrast=\"auto\">,<\/span><\/i><\/b><b><i><span data-contrast=\"auto\">\u00a0<\/span><\/i><\/b><b><i><span data-contrast=\"auto\">Xalapa, Ver.<\/span><\/i><\/b><b><i><span data-contrast=\"auto\">\u00a0<\/span><\/i><\/b><span data-contrast=\"auto\">Dos catedr\u00e1ticos y una alumna de la <a href=\"https:\/\/www.uv.mx\/artesplasticas\/\" target=\"_blank\" rel=\"noopener\">Facultad de Artes Pl\u00e1sticas<\/a> de la Universidad Veracruzana (UV) destacaron dentro de la\u00a0<\/span><span data-contrast=\"auto\">8\u00aa Bienal Internacional de Arte Visual Universitario de la Universidad Aut\u00f3noma del Estado de M\u00e9xico<\/span><span data-contrast=\"auto\">\u00a0(UAEM)<\/span><span data-contrast=\"auto\">, que esta ocasi\u00f3n tuvo por tem\u00e1tica\u00a0<\/span><span data-contrast=\"auto\">el enfoque de armon\u00eda social ante la violencia de g\u00e9nero<\/span><span data-contrast=\"auto\">.<\/span><span data-ccp-props=\"{}\">\u00a0<\/span><\/p>\n<p><span data-contrast=\"auto\">E<\/span><span data-contrast=\"auto\">n<\/span><span data-contrast=\"auto\">\u00a0esta edici\u00f3n\u00a0<\/span><span data-contrast=\"auto\">participaron 323 personas<\/span><span data-contrast=\"auto\">,<\/span><span data-contrast=\"auto\">\u00a0<\/span><span data-contrast=\"auto\">entre estudiantes, egresados y docentes de diversos pa\u00edses como M\u00e9xico, Canad\u00e1, Chile, Colombia, Italia, Turqu\u00eda, Argentina, Espa\u00f1a, Alemania, Serbia, Rusia y Estados Unidos.<\/span><\/p>\n<div id=\"attachment_93393\" style=\"width: 370px\" class=\"wp-caption aligncenter\"><a href=\"https:\/\/www.uv.mx\/prensa\/files\/2021\/02\/170221-CARLOS-8-Bienal-2-100k.jpg\"><img aria-describedby=\"caption-attachment-93393\" decoding=\"async\" loading=\"lazy\" class=\"size-full wp-image-93393\" src=\"https:\/\/www.uv.mx\/prensa\/files\/2021\/02\/170221-CARLOS-8-Bienal-2-100k.jpg\" alt=\"Pintura de Aranza Hern\u00e1ndez\" width=\"360\" height=\"480\" srcset=\"https:\/\/www.uv.mx\/prensa\/files\/2021\/02\/170221-CARLOS-8-Bienal-2-100k.jpg 360w, https:\/\/www.uv.mx\/prensa\/files\/2021\/02\/170221-CARLOS-8-Bienal-2-100k-225x300.jpg 225w\" sizes=\"(max-width: 360px) 100vw, 360px\" \/><\/a><p id=\"caption-attachment-93393\" class=\"wp-caption-text\">Pintura de Aranza Hern\u00e1ndez<\/p><\/div>\n<p><span data-contrast=\"auto\">La pieza de arte del\u00a0<\/span><span data-contrast=\"auto\">acad\u00e9mico Uros\u00a0<\/span><span data-contrast=\"auto\">Uscebrka<\/span><span data-contrast=\"auto\">\u00a0obtuvo el tercer lugar dentro de la categor\u00eda \u201cDocentes y egresados\u201d, mientras que las obras de<\/span><span data-contrast=\"auto\">\u00a0su colega<\/span><span data-contrast=\"auto\">\u00a0<\/span><span data-contrast=\"auto\">Dar\u00edo Mel\u00e9ndez Manzano<\/span><span data-contrast=\"auto\">\u00a0y la estudiante Aranza Mar\u00eda Hern\u00e1ndez G\u00f3mez fueron seleccionadas para formar parte de la\u00a0<\/span><a href=\"https:\/\/bienaldeartesvisuales.uaemex.mx\/?fbclid=IwAR3WxW3v6hETV6Fm4iZhJ4Z6xo0lmVAAmqtmM0ymTc_BB-q5mHYEqKBqWuM\"><span data-contrast=\"none\">exposi<\/span><span data-contrast=\"none\">c<\/span><span data-contrast=\"none\">i\u00f3n virtual<\/span><\/a><span data-contrast=\"auto\">\u00a0del evento.\u00a0<\/span><span data-ccp-props=\"{&quot;335559731&quot;:708}\">\u00a0<\/span><\/p>\n<p><span data-contrast=\"auto\">Uros\u00a0<\/span><span data-contrast=\"auto\">Uscebrka<\/span><span data-contrast=\"auto\">\u00a0<\/span><span data-contrast=\"auto\">comparti\u00f3 que\u00a0<\/span><span data-contrast=\"auto\">acostumbra\u00a0<\/span><span data-contrast=\"auto\">estar presente con sus obras en diversos eventos, y que en este caso particip\u00f3 con una\u00a0<\/span><span data-contrast=\"auto\">pieza\u00a0<\/span><span data-contrast=\"auto\">escult\u00f3rica\u00a0<\/span><span data-contrast=\"auto\">de 400 kilos compuesta por pie<\/span><span data-contrast=\"auto\">dra y acero inoxidable llamada\u00a0<\/span><i><span data-contrast=\"auto\">C<\/span><\/i><i><span data-contrast=\"auto\">asos fr\u00edos<\/span><\/i><span data-contrast=\"auto\">.<\/span><\/p>\n<div id=\"attachment_93394\" style=\"width: 313px\" class=\"wp-caption aligncenter\"><a href=\"https:\/\/www.uv.mx\/prensa\/files\/2021\/02\/170221-CARLOS-8-Bienal-3-100k.jpg\"><img aria-describedby=\"caption-attachment-93394\" decoding=\"async\" loading=\"lazy\" class=\"size-full wp-image-93394\" src=\"https:\/\/www.uv.mx\/prensa\/files\/2021\/02\/170221-CARLOS-8-Bienal-3-100k.jpg\" alt=\"Escultura de Uros Uscebrka\" width=\"303\" height=\"480\" srcset=\"https:\/\/www.uv.mx\/prensa\/files\/2021\/02\/170221-CARLOS-8-Bienal-3-100k.jpg 303w, https:\/\/www.uv.mx\/prensa\/files\/2021\/02\/170221-CARLOS-8-Bienal-3-100k-189x300.jpg 189w\" sizes=\"(max-width: 303px) 100vw, 303px\" \/><\/a><p id=\"caption-attachment-93394\" class=\"wp-caption-text\">Escultura de Uros Uscebrka<\/p><\/div>\n<p><span data-contrast=\"auto\">Explic\u00f3 que c<\/span><span data-contrast=\"auto\">on esta obra busca reflejar los casos policiacos no resueltos, que no han sido aclarados y se encuentran almacenados en archivos.\u00a0<\/span><span data-ccp-props=\"{&quot;335559731&quot;:708}\">\u00a0<\/span><\/p>\n<p><span data-contrast=\"auto\">Puntualiz\u00f3 que le agrada participar en muchos eventos con sus piezas, ya que busca dar el e<\/span><span data-contrast=\"auto\">jemplo a sus estudiantes y no s\u00f3<\/span><span data-contrast=\"auto\">lo una formaci\u00f3n te\u00f3rica.\u00a0<\/span><span data-ccp-props=\"{&quot;335559731&quot;:708}\">\u00a0<\/span><\/p>\n<p><span data-contrast=\"auto\">Aranza Hern\u00e1ndez<\/span><span data-contrast=\"auto\">\u00a0relat\u00f3 que\u00a0<\/span><span data-contrast=\"auto\">envi\u00f3 a la b<\/span><span data-contrast=\"auto\">ienal una pintura al \u00f3leo\u00a0<\/span><span data-contrast=\"auto\">en la que retrata a una ni\u00f1a de\u00a0<\/span><span data-contrast=\"auto\">cinco<\/span><span data-contrast=\"auto\">\u00a0a\u00f1os que participa en la marcha del 8 de marzo<\/span><span data-contrast=\"auto\">\u00a0y<\/span><span data-contrast=\"auto\">\u00a0porta un cartel que dice \u201cmerezco crecer\u00a0<\/span><span data-contrast=\"auto\">libre y sin miedo\u201d y que\u00a0<\/span><span data-contrast=\"auto\">est\u00e1<\/span><span data-contrast=\"auto\">\u00a0asegurada a trav\u00e9s de un cable con su mam\u00e1.\u00a0<\/span><\/p>\n<div id=\"attachment_93395\" style=\"width: 370px\" class=\"wp-caption aligncenter\"><a href=\"https:\/\/www.uv.mx\/prensa\/files\/2021\/02\/170221-CARLOS-8-Bienal-4-100k.jpg\"><img aria-describedby=\"caption-attachment-93395\" decoding=\"async\" loading=\"lazy\" class=\"size-full wp-image-93395\" src=\"https:\/\/www.uv.mx\/prensa\/files\/2021\/02\/170221-CARLOS-8-Bienal-4-100k.jpg\" alt=\"Aranza Mar\u00eda Hern\u00e1ndez G\u00f3mez \" width=\"360\" height=\"480\" srcset=\"https:\/\/www.uv.mx\/prensa\/files\/2021\/02\/170221-CARLOS-8-Bienal-4-100k.jpg 360w, https:\/\/www.uv.mx\/prensa\/files\/2021\/02\/170221-CARLOS-8-Bienal-4-100k-225x300.jpg 225w\" sizes=\"(max-width: 360px) 100vw, 360px\" \/><\/a><p id=\"caption-attachment-93395\" class=\"wp-caption-text\">Aranza Mar\u00eda Hern\u00e1ndez G\u00f3mez<\/p><\/div>\n<p><span data-contrast=\"auto\">\u201cEsa marcha fue un\u00a0<\/span><span data-contrast=\"auto\">suceso muy importante para m\u00ed,\u00a0<\/span><span data-contrast=\"auto\">marc\u00f3 un antes y\u00a0<\/span><span data-contrast=\"auto\">un\u00a0<\/span><span data-contrast=\"auto\">despu\u00e9s en mi vida<\/span><span data-contrast=\"auto\">\u00a0<\/span><span data-contrast=\"auto\">y por ello le dediqu\u00e9 mi obra\u201d, enunci\u00f3.\u00a0<\/span><span data-ccp-props=\"{&quot;335559731&quot;:708}\">\u00a0<\/span><\/p>\n<p><span data-contrast=\"auto\">La joven declar\u00f3 que el que su pintura haya sido seleccionada para formar parte de la exposici\u00f3n virtual es algo que la honra mucho y la llena de orgullo.\u00a0<\/span><\/p>\n<div id=\"attachment_93396\" style=\"width: 371px\" class=\"wp-caption aligncenter\"><a href=\"https:\/\/www.uv.mx\/prensa\/files\/2021\/02\/170221-CARLOS-8-Bienal-5-100k.jpg\"><img aria-describedby=\"caption-attachment-93396\" decoding=\"async\" loading=\"lazy\" class=\"size-full wp-image-93396\" src=\"https:\/\/www.uv.mx\/prensa\/files\/2021\/02\/170221-CARLOS-8-Bienal-5-100k.jpg\" alt=\"Dar\u00edo Mel\u00e9ndez Manzano \" width=\"361\" height=\"480\" srcset=\"https:\/\/www.uv.mx\/prensa\/files\/2021\/02\/170221-CARLOS-8-Bienal-5-100k.jpg 361w, https:\/\/www.uv.mx\/prensa\/files\/2021\/02\/170221-CARLOS-8-Bienal-5-100k-226x300.jpg 226w\" sizes=\"(max-width: 361px) 100vw, 361px\" \/><\/a><p id=\"caption-attachment-93396\" class=\"wp-caption-text\">Dar\u00edo Mel\u00e9ndez Manzano<\/p><\/div>\n<p><span data-contrast=\"auto\">Dar\u00edo Mel\u00e9ndez\u00a0<\/span><span data-contrast=\"auto\">mencion\u00f3 que particip\u00f3 en la\u00a0<\/span><span data-contrast=\"auto\">b<\/span><span data-contrast=\"auto\">ienal con un auto<\/span><span data-contrast=\"auto\">r<\/span><span data-contrast=\"auto\">retrato que construy\u00f3 a trav\u00e9s de un est\u00edmulo t\u00e1ctil.<\/span><span data-contrast=\"auto\">\u00a0<\/span><span data-contrast=\"auto\">\u201cCon una mano tocaba mi cuerpo y con la otra trazaba el recorrido del l\u00e1piz en el papel\u201d, detall\u00f3.<\/span><span data-ccp-props=\"{&quot;335559731&quot;:708}\">\u00a0<\/span><\/p>\n<p><span data-contrast=\"auto\">El acad\u00e9mico asegur\u00f3 que esa manera de representarse a s<\/span><span data-contrast=\"auto\">\u00ed<\/span><span data-contrast=\"auto\">\u00a0mismo implic\u00f3 un ejercicio de vulnerabilidad e invit\u00f3 a la comunidad art\u00edstica universi<\/span><span data-contrast=\"auto\">taria a participar en concursos<\/span><span data-contrast=\"auto\">\u00a0y poner en juego su creatividad y potencia pl\u00e1stica.<\/span><span data-ccp-props=\"{&quot;335559731&quot;:708}\">\u00a0<\/span><\/p>\n","protected":false},"excerpt":{"rendered":"<p>Obra del acad\u00e9mico Uros Uscebrka obtuvo el tercer lugar en la categor\u00eda \u201cDocentes y egresados\u201d; piezas del catedr\u00e1tico Dar\u00edo Mel\u00e9ndez y la estudiante Aranza Hern\u00e1ndez fueron seleccionadas para formar parte de la exposici\u00f3n virtual del evento <\/p>\n","protected":false},"author":1775,"featured_media":93397,"comment_status":"closed","ping_status":"closed","sticky":false,"template":"","format":"standard","meta":[],"categories":[61],"tags":[1572,808,1577,1007,1191,1576,280,1575,1574,1573,742],"_links":{"self":[{"href":"https:\/\/www.uv.mx\/prensa\/wp-json\/wp\/v2\/posts\/93391"}],"collection":[{"href":"https:\/\/www.uv.mx\/prensa\/wp-json\/wp\/v2\/posts"}],"about":[{"href":"https:\/\/www.uv.mx\/prensa\/wp-json\/wp\/v2\/types\/post"}],"author":[{"embeddable":true,"href":"https:\/\/www.uv.mx\/prensa\/wp-json\/wp\/v2\/users\/1775"}],"replies":[{"embeddable":true,"href":"https:\/\/www.uv.mx\/prensa\/wp-json\/wp\/v2\/comments?post=93391"}],"version-history":[{"count":1,"href":"https:\/\/www.uv.mx\/prensa\/wp-json\/wp\/v2\/posts\/93391\/revisions"}],"predecessor-version":[{"id":93432,"href":"https:\/\/www.uv.mx\/prensa\/wp-json\/wp\/v2\/posts\/93391\/revisions\/93432"}],"wp:featuredmedia":[{"embeddable":true,"href":"https:\/\/www.uv.mx\/prensa\/wp-json\/wp\/v2\/media\/93397"}],"wp:attachment":[{"href":"https:\/\/www.uv.mx\/prensa\/wp-json\/wp\/v2\/media?parent=93391"}],"wp:term":[{"taxonomy":"category","embeddable":true,"href":"https:\/\/www.uv.mx\/prensa\/wp-json\/wp\/v2\/categories?post=93391"},{"taxonomy":"post_tag","embeddable":true,"href":"https:\/\/www.uv.mx\/prensa\/wp-json\/wp\/v2\/tags?post=93391"}],"curies":[{"name":"wp","href":"https:\/\/api.w.org\/{rel}","templated":true}]}}