{"id":93053,"date":"2021-02-09T11:33:32","date_gmt":"2021-02-09T17:33:32","guid":{"rendered":"https:\/\/www.uv.mx\/prensa\/?p=93053"},"modified":"2021-02-09T14:41:28","modified_gmt":"2021-02-09T20:41:28","slug":"patente-de-la-uv-para-micropropagacion-de-stevia-ya-es-oficial","status":"publish","type":"post","link":"https:\/\/www.uv.mx\/prensa\/banner\/patente-de-la-uv-para-micropropagacion-de-stevia-ya-es-oficial\/","title":{"rendered":"Patente\u00a0de la UV para micropropagaci\u00f3n\u00a0de\u00a0stevia,\u00a0ya es oficial\u00a0"},"content":{"rendered":"<style type=\"text\/css\">\n  blockquote p { color: #28519b; font-family: helvetica; font-size: 1.4em; }<br \/><\/style>\n<p>&nbsp;<\/p>\n<ul>\n<li data-leveltext=\"\u25cf\" data-font=\"\" data-listid=\"1\" data-aria-posinset=\"1\" data-aria-level=\"1\"><i><span data-contrast=\"auto\">El IMPI notific\u00f3 a la m\u00e1xima casa de estudio<\/span><\/i><i><span data-contrast=\"auto\">s<\/span><\/i><i><span data-contrast=\"auto\">\u00a0<\/span><\/i><i><span data-contrast=\"auto\">de Veracruz\u00a0<\/span><\/i><i><span data-contrast=\"auto\">su registro de patente el pasado 12 de enero<\/span><\/i><span data-ccp-props=\"{&quot;201341983&quot;:0,&quot;335559740&quot;:240}\">\u00a0<\/span><\/li>\n<li data-leveltext=\"\u25cf\" data-font=\"\" data-listid=\"1\" data-aria-posinset=\"2\" data-aria-level=\"1\"><i><span data-contrast=\"auto\">Surgi\u00f3 de una investigaci\u00f3n extracurricular que tiene el potencial de beneficiar al sector agr\u00edcola veracruzano<\/span><\/i><span data-ccp-props=\"{&quot;201341983&quot;:0,&quot;335559740&quot;:240}\">\u00a0<\/span><\/li>\n<\/ul>\n<p><span data-ccp-props=\"{&quot;201341983&quot;:0,&quot;335559740&quot;:240}\">\u00a0<\/span><span data-ccp-props=\"{&quot;201341983&quot;:0,&quot;335559740&quot;:240}\">\u00a0<\/span><\/p>\n<div id=\"attachment_30979\" style=\"width: 732px\" class=\"wp-caption aligncenter\"><a href=\"https:\/\/www.uv.mx\/prensa\/files\/2017\/08\/Vainilla-y-estevia-1-ok-200817.jpg\"><img aria-describedby=\"caption-attachment-30979\" decoding=\"async\" loading=\"lazy\" class=\"size-full wp-image-30979\" src=\"https:\/\/www.uv.mx\/prensa\/files\/2017\/08\/Vainilla-y-estevia-1-ok-200817.jpg\" alt=\"\" width=\"722\" height=\"481\" srcset=\"https:\/\/www.uv.mx\/prensa\/files\/2017\/08\/Vainilla-y-estevia-1-ok-200817.jpg 722w, https:\/\/www.uv.mx\/prensa\/files\/2017\/08\/Vainilla-y-estevia-1-ok-200817-300x200.jpg 300w\" sizes=\"(max-width: 722px) 100vw, 722px\" \/><\/a><p id=\"caption-attachment-30979\" class=\"wp-caption-text\"><span data-contrast=\"auto\">Marco Antonio Ram\u00edrez y Lourdes Iglesias obtuvieron el registro de patente ante el IMPI del \u201cProceso para la micropropagaci\u00f3n a escala comercial de\u00a0<\/span><i><span data-contrast=\"auto\">stevia<\/span><\/i><i><span data-contrast=\"auto\">\u00a0<\/span><\/i><i><span data-contrast=\"auto\">spp<\/span><\/i><span data-contrast=\"auto\">\u201d (foto\u00a0<\/span><span data-contrast=\"auto\">de archivo<\/span><span data-contrast=\"auto\">)<\/span><span data-ccp-props=\"{&quot;201341983&quot;:0,&quot;335559740&quot;:240}\">\u00a0<\/span><\/p><\/div>\n<p><span data-ccp-props=\"{&quot;201341983&quot;:0,&quot;335559740&quot;:240}\">\u00a0<\/span><\/p>\n<blockquote><p><span data-contrast=\"auto\">\u201c<\/span><span data-contrast=\"auto\">N<\/span><span data-contrast=\"auto\">o ten\u00edamos proyectos aprobados para\u00a0<\/span><span data-contrast=\"auto\">desarrollar\u00a0<\/span><span data-contrast=\"auto\">estas labores, as\u00ed salieron dos patentes y adem\u00e1s varios alumnos se titularon con trabajos basados en el tema\u00a0<\/span><span data-contrast=\"auto\">de la\u00a0<\/span><span data-contrast=\"auto\">stevia<\/span><span data-contrast=\"auto\">; demostramos as\u00ed que a veces no necesitamos recursos espec\u00edficos para desarrollar el trabajo\u201d:<\/span><span data-contrast=\"auto\">\u00a0Lourdes Iglesias<\/span><span data-ccp-props=\"{&quot;201341983&quot;:0,&quot;335559740&quot;:240}\">\u00a0<\/span><\/p><\/blockquote>\n<p><span data-ccp-props=\"{&quot;201341983&quot;:0,&quot;335559740&quot;:240}\">\u00a0<\/span><\/p>\n<p><b><i><span data-contrast=\"auto\">David Sandoval Rodr\u00edguez<\/span><\/i><\/b><span data-ccp-props=\"{&quot;201341983&quot;:0,&quot;335559740&quot;:240}\">\u00a0<\/span><\/p>\n<p><b><i><span data-contrast=\"auto\">0<\/span><\/i><\/b><b><i><span data-contrast=\"auto\">9<\/span><\/i><\/b><b><i><span data-contrast=\"auto\">\/02\/<\/span><\/i><\/b><b><i><span data-contrast=\"auto\">20<\/span><\/i><\/b><b><i><span data-contrast=\"auto\">21<\/span><\/i><\/b><b><i><span data-contrast=\"auto\">,<\/span><\/i><\/b><b><i><span data-contrast=\"auto\">\u00a0Xalapa, Ver.-<\/span><\/i><\/b><span data-contrast=\"auto\">\u00a0La <a href=\"https:\/\/www.uv.mx\/\" target=\"_blank\" rel=\"noopener\">Universidad Veracruzana<\/a> (UV), mediante la investigaci\u00f3n realizada por los acad\u00e9micos Lourde<\/span><span data-contrast=\"auto\">s Georgina Iglesias Andreu y Marco Antonio Ram\u00edrez Mosqueda, obtuvo oficialmente el registro de patente del \u201cProceso para la micropropagaci\u00f3n a escala comercial de\u00a0<\/span><i><span data-contrast=\"auto\">stevia<\/span><\/i><i><span data-contrast=\"auto\">\u00a0<\/span><\/i><i><span data-contrast=\"auto\">spp<\/span><\/i><span data-contrast=\"auto\">\u201d ante el Instituto Mexicano de la Propiedad Industrial (IMPI), que les fue notifi<\/span><span data-contrast=\"auto\">cada el 12 de enero del presente a\u00f1o.<\/span><span data-ccp-props=\"{&quot;201341983&quot;:0,&quot;335559740&quot;:240}\">\u00a0<\/span><\/p>\n<p><span data-contrast=\"auto\">Desde 2014 fue sometido al proceso de registro, dando cuenta de \u201cun producto eficiente que hoy puede ser explotado industrial y comercialmente\u201d, ase<\/span><span data-contrast=\"auto\">gu<\/span><span data-contrast=\"auto\">r\u00f3 Ram\u00edrez Mosqueda, quien actualmente\u00a0<\/span><span data-contrast=\"auto\">es<\/span><span data-contrast=\"auto\">\u00a0acad\u00e9mico de tie<\/span><span data-contrast=\"auto\">mpo completo en la Facultad de Ciencias Biol\u00f3gicas y Agropecuarias\u00a0<\/span><i><span data-contrast=\"auto\">campus<\/span><\/i><span data-contrast=\"auto\">\u00a0Pe\u00f1uela, en la regi\u00f3n Orizaba<\/span><span data-contrast=\"auto\">&#8211;<\/span><span data-contrast=\"auto\">C\u00f3rdoba.<\/span><span data-ccp-props=\"{&quot;201341983&quot;:0,&quot;335559740&quot;:240}\">\u00a0<\/span><\/p>\n<p><span data-contrast=\"auto\">As\u00ed<\/span><span data-contrast=\"auto\">,<\/span><span data-contrast=\"auto\">\u00a0el Instituto de Biotecnolog\u00eda y Ecolog\u00eda Aplicada (<\/span><i><span data-contrast=\"auto\">Inbioteca<\/span><\/i><span data-contrast=\"auto\">) obtuvo su tercer registro de patente otorgado por el IMPI, gracias al trabaj<\/span><span data-contrast=\"auto\">o \u201cM\u00e9todo para micropropagaci\u00f3n de\u00a0<\/span><i><span data-contrast=\"auto\">Stevia\u00a0ssp<\/span><\/i><span data-contrast=\"auto\">\u201d, precis\u00f3 Iglesias Andreu.<\/span><span data-ccp-props=\"{&quot;201341983&quot;:0,&quot;335559740&quot;:240}\">\u00a0<\/span><\/p>\n<p><span data-contrast=\"auto\">La investigaci\u00f3n fue reconocida por la m\u00e1xima casa de estudio<\/span><span data-contrast=\"auto\">s<\/span><span data-contrast=\"auto\">\u00a0el pasado 7 de diciembre y la rectora Sara Ladr\u00f3n de Guevara\u00a0<\/span><span data-contrast=\"auto\">entreg\u00f3<\/span><span data-contrast=\"auto\">\u00a0un galard\u00f3n a la investigadora por este logr<\/span><span data-contrast=\"auto\">o que\u00a0<\/span><a href=\"https:\/\/www.uv.mx\/prensa\/general\/aumento-numero-de-patentes-en-la-uv\/\"><span data-contrast=\"none\">increment\u00f3 el n\u00famero de patentes registradas<\/span><\/a><span data-contrast=\"auto\">\u00a0por la instituci\u00f3n<\/span><span data-contrast=\"auto\">.<\/span><span data-ccp-props=\"{&quot;201341983&quot;:0,&quot;335559731&quot;:720,&quot;335559740&quot;:240}\">\u00a0<\/span><\/p>\n<p><span data-contrast=\"auto\">\u201cFue por iniciativa de la doctora Iglesias<\/span><span data-contrast=\"auto\">\u00a0<\/span><span data-contrast=\"auto\">Andreu<\/span><span data-contrast=\"auto\">, quien impuls\u00f3 desde un principio la b\u00fasqueda de patentes para la UV, q<\/span><span data-contrast=\"auto\">ue inici\u00f3 con el\u00a0<\/span><span data-contrast=\"auto\">p<\/span><span data-contrast=\"auto\">roceso para la micropropagaci\u00f3n a escala comercial de\u00a0<\/span><i><span data-contrast=\"auto\">Vainilla\u00a0spp<\/span><\/i><span data-contrast=\"auto\">\u00a0empleando biorreactores semiautomatizados\u201d, reconoci\u00f3 Ram\u00edrez Mosqueda.<\/span><span data-ccp-props=\"{&quot;201341983&quot;:0,&quot;335559731&quot;:720,&quot;335559740&quot;:240}\">\u00a0<\/span><\/p>\n<p><span data-contrast=\"auto\">En el caso del trabajo realizado con\u00a0<\/span><span data-contrast=\"auto\">s<\/span><span data-contrast=\"auto\">tevia, fue algo que se desarroll\u00f3 de forma extracurricular co<\/span><span data-contrast=\"auto\">n Marco Antonio, dado que su tema de investigaci\u00f3n era la vainilla, coment\u00f3 la investigadora.<\/span><span data-ccp-props=\"{&quot;201341983&quot;:0,&quot;335559731&quot;:720,&quot;335559740&quot;:240}\">\u00a0<\/span><\/p>\n<p><span data-contrast=\"auto\">Ambos buscaron la asesor\u00eda del bi\u00f3logo Sergio Aguilar Valtierra, consultor con amplia experiencia en el tr\u00e1mite de patentes, al igual que\u00a0<\/span><span data-contrast=\"auto\">con la Oficina de Transf<\/span><span data-contrast=\"auto\">erencia de Tecnolog\u00eda (OTT) de la Direcci\u00f3n General de Vinculaci\u00f3n de la U<\/span><span data-contrast=\"auto\">V<\/span><span data-contrast=\"auto\">.<\/span><span data-ccp-props=\"{&quot;201341983&quot;:0,&quot;335559731&quot;:720,&quot;335559740&quot;:240}\">\u00a0<\/span><\/p>\n<p><span data-contrast=\"auto\">\u201cNosotros comenzamos con vainilla porque el presidente del sistema producto-vainilla nos pidi\u00f3 apoyo y comenzamos a trabajar en la b\u00fasqueda de una v\u00eda para mi<\/span><span data-contrast=\"auto\">cropropagar vainilla; registramos la patente en 2012 y ya fue aprobada, ese fue el antecedente\u201d, detall\u00f3 Iglesias Andreu.<\/span><span data-ccp-props=\"{&quot;201341983&quot;:0,&quot;335559731&quot;:720,&quot;335559740&quot;:240}\">\u00a0<\/span><\/p>\n<p><span data-contrast=\"auto\">\u201cFueron actividades extracurriculares y no ten\u00edamos proyectos aprobados para desarrollar estas labores, as\u00ed salieron dos patentes y ad<\/span><span data-contrast=\"auto\">em\u00e1s varios alumnos se titularon con trabajos basados en el tema de la\u00a0<\/span><span data-contrast=\"auto\">stevia<\/span><span data-contrast=\"auto\">; demostramos as\u00ed que a veces no necesitamos recursos espec\u00edficos para desarrollar el trabajo\u201d<\/span><span data-contrast=\"auto\">, agreg\u00f3.<\/span><span data-ccp-props=\"{&quot;201341983&quot;:0,&quot;335559731&quot;:720,&quot;335559740&quot;:240}\">\u00a0<\/span><\/p>\n<p><span data-contrast=\"auto\">Ram\u00edrez Mosqueda explic\u00f3 que en este caso la patente tiene como objetivo au<\/span><span data-contrast=\"auto\">mentar los prop\u00e1gulos comerciales que se pueden obtener de\u00a0stevia\u00a0a partir del uso de t\u00e9cnicas de tejidos de cultivos vegetales; ello debido a que es una especie la cual, en su germinaci\u00f3n de s<\/span><span data-contrast=\"auto\">emillas, su reproducci\u00f3n sexual<\/span><span data-contrast=\"auto\">\u00a0es muy limitada por los bajos\u00a0<\/span><span data-contrast=\"auto\">\u00edndices de germinaci\u00f3n.<\/span><span data-ccp-props=\"{&quot;201341983&quot;:0,&quot;335559731&quot;:720,&quot;335559740&quot;:240}\">\u00a0<\/span><\/p>\n<p><span data-contrast=\"auto\">De 100 semillas de\u00a0stevia\u00a0pueden germinar alrededor de 20 e incluso menos y puede hacerse reproducci\u00f3n asexual con peque\u00f1os segmentos del tallo que logran enraizar en promedio de 30 a 40 por ciento, aproximadamente.<\/span><span data-ccp-props=\"{&quot;201341983&quot;:0,&quot;335559731&quot;:720,&quot;335559740&quot;:240}\">\u00a0<\/span><\/p>\n<p><span data-contrast=\"auto\">\u201cCon esta t\u00e9cnic<\/span><span data-contrast=\"auto\">a que se patent\u00f3, podemos obtener una mayor propagaci\u00f3n, hasta 22 plantas de un peque\u00f1o segmento del tallo\u201d, dijo.<\/span><span data-ccp-props=\"{&quot;201341983&quot;:0,&quot;335559731&quot;:720,&quot;335559740&quot;:240}\">\u00a0<\/span><\/p>\n<p><span data-contrast=\"auto\">La t\u00e9cnica patentada se basa en un sistema de inmersi\u00f3n temporal, lo que represent\u00f3 un problema en la etapa de r\u00e9plica de las patentes, porqu<\/span><span data-contrast=\"auto\">e se basa en dos t\u00e9cnicas conocidas<\/span><span data-contrast=\"auto\">;<\/span><span data-contrast=\"auto\">\u00a0sin embargo, \u201cel problema t\u00e9cnico que resuelve esta invenci\u00f3n es que determinamos las diferentes caracter\u00edsticas que debe tener el proceso en los sistemas de inmersi\u00f3n temporal para obtener los resultados que logramos\u201d,<\/span><span data-contrast=\"auto\">\u00a0continu\u00f3 el acad\u00e9mico.<\/span><span data-ccp-props=\"{&quot;201341983&quot;:0,&quot;335559731&quot;:720,&quot;335559740&quot;:240}\">\u00a0<\/span><\/p>\n<p><span data-contrast=\"auto\">Lourdes Iglesias advirti\u00f3 que en el \u00e1mbito biotecnol\u00f3gico<\/span><span data-contrast=\"auto\">\u00a0\u201chay ocasiones en que los \u00e1rbitros no lo ven tan claro, lo que gener\u00f3 algunas dificultades en el proceso\u201d.<\/span><span data-ccp-props=\"{&quot;201341983&quot;:0,&quot;335559731&quot;:720,&quot;335559740&quot;:240}\">\u00a0<\/span><\/p>\n<p><span data-contrast=\"auto\">Al respecto, Ram\u00edrez Mosqueda coment\u00f3 que el registro de una paten<\/span><span data-contrast=\"auto\">te \u201ces un proceso largo y siento que algunos revisores carecen de la preparaci\u00f3n adecuada y realizar cr\u00edticas apegadas al tema\u201d.<\/span><span data-ccp-props=\"{&quot;201341983&quot;:0,&quot;335559731&quot;:720,&quot;335559740&quot;:240}\">\u00a0<\/span><\/p>\n<p><span data-ccp-props=\"{&quot;201341983&quot;:0,&quot;335559740&quot;:240}\">\u00a0<\/span><\/p>\n<div id=\"attachment_91341\" style=\"width: 732px\" class=\"wp-caption aligncenter\"><a href=\"https:\/\/www.uv.mx\/prensa\/files\/2020\/12\/071220-DAVID-Entrega-de-reconocimientos-a-patentes-1.jpg\"><img aria-describedby=\"caption-attachment-91341\" decoding=\"async\" loading=\"lazy\" class=\"wp-image-91341 size-full\" src=\"https:\/\/www.uv.mx\/prensa\/files\/2020\/12\/071220-DAVID-Entrega-de-reconocimientos-a-patentes-1.jpg\" alt=\"\" width=\"722\" height=\"481\" srcset=\"https:\/\/www.uv.mx\/prensa\/files\/2020\/12\/071220-DAVID-Entrega-de-reconocimientos-a-patentes-1.jpg 722w, https:\/\/www.uv.mx\/prensa\/files\/2020\/12\/071220-DAVID-Entrega-de-reconocimientos-a-patentes-1-300x200.jpg 300w\" sizes=\"(max-width: 722px) 100vw, 722px\" \/><\/a><p id=\"caption-attachment-91341\" class=\"wp-caption-text\">El 7 de diciembre, esta casa de estudios reconoci\u00f3 a Lourdes Iglesias Andreu por su aporte al registro de patentes<\/p><\/div>\n<p>&nbsp;<\/p>\n<p><b><span data-contrast=\"auto\">Stevia tiene un gran potencial de desarrollo<\/span><\/b><span data-ccp-props=\"{&quot;201341983&quot;:0,&quot;335559740&quot;:240}\">\u00a0<\/span><\/p>\n<p><span data-contrast=\"auto\">\u201c<\/span><span data-contrast=\"auto\">La\u00a0s<\/span><span data-contrast=\"auto\">tevia, adem\u00e1s de ser reconocida por su valor como edulcorante, es muy important<\/span><span data-contrast=\"auto\">e porque tiene numerosas ventajas y beneficios reportados en la literatura; posee vitaminas como la A, B y E, minerales, adem\u00e1s tiene ventajas al ser hipocal\u00f3rica y cardiot\u00f3nica, antis\u00e9ptica y\u00a0<\/span><span data-contrast=\"auto\">desintoxicante, son muchas las caracter\u00edsticas beneficiosas que<\/span><span data-contrast=\"auto\">\u00a0tiene\u201d, explic\u00f3 la investigadora de\u00a0<\/span><i><span data-contrast=\"auto\">Inbioteca<\/span><\/i><span data-contrast=\"auto\">.<\/span><span data-ccp-props=\"{&quot;201341983&quot;:0,&quot;335559740&quot;:240}\">\u00a0<\/span><\/p>\n<p><span data-contrast=\"auto\">Se\u00f1al\u00f3 que en a\u00f1os recientes y<\/span><span data-contrast=\"auto\">\u00a0debido a sus condiciones clim\u00e1ticas y geogr\u00e1ficas, ha crecido el inter\u00e9s en dedicar \u00e1reas en los estados del sur para su cultivo y explotaci\u00f3n comercial, inclusive sustituyendo<\/span><span data-contrast=\"auto\">\u00a0el cultivo de la ca\u00f1a de az\u00facar, lo que llevar\u00eda a una diversificaci\u00f3n agr\u00edcola con un potencial muy grande.<\/span><span data-ccp-props=\"{&quot;201341983&quot;:0,&quot;335559731&quot;:720,&quot;335559740&quot;:240}\">\u00a0<\/span><\/p>\n<p><span data-contrast=\"auto\">\u201cEs a lo que queremos llegar: brindar las herramientas para que\u00a0<\/span><span data-contrast=\"auto\">en la pr\u00e1ctica productiva\u00a0<\/span><span data-contrast=\"auto\">se puedan implementar\u00a0<\/span><span data-contrast=\"auto\">estos logros\u201d, enfatiz\u00f3.<\/span><span data-ccp-props=\"{&quot;201341983&quot;:0,&quot;335559731&quot;:720,&quot;335559740&quot;:240}\">\u00a0<\/span><\/p>\n<p><span data-contrast=\"auto\">En tal sen<\/span><span data-contrast=\"auto\">tido, consider\u00f3 adem\u00e1s que la OTT puede apoyar a que las patentes otorgadas por el IMPI se puedan comercializar, en el sentido de llegar a ser introducidas en las pr\u00e1cticas del sector productivo.<\/span><span data-ccp-props=\"{&quot;201341983&quot;:0,&quot;335559731&quot;:720,&quot;335559740&quot;:240}\">\u00a0<\/span><\/p>\n<p><span data-contrast=\"auto\">\u201cTengo claro que si un resultado es bueno y no se introduce a la pr\u00e1ctica, no tiene tanto valor, por eso tenemos que seguir luchando, no porque aprueben las patentes sino para que \u00e9stas puedan incidir en las pr\u00e1cticas productivas y generen beneficios para\u00a0<\/span><span data-contrast=\"auto\">todos\u201d, precis\u00f3 Iglesias Andreu<\/span><span data-contrast=\"auto\">.<\/span><span data-ccp-props=\"{&quot;201341983&quot;:0,&quot;335559731&quot;:720,&quot;335559740&quot;:240}\">\u00a0<\/span><\/p>\n<p><span data-contrast=\"auto\">Ambos acad\u00e9micos reconocieron que en a\u00f1os recientes la UV ha estado interesada en que sus investigadores registren patentes y se han logrado grandes avances en corto tiempo y tarde o temprano este impacto se har\u00e1 evidente;<\/span><span data-contrast=\"auto\">\u00a0en igual medida<\/span><span data-contrast=\"auto\">,<\/span><span data-contrast=\"auto\">\u00a0los investigadores ya est\u00e1n considerando en sus trabajos el tema de la propiedad intelectual.<\/span><span data-ccp-props=\"{&quot;201341983&quot;:0,&quot;335559731&quot;:720,&quot;335559740&quot;:240}\">\u00a0<\/span><\/p>\n<p><span data-contrast=\"auto\">\u201cLo que m\u00e1s nos interesa a nosotros es haber contribuido al impulso de esta actividad, no a la patente en s\u00ed, sino a la necesidad de proteger tod<\/span><span data-contrast=\"auto\">a la informaci\u00f3n valiosa que tiene la UV, la propiedad intelectual del conocimiento\u201d, apunt\u00f3 la acad\u00e9mica.<\/span><span data-ccp-props=\"{&quot;201341983&quot;:0,&quot;335559731&quot;:720,&quot;335559740&quot;:240}\">\u00a0<\/span><\/p>\n<p><span data-contrast=\"auto\">\u201cEn la misma medida en que la OTT se consolide, en esa medida podemos optar a que el Consejo Nacional de Ciencia y Tecnolog\u00eda (<\/span><i><span data-contrast=\"auto\">Conacyt<\/span><\/i><span data-contrast=\"auto\">) nos apruebe p<\/span><span data-contrast=\"auto\">royectos para la introducci\u00f3n en las pr\u00e1cticas productivas de muchas de estas patentes; lo bueno es que se ha ido abriendo un camino\u00a0<\/span><span data-contrast=\"auto\">para\u00a0<\/span><span data-contrast=\"auto\">muchos de los investigadores que en estos momentos est\u00e1n en el an\u00e1lisis a fondo de sus patentes\u201d.<\/span><span data-ccp-props=\"{&quot;201341983&quot;:0,&quot;335559731&quot;:720,&quot;335559740&quot;:240}\">\u00a0<\/span><\/p>\n<p><span data-contrast=\"auto\">Ra<\/span><span data-contrast=\"auto\">m\u00edrez Mosqueda record\u00f3<\/span><span data-contrast=\"auto\">:<\/span><span data-contrast=\"auto\">\u00a0<\/span><span data-contrast=\"auto\">\u201c<\/span><span data-contrast=\"auto\">E<\/span><span data-contrast=\"auto\">sto nos cost\u00f3 mucho trabajo, fueron muchas reuniones hasta que finalmente logramos que se fueran creando las condiciones<\/span><span data-contrast=\"auto\">;<\/span><span data-contrast=\"auto\">\u00a0<\/span><span data-contrast=\"auto\">es una de las pocas cosas con las\u00a0<\/span><span data-contrast=\"auto\">que\u00a0<\/span><span data-contrast=\"auto\">hemos podido contribuir a la Universidad<\/span><span data-contrast=\"auto\">\u201d.<\/span><span data-ccp-props=\"{&quot;201341983&quot;:0,&quot;335559731&quot;:720,&quot;335559740&quot;:240}\">\u00a0<\/span><\/p>\n<p><span data-contrast=\"auto\">Al d\u00eda de hoy tal vez no existan numerosas empresas para la micropropagaci\u00f3n de\u00a0stevia,<\/span><span data-contrast=\"auto\">\u00a0pero la propia UV podr\u00eda crear un centro en el que se desarrollara \u00e9<\/span><span data-contrast=\"auto\">ste y otros cultivos con prop\u00f3sitos de explotaci\u00f3n industrial, plantearon los entrevistados. Para ello ser\u00eda necesario crear una\u00a0bioempresa\u00a0que explote vainilla,\u00a0stevia\u00a0y otros productos con\u00a0<\/span><span data-contrast=\"auto\">posibles patentes que generar, investigando especies que crecen<\/span><span data-contrast=\"auto\">\u00a0en el estado y pueden generar beneficios.<\/span><span data-ccp-props=\"{&quot;201341983&quot;:0,&quot;335559731&quot;:720,&quot;335559740&quot;:240}\">\u00a0<\/span><\/p>\n<p><span data-contrast=\"auto\">Iglesias Andreu recalc\u00f3 que el trabajo contin\u00faa, enfoc\u00e1ndose en \u201cc\u00f3mo vamos a proteger nuestra propiedad intelectual y en que los estudiantes vayan form\u00e1ndose en esta cultura, lo que contribuir\u00e1 mucho y hay que pe<\/span><span data-contrast=\"auto\">nsar que esto es esencial para toda actividad educativa\u201d.<\/span><span data-ccp-props=\"{&quot;201341983&quot;:0,&quot;335559731&quot;:720,&quot;335559740&quot;:240}\">\u00a0<\/span><\/p>\n<p><span data-contrast=\"auto\">Reconoci\u00f3 adem\u00e1s que haya casos como el propio Marco Antonio Ram\u00edrez, quien siendo estudiante de posgrado y sin tener la presi\u00f3n que implica una actividad extracurricular, obtuvo el registro de dos\u00a0<\/span><span data-contrast=\"auto\">patentes, \u201caparte del trabajo de tesis que realiz\u00f3 con otro cultivo; es lo que en la Universidad resalta, que en medio de todas las dificultades surgen trabajos de esta calidad\u201d.<\/span><span data-ccp-props=\"{&quot;201341983&quot;:0,&quot;335559731&quot;:720,&quot;335559740&quot;:240}\">\u00a0<\/span><\/p>\n","protected":false},"excerpt":{"rendered":"<p>La investigaci\u00f3n fue realizada por los acad\u00e9micos Lourdes Georgina Iglesias y Marco Antonio Ram\u00edrez\u00a0<\/p>\n","protected":false},"author":1869,"featured_media":91766,"comment_status":"closed","ping_status":"closed","sticky":false,"template":"","format":"standard","meta":[],"categories":[61],"tags":[],"_links":{"self":[{"href":"https:\/\/www.uv.mx\/prensa\/wp-json\/wp\/v2\/posts\/93053"}],"collection":[{"href":"https:\/\/www.uv.mx\/prensa\/wp-json\/wp\/v2\/posts"}],"about":[{"href":"https:\/\/www.uv.mx\/prensa\/wp-json\/wp\/v2\/types\/post"}],"author":[{"embeddable":true,"href":"https:\/\/www.uv.mx\/prensa\/wp-json\/wp\/v2\/users\/1869"}],"replies":[{"embeddable":true,"href":"https:\/\/www.uv.mx\/prensa\/wp-json\/wp\/v2\/comments?post=93053"}],"version-history":[{"count":1,"href":"https:\/\/www.uv.mx\/prensa\/wp-json\/wp\/v2\/posts\/93053\/revisions"}],"predecessor-version":[{"id":93112,"href":"https:\/\/www.uv.mx\/prensa\/wp-json\/wp\/v2\/posts\/93053\/revisions\/93112"}],"wp:featuredmedia":[{"embeddable":true,"href":"https:\/\/www.uv.mx\/prensa\/wp-json\/wp\/v2\/media\/91766"}],"wp:attachment":[{"href":"https:\/\/www.uv.mx\/prensa\/wp-json\/wp\/v2\/media?parent=93053"}],"wp:term":[{"taxonomy":"category","embeddable":true,"href":"https:\/\/www.uv.mx\/prensa\/wp-json\/wp\/v2\/categories?post=93053"},{"taxonomy":"post_tag","embeddable":true,"href":"https:\/\/www.uv.mx\/prensa\/wp-json\/wp\/v2\/tags?post=93053"}],"curies":[{"name":"wp","href":"https:\/\/api.w.org\/{rel}","templated":true}]}}