{"id":92566,"date":"2021-01-26T20:29:46","date_gmt":"2021-01-27T02:29:46","guid":{"rendered":"https:\/\/www.uv.mx\/prensa\/?p=92566"},"modified":"2021-01-27T11:59:08","modified_gmt":"2021-01-27T17:59:08","slug":"pandemia-conlleva-a-repensar-la-idea-de-educacion","status":"publish","type":"post","link":"https:\/\/www.uv.mx\/prensa\/general\/pandemia-conlleva-a-repensar-la-idea-de-educacion\/","title":{"rendered":"Pandemia conlleva a repensar la idea de educaci\u00f3n: Norma del R\u00edo"},"content":{"rendered":"<ul>\n<li data-leveltext=\"\u25cf\" data-font=\"\" data-listid=\"1\" data-aria-posinset=\"1\" data-aria-level=\"1\"><i><span data-contrast=\"auto\">Norma del R\u00edo, acad\u00e9mica de la UAM, imparti\u00f3 la conferencia \u201cRetos y experiencias en la formaci\u00f3n sobre temas de ni\u00f1eces\u201d<\/span><\/i><span data-ccp-props=\"{&quot;201341983&quot;:0,&quot;335559740&quot;:240}\">\u00a0<\/span><\/li>\n<li data-leveltext=\"\u25cf\" data-font=\"Arial, Arial_MSFontService, sans-serif\" data-listid=\"1\" data-aria-posinset=\"2\" data-aria-level=\"1\"><i><span data-contrast=\"auto\">Las actividades del <\/span><\/i><i><span data-contrast=\"auto\">S<\/span><\/i><i><span data-contrast=\"auto\">eminario <\/span><\/i><i><span data-contrast=\"auto\">I<\/span><\/i><i><span data-contrast=\"auto\">nternacional de <\/span><\/i><i><span data-contrast=\"auto\">E<\/span><\/i><i><span data-contrast=\"auto\">studios de las <\/span><\/i><i><span data-contrast=\"auto\">I<\/span><\/i><i><span data-contrast=\"auto\">nfancias y <\/span><\/i><i><span data-contrast=\"auto\">J<\/span><\/i><i><span data-contrast=\"auto\">uventudes se puede seguir en<\/span><\/i> <a href=\"https:\/\/www.facebook.com\/REDinfanciasLA\/\"><i><span data-contrast=\"none\">www.facebook.com\/REDinf<\/span><\/i><i><span data-contrast=\"none\">a<\/span><\/i><i><span data-contrast=\"none\">nciasLA\/<\/span><\/i><\/a><span data-ccp-props=\"{&quot;201341983&quot;:0,&quot;335559740&quot;:240}\">\u00a0<\/span><\/li>\n<\/ul>\n<p>&nbsp;<\/p>\n<div id=\"attachment_92567\" style=\"width: 892px\" class=\"wp-caption aligncenter\"><a href=\"https:\/\/www.uv.mx\/prensa\/files\/2021\/01\/260121-conf-Norma-del-Rio-1.jpg\"><img loading=\"lazy\" decoding=\"async\" aria-describedby=\"caption-attachment-92567\" class=\"size-full wp-image-92567\" src=\"https:\/\/www.uv.mx\/prensa\/files\/2021\/01\/260121-conf-Norma-del-Rio-1.jpg\" alt=\"Norma del R\u00edo, acad\u00e9mica de la UAM, particip\u00f3 en el evento de la Red Latinoamericana de Investigaci\u00f3n y Reflexi\u00f3n de las Ni\u00f1as, Ni\u00f1os y J\u00f3venes\" width=\"882\" height=\"481\" srcset=\"https:\/\/www.uv.mx\/prensa\/files\/2021\/01\/260121-conf-Norma-del-Rio-1.jpg 882w, https:\/\/www.uv.mx\/prensa\/files\/2021\/01\/260121-conf-Norma-del-Rio-1-300x164.jpg 300w, https:\/\/www.uv.mx\/prensa\/files\/2021\/01\/260121-conf-Norma-del-Rio-1-768x419.jpg 768w\" sizes=\"auto, (max-width: 882px) 100vw, 882px\" \/><\/a><p id=\"caption-attachment-92567\" class=\"wp-caption-text\">Norma del R\u00edo, acad\u00e9mica de la UAM, particip\u00f3 en el evento de la Red Latinoamericana de Investigaci\u00f3n y Reflexi\u00f3n de las Ni\u00f1as, Ni\u00f1os y J\u00f3venes<\/p><\/div>\n<p>&nbsp;<\/p>\n<p><b><i><span data-contrast=\"auto\">David Sandoval Rodr\u00edguez<\/span><\/i><\/b><span data-ccp-props=\"{&quot;201341983&quot;:0,&quot;335559740&quot;:240}\">\u00a0<\/span><\/p>\n<p><span data-ccp-props=\"{&quot;201341983&quot;:0,&quot;335559740&quot;:240}\">\u00a0<\/span><b><i><span data-contrast=\"auto\">26\/01\/<\/span><\/i><\/b><b><i><span data-contrast=\"auto\">20<\/span><\/i><\/b><b><i><span data-contrast=\"auto\">21<\/span><\/i><\/b><b><i><span data-contrast=\"auto\">,<\/span><\/i><\/b><b><i><span data-contrast=\"auto\"> Xalapa, Ver.-<\/span><\/i><\/b><span data-contrast=\"auto\"> Frente a las consecuencias que est\u00e1 teniendo la pandemia o<\/span><span data-contrast=\"auto\">casionada por el coronavirus <\/span><span data-contrast=\"auto\">SARS<\/span><span data-contrast=\"auto\">-Co<\/span><span data-contrast=\"auto\">V<\/span><span data-contrast=\"auto\">-2, en estos momentos se debe reflexionar sobre la educaci\u00f3n como algo que debe aceptar una posibilidad de cambio, plante\u00f3 Norma del R\u00edo Lugo, acad\u00e9mica de la Universidad Aut\u00f3noma Metropolitana (UAM).<\/span><span data-ccp-props=\"{&quot;201341983&quot;:0,&quot;335559740&quot;:240}\">\u00a0<\/span><\/p>\n<p><span data-contrast=\"auto\">Con la ponencia \u201c<\/span><span data-contrast=\"auto\">Retos y experiencias en la formaci\u00f3n sobre temas de ni\u00f1eces\u201d, la investigadora particip\u00f3 en el III Seminario Internacional, Interdisciplinario e Interinstitucional de Estudios de las Infancias y las Juventudes, organizado por la Red Latinoamericana de Inve<\/span><span data-contrast=\"auto\">stigaci\u00f3n y Reflexi\u00f3n de las Ni\u00f1as, Ni\u00f1os y J\u00f3venes (Red REIR).<\/span><span data-ccp-props=\"{&quot;201341983&quot;:0,&quot;335559740&quot;:240}\">\u00a0<\/span><\/p>\n<p><span data-contrast=\"auto\">En el evento virtual, que finaliza el <\/span><span data-contrast=\"auto\">mi\u00e9rcoles<\/span><span data-contrast=\"auto\"> 27 de enero, participan tambi\u00e9n acad\u00e9micos del <a href=\"https:\/\/www.uv.mx\/iie\/\" target=\"_blank\" rel=\"noopener\">Instituto de Investigaciones en Educaci\u00f3n<\/a> (IIE) de la Universidad Veracruzana (UV).<\/span><span data-ccp-props=\"{&quot;201341983&quot;:0,&quot;335559740&quot;:240}\">\u00a0<\/span><\/p>\n<p><span data-contrast=\"auto\">\u201cDebemos pensa<\/span><span data-contrast=\"auto\">r la educaci\u00f3n como algo abierto, que est\u00e1 cambiando<\/span><span data-contrast=\"auto\">. P<\/span><span data-contrast=\"auto\">articularmente<\/span><span data-contrast=\"auto\">,<\/span><span data-contrast=\"auto\"> en este momento que no podemos hablar y seguir pensando en una nueva normalidad, deb<\/span><span data-contrast=\"auto\">emos <\/span><span data-contrast=\"auto\">detenernos y rep<\/span><span data-contrast=\"auto\">ensar, tenemos que vaciarnos en cierta manera pa<\/span><span data-contrast=\"auto\">ra que pueda caber esta posibilidad del cambio y esto a veces se convierte en algo angustiante\u201d, sostuvo Del R\u00edo Lugo <\/span><span data-contrast=\"auto\">en su charla que se transmiti\u00f3 en vivo por <\/span><i><span data-contrast=\"auto\">Zoom<\/span><\/i><span data-contrast=\"auto\"> y el canal de la red en <\/span><i><span data-contrast=\"auto\">Facebook<\/span><\/i><span data-contrast=\"auto\">: <\/span><a href=\"https:\/\/www.facebook.com\/REDinfanciasLA\/\"><span data-contrast=\"none\">https:\/\/www.facebook.com\/REDinfanciasLA\/<\/span><\/a><span data-ccp-props=\"{&quot;201341983&quot;:0,&quot;335559731&quot;:720,&quot;335559740&quot;:240}\">\u00a0<\/span><\/p>\n<p><span data-contrast=\"auto\">En esta edici\u00f3n, l<\/span><span data-contrast=\"auto\">a tem\u00e1tica principal se denomina \u201cEncuentro de experiencias en torno a la familia, trabajo-escuela y movilizaciones sociales. Compartici\u00f3n desde el coraz\u00f3n en contextos de Covid-19\u201d.<\/span><span data-ccp-props=\"{&quot;201341983&quot;:0,&quot;335559740&quot;:240}\">\u00a0<\/span><\/p>\n<p><span data-contrast=\"auto\">Norma d<\/span><span data-contrast=\"auto\">el R\u00edo, coordinadora adem\u00e1s del Programa de Investigaci\u00f3n sobre Infancia<\/span><span data-contrast=\"auto\"> de la UAM<\/span><span data-contrast=\"auto\">, recalc\u00f3 que es un tema dif\u00edcil porque implica tomar una posici\u00f3n y pensar \u201cdesde qu\u00e9 lugar de enunciaci\u00f3n tenemos para tomar la palabra; tenemos que tratar de pensar en este camino que implica la educaci\u00f3n como una forma necesaria de re<\/span><span data-contrast=\"auto\">laci\u00f3n interpersonal, no como una situaci\u00f3n donde uno <\/span><span data-contrast=\"auto\">transmita o muestre<\/span><span data-contrast=\"auto\"> una serie de representaciones sobre una serie de asuntos que se consideran como verdades\u201d.<\/span><span data-ccp-props=\"{&quot;201341983&quot;:0,&quot;335559731&quot;:720,&quot;335559740&quot;:240}\">\u00a0<\/span><\/p>\n<p><span data-contrast=\"auto\">Para ello, consider\u00f3 que el nivel de cambio al que se aspira implica \u201cromper las mismas fr<\/span><span data-contrast=\"auto\">onteras del conocimiento que estamos construyendo, <\/span><span data-contrast=\"auto\">y estamos hablando de un doble sujeto porque hay formaci\u00f3n de adultos y ni\u00f1os implicados\u201d.<\/span><span data-ccp-props=\"{&quot;201341983&quot;:0,&quot;335559731&quot;:720,&quot;335559740&quot;:240}\">\u00a0<\/span><\/p>\n<p>&nbsp;<\/p>\n<div id=\"attachment_92568\" style=\"width: 869px\" class=\"wp-caption aligncenter\"><a href=\"https:\/\/www.uv.mx\/prensa\/files\/2021\/01\/260121-conf-Norma-del-Rio-2.jpg\"><img loading=\"lazy\" decoding=\"async\" aria-describedby=\"caption-attachment-92568\" class=\"size-full wp-image-92568\" src=\"https:\/\/www.uv.mx\/prensa\/files\/2021\/01\/260121-conf-Norma-del-Rio-2.jpg\" alt=\"La ponente consider\u00f3 necesario replantear la idea de educaci\u00f3n para la situaci\u00f3n presente\" width=\"859\" height=\"481\" srcset=\"https:\/\/www.uv.mx\/prensa\/files\/2021\/01\/260121-conf-Norma-del-Rio-2.jpg 859w, https:\/\/www.uv.mx\/prensa\/files\/2021\/01\/260121-conf-Norma-del-Rio-2-300x168.jpg 300w, https:\/\/www.uv.mx\/prensa\/files\/2021\/01\/260121-conf-Norma-del-Rio-2-768x430.jpg 768w\" sizes=\"auto, (max-width: 859px) 100vw, 859px\" \/><\/a><p id=\"caption-attachment-92568\" class=\"wp-caption-text\">La ponente consider\u00f3 necesario replantear la idea de educaci\u00f3n para la situaci\u00f3n presente<\/p><\/div>\n<p>&nbsp;<\/p>\n<p><span data-contrast=\"auto\">Sin embargo, reconoci\u00f3 que el primer paso no gira en torno a la teor\u00eda,<\/span><span data-contrast=\"auto\"> sino a \u201cla necesidad de transmitir que la ed<\/span><span data-contrast=\"auto\">ucaci\u00f3n es primero una relaci\u00f3n afectiva pero de posicionamiento \u00e9tico tambi\u00e9n,<\/span><span data-contrast=\"auto\"> y se debe tomar una posici\u00f3n en cuanto al conocimiento y c\u00f3mo nos relacionamos con el otro\u201d.<\/span><span data-ccp-props=\"{&quot;201341983&quot;:0,&quot;335559731&quot;:720,&quot;335559740&quot;:240}\">\u00a0<\/span><\/p>\n<p><span data-contrast=\"auto\">A lo largo de su experiencia como psic\u00f3loga cl\u00ednica,<\/span><span data-contrast=\"auto\"> encontr\u00f3 que en numerosos trabaj<\/span><span data-contrast=\"auto\">os \u201cse habla de los ni\u00f1os sin ellos<\/span><span data-contrast=\"auto\">,<\/span><span data-contrast=\"auto\"> y tenemos que aprender a pensar por nosotros mismos qu\u00e9 significa desarrollar una comprensi\u00f3n de la propia existencia en relaci\u00f3n con las cosas del mundo y con aquellos que est\u00e1n, que han pasado o que llegar\u00e1n a \u00e9l\u201d.<\/span><span data-ccp-props=\"{&quot;201341983&quot;:0,&quot;335559731&quot;:720,&quot;335559740&quot;:240}\">\u00a0<\/span><\/p>\n<p><span data-contrast=\"auto\">No<\/span><span data-contrast=\"auto\"> obstante,<\/span><span data-contrast=\"auto\"> este proceso de comprensi\u00f3n se contrapone<\/span><span data-contrast=\"auto\"> \u2013<\/span><span data-contrast=\"auto\">en diversos contextos y regiones del mundo\u2013<\/span><span data-contrast=\"auto\"> a \u201cuna idea de la libertad bajo una visi\u00f3n individualista que,<\/span><span data-contrast=\"auto\"> a su vez,<\/span><span data-contrast=\"auto\"> proviene de una visi\u00f3n occidental donde ubicas al otro como limitante de la propia liber<\/span><span data-contrast=\"auto\">tad, en donde<\/span><span data-contrast=\"auto\"> el cuidado se ve como carga social y como obst\u00e1culo para la productividad\u201d.<\/span><span data-ccp-props=\"{&quot;201341983&quot;:0,&quot;335559740&quot;:240}\">\u00a0<\/span><\/p>\n<p><span data-contrast=\"auto\">Del R\u00edo Lugo enfatiz\u00f3 que los ni\u00f1os y ni\u00f1as han sido blancos pol\u00edticos del modelo de consumo y el mayor problema al cual se enfrentan hoy en d\u00eda \u201ces que no tienen l<\/span><span data-contrast=\"auto\">a capacidad de representarse: se banaliza el discurso infantil y no nos damos cuenta de todo lo que nos est\u00e1n diciendo; es un discurso que se toma a la ligera siempre y entre m\u00e1s serio m\u00e1s se minimiza\u201d.<\/span><span data-ccp-props=\"{&quot;201341983&quot;:0,&quot;335559731&quot;:720,&quot;335559740&quot;:240}\">\u00a0<\/span><\/p>\n<p><span data-contrast=\"auto\">Por estas razones,<\/span><span data-contrast=\"auto\"> la investigadora consider\u00f3 que en e<\/span><span data-contrast=\"auto\">stos momentos \u201chay que silenciarse y dejar hablar a los ni\u00f1os, asumo que es una situaci\u00f3n de arriesgarnos porque parece que con mayor edad uno se vuelve m\u00e1s miedoso y precavido, porque aceptamos ciertas posiciones que nos dan espacio y poder, y al ejercerl<\/span><span data-contrast=\"auto\">o generamos asimetr\u00edas que aparecen cuando decidimos trabajar con las ni\u00f1as y ni\u00f1os\u201d.<\/span><span data-ccp-props=\"{&quot;201341983&quot;:0,&quot;335559731&quot;:720,&quot;335559740&quot;:240}\">\u00a0<\/span><\/p>\n<p>&nbsp;<\/p>\n<div id=\"attachment_92569\" style=\"width: 842px\" class=\"wp-caption aligncenter\"><a href=\"https:\/\/www.uv.mx\/prensa\/files\/2021\/01\/260121-conf-Norma-del-Rio-3.jpg\"><img loading=\"lazy\" decoding=\"async\" aria-describedby=\"caption-attachment-92569\" class=\"size-full wp-image-92569\" src=\"https:\/\/www.uv.mx\/prensa\/files\/2021\/01\/260121-conf-Norma-del-Rio-3.jpg\" alt=\"Las actividades continuar\u00e1n hasta el 27 de enero y pueden seguirse por el canal de Facebook www.facebook.com\/REDinfanciasLA\/\" width=\"832\" height=\"481\" srcset=\"https:\/\/www.uv.mx\/prensa\/files\/2021\/01\/260121-conf-Norma-del-Rio-3.jpg 832w, https:\/\/www.uv.mx\/prensa\/files\/2021\/01\/260121-conf-Norma-del-Rio-3-300x173.jpg 300w, https:\/\/www.uv.mx\/prensa\/files\/2021\/01\/260121-conf-Norma-del-Rio-3-768x444.jpg 768w\" sizes=\"auto, (max-width: 832px) 100vw, 832px\" \/><\/a><p id=\"caption-attachment-92569\" class=\"wp-caption-text\">Las actividades continuar\u00e1n hasta el 27 de enero y pueden seguirse por el canal de Facebook www.facebook.com\/REDinfanciasLA\/<\/p><\/div>\n","protected":false},"excerpt":{"rendered":"<p>Las actividades del Seminario Internacional de Estudios de las Infancias y Juventudes se pueden seguir en www.facebook.com\/REDinfanciasLA\/<\/p>\n","protected":false},"author":1508,"featured_media":0,"comment_status":"closed","ping_status":"closed","sticky":false,"template":"","format":"standard","meta":{"footnotes":""},"categories":[1],"tags":[],"class_list":["post-92566","post","type-post","status-publish","format-standard","hentry","category-general"],"_links":{"self":[{"href":"https:\/\/www.uv.mx\/prensa\/wp-json\/wp\/v2\/posts\/92566","targetHints":{"allow":["GET"]}}],"collection":[{"href":"https:\/\/www.uv.mx\/prensa\/wp-json\/wp\/v2\/posts"}],"about":[{"href":"https:\/\/www.uv.mx\/prensa\/wp-json\/wp\/v2\/types\/post"}],"author":[{"embeddable":true,"href":"https:\/\/www.uv.mx\/prensa\/wp-json\/wp\/v2\/users\/1508"}],"replies":[{"embeddable":true,"href":"https:\/\/www.uv.mx\/prensa\/wp-json\/wp\/v2\/comments?post=92566"}],"version-history":[{"count":1,"href":"https:\/\/www.uv.mx\/prensa\/wp-json\/wp\/v2\/posts\/92566\/revisions"}],"predecessor-version":[{"id":92589,"href":"https:\/\/www.uv.mx\/prensa\/wp-json\/wp\/v2\/posts\/92566\/revisions\/92589"}],"wp:attachment":[{"href":"https:\/\/www.uv.mx\/prensa\/wp-json\/wp\/v2\/media?parent=92566"}],"wp:term":[{"taxonomy":"category","embeddable":true,"href":"https:\/\/www.uv.mx\/prensa\/wp-json\/wp\/v2\/categories?post=92566"},{"taxonomy":"post_tag","embeddable":true,"href":"https:\/\/www.uv.mx\/prensa\/wp-json\/wp\/v2\/tags?post=92566"}],"curies":[{"name":"wp","href":"https:\/\/api.w.org\/{rel}","templated":true}]}}