{"id":92523,"date":"2021-01-26T11:26:06","date_gmt":"2021-01-26T17:26:06","guid":{"rendered":"https:\/\/www.uv.mx\/prensa\/?p=92523"},"modified":"2021-01-26T15:19:16","modified_gmt":"2021-01-26T21:19:16","slug":"academico-uv-gano-reconocimiento-a-la-conservacion-de-la-naturaleza","status":"publish","type":"post","link":"https:\/\/www.uv.mx\/prensa\/banner\/academico-uv-gano-reconocimiento-a-la-conservacion-de-la-naturaleza\/","title":{"rendered":"Acad\u00e9mico UV gan\u00f3 Reconocimiento a la Conservaci\u00f3n de la Naturaleza\u00a0"},"content":{"rendered":"<ul>\n<li data-leveltext=\"\uf0b7\" data-font=\"Symbol\" data-listid=\"5\" data-aria-posinset=\"1\" data-aria-level=\"1\"><i><span data-contrast=\"auto\">H\u00e9ctor Narave, docente de la Facultad de Biolog\u00eda, obtuvo este <\/span><\/i><i><span data-contrast=\"auto\">galard\u00f3n por su trayectoria de m\u00e1s de 25 a\u00f1os de investigaci\u00f3n y gesti\u00f3n comunitaria en el <\/span><\/i><i><span data-contrast=\"auto\">Parque Nacional Cofre de Perote<\/span><\/i><i><span data-contrast=\"auto\">\u00a0<\/span><\/i><span data-ccp-props=\"{}\">\u00a0<\/span><\/li>\n<\/ul>\n<p><span data-ccp-props=\"{&quot;335559685&quot;:720}\">\u00a0<\/span><b><i><\/i><\/b><\/p>\n<div id=\"attachment_92524\" style=\"width: 732px\" class=\"wp-caption aligncenter\"><a href=\"https:\/\/www.uv.mx\/prensa\/files\/2021\/01\/220121-CARLOS-Reconocimiento-Conanp-Hector-Narave-1.jpg\"><img loading=\"lazy\" decoding=\"async\" aria-describedby=\"caption-attachment-92524\" class=\"size-full wp-image-92524\" src=\"https:\/\/www.uv.mx\/prensa\/files\/2021\/01\/220121-CARLOS-Reconocimiento-Conanp-Hector-Narave-1.jpg\" alt=\"\" width=\"722\" height=\"482\" srcset=\"https:\/\/www.uv.mx\/prensa\/files\/2021\/01\/220121-CARLOS-Reconocimiento-Conanp-Hector-Narave-1.jpg 722w, https:\/\/www.uv.mx\/prensa\/files\/2021\/01\/220121-CARLOS-Reconocimiento-Conanp-Hector-Narave-1-300x200.jpg 300w\" sizes=\"auto, (max-width: 722px) 100vw, 722px\" \/><\/a><p id=\"caption-attachment-92524\" class=\"wp-caption-text\">H\u00e9ctor Narave cuenta con 25 a\u00f1os de trayectoria en la UV<\/p><\/div>\n<p><span data-ccp-props=\"{}\">\u00a0<\/span><\/p>\n<p><b><i><span data-contrast=\"auto\">Carlos Hugo Hermida Rosales<\/span><\/i><\/b><span data-ccp-props=\"{}\">\u00a0<\/span><\/p>\n<p><b><i><span data-contrast=\"auto\">2<\/span><\/i><\/b><b><i><span data-contrast=\"auto\">6<\/span><\/i><\/b><b><i><span data-contrast=\"auto\">\/01<\/span><\/i><\/b><b><i><span data-contrast=\"auto\">\/202<\/span><\/i><\/b><b><i><span data-contrast=\"auto\">1<\/span><\/i><\/b><b><i><span data-contrast=\"auto\">,<\/span><\/i><\/b> <b><i><span data-contrast=\"auto\">Xalapa, <\/span><\/i><\/b><b><i><span data-contrast=\"auto\">Ver.<\/span><\/i><\/b><b><i><span data-contrast=\"auto\">&#8211;<\/span><\/i><\/b> <span data-contrast=\"auto\">La Comisi\u00f3n Nacional de \u00c1reas Naturales Protegidas (<\/span><i><span data-contrast=\"auto\">Conanp<\/span><\/i><span data-contrast=\"auto\">) <\/span><span data-contrast=\"auto\">otorg\u00f3 a H\u00e9ctor Venancio <\/span><span data-contrast=\"auto\">Narave<\/span><span data-contrast=\"auto\"> Flores, catedr\u00e1tico e investigador de la<a href=\"https:\/\/www.uv.mx\/biologia\/\" target=\"_blank\" rel=\"noopener\"> Facultad de Biolog\u00eda<\/a> de la Universidad Veracruzana (UV), el Reconocimiento a la Conservaci\u00f3n de la Naturaleza 2020<\/span><span data-contrast=\"auto\">,<\/span><span data-contrast=\"auto\"> en la categor\u00eda <\/span><span data-contrast=\"auto\">\u201cA<\/span><span data-contrast=\"auto\">cademia y\/o investigaci\u00f3n<\/span><span data-contrast=\"auto\">\u201d.<\/span><span data-ccp-props=\"{}\">\u00a0<\/span><\/p>\n<p><span data-contrast=\"auto\">Este galard\u00f3n le fue otorgado por su trayectoria de <\/span><span data-contrast=\"auto\">m\u00e1s<\/span><span data-contrast=\"auto\"> de 25 a\u00f1os en el Parque Nacional Cofre de Perote, en la que ha realizado diversos proyectos <\/span><span data-contrast=\"auto\">cient\u00edficos<\/span><span data-contrast=\"auto\">, actividades socioambientales de fortalecimiento de capacidades, labores de vinculaci\u00f3n con instituciones de investigaci\u00f3n y de di<\/span><span data-contrast=\"auto\">stintos<\/span><span data-contrast=\"auto\"> niveles gubernamentales, y gesti\u00f3n y<\/span><span data-contrast=\"auto\"> formaci\u00f3n de recursos humanos.<\/span><span data-ccp-props=\"{&quot;335559731&quot;:708}\">\u00a0<\/span><\/p>\n<p><span data-contrast=\"auto\">H\u00e9ctor Narave explic\u00f3 que esta distinci\u00f3n reconoce el esfuerzo de los miembros de la sociedad para preservar y restaurar el equilibrio ecol\u00f3gico <\/span><span data-contrast=\"auto\">y proteger la biodiversidad de \u00c1<\/span><span data-contrast=\"auto\">reas <\/span><span data-contrast=\"auto\">N<\/span><span data-contrast=\"auto\">aturales <\/span><span data-contrast=\"auto\">P<\/span><span data-contrast=\"auto\">rotegidas<\/span><span data-contrast=\"auto\"> (ANP)<\/span><span data-contrast=\"auto\">.<\/span><span data-ccp-props=\"{&quot;335559731&quot;:708}\">\u00a0<\/span><\/p>\n<p><span data-contrast=\"auto\">El catedr\u00e1tico agradeci\u00f3 a la UV y a la Facultad de Biolog\u00eda por permitirl<\/span><span data-contrast=\"auto\">e<\/span><span data-contrast=\"auto\"> realizar un trabajo satisfactorio, que le permite desempe\u00f1arse en actividades que le llenan profesionalmente.<\/span><span data-ccp-props=\"{&quot;335559731&quot;:708}\">\u00a0<\/span><\/p>\n<p><span data-contrast=\"auto\">\u201cMe siento muy orgulloso de formar parte<\/span><span data-contrast=\"auto\"> de la plantilla docente de la U<\/span><span data-contrast=\"auto\">niversidad\u201d, manifest\u00f3.<\/span><span data-ccp-props=\"{&quot;335559731&quot;:708}\">\u00a0<\/span><\/p>\n<p><span data-contrast=\"auto\">Comparti\u00f3 que e<\/span><span data-contrast=\"auto\">l jurado <\/span><span data-contrast=\"auto\">estuvo compuesto por <\/span><span data-contrast=\"auto\">Ignacio March Mifsut, <\/span><span data-contrast=\"auto\">d<\/span><span data-contrast=\"auto\">irector de Evaluaci\u00f3n y Seguimiento de la <\/span><i><span data-contrast=\"auto\">Conanp<\/span><\/i><span data-contrast=\"auto\">; Julio C\u00e9sar Bueno Talamantes, <\/span><span data-contrast=\"auto\">t<\/span><span data-contrast=\"auto\">itular de la Unidad de Educaci\u00f3n y Desarrollo Tecnol\u00f3gico de la Comisi\u00f3n Nacional Forestal<\/span><span data-contrast=\"auto\">,<\/span><span data-contrast=\"auto\"> y Silvia Su\u00e1rez Ramos, <\/span><span data-contrast=\"auto\">g<\/span><span data-contrast=\"auto\">erente de Innovaci\u00f3n y Fortalecimiento Institucional de la Comisi\u00f3n Nacional del Agua.\u00a0<\/span><span data-ccp-props=\"{&quot;335559731&quot;:708}\">\u00a0<\/span><\/p>\n<p><span data-contrast=\"auto\">Adem\u00e1s de Silvia Rodr\u00edguez Rosas, <\/span><span data-contrast=\"auto\">s<\/span><span data-contrast=\"auto\">ubprocuradora <\/span><span data-contrast=\"auto\">j<\/span><span data-contrast=\"auto\">ur\u00eddica de la Procuradur\u00eda Federal de Protecci\u00f3n al Ambiente; Amparo Mart\u00ednez Arroyo, <\/span><span data-contrast=\"auto\">d<\/span><span data-contrast=\"auto\">irectora <\/span><span data-contrast=\"auto\">g<\/span><span data-contrast=\"auto\">eneral del Instituto Nacional<\/span><span data-contrast=\"auto\"> de Ecolog\u00eda y Cambio Clim\u00e1tico,<\/span><span data-contrast=\"auto\"> y Mar\u00eda Esther Quintero Rivera, <\/span><span data-contrast=\"auto\">s<\/span><span data-contrast=\"auto\">ubcoordinadora de Especies Prioritarias de la Comisi\u00f3n Nacional para el Conocimiento y Uso de la Biodiversidad, entre otros funcionarios.<\/span><span data-ccp-props=\"{&quot;335559731&quot;:708}\">\u00a0<\/span><\/p>\n<p><span data-contrast=\"auto\">H\u00e9ctor Narave es b<\/span><span data-contrast=\"auto\">i\u00f3log<\/span><span data-contrast=\"auto\">o por la UV; m<\/span><span data-contrast=\"auto\">aestro en Pol\u00edtica, Gesti\u00f3n y Derecho Ambient<\/span><span data-contrast=\"auto\">ales por la Universidad An\u00e1huac;<\/span><span data-contrast=\"auto\"> y <\/span><span data-contrast=\"auto\">d<\/span><span data-contrast=\"auto\">octor en Desarrollo Regional Sustenta<\/span><span data-contrast=\"auto\">ble por E<\/span><span data-contrast=\"auto\">l Colegio de Veracruz.<\/span><span data-ccp-props=\"{&quot;335559731&quot;:708}\">\u00a0<\/span><\/p>\n<p><span data-contrast=\"auto\">Fue <\/span><span data-contrast=\"auto\">S<\/span><span data-contrast=\"auto\">ecretario <\/span><span data-contrast=\"auto\">A<\/span><span data-contrast=\"auto\">cad\u00e9mico y <\/span><span data-contrast=\"auto\">D<\/span><span data-contrast=\"auto\">irector de la Facultad de Biolog\u00eda de la regi\u00f3n Xalapa de la UV, y fundador de la Maestr\u00eda en <\/span><span data-contrast=\"auto\">Gesti\u00f3n Ambiental para la Sustentabilidad, en la que actualmente se desempe\u00f1a como catedr\u00e1tico.\u00a0<\/span><span data-ccp-props=\"{&quot;335559731&quot;:708}\">\u00a0<\/span><\/p>\n<p><span data-contrast=\"auto\">Entre sus primeras investigaciones para contribuir a la conservaci\u00f3n del <\/span><span data-contrast=\"auto\">Parque Nacional Cofre de Perote<\/span><span data-contrast=\"auto\"> destacan una descripci\u00f3n de su <\/span><span data-contrast=\"auto\">vegetaci\u00f3n<\/span> <span data-contrast=\"auto\">realizada en 1985, y la publicaci\u00f3n en 1997 del fasc\u00edculo <\/span><i><span data-contrast=\"auto\">Pinaceae<\/span><\/i><span data-contrast=\"auto\"> en la revista <\/span><i><span data-contrast=\"auto\">Flora de Veracruz<\/span><\/i><span data-contrast=\"auto\">.<\/span><span data-ccp-props=\"{&quot;335559731&quot;:708}\">\u00a0<\/span><\/p>\n<p><span data-contrast=\"auto\">En 1992 coordin\u00f3 acti<\/span><span data-contrast=\"auto\">vidades de reforestaci\u00f3n en el v<\/span><span data-contrast=\"auto\">alle de Perote, con la siembre de 25 mil ejemplares de <\/span><i><span data-contrast=\"auto\">Pinus montezumae<\/span><\/i><span data-contrast=\"auto\">, con los que se cubri\u00f3 una superficie aproximada de 30 hect\u00e1reas.\u00a0<\/span><span data-ccp-props=\"{&quot;335559731&quot;:708}\">\u00a0<\/span><\/p>\n<p><span data-contrast=\"auto\">En 2012 dirigi\u00f3 la elaboraci\u00f3n del Programa de Manejo del Parque Nacional Cofre de Perote o Nauhcampatepetl, instrumento rector-normativo y de gesti\u00f3n para todas las actividades que se realizan en el territorio; <\/span><span data-contrast=\"auto\">en 2013 colabor\u00f3 en el proyecto <\/span><span data-contrast=\"auto\">\u201cEducaci\u00f3n y comunicaci\u00f3n ambiental en localidades rurales del Parque Nacional Cofre de Perote\u201d,<\/span><span data-contrast=\"auto\"> a trav\u00e9s del cual se <\/span><span data-contrast=\"auto\">realizaron talleres participativos en ocho <\/span><span data-contrast=\"auto\">comunidades<\/span><span data-contrast=\"auto\"> ubicadas dentro o cerca <\/span><span data-contrast=\"auto\">de<\/span><span data-contrast=\"auto\"> este sitio<\/span><span data-contrast=\"auto\">.<\/span><span data-ccp-props=\"{&quot;335559731&quot;:708}\">\u00a0<\/span><\/p>\n<p><span data-contrast=\"auto\">Adem\u00e1s, ha dirigido <\/span><span data-contrast=\"auto\">m\u00e1s<\/span><span data-contrast=\"auto\"> de 10 tesis de licenciatura que abordan aspectos sociales y ambientales del Parque Nacional Cofre de Perote, y ha difundido informaci\u00f3n sobre la importancia de esta <\/span><span data-contrast=\"auto\">ANP<\/span><span data-contrast=\"auto\"> a trav\u00e9s de diversos medios de comunicaci\u00f3n.\u00a0<\/span><span data-ccp-props=\"{&quot;335559731&quot;:708}\">\u00a0<\/span><\/p>\n<p><span data-ccp-props=\"{}\">\u00a0<\/span><\/p>\n<div id=\"attachment_92525\" style=\"width: 732px\" class=\"wp-caption aligncenter\"><a href=\"https:\/\/www.uv.mx\/prensa\/files\/2021\/01\/220121-CARLOS-Reconocimiento-Conanp-Hector-Narave-2.jpg\"><img loading=\"lazy\" decoding=\"async\" aria-describedby=\"caption-attachment-92525\" class=\"size-full wp-image-92525\" src=\"https:\/\/www.uv.mx\/prensa\/files\/2021\/01\/220121-CARLOS-Reconocimiento-Conanp-Hector-Narave-2.jpg\" alt=\"\" width=\"722\" height=\"398\" srcset=\"https:\/\/www.uv.mx\/prensa\/files\/2021\/01\/220121-CARLOS-Reconocimiento-Conanp-Hector-Narave-2.jpg 722w, https:\/\/www.uv.mx\/prensa\/files\/2021\/01\/220121-CARLOS-Reconocimiento-Conanp-Hector-Narave-2-300x165.jpg 300w\" sizes=\"auto, (max-width: 722px) 100vw, 722px\" \/><\/a><p id=\"caption-attachment-92525\" class=\"wp-caption-text\">El investigador laureado en compa\u00f1\u00eda de habitantes de la localidad Los Laureles, en el Cofre de Perote<\/p><\/div>\n","protected":false},"excerpt":{"rendered":"<p>H\u00e9ctor Narave es bi\u00f3logo por la UV; maestro en Pol\u00edtica, Gesti\u00f3n y Derecho Ambientales por la Universidad An\u00e1huac; y doctor en Desarrollo Regional Sustentable por El Colegio de Veracruz\u00a0<\/p>\n","protected":false},"author":1869,"featured_media":92526,"comment_status":"closed","ping_status":"closed","sticky":false,"template":"","format":"standard","meta":{"footnotes":""},"categories":[61],"tags":[],"class_list":["post-92523","post","type-post","status-publish","format-standard","has-post-thumbnail","hentry","category-banner"],"_links":{"self":[{"href":"https:\/\/www.uv.mx\/prensa\/wp-json\/wp\/v2\/posts\/92523","targetHints":{"allow":["GET"]}}],"collection":[{"href":"https:\/\/www.uv.mx\/prensa\/wp-json\/wp\/v2\/posts"}],"about":[{"href":"https:\/\/www.uv.mx\/prensa\/wp-json\/wp\/v2\/types\/post"}],"author":[{"embeddable":true,"href":"https:\/\/www.uv.mx\/prensa\/wp-json\/wp\/v2\/users\/1869"}],"replies":[{"embeddable":true,"href":"https:\/\/www.uv.mx\/prensa\/wp-json\/wp\/v2\/comments?post=92523"}],"version-history":[{"count":1,"href":"https:\/\/www.uv.mx\/prensa\/wp-json\/wp\/v2\/posts\/92523\/revisions"}],"predecessor-version":[{"id":92537,"href":"https:\/\/www.uv.mx\/prensa\/wp-json\/wp\/v2\/posts\/92523\/revisions\/92537"}],"wp:featuredmedia":[{"embeddable":true,"href":"https:\/\/www.uv.mx\/prensa\/wp-json\/wp\/v2\/media\/92526"}],"wp:attachment":[{"href":"https:\/\/www.uv.mx\/prensa\/wp-json\/wp\/v2\/media?parent=92523"}],"wp:term":[{"taxonomy":"category","embeddable":true,"href":"https:\/\/www.uv.mx\/prensa\/wp-json\/wp\/v2\/categories?post=92523"},{"taxonomy":"post_tag","embeddable":true,"href":"https:\/\/www.uv.mx\/prensa\/wp-json\/wp\/v2\/tags?post=92523"}],"curies":[{"name":"wp","href":"https:\/\/api.w.org\/{rel}","templated":true}]}}