{"id":92309,"date":"2021-01-19T09:51:12","date_gmt":"2021-01-19T15:51:12","guid":{"rendered":"https:\/\/www.uv.mx\/prensa\/?p=92309"},"modified":"2021-01-20T10:48:08","modified_gmt":"2021-01-20T16:48:08","slug":"facultad-de-bioanalisis-tiene-nuevo-secretario","status":"publish","type":"post","link":"https:\/\/www.uv.mx\/prensa\/general\/facultad-de-bioanalisis-tiene-nuevo-secretario\/","title":{"rendered":"Facultad de Bioan\u00e1lisis tiene nuevo Secretario"},"content":{"rendered":"<ul>\n<li data-leveltext=\"\uf0b7\" data-font=\"Symbol\" data-listid=\"7\" data-aria-posinset=\"1\" data-aria-level=\"1\"><i><span data-contrast=\"auto\">Sergio Arturo Gonz\u00e1lez Ortiz, con experiencia\u00a0<\/span><\/i><i><span data-contrast=\"auto\">en distintas entidade<\/span><\/i><i><span data-contrast=\"auto\">s universitarias, asumi\u00f3 el cargo<\/span><\/i><span data-ccp-props=\"{&quot;201341983&quot;:0,&quot;335559739&quot;:0,&quot;335559740&quot;:240}\">\u00a0<\/span><\/li>\n<\/ul>\n<p><span data-ccp-props=\"{&quot;201341983&quot;:0,&quot;335559739&quot;:0,&quot;335559740&quot;:240}\">\u00a0<\/span><\/p>\n<div id=\"attachment_92310\" style=\"width: 732px\" class=\"wp-caption aligncenter\"><a href=\"https:\/\/www.uv.mx\/prensa\/files\/2021\/01\/180121-Nuevo-Secretario-en-Bioanalisis-1-100k.jpg\"><img loading=\"lazy\" decoding=\"async\" aria-describedby=\"caption-attachment-92310\" class=\"size-full wp-image-92310\" src=\"https:\/\/www.uv.mx\/prensa\/files\/2021\/01\/180121-Nuevo-Secretario-en-Bioanalisis-1-100k.jpg\" alt=\"Sandra Luz Gonz\u00e1lez Herrera, directora de la Facultad de Bioan\u00e1lisis, entreg\u00f3 a Sergio Arturo Gonz\u00e1lez Ortiz el documento que lo acredita como Secretario de esa entidad universitaria \" width=\"722\" height=\"481\" srcset=\"https:\/\/www.uv.mx\/prensa\/files\/2021\/01\/180121-Nuevo-Secretario-en-Bioanalisis-1-100k.jpg 722w, https:\/\/www.uv.mx\/prensa\/files\/2021\/01\/180121-Nuevo-Secretario-en-Bioanalisis-1-100k-300x200.jpg 300w\" sizes=\"auto, (max-width: 722px) 100vw, 722px\" \/><\/a><p id=\"caption-attachment-92310\" class=\"wp-caption-text\">Sandra Luz Gonz\u00e1lez Herrera, directora de la Facultad de Bioan\u00e1lisis, entreg\u00f3 a Sergio Arturo Gonz\u00e1lez Ortiz el documento que lo acredita como Secretario de esa entidad universitaria<\/p><\/div>\n<p>&nbsp;<\/p>\n<p><b><i><span data-contrast=\"auto\">Jos\u00e9 Luis\u00a0<\/span><\/i><\/b><b><i><span data-contrast=\"auto\">Couttolenc<\/span><\/i><\/b><b><i><span data-contrast=\"auto\">\u00a0Soto<\/span><\/i><\/b><span data-ccp-props=\"{&quot;201341983&quot;:0,&quot;335559739&quot;:0,&quot;335559740&quot;:240}\">\u00a0<\/span><\/p>\n<p><b><i><span data-contrast=\"auto\">1<\/span><\/i><\/b><b><i><span data-contrast=\"auto\">9<\/span><\/i><\/b><b><i><span data-contrast=\"auto\">\/<\/span><\/i><\/b><b><i><span data-contrast=\"auto\">0<\/span><\/i><\/b><b><i><span data-contrast=\"auto\">1<\/span><\/i><\/b><b><i><span data-contrast=\"auto\">\/202<\/span><\/i><\/b><b><i><span data-contrast=\"auto\">1<\/span><\/i><\/b><b><i><span data-contrast=\"auto\">, Xalapa,\u00a0Ver.-<\/span><\/i><\/b><span data-contrast=\"auto\">\u00a0<\/span><span data-contrast=\"auto\">El catedr\u00e1tico Sergio Arturo Gonz\u00e1lez Ortiz,\u00a0<\/span><span data-contrast=\"auto\">quien<\/span><span data-contrast=\"auto\">\u00a0cuenta con m\u00e1s de 35 a\u00f1os de servicio en hospitales p\u00fablicos y con experiencias educativas (EE) en las facultades de Bioan\u00e1lisis, Enfermer\u00eda y Medicina, asumi\u00f3 el\u00a0<\/span><span data-contrast=\"auto\">jueves<\/span><span data-contrast=\"auto\">\u00a014 de enero la Secretar\u00eda de la <a href=\"https:\/\/www.uv.mx\/bioanalisis\/\" target=\"_blank\" rel=\"noopener\">Facultad de Bioan\u00e1lisis<\/a> de la Universidad Veracruzana (UV), en un evento encabezado virtualmente por Pedro Guti\u00e9rrez Aguilar, director general del \u00c1rea Aca<\/span><span data-contrast=\"auto\">d\u00e9mica de Ciencias de la Salud.<\/span><span data-ccp-props=\"{&quot;201341983&quot;:0,&quot;335559739&quot;:0,&quot;335559740&quot;:240}\">\u00a0<\/span><\/p>\n<p><span data-contrast=\"auto\">Al hacer entrega<\/span><span data-contrast=\"auto\">r<\/span><span data-contrast=\"auto\">\u00a0el documento que lo acredita como\u00a0<\/span><span data-contrast=\"auto\">Secretario<\/span><span data-contrast=\"auto\">\u00a0de la Facultad, en sustituci\u00f3n de Mar\u00eda Andrea Galicia Garc\u00eda, la directora Sandra Luz Gonz\u00e1lez Herrera<\/span><span data-contrast=\"auto\">\u00a0invit\u00f3 a Gonz\u00e1lez Ortiz a aportar su mejor esfuerzo en el desarrollo de sus funciones, principalmente a las relacionadas con la organizaci\u00f3n, control y de apoyo t\u00e9cnico a las actividades escolares y acad\u00e9micas, como lo establece la legislaci\u00f3n universitaria.<\/span><\/p>\n<div id=\"attachment_92311\" style=\"width: 435px\" class=\"wp-caption aligncenter\"><a href=\"https:\/\/www.uv.mx\/prensa\/files\/2021\/01\/180121-Nuevo-Secretario-en-Bioanalisis-2-100k.jpg\"><img loading=\"lazy\" decoding=\"async\" aria-describedby=\"caption-attachment-92311\" class=\"size-full wp-image-92311\" src=\"https:\/\/www.uv.mx\/prensa\/files\/2021\/01\/180121-Nuevo-Secretario-en-Bioanalisis-2-100k.jpg\" alt=\"Sergio Arturo Gonz\u00e1lez Ortiz fue designado Secretario de la Facultad de Bioan\u00e1lisis de la UV \" width=\"425\" height=\"481\" srcset=\"https:\/\/www.uv.mx\/prensa\/files\/2021\/01\/180121-Nuevo-Secretario-en-Bioanalisis-2-100k.jpg 425w, https:\/\/www.uv.mx\/prensa\/files\/2021\/01\/180121-Nuevo-Secretario-en-Bioanalisis-2-100k-265x300.jpg 265w\" sizes=\"auto, (max-width: 425px) 100vw, 425px\" \/><\/a><p id=\"caption-attachment-92311\" class=\"wp-caption-text\">Sergio Arturo Gonz\u00e1lez Ortiz fue designado Secretario de la Facultad de Bioan\u00e1lisis de la UV<\/p><\/div>\n<p><span data-contrast=\"auto\">Adem\u00e1s de su experiencia como docente y en hospitales p\u00fablicos, en el resumen curricular de Sergio Arturo Gonz\u00e1lez,\u00a0<\/span><span data-contrast=\"auto\">quien es\u00a0<\/span><span data-contrast=\"auto\">q<\/span><span data-contrast=\"auto\">u\u00edmico cl\u00ednico,<\/span><span data-contrast=\"auto\">\u00a0destaca el ha<\/span><span data-contrast=\"auto\">ber sido director de la propia F<\/span><span data-contrast=\"auto\">acultad de\u00a0<\/span><span data-contrast=\"auto\">Bioan\u00e1lisis<\/span><span data-contrast=\"auto\">,<\/span><span data-contrast=\"auto\">\u00a0cuenta con Maestr\u00eda en Investigaci\u00f3n Cl\u00ednica y estudios de posgrado en M\u00e9todos Estad\u00edsticos y Administra<\/span><span data-contrast=\"auto\">ci\u00f3n de los Servicios de Salud.<\/span><span data-ccp-props=\"{&quot;201341983&quot;:0,&quot;335559739&quot;:0,&quot;335559740&quot;:240}\">\u00a0<\/span><\/p>\n<p><span data-contrast=\"auto\">Ha sido\u00a0<\/span><span data-contrast=\"auto\">presidente del Colegio de Qu\u00edmicos Cl\u00ednicos de Xalapa, A.C.<\/span><span data-contrast=\"auto\">,<\/span><span data-contrast=\"auto\">\u00a0y del Colegio de Qu\u00edmicos Cl\u00ednicos del Estado de Veracruz, A.C., as\u00ed como integrante de la comisi\u00f3n Estatal de Bio\u00e9tica de la Secretar\u00eda de Salud de Veracruz.<\/span><span data-ccp-props=\"{&quot;134233117&quot;:true,&quot;134233118&quot;:true,&quot;201341983&quot;:0,&quot;335559740&quot;:240}\">\u00a0<\/span><\/p>\n","protected":false},"excerpt":{"rendered":"<p>Se trata de Sergio Arturo Gonz\u00e1lez, quien fue director de la entidad acad\u00e9mica y tiene experiencia en hospitales p\u00fablicos y como docente <\/p>\n","protected":false},"author":1775,"featured_media":92311,"comment_status":"closed","ping_status":"closed","sticky":false,"template":"","format":"standard","meta":{"footnotes":""},"categories":[1],"tags":[596,631,726,468,630,709,746],"class_list":["post-92309","post","type-post","status-publish","format-standard","has-post-thumbnail","hentry","category-general","tag-arturo","tag-catedratico","tag-facultad-de-bioanalisis","tag-gonzalez","tag-ortiz","tag-secretaria","tag-sergio"],"_links":{"self":[{"href":"https:\/\/www.uv.mx\/prensa\/wp-json\/wp\/v2\/posts\/92309","targetHints":{"allow":["GET"]}}],"collection":[{"href":"https:\/\/www.uv.mx\/prensa\/wp-json\/wp\/v2\/posts"}],"about":[{"href":"https:\/\/www.uv.mx\/prensa\/wp-json\/wp\/v2\/types\/post"}],"author":[{"embeddable":true,"href":"https:\/\/www.uv.mx\/prensa\/wp-json\/wp\/v2\/users\/1775"}],"replies":[{"embeddable":true,"href":"https:\/\/www.uv.mx\/prensa\/wp-json\/wp\/v2\/comments?post=92309"}],"version-history":[{"count":1,"href":"https:\/\/www.uv.mx\/prensa\/wp-json\/wp\/v2\/posts\/92309\/revisions"}],"predecessor-version":[{"id":92349,"href":"https:\/\/www.uv.mx\/prensa\/wp-json\/wp\/v2\/posts\/92309\/revisions\/92349"}],"wp:featuredmedia":[{"embeddable":true,"href":"https:\/\/www.uv.mx\/prensa\/wp-json\/wp\/v2\/media\/92311"}],"wp:attachment":[{"href":"https:\/\/www.uv.mx\/prensa\/wp-json\/wp\/v2\/media?parent=92309"}],"wp:term":[{"taxonomy":"category","embeddable":true,"href":"https:\/\/www.uv.mx\/prensa\/wp-json\/wp\/v2\/categories?post=92309"},{"taxonomy":"post_tag","embeddable":true,"href":"https:\/\/www.uv.mx\/prensa\/wp-json\/wp\/v2\/tags?post=92309"}],"curies":[{"name":"wp","href":"https:\/\/api.w.org\/{rel}","templated":true}]}}