{"id":92240,"date":"2021-01-17T08:00:44","date_gmt":"2021-01-17T14:00:44","guid":{"rendered":"https:\/\/www.uv.mx\/prensa\/?p=92240"},"modified":"2021-01-22T11:50:28","modified_gmt":"2021-01-22T17:50:28","slug":"egresada-de-la-fca-obtuvo-premio-a-la-excelencia-egel","status":"publish","type":"post","link":"https:\/\/www.uv.mx\/prensa\/regiones\/egresada-de-la-fca-obtuvo-premio-a-la-excelencia-egel\/","title":{"rendered":"Egresada de la FCA obtuvo Premio a la Excelencia EGEL\u00a0"},"content":{"rendered":"<ul>\n<li data-leveltext=\"\uf0b7\" data-font=\"Symbol\" data-listid=\"1\" data-aria-posinset=\"1\" data-aria-level=\"1\"><i><span data-contrast=\"auto\">Daniela S\u00e1nchez Nolasco tambi\u00e9n fue admitida en la Maestr\u00eda en Negocios y Estudios Econ\u00f3micos de la Universidad de Guadalajara<\/span><\/i><span data-ccp-props=\"{&quot;134233279&quot;:true,&quot;201341983&quot;:0,&quot;335559739&quot;:160,&quot;335559740&quot;:240}\">\u00a0<\/span><\/li>\n<\/ul>\n<p><span data-ccp-props=\"{&quot;201341983&quot;:0,&quot;335559739&quot;:160,&quot;335559740&quot;:240}\">\u00a0<\/span><\/p>\n<div id=\"attachment_92246\" style=\"width: 732px\" class=\"wp-caption aligncenter\"><a href=\"https:\/\/www.uv.mx\/prensa\/files\/2021\/01\/140121-CECILIA-EGEL1.jpg\"><img loading=\"lazy\" decoding=\"async\" aria-describedby=\"caption-attachment-92246\" class=\"size-full wp-image-92246\" src=\"https:\/\/www.uv.mx\/prensa\/files\/2021\/01\/140121-CECILIA-EGEL1.jpg\" alt=\"\" width=\"722\" height=\"542\" srcset=\"https:\/\/www.uv.mx\/prensa\/files\/2021\/01\/140121-CECILIA-EGEL1.jpg 722w, https:\/\/www.uv.mx\/prensa\/files\/2021\/01\/140121-CECILIA-EGEL1-300x225.jpg 300w\" sizes=\"auto, (max-width: 722px) 100vw, 722px\" \/><\/a><p id=\"caption-attachment-92246\" class=\"wp-caption-text\">Daniela S\u00e1nchez Nolasco, egresada de la Licenciatura en Administraci\u00f3n, en compa\u00f1\u00eda del vicerrector Carlos Lamothe Zavaleta y la coordinadora regional del AFBG, Claudia Margarita Mis Linares<\/p><\/div>\n<p><i><\/i><span data-ccp-props=\"{&quot;201341983&quot;:0,&quot;335559739&quot;:160,&quot;335559740&quot;:240}\"><br \/>\n<\/span><\/p>\n<p><span data-ccp-props=\"{&quot;201341983&quot;:0,&quot;335559739&quot;:160,&quot;335559740&quot;:240}\">\u00a0<\/span><\/p>\n<p><b><i><span data-contrast=\"auto\">Cecilia Escribano<\/span><\/i><\/b><b><i><span data-contrast=\"auto\"> Reyes<\/span><\/i><\/b><span data-ccp-props=\"{&quot;201341983&quot;:0,&quot;335559739&quot;:160,&quot;335559740&quot;:240}\">\u00a0<\/span><\/p>\n<p><b><i><span data-contrast=\"auto\">1<\/span><\/i><\/b><b><i><span data-contrast=\"auto\">7<\/span><\/i><\/b><b><i><span data-contrast=\"auto\">\/01\/2021, Coatzacoalcos, Ver.- <\/span><\/i><\/b><span data-contrast=\"auto\">Daniela S\u00e1nchez Nolasco, egresada de la Licenciatura en Administraci\u00f3n de la <a href=\"https:\/\/www.uv.mx\/coatza\/admon\/\" target=\"_blank\" rel=\"noopener\">Facultad de Contadur\u00eda y Administraci\u00f3n<\/a> (FCA) de la Universidad Veracruzana<\/span><span data-contrast=\"auto\"> (UV)<\/span><span data-contrast=\"auto\">, obtuvo <\/span><span data-contrast=\"auto\">el P<\/span><span data-contrast=\"auto\">remio a la <\/span><span data-contrast=\"auto\">E<\/span><span data-contrast=\"auto\">xcelencia en el Examen General para el Egreso de Licenciatura (EGEL)<\/span> <span data-contrast=\"auto\">del Centro Nacional de Evaluaci\u00f3n para la Educaci\u00f3n Superior (<\/span><i><span data-contrast=\"auto\">Ceneval<\/span><\/i><span data-contrast=\"auto\">)<\/span><span data-contrast=\"auto\">.<\/span><span data-ccp-props=\"{&quot;201341983&quot;:0,&quot;335559739&quot;:160,&quot;335559740&quot;:240}\">\u00a0<\/span><\/p>\n<p><span data-contrast=\"auto\">La universitaria realiz\u00f3 el EGEL en noviembre de 2019, mientras cursaba el <\/span><span data-contrast=\"auto\">\u00faltimo<\/span><span data-contrast=\"auto\"> semestre de la licenciatura y al respecto<\/span><span data-contrast=\"auto\"> expres\u00f3<\/span><span data-contrast=\"auto\">:<\/span><span data-contrast=\"auto\"> \u201c<\/span><span data-contrast=\"auto\">C<\/span><span data-contrast=\"auto\">reo que nadie se espera un resultado tan positivo ya que es un examen pesado, largo<\/span><span data-contrast=\"auto\"> y <\/span><span data-contrast=\"auto\">complicado<\/span><span data-contrast=\"auto\">,<\/span> <span data-contrast=\"auto\">p<\/span><span data-contrast=\"auto\">ue<\/span><span data-contrast=\"auto\">s<\/span><span data-contrast=\"auto\"> compila <\/span><span data-contrast=\"auto\">los conocimientos de toda<\/span><span data-contrast=\"auto\"> la licenciatura\u201d<\/span><span data-contrast=\"auto\">.<\/span><span data-ccp-props=\"{&quot;201341983&quot;:0,&quot;335559731&quot;:708,&quot;335559739&quot;:160,&quot;335559740&quot;:240}\">\u00a0<\/span><\/p>\n<p><span data-contrast=\"auto\">F<\/span><span data-contrast=\"auto\">ue en enero de 2020 cuando obtuvo el testimonio de desempe\u00f1o sobresaliente<\/span><span data-contrast=\"auto\">,<\/span><span data-contrast=\"auto\"> lo cual le representa una gran alegr<\/span><span data-contrast=\"auto\">\u00eda y orgullo de ser egresada de<\/span><span data-contrast=\"auto\"> FCA con este resultado.<\/span><span data-ccp-props=\"{&quot;201341983&quot;:0,&quot;335559731&quot;:708,&quot;335559739&quot;:160,&quot;335559740&quot;:240}\">\u00a0<\/span><\/p>\n<p><span data-contrast=\"auto\">La joven i<\/span><span data-contrast=\"auto\">nvit\u00f3 a sus compa\u00f1eros a que se animen a participar en estas eval<\/span><span data-contrast=\"auto\">uaciones, \u201ccuando <\/span><span data-contrast=\"auto\">present\u00e9 el examen <\/span><span data-contrast=\"auto\">de admisi\u00f3n<\/span> <span data-contrast=\"auto\">obtuve el tercer lugar<\/span><span data-contrast=\"auto\">, adem\u00e1s he<\/span><span data-contrast=\"auto\"> ganado diferentes concur<\/span><span data-contrast=\"auto\">sos\u201d, detall\u00f3 <\/span><span data-contrast=\"auto\">y agreg\u00f3 <\/span><span data-contrast=\"auto\">que fue ganadora<\/span><span data-contrast=\"auto\"> del concurso de carteles de la FCA<\/span><span data-contrast=\"auto\">,<\/span><span data-contrast=\"auto\"> lo cual le otorg\u00f3 como premio un congreso a Mazatl\u00e1n<\/span><span data-contrast=\"auto\">; adem\u00e1s<\/span><span data-contrast=\"auto\">, se ha certificado y preparado en el idioma ingl\u00e9s<\/span><span data-contrast=\"auto\">.<\/span><span data-ccp-props=\"{&quot;201341983&quot;:0,&quot;335559731&quot;:708,&quot;335559739&quot;:160,&quot;335559740&quot;:240}\">\u00a0<\/span><\/p>\n<p><span data-contrast=\"auto\">\u201c<\/span><span data-contrast=\"auto\">T<\/span><span data-contrast=\"auto\">odo esto son beneficios y oportunidades que da la UV, tenemos diferentes opciones para<\/span><span data-contrast=\"auto\"> fortalecer nuestra formaci\u00f3n, <\/span><span data-contrast=\"auto\">debemos aprovecharlas, no ten<\/span><span data-contrast=\"auto\">er <\/span><span data-contrast=\"auto\">miedo ni duda para prepararnos, porque todo es en beneficio de <\/span><span data-contrast=\"auto\">los universitarios.\u201d<\/span><span data-ccp-props=\"{&quot;201341983&quot;:0,&quot;335559731&quot;:708,&quot;335559739&quot;:160,&quot;335559740&quot;:240}\">\u00a0<\/span><\/p>\n<p><span data-contrast=\"auto\">En cuanto a la calidad educativa, expres\u00f3 que en ocasiones se piensa que las universidades p\u00fablicas no<\/span><span data-contrast=\"auto\"> la <\/span><span data-contrast=\"auto\">tienen<\/span><span data-contrast=\"auto\">;<\/span><span data-contrast=\"auto\"> sin embargo, en la UV los docentes, administrativos, autoridades universitarias y las coordinaciones est\u00e1n integradas por personal altamente capacitado y que fortalece la formaci\u00f3n de los estudiantes para obtener una posici\u00f3n y satisfacci\u00f3n laborales.<\/span><span data-ccp-props=\"{&quot;201341983&quot;:0,&quot;335559731&quot;:708,&quot;335559739&quot;:160,&quot;335559740&quot;:240}\">\u00a0<\/span><\/p>\n<p><span data-ccp-props=\"{&quot;201341983&quot;:0,&quot;335559739&quot;:160,&quot;335559740&quot;:240}\">\u00a0<\/span><\/p>\n<p><b><span data-contrast=\"auto\">Posgrado e<\/span><\/b><b><span data-contrast=\"auto\">n la Universidad de Guadalajara<\/span><\/b><span data-ccp-props=\"{&quot;201341983&quot;:0,&quot;335559739&quot;:160,&quot;335559740&quot;:240}\">\u00a0<\/span><\/p>\n<p><span data-contrast=\"auto\">D<\/span><span data-contrast=\"auto\">urante su formaci\u00f3n acad\u00e9mica<\/span><span data-contrast=\"auto\">,<\/span><span data-contrast=\"auto\"> Daniela S\u00e1nchez Nolasco <\/span><span data-contrast=\"auto\">realiz\u00f3<\/span><span data-contrast=\"auto\"> movilidad en el Centro Universitario de Ciencias Econ\u00f3mico-<\/span><span data-contrast=\"auto\">Administrativas (CUCEA) de la Universidad de Guadalajar<\/span><span data-contrast=\"auto\">a, por dos semestres continuos; adem\u00e1s fue admitida en la Maestr\u00eda en N<\/span><span data-contrast=\"auto\">egocios y <\/span><span data-contrast=\"auto\">Estudios E<\/span><span data-contrast=\"auto\">con\u00f3micos <\/span><span data-contrast=\"auto\">y<\/span><span data-contrast=\"auto\"> descubri\u00f3 la gama de posgrados de calidad del padr\u00f3n del Consejo Nacional de Ciencia y Tecnolog\u00eda (<\/span><i><span data-contrast=\"auto\">Conacyt<\/span><\/i><span data-contrast=\"auto\">) que da<\/span><span data-contrast=\"auto\">n<\/span><span data-contrast=\"auto\"> la oportunidad de obtener becas<\/span><span data-contrast=\"auto\">.<\/span><span data-ccp-props=\"{&quot;201341983&quot;:0,&quot;335559739&quot;:160,&quot;335559740&quot;:240}\">\u00a0<\/span><\/p>\n<p><span data-contrast=\"auto\">\u201c<\/span><span data-contrast=\"auto\">E<\/span><span data-contrast=\"auto\">n el caso del programa educativo donde fui admitida es un posgrado consolidado, lo cual representa que todo aquel que es aceptado tiene acceso a las becas.<\/span><span data-contrast=\"auto\">\u201d<\/span><span data-ccp-props=\"{&quot;201341983&quot;:0,&quot;335559731&quot;:708,&quot;335559739&quot;:160,&quot;335559740&quot;:240}\">\u00a0<\/span><\/p>\n<p><span data-contrast=\"auto\">Respecto a<\/span><span data-contrast=\"auto\"> la admisi\u00f3n, <\/span><span data-contrast=\"auto\">dijo<\/span><span data-contrast=\"auto\"> que <\/span><span data-contrast=\"auto\">el<\/span><span data-contrast=\"auto\"> proceso requiere presentar ex\u00e1menes de conocimientos, <\/span><span data-contrast=\"auto\">adem\u00e1s <\/span><span data-contrast=\"auto\">del Examen Nacional de Ingreso al Posgrado (EXANI-III) del <\/span><i><span data-contrast=\"auto\">Ceneval<\/span><\/i><span data-contrast=\"auto\">, ex\u00e1menes complementar<\/span><span data-contrast=\"auto\">ios de matem\u00e1ticas, estad\u00edstica<\/span><span data-contrast=\"auto\"> y microeconom\u00eda, presentarse a una entrevista, someterse a la evaluaci\u00f3n del curr\u00edculum<\/span><span data-contrast=\"auto\">;<\/span> <span data-contrast=\"auto\">\u201c<\/span><span data-contrast=\"auto\">present\u00e9 mis cursos, certificaciones, comprobante del dominio del idioma ingl\u00e9s, experiencia laboral,<\/span><span data-contrast=\"auto\"> premios y reconocimientos, etc\u00e9tera<\/span><span data-contrast=\"auto\">\u201d.<\/span><span data-ccp-props=\"{&quot;201341983&quot;:0,&quot;335559731&quot;:708,&quot;335559739&quot;:160,&quot;335559740&quot;:240}\">\u00a0<\/span><\/p>\n<p><span data-contrast=\"auto\">Es importante se\u00f1alar<\/span><span data-contrast=\"auto\"> que S\u00e1nchez Nolasco realiz\u00f3 sus pr\u00e1cticas profesi<\/span><span data-contrast=\"auto\">onales y servicio social en la C<\/span><span data-contrast=\"auto\">oordinaci\u00f3n <\/span><span data-contrast=\"auto\">R<\/span><span data-contrast=\"auto\">egional del \u00c1rea de Formaci\u00f3n B\u00e1sica General (AFBG) de la U<\/span><span data-contrast=\"auto\">V<\/span><span data-contrast=\"auto\">, lo cual le permiti\u00f3 ser contratada como asistente <\/span><span data-contrast=\"auto\">ah\u00ed mismo<\/span><span data-contrast=\"auto\"> y obtener experiencia laboral.<\/span><span data-ccp-props=\"{&quot;201341983&quot;:0,&quot;335559731&quot;:708,&quot;335559739&quot;:160,&quot;335559740&quot;:240}\">\u00a0<\/span><\/p>\n<p><span data-contrast=\"auto\">Sobre las expectativas del posgrado<\/span><span data-contrast=\"auto\">,<\/span><span data-contrast=\"auto\"> la egresada se\u00f1al\u00f3<\/span><span data-contrast=\"auto\">:<\/span><span data-contrast=\"auto\"> \u201c<\/span><span data-contrast=\"auto\">L<\/span><span data-contrast=\"auto\">a <\/span><span data-contrast=\"auto\">Licenciatura <\/span><span data-contrast=\"auto\">e<\/span><span data-contrast=\"auto\">n<\/span> <span data-contrast=\"auto\">A<\/span><span data-contrast=\"auto\">dministraci\u00f3n es te\u00f3rica<\/span><span data-contrast=\"auto\"> y<\/span><span data-contrast=\"auto\"> subjetiva<\/span><span data-contrast=\"auto\">;<\/span><span data-contrast=\"auto\"> sin embargo<\/span><span data-contrast=\"auto\">,<\/span><span data-contrast=\"auto\"> siempre me encant\u00f3 lo exacto de la econom\u00eda y este posgrado combina la gesti\u00f3n administrativa, la administraci\u00f3n como ciencia y los estudios econ\u00f3micos, los an\u00e1li<\/span><span data-contrast=\"auto\">sis microecon\u00f3micos con m\u00e9todos<\/span><span data-contrast=\"auto\"> cuantitativos, te\u00f3rico y gesti\u00f3n<\/span><span data-contrast=\"auto\">;<\/span><span data-contrast=\"auto\"> es un programa donde espero conocer grandes investigadores<\/span><span data-contrast=\"auto\"> y<\/span><span data-contrast=\"auto\"> docentes, pero sobre todo alumnos y egresados que aporten soluciones a problem\u00e1ticas econ\u00f3micas que estamos enfrenta<\/span><span data-contrast=\"auto\">n<\/span><span data-contrast=\"auto\">do en el pa\u00eds\u201d.<\/span><span data-ccp-props=\"{&quot;201341983&quot;:0,&quot;335559739&quot;:160,&quot;335559740&quot;:240}\">\u00a0<\/span><\/p>\n","protected":false},"excerpt":{"rendered":"<p>Daniela S\u00e1nchez Nolasco, de la regi\u00f3n Coatzacoalcos-Minatitl\u00e1n, tambi\u00e9n fue admitida en la Maestr\u00eda en Negocios y Estudios Econ\u00f3micos de la Universidad de Guadalajara\u00a0<\/p>\n","protected":false},"author":1869,"featured_media":92253,"comment_status":"closed","ping_status":"closed","sticky":false,"template":"","format":"standard","meta":{"footnotes":""},"categories":[52,61,32],"tags":[],"class_list":["post-92240","post","type-post","status-publish","format-standard","has-post-thumbnail","hentry","category-coatzacoalcos","category-banner","category-regiones"],"_links":{"self":[{"href":"https:\/\/www.uv.mx\/prensa\/wp-json\/wp\/v2\/posts\/92240","targetHints":{"allow":["GET"]}}],"collection":[{"href":"https:\/\/www.uv.mx\/prensa\/wp-json\/wp\/v2\/posts"}],"about":[{"href":"https:\/\/www.uv.mx\/prensa\/wp-json\/wp\/v2\/types\/post"}],"author":[{"embeddable":true,"href":"https:\/\/www.uv.mx\/prensa\/wp-json\/wp\/v2\/users\/1869"}],"replies":[{"embeddable":true,"href":"https:\/\/www.uv.mx\/prensa\/wp-json\/wp\/v2\/comments?post=92240"}],"version-history":[{"count":1,"href":"https:\/\/www.uv.mx\/prensa\/wp-json\/wp\/v2\/posts\/92240\/revisions"}],"predecessor-version":[{"id":92447,"href":"https:\/\/www.uv.mx\/prensa\/wp-json\/wp\/v2\/posts\/92240\/revisions\/92447"}],"wp:featuredmedia":[{"embeddable":true,"href":"https:\/\/www.uv.mx\/prensa\/wp-json\/wp\/v2\/media\/92253"}],"wp:attachment":[{"href":"https:\/\/www.uv.mx\/prensa\/wp-json\/wp\/v2\/media?parent=92240"}],"wp:term":[{"taxonomy":"category","embeddable":true,"href":"https:\/\/www.uv.mx\/prensa\/wp-json\/wp\/v2\/categories?post=92240"},{"taxonomy":"post_tag","embeddable":true,"href":"https:\/\/www.uv.mx\/prensa\/wp-json\/wp\/v2\/tags?post=92240"}],"curies":[{"name":"wp","href":"https:\/\/api.w.org\/{rel}","templated":true}]}}