{"id":92221,"date":"2021-01-15T09:56:54","date_gmt":"2021-01-15T15:56:54","guid":{"rendered":"https:\/\/www.uv.mx\/prensa\/?p=92221"},"modified":"2021-01-22T12:05:33","modified_gmt":"2021-01-22T18:05:33","slug":"iij-presento-virtualmente-el-numero-15-de-su-revista-universos-juridicos","status":"publish","type":"post","link":"https:\/\/www.uv.mx\/prensa\/general\/iij-presento-virtualmente-el-numero-15-de-su-revista-universos-juridicos\/","title":{"rendered":"IIJ present\u00f3 virtualmente el n\u00famero 15 de su revista <em>Universos Jur\u00eddicos<\/em>"},"content":{"rendered":"<ul>\n<li data-leveltext=\"\uf0b7\" data-font=\"Symbol\" data-listid=\"7\" data-aria-posinset=\"1\" data-aria-level=\"1\"><i><span data-contrast=\"auto\">La publicaci\u00f3n<\/span><\/i><i><span data-contrast=\"auto\">,<\/span><\/i><i><span data-contrast=\"auto\">\u00a0c<\/span><\/i><i><span data-contrast=\"auto\">orrespond<\/span><\/i><i><span data-contrast=\"auto\">iente<\/span><\/i><i><span data-contrast=\"auto\">\u00a0al\u00a0<\/span><\/i><i><span data-contrast=\"auto\">periodo\u00a0<\/span><\/i><i><span data-contrast=\"auto\">noviembre 2020-abril 2021<\/span><\/i><i><span data-contrast=\"auto\">,<\/span><\/i><i><span data-contrast=\"auto\">\u00a0<\/span><\/i><i><span data-contrast=\"auto\">se posiciona como una de las revistas de<\/span><\/i><i><span data-contrast=\"auto\">\u00a0<\/span><\/i><i><span data-contrast=\"auto\">investigaci\u00f3n jur\u00eddica m\u00e1s importante<\/span><\/i><i><span data-contrast=\"auto\">s<\/span><\/i><i><span data-contrast=\"auto\">\u00a0de la entidad<\/span><\/i><span data-ccp-props=\"{&quot;201341983&quot;:0,&quot;335559739&quot;:0,&quot;335559740&quot;:240}\">\u00a0<\/span><\/li>\n<\/ul>\n<p><span data-ccp-props=\"{&quot;201341983&quot;:0,&quot;335559739&quot;:0,&quot;335559740&quot;:240}\">\u00a0<\/span><\/p>\n<div id=\"attachment_92222\" style=\"width: 383px\" class=\"wp-caption aligncenter\"><a href=\"https:\/\/www.uv.mx\/prensa\/files\/2021\/01\/140121-IIJ-revista-1-100k.jpg\"><img aria-describedby=\"caption-attachment-92222\" decoding=\"async\" loading=\"lazy\" class=\"size-full wp-image-92222\" src=\"https:\/\/www.uv.mx\/prensa\/files\/2021\/01\/140121-IIJ-revista-1-100k.jpg\" alt=\"De manera virtual circula ya el n\u00famero 15 de la revista Universos Jur\u00eddicos del IIJ de la UV \" width=\"373\" height=\"481\" srcset=\"https:\/\/www.uv.mx\/prensa\/files\/2021\/01\/140121-IIJ-revista-1-100k.jpg 373w, https:\/\/www.uv.mx\/prensa\/files\/2021\/01\/140121-IIJ-revista-1-100k-233x300.jpg 233w\" sizes=\"(max-width: 373px) 100vw, 373px\" \/><\/a><p id=\"caption-attachment-92222\" class=\"wp-caption-text\">De manera virtual circula ya el n\u00famero 15 de la revista <em>Universos Jur\u00eddicos<\/em> del IIJ de la UV<\/p><\/div>\n<p>&nbsp;<\/p>\n<p><b><i><span data-contrast=\"auto\">Jos\u00e9 Luis\u00a0<\/span><\/i><\/b><b><i><span data-contrast=\"auto\">Couttolenc<\/span><\/i><\/b><b><i><span data-contrast=\"auto\">\u00a0Soto<\/span><\/i><\/b><span data-ccp-props=\"{&quot;201341983&quot;:0,&quot;335559739&quot;:0,&quot;335559740&quot;:240}\">\u00a0<\/span><\/p>\n<p><b><i><span data-contrast=\"auto\">1<\/span><\/i><\/b><b><i><span data-contrast=\"auto\">5<\/span><\/i><\/b><b><i><span data-contrast=\"auto\">\/<\/span><\/i><\/b><b><i><span data-contrast=\"auto\">0<\/span><\/i><\/b><b><i><span data-contrast=\"auto\">1<\/span><\/i><\/b><b><i><span data-contrast=\"auto\">\/202<\/span><\/i><\/b><b><i><span data-contrast=\"auto\">1<\/span><\/i><\/b><b><i><span data-contrast=\"auto\">, Xalapa,\u00a0<\/span><\/i><\/b><b><i><span data-contrast=\"auto\">Ver.-<\/span><\/i><\/b><span data-contrast=\"auto\">\u00a0Considerada una de las publicaciones de investigaci\u00f3n jur\u00eddica m\u00e1s importante de la entidad, el <a href=\"https:\/\/www.uv.mx\/iij\/\" target=\"_blank\" rel=\"noopener\">Instituto de Investigaciones Jur\u00eddicas<\/a> (IIJ) de la Universidad Veracruzana (UV) present\u00f3 virtual<\/span><span data-contrast=\"auto\">mente<\/span><span data-contrast=\"auto\">\u00a0el n\u00famero 15 de\u00a0<\/span><span data-contrast=\"auto\">la<\/span><span data-contrast=\"auto\">\u00a0revista\u00a0<\/span><i><span data-contrast=\"auto\">Universos Jur\u00eddicos,\u00a0<\/span><\/i><span data-contrast=\"auto\">que con el a<\/span><span data-contrast=\"auto\">poyo de la Direcci\u00f3n Editorial U<\/span><span data-contrast=\"auto\">niversitaria adopta el\u00a0<\/span><i><span data-contrast=\"auto\">software<\/span><\/i><span data-contrast=\"auto\">\u00a0<\/span><span data-contrast=\"auto\">Open\u00a0<\/span><span data-contrast=\"auto\">Journal<\/span><span data-contrast=\"auto\">\u00a0<\/span><span data-contrast=\"auto\">System<\/span><span data-contrast=\"auto\">\u00a0<\/span><span data-contrast=\"auto\">(<\/span><span data-contrast=\"auto\">OJS<\/span><span data-contrast=\"auto\">), capacitando al personal, \u00e1rbitros y autores de la revista para su operaci\u00f3n.<\/span><span data-ccp-props=\"{&quot;201341983&quot;:0,&quot;335559739&quot;:0,&quot;335559740&quot;:240}\">\u00a0<\/span><\/p>\n<p><span data-contrast=\"auto\">Jos\u00e9 Francisco B\u00e1ez Corona, investigador y coordinador de la publicaci\u00f3n, se\u00f1al<\/span><span data-contrast=\"auto\">\u00f3\u00a0<\/span><span data-contrast=\"auto\">que la revista es una publicaci\u00f3n semestral de investigaci\u00f3n jur\u00eddica multidisciplinar, cuyo objetivo es la difusi\u00f3n de estudios, ensayos, investigaciones y otros textos acad\u00e9micos originales que sean de utilidad para el desarrollo de la comunidad jur\u00eddica y cient\u00edfica en general, cuidando en todo momento que\u00a0<\/span><span data-contrast=\"auto\">se<\/span><span data-contrast=\"auto\">\u00a0cumpla con los requisitos te\u00f3ricos y metodol\u00f3gicos.<\/span><span data-ccp-props=\"{&quot;201341983&quot;:0,&quot;335559739&quot;:0,&quot;335559740&quot;:240}\">\u00a0<\/span><\/p>\n<p><span data-contrast=\"auto\">Refiri\u00f3 que\u00a0<\/span><i><span data-contrast=\"auto\">Universos Jur\u00eddicos\u00a0<\/span><\/i><span data-contrast=\"auto\">obtuvo en 2020 dos indexaciones internacionales (Espa\u00f1a y Argentina) con la participaci\u00f3n de trabajos acad\u00e9micos provenientes de instituciones de educaci\u00f3n superior como la Universidad Aut\u00f3noma del Estado de M<\/span><span data-contrast=\"auto\">orelos<\/span><span data-contrast=\"auto\">, Universidad Aut\u00f3noma de Chiapas (UNACH), Universidad Aut\u00f3noma del Carmen, Campeche<\/span><span data-contrast=\"auto\">,<\/span><span data-contrast=\"auto\">\u00a0Universidad Aut\u00f3noma de San Luis Potos\u00ed, as\u00ed como de la Universidad Veracruzana.<\/span><\/p>\n<div id=\"attachment_92223\" style=\"width: 732px\" class=\"wp-caption aligncenter\"><a href=\"https:\/\/www.uv.mx\/prensa\/files\/2021\/01\/140121-IIJ-revista-2-100k.jpg\"><img aria-describedby=\"caption-attachment-92223\" decoding=\"async\" loading=\"lazy\" class=\"size-full wp-image-92223\" src=\"https:\/\/www.uv.mx\/prensa\/files\/2021\/01\/140121-IIJ-revista-2-100k.jpg\" alt=\"Jos\u00e9 Francisco B\u00e1ez Corona moder\u00f3 la presentaci\u00f3n virtual del n\u00famero 15 de la revista Universos Jur\u00eddicos, que publica el IIJ \" width=\"722\" height=\"362\" srcset=\"https:\/\/www.uv.mx\/prensa\/files\/2021\/01\/140121-IIJ-revista-2-100k.jpg 722w, https:\/\/www.uv.mx\/prensa\/files\/2021\/01\/140121-IIJ-revista-2-100k-300x150.jpg 300w\" sizes=\"(max-width: 722px) 100vw, 722px\" \/><\/a><p id=\"caption-attachment-92223\" class=\"wp-caption-text\">Jos\u00e9 Francisco B\u00e1ez Corona moder\u00f3 la presentaci\u00f3n virtual del n\u00famero 15 de la revista <em>Universos Jur\u00eddicos<\/em>, que publica el IIJ<\/p><\/div>\n<p><span data-contrast=\"auto\">\u00a0<\/span><span data-contrast=\"auto\">Indic\u00f3\u00a0que\u00a0en fecha reciente<\/span><span data-contrast=\"auto\">,<\/span><span data-contrast=\"auto\">\u00a0<\/span><span data-contrast=\"auto\">en<\/span><span data-contrast=\"auto\">\u00a0una sesi\u00f3n virtual<\/span><span data-contrast=\"auto\">\u00a0llevada a cabo a trav\u00e9s de la\u00a0<\/span><i><span data-contrast=\"auto\">f<\/span><\/i><i><span data-contrast=\"auto\">an page<\/span><\/i><span data-contrast=\"auto\"> del IIJ, se hizo la presentaci\u00f3n del n\u00famero 15 de la revista, en donde autores de los trabajos disertaron en torno a sus aportaciones, las cuales pueden ser consultadas en\u00a0<\/span><a href=\"https:\/\/universosjuridicos.uv.mx\/index.php\/univerjuridicos\/index\"><span data-contrast=\"none\">https:\/\/universosjuridicos.u<\/span><span data-contrast=\"none\">v<\/span><span data-contrast=\"none\">.mx\/index.php\/univerjuridicos\/index<\/span><\/a><span data-contrast=\"auto\">.<\/span><span data-ccp-props=\"{&quot;201341983&quot;:0,&quot;335559739&quot;:0,&quot;335559740&quot;:240}\">\u00a0<\/span><\/p>\n<p><span data-contrast=\"auto\">Entre los art\u00edculos arbitrados\u00a0<\/span><span data-contrast=\"auto\">se encuentran<\/span><span data-contrast=\"auto\">:<\/span><span data-contrast=\"auto\">\u00a0<\/span><span data-contrast=\"auto\">\u201c<\/span><span data-contrast=\"auto\">Derechos\u00a0<\/span><span data-contrast=\"auto\">h<\/span><span data-contrast=\"auto\">umanos frent<\/span><span data-contrast=\"auto\">e a una emergencia sanitaria: \u00bfh<\/span><span data-contrast=\"auto\">asta d\u00f3nde llega su protecci\u00f3n y garant\u00eda?<\/span><span data-contrast=\"auto\">\u201d<\/span><span data-contrast=\"auto\">, de Ana Lilia Ulloa Cu\u00e9llar y Mar\u00eda del Carmen Aguilar Vergara, ambas de la UV;\u00a0<\/span><span data-contrast=\"auto\">\u201c<\/span><span data-contrast=\"auto\">La cultura en la Constituci\u00f3n Mexicana: un\u00a0<\/span><span data-contrast=\"auto\">an\u00e1lisis a partir del federalismo cultural 1917-2017<\/span><span data-contrast=\"auto\">\u201d<\/span><span data-contrast=\"auto\">, de Herminio S\u00e1nchez de la Barquera y Arroyo, de la\u00a0<\/span><span data-contrast=\"auto\">Universidad\u00a0<\/span><span data-contrast=\"auto\">Popular\u00a0<\/span><span data-contrast=\"auto\">Aut\u00f3noma del Estado de<\/span><span data-contrast=\"auto\">\u00a0Puebla<\/span><span data-contrast=\"auto\">;\u00a0<\/span><span data-contrast=\"auto\">\u201c<\/span><span data-contrast=\"auto\">Aproximaci\u00f3n a la metodolog\u00eda de la investigaci\u00f3n jur\u00eddica<\/span><span data-contrast=\"auto\">\u201d<\/span><span data-contrast=\"auto\">, de Eduardo de Jes\u00fas Castellanos Hern\u00e1ndez<\/span><span data-contrast=\"auto\">, miembro del Sistema Na<\/span><span data-contrast=\"auto\">cional de Investigadores (SNI) N<\/span><span data-contrast=\"auto\">ivel 1;\u00a0<\/span><span data-contrast=\"auto\">\u201c<\/span><span data-contrast=\"auto\">S\u00edntesis de la reforma laboral en M\u00e9xico<\/span><span data-contrast=\"auto\">\u201d<\/span><span data-contrast=\"auto\">, por Josefa Montalvo Romero y Aleida El<\/span><span data-contrast=\"auto\">vira Mart\u00ednez Harlow, de la UV.<\/span><span data-ccp-props=\"{&quot;201341983&quot;:0,&quot;335559731&quot;:708,&quot;335559739&quot;:0,&quot;335559740&quot;:240}\">\u00a0<\/span><\/p>\n<p><span data-contrast=\"auto\">\u201c<\/span><span data-contrast=\"auto\">El derecho a la ciudad con perspectiva de g\u00e9nero<\/span><span data-contrast=\"auto\">\u201d<\/span><span data-contrast=\"auto\">, de Claudia Elena Robles Cardoso, de la Universidad Aut\u00f3noma d<\/span><span data-contrast=\"auto\">el Estado de M\u00e9xico<\/span><span data-contrast=\"auto\">; \u201cR<\/span><span data-contrast=\"auto\">eflexiones anal\u00edticas<\/span><span data-contrast=\"auto\">\u201d,<\/span><span data-contrast=\"auto\">\u00a0de\u00a0<\/span><span data-contrast=\"auto\">Tlexochtli<\/span><span data-contrast=\"auto\">\u00a0Roc\u00edo Rodr\u00edguez Garc\u00eda (UV), Concepci\u00f3n Regalado Rodr\u00edguez (UNACH) y H\u00e9ctor Carre\u00f3n Rojano (UV).<\/span><span data-ccp-props=\"{&quot;201341983&quot;:0,&quot;335559731&quot;:708,&quot;335559739&quot;:0,&quot;335559740&quot;:240}\">\u00a0<\/span><\/p>\n<p><span data-contrast=\"auto\">Por \u00faltimo, B\u00e1ez Corona extendi\u00f3 la invitaci\u00f3n a la comunidad jur\u00eddica y universitaria en general, para que de manera libre y gratuita consulten\u00a0<\/span><span data-contrast=\"auto\">los contenidos de las revistas en el sitio\u00a0<\/span><i><span data-contrast=\"auto\">web<\/span><\/i><span data-contrast=\"auto\">\u00a0<\/span><span data-contrast=\"auto\">citado<\/span><span data-contrast=\"auto\">, y mencion\u00f3 que se encuentra abierta la convocatoria para los interesados que deseen enviar sus contribuciones, en el mismo portal de la revista.<\/span><span data-ccp-props=\"{&quot;201341983&quot;:0,&quot;335559731&quot;:708,&quot;335559739&quot;:0,&quot;335559740&quot;:240}\">\u00a0<\/span><\/p>\n","protected":false},"excerpt":{"rendered":"<p>La publicaci\u00f3n, correspondiente al periodo noviembre 2020-abril 2021, se posiciona como una de las revistas de investigaci\u00f3n jur\u00eddica m\u00e1s importantes de la entidad <\/p>\n","protected":false},"author":1775,"featured_media":92222,"comment_status":"closed","ping_status":"closed","sticky":false,"template":"","format":"standard","meta":[],"categories":[1],"tags":[1253,593,592,1256,1255,1251,1254,1252],"_links":{"self":[{"href":"https:\/\/www.uv.mx\/prensa\/wp-json\/wp\/v2\/posts\/92221"}],"collection":[{"href":"https:\/\/www.uv.mx\/prensa\/wp-json\/wp\/v2\/posts"}],"about":[{"href":"https:\/\/www.uv.mx\/prensa\/wp-json\/wp\/v2\/types\/post"}],"author":[{"embeddable":true,"href":"https:\/\/www.uv.mx\/prensa\/wp-json\/wp\/v2\/users\/1775"}],"replies":[{"embeddable":true,"href":"https:\/\/www.uv.mx\/prensa\/wp-json\/wp\/v2\/comments?post=92221"}],"version-history":[{"count":1,"href":"https:\/\/www.uv.mx\/prensa\/wp-json\/wp\/v2\/posts\/92221\/revisions"}],"predecessor-version":[{"id":92452,"href":"https:\/\/www.uv.mx\/prensa\/wp-json\/wp\/v2\/posts\/92221\/revisions\/92452"}],"wp:featuredmedia":[{"embeddable":true,"href":"https:\/\/www.uv.mx\/prensa\/wp-json\/wp\/v2\/media\/92222"}],"wp:attachment":[{"href":"https:\/\/www.uv.mx\/prensa\/wp-json\/wp\/v2\/media?parent=92221"}],"wp:term":[{"taxonomy":"category","embeddable":true,"href":"https:\/\/www.uv.mx\/prensa\/wp-json\/wp\/v2\/categories?post=92221"},{"taxonomy":"post_tag","embeddable":true,"href":"https:\/\/www.uv.mx\/prensa\/wp-json\/wp\/v2\/tags?post=92221"}],"curies":[{"name":"wp","href":"https:\/\/api.w.org\/{rel}","templated":true}]}}