{"id":92185,"date":"2021-01-14T10:07:02","date_gmt":"2021-01-14T16:07:02","guid":{"rendered":"https:\/\/www.uv.mx\/prensa\/?p=92185"},"modified":"2021-01-14T12:40:44","modified_gmt":"2021-01-14T18:40:44","slug":"estudiantes-uv-colaboran-con-empresa-de-desarrollo-organizacional","status":"publish","type":"post","link":"https:\/\/www.uv.mx\/prensa\/banner\/estudiantes-uv-colaboran-con-empresa-de-desarrollo-organizacional\/","title":{"rendered":"Estudiantes UV colaboran con empresa de desarrollo organizacional"},"content":{"rendered":"<ul>\n<li data-leveltext=\"\uf0b7\" data-font=\"Symbol\" data-listid=\"5\" data-aria-posinset=\"1\" data-aria-level=\"1\"><i><span data-contrast=\"auto\">Entre las tareas de los\u00a0<\/span><\/i><i><span data-contrast=\"auto\">alumnos de la Facultad de Psicolog\u00eda<\/span><\/i><i><span data-contrast=\"auto\">\u00a0se encuentra revisar el contenido de 35 cursos de desarrollo organizacional en ingl\u00e9s y espa\u00f1ol, adem\u00e1s de editar videos con\u00a0<\/span><\/i><span data-contrast=\"auto\">software<\/span><i><span data-contrast=\"auto\">\u00a0de animaci\u00f3n<\/span><\/i><span data-ccp-props=\"{}\">\u00a0<\/span><\/li>\n<\/ul>\n<p><span data-ccp-props=\"{}\">\u00a0<\/span><\/p>\n<div id=\"attachment_92186\" style=\"width: 732px\" class=\"wp-caption aligncenter\"><a href=\"https:\/\/www.uv.mx\/prensa\/files\/2021\/01\/110121-Psicologia-contrato-servicios-profesionales-1-100k.jpg\"><img loading=\"lazy\" decoding=\"async\" aria-describedby=\"caption-attachment-92186\" class=\"size-full wp-image-92186\" src=\"https:\/\/www.uv.mx\/prensa\/files\/2021\/01\/110121-Psicologia-contrato-servicios-profesionales-1-100k.jpg\" alt=\"Ricardo Mart\u00ednez Bello \" width=\"722\" height=\"475\" srcset=\"https:\/\/www.uv.mx\/prensa\/files\/2021\/01\/110121-Psicologia-contrato-servicios-profesionales-1-100k.jpg 722w, https:\/\/www.uv.mx\/prensa\/files\/2021\/01\/110121-Psicologia-contrato-servicios-profesionales-1-100k-300x197.jpg 300w\" sizes=\"auto, (max-width: 722px) 100vw, 722px\" \/><\/a><p id=\"caption-attachment-92186\" class=\"wp-caption-text\">Ricardo Mart\u00ednez Bello<\/p><\/div>\n<p>&nbsp;<\/p>\n<p><b><i><span data-contrast=\"auto\">Carlos Hugo Hermida Rosales<\/span><\/i><\/b><span data-ccp-props=\"{}\">\u00a0<\/span><\/p>\n<p><b><i><span data-contrast=\"auto\">1<\/span><\/i><\/b><b><i><span data-contrast=\"auto\">4<\/span><\/i><\/b><b><i><span data-contrast=\"auto\">\/01<\/span><\/i><\/b><b><i><span data-contrast=\"auto\">\/202<\/span><\/i><\/b><b><i><span data-contrast=\"auto\">1<\/span><\/i><\/b><b><i><span data-contrast=\"auto\">,<\/span><\/i><\/b><b><i><span data-contrast=\"auto\">\u00a0<\/span><\/i><\/b><b><i><span data-contrast=\"auto\">Xalapa,\u00a0<\/span><\/i><\/b><b><i><span data-contrast=\"auto\">Ver.<\/span><\/i><\/b><b><i><span data-contrast=\"auto\">&#8211;<\/span><\/i><\/b><b><i><span data-contrast=\"auto\">\u00a0<\/span><\/i><\/b><span data-contrast=\"auto\">Estudiantes de la <a href=\"https:\/\/www.uv.mx\/psicologia\/\" target=\"_blank\" rel=\"noopener\">Facultad de Psicolog\u00eda<\/a> de\u00a0<\/span><span data-contrast=\"auto\">la Universidad Veracruzana (UV)<\/span><span data-contrast=\"auto\">\u00a0colaboran\u00a0<\/span><span data-contrast=\"auto\">profesionalmente desde marzo de<\/span><span data-contrast=\"auto\">\u00a02020 con una consultora de desarrollo organizacional con sede en Florida, Estados Unidos<\/span><span data-contrast=\"auto\">, en la que realizan adecuaciones de dise\u00f1o instit<\/span><span data-contrast=\"auto\">ucional a material electr\u00f3nico.<\/span><span data-ccp-props=\"{}\">\u00a0<\/span><\/p>\n<p><span data-contrast=\"auto\">Rafael Arturo Llaca Reyes, catedr\u00e1tico de\u00a0<\/span><span data-contrast=\"auto\">la entidad acad\u00e9mica,<\/span><span data-contrast=\"auto\">\u00a0fue quien vincul\u00f3 a\u00a0<\/span><span data-contrast=\"auto\">Diana Fernanda Azuara Mu\u00f1oz, Estela Valeria Luna\u00a0<\/span><span data-contrast=\"auto\">Arano<\/span><span data-contrast=\"auto\">,\u00a0<\/span><span data-contrast=\"auto\">Venancio Armando<\/span><span data-contrast=\"auto\">\u00a0<\/span><span data-contrast=\"auto\">Grajales L\u00f3pez, Fernando Paz Dorantes<\/span><span data-contrast=\"auto\">, Iv\u00e1n Hern\u00e1ndez Miranda, Uriel B\u00e1ez S\u00e1nchez y Ricardo Mart\u00ednez Bello<\/span><span data-contrast=\"auto\">\u00a0a participar en este proyecto.<\/span><span data-ccp-props=\"{&quot;335559731&quot;:708}\">\u00a0<\/span><\/p>\n<p><span data-contrast=\"auto\">El\u00a0<\/span><span data-contrast=\"auto\">docente<\/span><span data-contrast=\"auto\">\u00a0explic\u00f3 que entre las tareas de los j\u00f3venes se encuentra revisar el contenido de 35 cursos de desarrollo organizacional en ingl\u00e9s y\u00a0<\/span><span data-contrast=\"auto\">espa\u00f1ol<\/span><span data-contrast=\"auto\">, adem\u00e1s de editar videos con\u00a0<\/span><i><span data-contrast=\"auto\">software<\/span><\/i><span data-contrast=\"auto\">\u00a0de animaci\u00f3n<\/span><span data-contrast=\"auto\">.<\/span><span data-ccp-props=\"{&quot;335559731&quot;:708}\">\u00a0<\/span><\/p>\n<p><span data-contrast=\"auto\">Declar\u00f3 que esta labor les genera habilidades \u00fatiles para manejar contenido de psicolog\u00eda organizacional, y que adem\u00e1s muestra las ganas de tras<\/span><span data-contrast=\"auto\">cender de los estudiantes.<\/span><\/p>\n<div id=\"attachment_92187\" style=\"width: 732px\" class=\"wp-caption aligncenter\"><a href=\"https:\/\/www.uv.mx\/prensa\/files\/2021\/01\/110121-Psicologia-contrato-servicios-profesionales-2-100k.jpg\"><img loading=\"lazy\" decoding=\"async\" aria-describedby=\"caption-attachment-92187\" class=\"size-full wp-image-92187\" src=\"https:\/\/www.uv.mx\/prensa\/files\/2021\/01\/110121-Psicologia-contrato-servicios-profesionales-2-100k.jpg\" alt=\"Diana Fernanda Azuara Mu\u00f1oz \" width=\"722\" height=\"475\" srcset=\"https:\/\/www.uv.mx\/prensa\/files\/2021\/01\/110121-Psicologia-contrato-servicios-profesionales-2-100k.jpg 722w, https:\/\/www.uv.mx\/prensa\/files\/2021\/01\/110121-Psicologia-contrato-servicios-profesionales-2-100k-300x197.jpg 300w\" sizes=\"auto, (max-width: 722px) 100vw, 722px\" \/><\/a><p id=\"caption-attachment-92187\" class=\"wp-caption-text\">Diana Fernanda Azuara Mu\u00f1oz<\/p><\/div>\n<p><span data-contrast=\"auto\">\u201cLos conocimientos adquiridos en este trabajo les ser\u00e1n \u00fatiles en el \u00e1mbito laboral inmediato, ya que los cursos en l\u00ednea llegaron para quedarse y ya no tienen marcha atr\u00e1s\u201d, asegur\u00f3.<\/span><span data-ccp-props=\"{&quot;335559731&quot;:708}\">\u00a0<\/span><\/p>\n<p><span data-contrast=\"auto\">Estela Luna<\/span><span data-contrast=\"auto\">\u00a0comparti\u00f3 que realiza actividades de dise\u00f1adora instruccional, que consisten en recibir la informaci\u00f3n de los cursos, revisar el contenido y posteriormente proporcionar el guion al animador.<\/span><span data-ccp-props=\"{&quot;335559731&quot;:708}\">\u00a0<\/span><\/p>\n<p><span data-contrast=\"auto\">La joven manifest\u00f3 que participar en este proyecto le sirve para complementar su formaci\u00f3n\u00a0<\/span><span data-contrast=\"auto\">acad\u00e9mica<\/span><span data-contrast=\"auto\">\u00a0y le brinda la oportunidad de encontrar un buen empleo al egresar.<\/span><span data-ccp-props=\"{&quot;335559731&quot;:708}\">\u00a0<\/span><\/p>\n<p><span data-contrast=\"auto\">Diana Azuara<\/span><span data-contrast=\"auto\">\u00a0relat\u00f3 que edita video mediante una<\/span><span data-contrast=\"auto\">s<\/span><span data-contrast=\"auto\">\u00a0plantillas predeterminadas, a partir de un guion que le proporci<\/span><span data-contrast=\"auto\">ona el dise\u00f1ador instruccional.<\/span><\/p>\n<div id=\"attachment_92188\" style=\"width: 732px\" class=\"wp-caption aligncenter\"><a href=\"https:\/\/www.uv.mx\/prensa\/files\/2021\/01\/110121-Psicologia-contrato-servicios-profesionales-3-100k.jpg\"><img loading=\"lazy\" decoding=\"async\" aria-describedby=\"caption-attachment-92188\" class=\"size-full wp-image-92188\" src=\"https:\/\/www.uv.mx\/prensa\/files\/2021\/01\/110121-Psicologia-contrato-servicios-profesionales-3-100k.jpg\" alt=\"Rafael Arturo Llaca Reyes \" width=\"722\" height=\"475\" srcset=\"https:\/\/www.uv.mx\/prensa\/files\/2021\/01\/110121-Psicologia-contrato-servicios-profesionales-3-100k.jpg 722w, https:\/\/www.uv.mx\/prensa\/files\/2021\/01\/110121-Psicologia-contrato-servicios-profesionales-3-100k-300x197.jpg 300w\" sizes=\"auto, (max-width: 722px) 100vw, 722px\" \/><\/a><p id=\"caption-attachment-92188\" class=\"wp-caption-text\">Rafael Arturo Llaca Reyes<\/p><\/div>\n<p><span data-contrast=\"auto\">Coment\u00f3 que<\/span><span data-contrast=\"auto\">\u00a0al inicio tardaba hasta tres horas en realizar minuto y medio de edici\u00f3n, con la pr\u00e1ctica ha logrado\u00a0<\/span><span data-contrast=\"auto\">reducir este tiempo a la mitad.<\/span><span data-ccp-props=\"{&quot;335559731&quot;:708}\">\u00a0<\/span><\/p>\n<p><span data-contrast=\"auto\">La estudiante expres\u00f3 estar feliz de trabajar en la edici\u00f3n de videos y afirm\u00f3 que la animaci\u00f3n es una excelente herramienta de aprendizaje para que las personas pueden entender cie<\/span><span data-contrast=\"auto\">rtos temas de una mejor manera.<\/span><span data-ccp-props=\"{&quot;335559731&quot;:708}\">\u00a0<\/span><\/p>\n<p><span data-contrast=\"auto\">Ricardo Mart\u00ednez<\/span><span data-contrast=\"auto\">\u00a0mencion\u00f3 que trabajar en este proyecto ha repres<\/span><span data-contrast=\"auto\">entado una curva de aprendizaje<\/span><span data-contrast=\"auto\">\u00a0que le permite sobrellevar contenidos con el paso del tiempo.<\/span><span data-ccp-props=\"{&quot;335559731&quot;:708}\">\u00a0<\/span><\/p>\n<p><span data-contrast=\"auto\">\u201cDentro de este trabajo he aprendido mucho del \u00e1rea de la psicolog\u00eda organizacional, as\u00ed como a dise\u00f1ar material y conteni<\/span><span data-contrast=\"auto\">do de diversos temas\u201d, enunci\u00f3.<\/span><span data-ccp-props=\"{&quot;335559731&quot;:708}\">\u00a0<\/span><\/p>\n","protected":false},"excerpt":{"rendered":"<p>Alumnos de la Facultad de Psicolog\u00eda realizan adecuaciones de dise\u00f1o institucional a cursos de desarrollo organizacional, con una consultora de Florida, Estados Unidos <\/p>\n","protected":false},"author":1775,"featured_media":92189,"comment_status":"closed","ping_status":"closed","sticky":false,"template":"","format":"standard","meta":{"footnotes":""},"categories":[61],"tags":[1233,1235,559,953,1234],"class_list":["post-92185","post","type-post","status-publish","format-standard","has-post-thumbnail","hentry","category-banner","tag-consultora-de-desarrollo-organizacional","tag-estados-unidos","tag-estudiantes","tag-facultad-de-psicologia","tag-florida"],"_links":{"self":[{"href":"https:\/\/www.uv.mx\/prensa\/wp-json\/wp\/v2\/posts\/92185","targetHints":{"allow":["GET"]}}],"collection":[{"href":"https:\/\/www.uv.mx\/prensa\/wp-json\/wp\/v2\/posts"}],"about":[{"href":"https:\/\/www.uv.mx\/prensa\/wp-json\/wp\/v2\/types\/post"}],"author":[{"embeddable":true,"href":"https:\/\/www.uv.mx\/prensa\/wp-json\/wp\/v2\/users\/1775"}],"replies":[{"embeddable":true,"href":"https:\/\/www.uv.mx\/prensa\/wp-json\/wp\/v2\/comments?post=92185"}],"version-history":[{"count":1,"href":"https:\/\/www.uv.mx\/prensa\/wp-json\/wp\/v2\/posts\/92185\/revisions"}],"predecessor-version":[{"id":92192,"href":"https:\/\/www.uv.mx\/prensa\/wp-json\/wp\/v2\/posts\/92185\/revisions\/92192"}],"wp:featuredmedia":[{"embeddable":true,"href":"https:\/\/www.uv.mx\/prensa\/wp-json\/wp\/v2\/media\/92189"}],"wp:attachment":[{"href":"https:\/\/www.uv.mx\/prensa\/wp-json\/wp\/v2\/media?parent=92185"}],"wp:term":[{"taxonomy":"category","embeddable":true,"href":"https:\/\/www.uv.mx\/prensa\/wp-json\/wp\/v2\/categories?post=92185"},{"taxonomy":"post_tag","embeddable":true,"href":"https:\/\/www.uv.mx\/prensa\/wp-json\/wp\/v2\/tags?post=92185"}],"curies":[{"name":"wp","href":"https:\/\/api.w.org\/{rel}","templated":true}]}}