{"id":92037,"date":"2021-01-07T08:00:45","date_gmt":"2021-01-07T14:00:45","guid":{"rendered":"https:\/\/www.uv.mx\/prensa\/?p=92037"},"modified":"2021-01-07T14:12:53","modified_gmt":"2021-01-07T20:12:53","slug":"biblioteca-del-universitario-con-la-diversidad-que-impulso-pitol-desde-su-creacion","status":"publish","type":"post","link":"https:\/\/www.uv.mx\/prensa\/cultura\/biblioteca-del-universitario-con-la-diversidad-que-impulso-pitol-desde-su-creacion\/","title":{"rendered":"Biblioteca del Universitario, con la diversidad que impuls\u00f3 Pitol desde su creaci\u00f3n"},"content":{"rendered":"<ul>\n<li data-leveltext=\"\u25cf\" data-font=\"\" data-listid=\"1\" data-aria-posinset=\"1\" data-aria-level=\"1\"><i><span data-contrast=\"auto\">Entre las m\u00e1s recientes novedades se cuentan<\/span><\/i><i><span data-contrast=\"auto\">\u00a0<\/span><\/i><i><span data-contrast=\"auto\">una antolog\u00eda de Montaigne y otra de Pessoa<\/span><\/i><span data-ccp-props=\"{&quot;201341983&quot;:0,&quot;335559740&quot;:240}\">\u00a0<\/span><\/li>\n<li data-leveltext=\"\u25cf\" data-font=\"\" data-listid=\"1\" data-aria-posinset=\"2\" data-aria-level=\"1\"><i><span data-contrast=\"auto\">Los estudiantes y egresados de la Facultad de Letras Espa\u00f1olas demuestran su calidad al colaborar en las ediciones<\/span><\/i><span data-ccp-props=\"{&quot;201341983&quot;:0,&quot;335559740&quot;:240}\">\u00a0<\/span><\/li>\n<\/ul>\n<p><span data-ccp-props=\"{&quot;201341983&quot;:0,&quot;335559740&quot;:240}\">\u00a0<\/span><\/p>\n<div id=\"attachment_92041\" style=\"width: 284px\" class=\"wp-caption aligncenter\"><a href=\"https:\/\/www.uv.mx\/prensa\/files\/2021\/01\/portada-Historias-del-buen-Dios-100k.jpg\"><img loading=\"lazy\" decoding=\"async\" aria-describedby=\"caption-attachment-92041\" class=\"size-full wp-image-92041\" src=\"https:\/\/www.uv.mx\/prensa\/files\/2021\/01\/portada-Historias-del-buen-Dios-100k.jpg\" alt=\"Historias del buen dios, segundo libro de relatos de Rainer Mar\u00eda Rilke, con pr\u00f3logo de Alfonso Colorado \" width=\"274\" height=\"450\" srcset=\"https:\/\/www.uv.mx\/prensa\/files\/2021\/01\/portada-Historias-del-buen-Dios-100k.jpg 274w, https:\/\/www.uv.mx\/prensa\/files\/2021\/01\/portada-Historias-del-buen-Dios-100k-183x300.jpg 183w\" sizes=\"auto, (max-width: 274px) 100vw, 274px\" \/><\/a><p id=\"caption-attachment-92041\" class=\"wp-caption-text\"><em>Historias del buen dios<\/em>, segundo libro de relatos de Rainer Mar\u00eda Rilke, con pr\u00f3logo de Alfonso Colorado<\/p><\/div>\n<p>&nbsp;<\/p>\n<p><b><i><span data-contrast=\"auto\">David Sandoval Rodr\u00edguez<\/span><\/i><\/b><span data-ccp-props=\"{&quot;201341983&quot;:0,&quot;335559740&quot;:240}\">\u00a0<\/span><\/p>\n<p><b><i><span data-contrast=\"auto\">07<\/span><\/i><\/b><b><i><span data-contrast=\"auto\">\/<\/span><\/i><\/b><b><i><span data-contrast=\"auto\">01<\/span><\/i><\/b><b><i><span data-contrast=\"auto\">\/2021 Xalapa, Ver.-<\/span><\/i><\/b><span data-contrast=\"auto\">\u00a0La Colecci\u00f3n Biblioteca del Universitario (BU) de la <a href=\"https:\/\/www.uv.mx\/editorial\/\" target=\"_blank\" rel=\"noopener\">Editorial<\/a> de la Universidad Veracruzana (UV) conserva el esp\u00edritu de diversidad que Sergio Pitol le imprimi\u00f3 desde su concepci\u00f3n, coment\u00f3 en entrevista Agust\u00edn del Moral Tejeda, editor responsable de la\u00a0<\/span><span data-contrast=\"auto\">serie<\/span><span data-contrast=\"auto\">.<\/span><span data-ccp-props=\"{&quot;201341983&quot;:0,&quot;335559740&quot;:240}\">\u00a0<\/span><\/p>\n<p><span data-contrast=\"auto\">Refiri\u00f3 que ya se preparan nuevos t\u00edtulos para el primer semestre de 2021 y\u00a0<\/span><span data-contrast=\"auto\">que\u00a0<\/span><span data-contrast=\"auto\">\u00e9<\/span><span data-contrast=\"auto\">stos\u00a0<\/span><span data-contrast=\"auto\">mantienen el car\u00e1cter diverso en tem\u00e1ticas y autores que plane\u00f3 el\u00a0<\/span><span data-contrast=\"auto\">P<\/span><span data-contrast=\"auto\">remio Cervantes de\u00a0<\/span><span data-contrast=\"auto\">L<\/span><span data-contrast=\"auto\">iteratura y acad\u00e9mico de la Facultad de Letras Espa\u00f1olas.<\/span><span data-ccp-props=\"{&quot;201341983&quot;:0,&quot;335559740&quot;:240}\">\u00a0<\/span><\/p>\n<p><span data-contrast=\"auto\">Del Moral Tejeda destac\u00f3 a su vez los\u00a0<\/span><span data-contrast=\"auto\">cinco<\/span><span data-contrast=\"auto\">\u00a0t\u00edtulos que\u00a0<\/span><span data-contrast=\"auto\">han aparecido recientemente<\/span><span data-contrast=\"auto\">, comenzando por\u00a0<\/span><i><span data-contrast=\"auto\">Historias del buen Dios<\/span><\/i><span data-contrast=\"auto\">\u00a0de\u00a0<\/span><span data-contrast=\"auto\">Rainer<\/span><span data-contrast=\"auto\">\u00a0<\/span><span data-contrast=\"auto\">Mar<\/span><span data-contrast=\"auto\">i<\/span><span data-contrast=\"auto\">a<\/span><span data-contrast=\"auto\">\u00a0<\/span><span data-contrast=\"auto\">Rilke<\/span><span data-contrast=\"auto\">\u00a0con pr\u00f3logo de Alfonso Colorado.<\/span><span data-contrast=\"auto\">\u00a0<\/span><span data-contrast=\"auto\">Destac\u00f3 que este\u00a0<\/span><span data-contrast=\"auto\">autor<\/span><span data-contrast=\"auto\">\u00a0<\/span><span data-contrast=\"auto\">es uno de los que seleccion\u00f3 Sergio Pitol para la BU.<\/span><span data-contrast=\"auto\">\u00a0<\/span><span data-contrast=\"auto\">Inicialmente, Pitol\u00a0<\/span><span data-contrast=\"auto\">propuso editar\u00a0<\/span><i><span data-contrast=\"auto\">Los cuadernos de Malte\u00a0<\/span><\/i><i><span data-contrast=\"auto\">Laurids<\/span><\/i><i><span data-contrast=\"auto\">\u00a0<\/span><\/i><i><span data-contrast=\"auto\">Brigge<\/span><\/i><i><span data-contrast=\"auto\">.<\/span><\/i><i><span data-contrast=\"auto\">\u00a0<\/span><\/i><span data-contrast=\"auto\">Lamentablemente, no se encontr\u00f3 una traducci\u00f3n libre de derechos de esta obra.\u00a0<\/span><span data-contrast=\"auto\">Fue Alfonso Colorado, en su condici\u00f3n de miembro del actual Consejo Consultivo de la BU,\u00a0<\/span><span data-contrast=\"auto\">quien<\/span><span data-contrast=\"auto\">\u00a0propuso incorporar a la colecci\u00f3n las\u00a0<\/span><i><span data-contrast=\"auto\">Historias del buen Dios.<\/span><\/i><\/p>\n<p><span data-contrast=\"auto\">Se public\u00f3 tambi\u00e9n el volumen\u00a0<\/span><i><span data-contrast=\"auto\">12 relatos hispanoamericanos imprescindibles del siglo XX<\/span><\/i><span data-contrast=\"auto\">,<\/span><span data-contrast=\"auto\">\u00a0<\/span><span data-contrast=\"auto\">con selecci\u00f3n y pr\u00f3logo de Mario Mu\u00f1oz, el cual surgi\u00f3 a partir de una invitaci\u00f3n al acad\u00e9mico para<\/span><span data-contrast=\"auto\">, por as\u00ed decirlo,<\/span><span data-contrast=\"auto\">\u00a0<\/span><span data-contrast=\"auto\">darle continuidad al volumen que conform\u00f3<\/span><span data-contrast=\"auto\">\u00a0la<\/span><span data-contrast=\"auto\">\u00a0<\/span><i><span data-contrast=\"auto\">Antolog\u00eda del cuento mexicano de la segunda mitad del siglo XX<\/span><\/i><span data-contrast=\"auto\">, t\u00edtulo que fue muy bien recibido por la comunidad universitaria y que se encuentra agotado<\/span><span data-contrast=\"auto\">.<\/span><span data-contrast=\"auto\">\u00a0\u201cCreo que<\/span><span data-contrast=\"auto\">\u00a0en este\u00a0<\/span><span data-contrast=\"auto\">nuevo caso<\/span><span data-contrast=\"auto\">\u00a0se tra<\/span><span data-contrast=\"auto\">ta de una selecci\u00f3n muy atinada\u00a0<\/span><span data-contrast=\"auto\">que tambi\u00e9n\u00a0<\/span><span data-contrast=\"auto\">ha sido<\/span><span data-contrast=\"auto\">\u00a0muy bien recibida\u201d<\/span><span data-contrast=\"auto\">,\u00a0<\/span><span data-contrast=\"auto\">coment\u00f3 Del Moral<\/span><span data-contrast=\"auto\">\u00a0Tejeda<\/span><span data-contrast=\"auto\">.<\/span><\/p>\n<div id=\"attachment_92039\" style=\"width: 286px\" class=\"wp-caption aligncenter\"><a href=\"https:\/\/www.uv.mx\/prensa\/files\/2021\/01\/portada-Doce-relatos-hispanoam-100k.jpg\"><img loading=\"lazy\" decoding=\"async\" aria-describedby=\"caption-attachment-92039\" class=\"size-full wp-image-92039\" src=\"https:\/\/www.uv.mx\/prensa\/files\/2021\/01\/portada-Doce-relatos-hispanoam-100k.jpg\" alt=\"Doce relatos hispanoamericanos imprescindibles del siglo XX fue una selecci\u00f3n de Mario Mu\u00f1oz \" width=\"276\" height=\"450\" srcset=\"https:\/\/www.uv.mx\/prensa\/files\/2021\/01\/portada-Doce-relatos-hispanoam-100k.jpg 276w, https:\/\/www.uv.mx\/prensa\/files\/2021\/01\/portada-Doce-relatos-hispanoam-100k-184x300.jpg 184w\" sizes=\"auto, (max-width: 276px) 100vw, 276px\" \/><\/a><p id=\"caption-attachment-92039\" class=\"wp-caption-text\"><em>Doce relatos hispanoamericanos imprescindibles del siglo XX<\/em> fue una selecci\u00f3n de Mario Mu\u00f1oz<\/p><\/div>\n<p><span data-contrast=\"auto\">Asimismo se public\u00f3\u00a0<\/span><i><span data-contrast=\"auto\">Galaxia de un hombre solo<\/span><\/i><span data-contrast=\"auto\">, antolog\u00eda de Fernando Pessoa, con selecci\u00f3n, traducci\u00f3n y pr\u00f3logo de Rafael\u00a0<\/span><span data-contrast=\"auto\">Toriz<\/span><span data-contrast=\"auto\">; sobre\u00a0<\/span><span data-contrast=\"auto\">este volumen<\/span><span data-contrast=\"auto\">\u00a0<\/span><span data-contrast=\"auto\">mencion\u00f3 el gran trabajo realizado<\/span><span data-contrast=\"auto\">\u00a0<\/span><span data-contrast=\"auto\">por\u00a0<\/span><span data-contrast=\"auto\">Toriz<\/span><span data-contrast=\"auto\">:<\/span><span data-contrast=\"auto\">\u00a0<\/span><span data-contrast=\"auto\">\u201cM<\/span><span data-contrast=\"auto\">e parece<\/span><span data-contrast=\"auto\">\u00a0<\/span><span data-contrast=\"auto\">que estamos ante<\/span><span data-contrast=\"auto\">\u00a0<\/span><span data-contrast=\"auto\">una de las antolog\u00edas m\u00e1s ambiciosas y completas que se hayan hecho de Pessoa<\/span><span data-contrast=\"auto\">,<\/span><span data-contrast=\"auto\">\u00a0<\/span><span data-contrast=\"auto\">porque va m\u00e1s all\u00e1 de\u00a0<\/span><span data-contrast=\"auto\">una antolog\u00eda de<\/span><span data-contrast=\"auto\">\u00a0<\/span><span data-contrast=\"auto\">poes\u00eda y<\/span><span data-contrast=\"auto\">\u00a0<\/span><span data-contrast=\"auto\">de los heter\u00f3nimos\u00a0<\/span><span data-contrast=\"auto\">m\u00e1s conocidos: De Campos, Reis,\u00a0<\/span><span data-contrast=\"auto\">Caeiro<\/span><span data-contrast=\"auto\">\u00a0y\u00a0<\/span><span data-contrast=\"auto\">Soares<\/span><span data-contrast=\"auto\">.<\/span><span data-contrast=\"auto\">\u00a0<\/span><span data-contrast=\"auto\">Toriz<\/span><span data-contrast=\"auto\">\u00a0incluy\u00f3<\/span><span data-contrast=\"auto\">,\u00a0<\/span><span data-contrast=\"auto\">as\u00ed<\/span><span data-contrast=\"auto\">,<\/span><span data-contrast=\"auto\">\u00a0adem\u00e1s de poes\u00eda, prosa,<\/span><span data-contrast=\"auto\">\u00a0<\/span><span data-contrast=\"auto\">ensayos, notas breves<\/span><span data-contrast=\"auto\">,\u00a0<\/span><span data-contrast=\"auto\">en fin, un trabajo miscel\u00e1neo muy completo y\u00a0<\/span><span data-contrast=\"auto\">revelador que<\/span><span data-contrast=\"auto\">,\u00a0<\/span><span data-contrast=\"auto\">para<\/span><span data-contrast=\"auto\">\u00a0decirlo<\/span><span data-contrast=\"auto\">\u00a0de alguna manera<\/span><span data-contrast=\"auto\">,<\/span><span data-contrast=\"auto\">\u00a0recoge\u00a0<\/span><span data-contrast=\"auto\">parte de la obra de un total de 19 heter\u00f3nimos<\/span><span data-contrast=\"auto\">\u00a0de Pessoa<\/span><span data-contrast=\"auto\">\u201d, dijo.<\/span><span data-ccp-props=\"{&quot;201341983&quot;:0,&quot;335559731&quot;:720,&quot;335559740&quot;:240}\">\u00a0<\/span><\/p>\n<p><span data-contrast=\"auto\">Otro de los nuevos t\u00edtulos es<\/span><i><span data-contrast=\"auto\">\u00a0Viajero de s\u00ed mismo<\/span><\/i><span data-contrast=\"auto\">, una antolog\u00eda de Michel de Montaigne con pr\u00f3logo de Rodolfo Mendoza Rosendo.<\/span><span data-contrast=\"auto\">\u00a0<\/span><span data-contrast=\"auto\">\u201cEst<\/span><span data-contrast=\"auto\">a<\/span><span data-contrast=\"auto\">\u00a0<\/span><span data-contrast=\"auto\">propuesta<\/span><span data-contrast=\"auto\">\u00a0tambi\u00e9n fue\u00a0<\/span><span data-contrast=\"auto\">hecha<\/span><span data-contrast=\"auto\">\u00a0por Pitol y\u00a0<\/span><span data-contrast=\"auto\">\u2018se qued\u00f3 en el tintero\u2019 hasta que\u00a0<\/span><span data-contrast=\"auto\">Rodolfo\u00a0<\/span><span data-contrast=\"auto\">Mendoza la retom\u00f3 y\u00a0<\/span><span data-contrast=\"auto\">la llev\u00f3 a\u00a0<\/span><span data-contrast=\"auto\">los hechos<\/span><span data-contrast=\"auto\">.<\/span><span data-contrast=\"auto\">\u00a0Hay que recordar que Montaigne era una de las figuras tutelares de Pitol y el\u00a0<\/span><span data-contrast=\"auto\">fundador de uno de los g\u00e9neros que con m\u00e1s\u00a0<\/span><span data-contrast=\"auto\">asiduidad y\u00a0<\/span><span data-contrast=\"auto\">buen tino<\/span><span data-contrast=\"auto\">\u00a0que<\/span><span data-contrast=\"auto\">\u00a0cultiv\u00f3\u00a0<\/span><span data-contrast=\"auto\">nuestro autor<\/span><span data-contrast=\"auto\">\u201d<\/span><span data-contrast=\"auto\">, coment\u00f3 Agust\u00edn d<\/span><span data-contrast=\"auto\">el Moral.<\/span><\/p>\n<p><span data-contrast=\"auto\">Se public\u00f3 tambi\u00e9n\u00a0<\/span><i><span data-contrast=\"auto\">Quedando a la luz m\u00e1s cierta<\/span><\/i><span data-contrast=\"auto\">, antolog\u00eda de Sor Juana In\u00e9s de la Cruz preparada por Maximiliano\u00a0<\/span><span data-contrast=\"auto\">Sauza<\/span><span data-contrast=\"auto\">, quien recientemente gan\u00f3 el Premio\u00a0<\/span><span data-contrast=\"auto\">Latinoamericano de P<\/span><span data-contrast=\"auto\">rimera\u00a0<\/span><span data-contrast=\"auto\">N<\/span><span data-contrast=\"auto\">ovela\u00a0<\/span><span data-contrast=\"auto\">\u201c<\/span><span data-contrast=\"auto\">Sergio Galindo<\/span><span data-contrast=\"auto\">\u201d<\/span><span data-contrast=\"auto\">\u00a0que entrega la\u00a0<\/span><span data-contrast=\"none\">UV<\/span><span data-contrast=\"auto\">. En\u00a0<\/span><span data-contrast=\"auto\">este caso \u201cse nota el profundo conocimiento que\u00a0<\/span><span data-contrast=\"auto\">Sauza<\/span><span data-contrast=\"auto\">\u00a0<\/span><span data-contrast=\"auto\">tiene de la vida y la obra de Sor Juana<\/span><span data-contrast=\"auto\">;\u00a0<\/span><span data-contrast=\"auto\">adem\u00e1s su antolog\u00eda es muy\u00a0<\/span><span data-contrast=\"auto\">afortunada<\/span><span data-contrast=\"auto\">,\u00a0<\/span><span data-contrast=\"auto\">pues\u00a0<\/span><span data-contrast=\"auto\">abarca diferentes perspectivas de la obra de la religiosa\u201d, detall\u00f3 el entrevistado.<\/span><span data-ccp-props=\"{&quot;201341983&quot;:0,&quot;335559731&quot;:720,&quot;335559740&quot;:240}\">\u00a0<\/span><\/p>\n<p><span data-contrast=\"auto\">Del Moral Tejeda a\u00f1adi\u00f3 que un nuevo t\u00edtulo a punto de salir es el\u00a0<\/span><i><span data-contrast=\"auto\">Ensayo pol\u00edtico sobre el reino de la Nueva Espa\u00f1a<\/span><\/i><span data-contrast=\"auto\">\u00a0de Alexander\u00a0v<\/span><span data-contrast=\"auto\">on\u00a0Humboldt, \u201cun texto capital en la historia de M\u00e9xico que<\/span><span data-contrast=\"auto\">\u00a0<\/span><span data-contrast=\"auto\">en esta ocasi\u00f3n<\/span><span data-contrast=\"auto\">\u00a0<\/span><span data-contrast=\"auto\">se edit\u00f3 en dos tomos y se pondr\u00e1 en circulaci\u00f3n como un solo volumen\u201d.<\/span><span data-contrast=\"auto\">\u00a0<\/span><span data-contrast=\"auto\">La obra\u00a0<\/span><span data-contrast=\"auto\">se incorporar\u00e1 a la colecci\u00f3n a iniciativa<\/span><span data-contrast=\"auto\">\u00a0<\/span><span data-contrast=\"auto\">de\u00a0<\/span><span data-contrast=\"auto\">Citlali<\/span><span data-contrast=\"auto\">\u00a0Aguilera Lira, acad\u00e9mica de la Facultad de Biolog\u00eda<\/span><span data-contrast=\"auto\">\u00a0<\/span><span data-contrast=\"auto\">y autora del pr\u00f3logo.<\/span><span data-contrast=\"auto\">\u00a0<\/span><span data-contrast=\"auto\">Esta edici\u00f3n<\/span><span data-contrast=\"auto\">\u00a0<\/span><span data-contrast=\"auto\">contiene<\/span><span data-contrast=\"auto\">\u00a0<\/span><span data-contrast=\"auto\">adem\u00e1s<\/span><span data-contrast=\"auto\">\u00a0<\/span><span data-contrast=\"auto\">un anexo\u00a0<\/span><span data-contrast=\"auto\">que incluye<\/span><span data-contrast=\"auto\">\u00a0<\/span><span data-contrast=\"auto\">dos pinturas de Humboldt: el Cofre de Perote y el Pico de Orizaba, que el Instituto Veracruzano de la Cultura (<\/span><i><span data-contrast=\"auto\">Ivec<\/span><\/i><span data-contrast=\"auto\">) permiti\u00f3 reproducir<\/span><span data-contrast=\"auto\">, pues<\/span><span data-contrast=\"auto\">\u00a0ambas obras<\/span><span data-contrast=\"auto\">\u00a0forman parte de su acervo;<\/span><span data-contrast=\"auto\">\u00a0<\/span><span data-contrast=\"auto\">asimismo\u00a0<\/span><span data-contrast=\"auto\">se\u00a0<\/span><span data-contrast=\"auto\">incluyen tres mapas<\/span><span data-contrast=\"auto\">:<\/span><span data-contrast=\"auto\">\u00a0<\/span><span data-contrast=\"auto\">del reino de la Nueva Espa\u00f1a, del<\/span><span data-contrast=\"auto\">\u00a0<\/span><span data-contrast=\"auto\">p<\/span><span data-contrast=\"auto\">uerto\u00a0<\/span><span data-contrast=\"auto\">de Veracruz<\/span><span data-contrast=\"auto\">\u00a0<\/span><span data-contrast=\"auto\">\u201cde aquellos a\u00f1os\u201d<\/span><span data-contrast=\"auto\">\u00a0<\/span><span data-contrast=\"auto\">y de los viajes que hizo el explorador alem\u00e1n<\/span><span data-contrast=\"auto\">\u00a0<\/span><span data-contrast=\"auto\">por lo que entonces era\u00a0<\/span><span data-contrast=\"auto\">una de las<\/span><span data-contrast=\"auto\">\u00a0colonia<\/span><span data-contrast=\"auto\">s<\/span><span data-contrast=\"auto\">\u00a0espa\u00f1ola<\/span><span data-contrast=\"auto\">s<\/span><span data-contrast=\"auto\">.<\/span><\/p>\n<div id=\"attachment_92042\" style=\"width: 286px\" class=\"wp-caption aligncenter\"><a href=\"https:\/\/www.uv.mx\/prensa\/files\/2021\/01\/portada-Viajero-de-si-mismo-100k.jpg\"><img loading=\"lazy\" decoding=\"async\" aria-describedby=\"caption-attachment-92042\" class=\"size-full wp-image-92042\" src=\"https:\/\/www.uv.mx\/prensa\/files\/2021\/01\/portada-Viajero-de-si-mismo-100k.jpg\" alt=\"Viajero de s\u00ed mismo es una antolog\u00eda de ensayos de Michel de Montaigne, con pr\u00f3logo de Rodolfo Mendoza\" width=\"276\" height=\"450\" srcset=\"https:\/\/www.uv.mx\/prensa\/files\/2021\/01\/portada-Viajero-de-si-mismo-100k.jpg 276w, https:\/\/www.uv.mx\/prensa\/files\/2021\/01\/portada-Viajero-de-si-mismo-100k-184x300.jpg 184w\" sizes=\"auto, (max-width: 276px) 100vw, 276px\" \/><\/a><p id=\"caption-attachment-92042\" class=\"wp-caption-text\"><em>Viajero de s\u00ed mismo<\/em> es una antolog\u00eda de ensayos de Michel de Montaigne, con pr\u00f3logo de Rodolfo Mendoza<\/p><\/div>\n<p><span data-contrast=\"auto\">Esta obra implic\u00f3 m\u00e1s de un a\u00f1o\u00a0<\/span><span data-contrast=\"auto\">de<\/span><span data-contrast=\"auto\">\u00a0<\/span><span data-contrast=\"auto\">preparaci\u00f3n<\/span><span data-contrast=\"auto\">\u00a0<\/span><span data-contrast=\"auto\">entre su captura, su cotejo, su formaci\u00f3n y su cuidado de edici\u00f3n,<\/span><span data-contrast=\"auto\">\u00a0<\/span><span data-contrast=\"auto\">por lo que<\/span><span data-contrast=\"auto\">\u00a0<\/span><span data-contrast=\"auto\">Del Moral<\/span><span data-contrast=\"auto\">\u00a0<\/span><span data-contrast=\"auto\">Tejeda\u00a0<\/span><span data-contrast=\"auto\">reconoci\u00f3 al equipo editorial responsable de la colecci\u00f3n: Luc\u00eda Riveros, Mariana Hern\u00e1ndez y Omar Vald\u00e9s,\u00a0<\/span><span data-contrast=\"auto\">quienes<\/span><span data-contrast=\"auto\">\u00a0<\/span><span data-contrast=\"auto\">adem\u00e1s\u00a0<\/span><span data-contrast=\"auto\">contaron con<\/span><span data-contrast=\"auto\">\u00a0<\/span><span data-contrast=\"auto\">el apoyo de estudiantes de la Facultad de Letras en servicio social.<\/span><span data-ccp-props=\"{&quot;201341983&quot;:0,&quot;335559731&quot;:720,&quot;335559740&quot;:240}\">\u00a0<\/span><\/p>\n<p><span data-contrast=\"auto\">\u00a0<\/span><span data-contrast=\"auto\">\u201cRespetando el deseo de Pitol, la colecci\u00f3n sigue teniendo el sello de la UV<\/span><span data-contrast=\"auto\">;<\/span><span data-contrast=\"auto\">\u00a0<\/span><span data-contrast=\"auto\">la mayor parte, si no es que\u00a0<\/span><span data-contrast=\"auto\">todos los involucrados<\/span><span data-contrast=\"auto\">,<\/span><span data-contrast=\"auto\">\u00a0son acad\u00e9micos, investigadores<\/span><span data-contrast=\"auto\">, estudiantes<\/span><span data-contrast=\"auto\">\u00a0o egresados de la instituci\u00f3n\u201d, agreg\u00f3<\/span><span data-contrast=\"auto\">.<\/span><\/p>\n<p><b><span data-contrast=\"auto\">Nuevos t\u00edtulos de la Biblioteca del Universitario para 2021<\/span><\/b><span data-ccp-props=\"{&quot;201341983&quot;:0,&quot;335559740&quot;:240}\"><br \/>\n<\/span><span data-contrast=\"auto\">Del Moral Tejeda coment\u00f3 que la BU ofrecer\u00e1 nuevos t\u00edtulos para el a\u00f1o<\/span><span data-contrast=\"auto\">\u00a0<\/span><span data-contrast=\"auto\">que comienza<\/span><span data-contrast=\"auto\">. Y<\/span><span data-contrast=\"auto\">a\u00a0<\/span><span data-contrast=\"auto\">est\u00e1 en preparaci\u00f3n\u00a0<\/span><i><span data-contrast=\"auto\">El pensamiento chino<\/span><\/i><span data-contrast=\"auto\">\u00a0del\u00a0<\/span><span data-contrast=\"auto\">sin\u00f3logo franc\u00e9s Marcel\u00a0<\/span><span data-contrast=\"auto\">Granet<\/span><span data-contrast=\"auto\">, con pr\u00f3logo de Soledad Jim\u00e9nez, especialista en la cultura china e investigadora de El Colegio de M\u00e9xico.<\/span><span data-ccp-props=\"{&quot;201341983&quot;:0,&quot;335559740&quot;:240}\">\u00a0<\/span><\/p>\n<p><span data-contrast=\"auto\">De igual forma<\/span><span data-contrast=\"auto\">,<\/span><span data-contrast=\"auto\">\u00a0se publicar\u00e1 una antolog\u00eda de cinco poetas chinas\u00a0<\/span><span data-contrast=\"auto\">contempor\u00e1neas<\/span><span data-contrast=\"none\">\u00a0<\/span><span data-contrast=\"auto\">con traducci\u00f3n y pr\u00f3logo de Amado Pe\u00f1a, egresado de la Facultad de Letras Espa\u00f1olas de la UV, quien radic\u00f3 unos a\u00f1os en China.\u00a0<\/span><span data-contrast=\"auto\">\u201cPe\u00f1a es otro muy buen ejemplo de\u00a0<\/span><span data-contrast=\"auto\">la formaci\u00f3n que la\u00a0<\/span><span data-contrast=\"auto\">Facultad de Letras ofrece a sus alumnos, as\u00ed como del apoyo que la Universidad Veracruzana<\/span><span data-contrast=\"auto\">\u00a0les<\/span><span data-contrast=\"auto\">\u00a0<\/span><span data-contrast=\"auto\">brinda<\/span><span data-contrast=\"auto\">\u00a0para\u00a0<\/span><span data-contrast=\"auto\">conocer otros pa\u00edses y aprender otras lenguas<\/span><span data-contrast=\"auto\">, sin olvidar, por supuesto, las inquietudes\u00a0<\/span><span data-contrast=\"auto\">personales de los\u00a0<\/span><span data-contrast=\"auto\">j\u00f3venes\u00a0<\/span><span data-contrast=\"auto\">estudiantes<\/span><span data-contrast=\"auto\">\u201d<\/span><span data-contrast=\"auto\">, destac\u00f3<\/span><span data-contrast=\"auto\">.<\/span><\/p>\n<div id=\"attachment_92040\" style=\"width: 288px\" class=\"wp-caption aligncenter\"><a href=\"https:\/\/www.uv.mx\/prensa\/files\/2021\/01\/portada-Galaxia-de-un-hombre-solo-100k.jpg\"><img loading=\"lazy\" decoding=\"async\" aria-describedby=\"caption-attachment-92040\" class=\"size-full wp-image-92040\" src=\"https:\/\/www.uv.mx\/prensa\/files\/2021\/01\/portada-Galaxia-de-un-hombre-solo-100k.jpg\" alt=\"Galaxia de un hombre solo, antolog\u00eda de Fernando Pessoa, preparada y prologada por Rafael Toriz\" width=\"278\" height=\"450\" srcset=\"https:\/\/www.uv.mx\/prensa\/files\/2021\/01\/portada-Galaxia-de-un-hombre-solo-100k.jpg 278w, https:\/\/www.uv.mx\/prensa\/files\/2021\/01\/portada-Galaxia-de-un-hombre-solo-100k-185x300.jpg 185w\" sizes=\"auto, (max-width: 278px) 100vw, 278px\" \/><\/a><p id=\"caption-attachment-92040\" class=\"wp-caption-text\"><em>Galaxia de un hombre solo<\/em>, antolog\u00eda de Fernando Pessoa, preparada y prologada por Rafael Toriz<\/p><\/div>\n<p><span data-contrast=\"auto\">Se est\u00e1 preparando la edici\u00f3n,\u00a0<\/span><span data-contrast=\"auto\">asimismo<\/span><span data-contrast=\"auto\">,\u00a0<\/span><span data-contrast=\"auto\">de dos\u00a0<\/span><i><span data-contrast=\"auto\">p<\/span><\/i><i><span data-contrast=\"auto\">o\u00e9ticas<\/span><\/i><span data-contrast=\"auto\">, la de Horacio y la de Arist\u00f3teles<\/span><span data-contrast=\"auto\">.<\/span><span data-contrast=\"auto\">\u00a0\u201c<\/span><span data-contrast=\"auto\">C<\/span><span data-contrast=\"auto\">abe recordar que Pitol abrevaba del mundo cl\u00e1sico para<\/span><span data-contrast=\"auto\">\u00a0<\/span><span data-contrast=\"auto\">nutrir<\/span><span data-contrast=\"auto\">\u00a0<\/span><span data-contrast=\"auto\">la colecci\u00f3n\u201d, apunt\u00f3.<\/span><span data-contrast=\"auto\">\u00a0<\/span><span data-contrast=\"auto\">En este caso el pr\u00f3logo y\u00a0<\/span><span data-contrast=\"auto\">la\u00a0<\/span><span data-contrast=\"auto\">edici\u00f3n\u00a0<\/span><span data-contrast=\"auto\">lo<\/span><span data-contrast=\"auto\">s<\/span><span data-contrast=\"auto\">\u00a0<\/span><span data-contrast=\"auto\">realizan dos estudiantes de la Facultad de Letras Espa\u00f1olas: Mar\u00eda de los \u00c1ngeles Escobar y Vicente Mart\u00ednez Blanco Mart\u00ednez, \u201cj\u00f3venes talentosos que se\u00a0<\/span><span data-contrast=\"auto\">est\u00e1n dando<\/span><span data-contrast=\"auto\">\u00a0<\/span><span data-contrast=\"auto\">a la tarea de rescatar dos obras del mundo grecolatino y ponerlas en circulaci\u00f3n\u00a0<\/span><span data-contrast=\"auto\">en un solo volumen de\u00a0<\/span><span data-contrast=\"auto\">la Biblioteca del Universitario\u201d, coment\u00f3\u00a0<\/span><span data-contrast=\"auto\">finalmente\u00a0<\/span><span data-contrast=\"auto\">Agust\u00edn del Moral.<\/span><span data-ccp-props=\"{&quot;201341983&quot;:0,&quot;335559731&quot;:720,&quot;335559740&quot;:240}\">\u00a0<\/span><\/p>\n","protected":false},"excerpt":{"rendered":"<p>Entre las m\u00e1s recientes novedades se cuentan una antolog\u00eda de Montaigne y otra de Pessoa <\/p>\n","protected":false},"author":1775,"featured_media":92038,"comment_status":"closed","ping_status":"closed","sticky":false,"template":"","format":"standard","meta":{"footnotes":""},"categories":[11,61],"tags":[1200,1197,1196,1201,1198,1199,1202],"class_list":["post-92037","post","type-post","status-publish","format-standard","has-post-thumbnail","hentry","category-cultura","category-banner","tag-agustin","tag-bu","tag-coleccion-biblioteca-del-universitario","tag-del-moral","tag-editorial","tag-sergio-pitol","tag-tejeda"],"_links":{"self":[{"href":"https:\/\/www.uv.mx\/prensa\/wp-json\/wp\/v2\/posts\/92037","targetHints":{"allow":["GET"]}}],"collection":[{"href":"https:\/\/www.uv.mx\/prensa\/wp-json\/wp\/v2\/posts"}],"about":[{"href":"https:\/\/www.uv.mx\/prensa\/wp-json\/wp\/v2\/types\/post"}],"author":[{"embeddable":true,"href":"https:\/\/www.uv.mx\/prensa\/wp-json\/wp\/v2\/users\/1775"}],"replies":[{"embeddable":true,"href":"https:\/\/www.uv.mx\/prensa\/wp-json\/wp\/v2\/comments?post=92037"}],"version-history":[{"count":1,"href":"https:\/\/www.uv.mx\/prensa\/wp-json\/wp\/v2\/posts\/92037\/revisions"}],"predecessor-version":[{"id":92046,"href":"https:\/\/www.uv.mx\/prensa\/wp-json\/wp\/v2\/posts\/92037\/revisions\/92046"}],"wp:featuredmedia":[{"embeddable":true,"href":"https:\/\/www.uv.mx\/prensa\/wp-json\/wp\/v2\/media\/92038"}],"wp:attachment":[{"href":"https:\/\/www.uv.mx\/prensa\/wp-json\/wp\/v2\/media?parent=92037"}],"wp:term":[{"taxonomy":"category","embeddable":true,"href":"https:\/\/www.uv.mx\/prensa\/wp-json\/wp\/v2\/categories?post=92037"},{"taxonomy":"post_tag","embeddable":true,"href":"https:\/\/www.uv.mx\/prensa\/wp-json\/wp\/v2\/tags?post=92037"}],"curies":[{"name":"wp","href":"https:\/\/api.w.org\/{rel}","templated":true}]}}