{"id":91633,"date":"2020-12-13T08:00:17","date_gmt":"2020-12-13T14:00:17","guid":{"rendered":"https:\/\/www.uv.mx\/prensa\/?p=91633"},"modified":"2020-12-11T20:45:31","modified_gmt":"2020-12-12T02:45:31","slug":"acervo-del-max-fue-presentado-en-foro-cultural-en-shanghai-china","status":"publish","type":"post","link":"https:\/\/www.uv.mx\/prensa\/banner\/acervo-del-max-fue-presentado-en-foro-cultural-en-shanghai-china\/","title":{"rendered":"Acervo del MAX fue presentado en foro cultural en Shangh\u00e1i, China"},"content":{"rendered":"<ul>\n<li data-leveltext=\"\uf0b7\" data-font=\"Symbol\" data-listid=\"1\" data-aria-posinset=\"1\" data-aria-level=\"1\"><i><span data-contrast=\"auto\">La r<\/span><\/i><i><span data-contrast=\"auto\">ectora Sara L<\/span><\/i><i><span data-contrast=\"auto\">adr\u00f3n de Guevara expuso<\/span><\/i><i><span data-contrast=\"auto\">, a trav\u00e9s de un video,<\/span><\/i><i><span data-contrast=\"auto\">\u00a0<\/span><\/i><i><span data-contrast=\"auto\">la riqueza cultural que alberga el Museo de Antropolog\u00eda de Xalapa<\/span><\/i><span data-ccp-props=\"{&quot;134233279&quot;:true,&quot;335551550&quot;:1,&quot;335551620&quot;:1}\">\u00a0<\/span><\/li>\n<\/ul>\n<p><span data-ccp-props=\"{&quot;335551550&quot;:1,&quot;335551620&quot;:1}\">\u00a0<\/span><\/p>\n<div>\n<p><iframe loading=\"lazy\" width=\"560\" height=\"315\" frameborder=\"0\" src=\"https:\/\/www.youtube.com\/embed\/9D1Sg3nz9mA\"><\/iframe><\/p>\n<\/div>\n<p>&nbsp;<\/p>\n<p><b><i><span data-contrast=\"auto\">Rusalet<\/span><\/i><\/b><b><i><span data-contrast=\"auto\">\u00a0Contreras\u00a0<\/span><\/i><\/b><b><i><span data-contrast=\"auto\">y<\/span><\/i><\/b><b><i><span data-contrast=\"auto\">\u00a0Alejandra Mora<\/span><\/i><\/b><span data-ccp-props=\"{&quot;335551550&quot;:1,&quot;335551620&quot;:1}\">\u00a0<\/span><\/p>\n<p><b><i><span data-contrast=\"auto\">13\/12\/20<\/span><\/i><\/b><b><i><span data-contrast=\"auto\">20,<\/span><\/i><\/b><b><i><span data-contrast=\"auto\">\u00a0Xalapa,\u00a0<\/span><\/i><\/b><b><i><span data-contrast=\"auto\">Ver.-<\/span><\/i><\/b><span data-contrast=\"auto\">\u00a0<\/span><span data-contrast=\"auto\">En\u00a0<\/span><span data-contrast=\"auto\">el D<\/span><span data-contrast=\"auto\">istrito\u00a0<\/span><span data-contrast=\"auto\">Hongkou<\/span><span data-contrast=\"auto\">\u00a0de Shang<\/span><span data-contrast=\"auto\">h<\/span><span data-contrast=\"auto\">\u00e1<\/span><span data-contrast=\"auto\">i<\/span><span data-contrast=\"auto\">, el 8 de diciembre pr\u00f3ximo pasado,<\/span><span data-contrast=\"auto\">\u00a0se\u00a0<\/span><span data-contrast=\"auto\">realiz\u00f3<\/span><span data-contrast=\"auto\">\u00a0el\u00a0<\/span><span data-contrast=\"auto\">Foro<\/span><span data-contrast=\"auto\">\u00a0\u201c2020 Global City Culture Forum (Shanghai) New Trends in the Construction of City Culture of Community with a Shared Future for Mankind in the Post-Pandemic Era<\/span><span data-contrast=\"auto\">\u201d<\/span><span data-contrast=\"auto\">,\u00a0<\/span><span data-contrast=\"auto\">en<\/span><span data-contrast=\"auto\">\u00a0el que la Universidad\u00a0<\/span><span data-contrast=\"auto\">Veracruzana<\/span><span data-contrast=\"auto\">\u00a0(UV),\u00a0<\/span><span data-contrast=\"auto\">tuvo<\/span><span data-contrast=\"auto\">\u00a0<\/span><span data-contrast=\"auto\">presencia<\/span><span data-contrast=\"auto\">\u00a0a\u00a0<\/span><span data-contrast=\"auto\">trav<\/span><span data-contrast=\"auto\">\u00e9s<\/span><span data-contrast=\"auto\">\u00a0de su rectora, Sara Ladr\u00f3n de Guevara, quien exhibi\u00f3 la riqueza cultural del Museo de Antropolog\u00eda de Xalapa (MAX).<\/span><span data-ccp-props=\"{&quot;335551550&quot;:1,&quot;335551620&quot;:1}\">\u00a0<\/span><\/p>\n<p><span data-contrast=\"auto\">E<\/span><span data-contrast=\"auto\">l<\/span><span data-contrast=\"auto\">\u00a0Foro se realiz\u00f3 de manera\u00a0<\/span><span data-contrast=\"auto\">mixta, presencial y\u00a0<\/span><span data-contrast=\"auto\">virtual<\/span><span data-contrast=\"auto\">, con la asistencia<\/span><span data-contrast=\"auto\">\u00a0de 100 acad\u00e9micos, diplom\u00e1ticos y funcionarios, especialistas en el campo de las artes, literatura y cultura. Entre dichos invitados se encontraban\u00a0<\/span><span data-contrast=\"auto\">representantes de<\/span><span data-contrast=\"auto\">\u00a0China, Espa\u00f1a, Reino Unido, Austria, Singapur, Italia y M\u00e9xico, entre otros.<\/span><\/p>\n<p>&nbsp;<\/p>\n<div id=\"attachment_91634\" style=\"width: 732px\" class=\"wp-caption aligncenter\"><a href=\"https:\/\/www.uv.mx\/prensa\/files\/2020\/12\/131220-Foro-Shanghai-1-100k.jpg\"><img loading=\"lazy\" decoding=\"async\" aria-describedby=\"caption-attachment-91634\" class=\"size-full wp-image-91634\" src=\"https:\/\/www.uv.mx\/prensa\/files\/2020\/12\/131220-Foro-Shanghai-1-100k.jpg\" alt=\"La Rectora mostr\u00f3 aspectos de la colecci\u00f3n del MAX \" width=\"722\" height=\"406\" srcset=\"https:\/\/www.uv.mx\/prensa\/files\/2020\/12\/131220-Foro-Shanghai-1-100k.jpg 722w, https:\/\/www.uv.mx\/prensa\/files\/2020\/12\/131220-Foro-Shanghai-1-100k-300x169.jpg 300w\" sizes=\"auto, (max-width: 722px) 100vw, 722px\" \/><\/a><p id=\"caption-attachment-91634\" class=\"wp-caption-text\">La Rectora mostr\u00f3 aspectos de la colecci\u00f3n del MAX<\/p><\/div>\n<p>&nbsp;<\/p>\n<p><span data-contrast=\"auto\">Sara Ladr\u00f3n de Guevara\u00a0<\/span><span data-contrast=\"auto\">present\u00f3<\/span><span data-contrast=\"auto\">\u00a0<\/span><span data-contrast=\"auto\">el Museo de Antropolog\u00eda de Xalapa y sus exper<\/span><span data-contrast=\"auto\">iencias en l\u00ednea, con el\u00a0<\/span><span data-contrast=\"auto\">prop\u00f3sito de exhibir su<\/span><span data-contrast=\"auto\">\u00a0extraordinaria riqueza\u00a0<\/span><span data-contrast=\"auto\">cultural<\/span><span data-contrast=\"auto\">\u00a0y\u00a0<\/span><span data-contrast=\"auto\">de promover\u00a0<\/span><span data-contrast=\"auto\">los\u00a0<\/span><span data-contrast=\"auto\">mecanismos de cooperaci\u00f3n\u00a0<\/span><span data-contrast=\"auto\">entre<\/span><span data-contrast=\"auto\">\u00a0las instituciones\u00a0<\/span><span data-contrast=\"auto\">participantes.<\/span><span data-contrast=\"auto\">\u00a0<\/span><span data-ccp-props=\"{&quot;335551550&quot;:1,&quot;335551620&quot;:1,&quot;335559731&quot;:708}\">\u00a0<\/span><\/p>\n<p><span data-contrast=\"auto\">M<\/span><span data-contrast=\"auto\">ostr\u00f3 aspectos de la colecci\u00f3n de<\/span><span data-contrast=\"auto\">l museo\u00a0<\/span><span data-contrast=\"auto\">que\u00a0<\/span><span data-contrast=\"auto\">son\u00a0<\/span><span data-contrast=\"auto\">de gran<\/span><span data-contrast=\"auto\">\u00a0importancia\u00a0<\/span><span data-contrast=\"auto\">para la comprensi\u00f3n de los valores que integran\u00a0<\/span><span data-contrast=\"auto\">la\u00a0<\/span><span data-contrast=\"auto\">riqueza cultural de la\u00a0<\/span><span data-contrast=\"auto\">Rep\u00fablica Mexican<\/span><span data-contrast=\"auto\">a<\/span><span data-contrast=\"auto\">. Por ello<\/span><span data-contrast=\"auto\">,<\/span><span data-contrast=\"auto\">\u00a0<\/span><span data-contrast=\"auto\">los asistentes\u00a0<\/span><span data-contrast=\"auto\">pudieron apr<\/span><span data-contrast=\"auto\">eciar una parte sustantiva de la<\/span><span data-contrast=\"auto\">s cerca de<\/span><span data-contrast=\"auto\">\u00a0<\/span><span data-contrast=\"auto\">dos mil 500 piezas\u00a0<\/span><span data-contrast=\"auto\">\u00a0creada<\/span><span data-contrast=\"auto\">s por las culturas prehisp\u00e1nicas que se ase<\/span><span data-contrast=\"auto\">ntaron<\/span><span data-contrast=\"auto\">\u00a0en el Estado de Veracruz:\u00a0<\/span><span data-contrast=\"auto\">Olmeca,<\/span><span data-contrast=\"auto\">\u00a0Totonaca y\u00a0<\/span><span data-contrast=\"auto\">Huasteca<\/span><span data-contrast=\"auto\">.<\/span><span data-contrast=\"auto\">\u00a0<\/span><span data-contrast=\"auto\">La<\/span><span data-contrast=\"auto\">\u00a0<\/span><span data-contrast=\"auto\">pres<\/span><span data-contrast=\"auto\">entaci\u00f3n del<\/span><span data-contrast=\"auto\">\u00a0video<\/span><span data-contrast=\"auto\">, realizado<\/span><span data-contrast=\"auto\">\u00a0por el Departamento de Medios Audiovisuales de la UV, puede verse en<\/span><span data-contrast=\"auto\">\u00a0<\/span><a href=\"https:\/\/youtu.be\/9D1Sg3nz9mA?fbclid=IwAR0qAe1jFDZT0E78Fi1kgRGySTqfKIy3i2RV-pUvsqtbPUfd6woJzhTLMyU\"><span data-contrast=\"none\">https:\/\/youtu.be\/9D1Sg3nz9mA<\/span><\/a><span data-contrast=\"auto\">.<\/span><\/p>\n<p>&nbsp;<\/p>\n<div id=\"attachment_91635\" style=\"width: 732px\" class=\"wp-caption aligncenter\"><a href=\"https:\/\/www.uv.mx\/prensa\/files\/2020\/12\/131220-Foro-Shanghai-2-100k.jpg\"><img loading=\"lazy\" decoding=\"async\" aria-describedby=\"caption-attachment-91635\" class=\"size-full wp-image-91635\" src=\"https:\/\/www.uv.mx\/prensa\/files\/2020\/12\/131220-Foro-Shanghai-2-100k.jpg\" alt=\"Aspecto del Foro \u201c2020 Global City Culture Forum (Shangh\u00e1i) New Trends in the Construction of City Culture of Community with a Shared Future for Mankind in the Post-Pandemic Era\u201d \" width=\"722\" height=\"481\" srcset=\"https:\/\/www.uv.mx\/prensa\/files\/2020\/12\/131220-Foro-Shanghai-2-100k.jpg 722w, https:\/\/www.uv.mx\/prensa\/files\/2020\/12\/131220-Foro-Shanghai-2-100k-300x200.jpg 300w\" sizes=\"auto, (max-width: 722px) 100vw, 722px\" \/><\/a><p id=\"caption-attachment-91635\" class=\"wp-caption-text\">Aspecto del Foro \u201c2020 Global City Culture Forum (Shangh\u00e1i) New Trends in the Construction of City Culture of Community with a Shared Future for Mankind in the Post-Pandemic Era\u201d<\/p><\/div>\n<p>&nbsp;<\/p>\n<p><span data-contrast=\"auto\">La exposici\u00f3n virtual\u00a0<\/span><span data-contrast=\"auto\">de la Rectora fue elegida para el cierre del evento inaugural, causando una grata\u00a0<\/span><span data-contrast=\"auto\">impresi<\/span><span data-contrast=\"auto\">\u00f3n<\/span><span data-contrast=\"auto\">\u00a0entre<\/span><span data-contrast=\"auto\">\u00a0los l\u00edderes pol\u00edticos, empresariales y acad\u00e9micos de<\/span><span data-contrast=\"auto\">\u00a0la ciudad\u00a0<\/span><span data-contrast=\"auto\">sede<\/span><span data-contrast=\"auto\">, entre los que se encontraban los representantes de la Academia de Ciencias Sociales de Shangh\u00e1i<\/span><span data-contrast=\"auto\">,<\/span><span data-contrast=\"auto\">\u00a0<\/span><span data-contrast=\"auto\">quienes invitaron a\u00a0<\/span><span data-contrast=\"auto\">la UV<\/span><span data-contrast=\"auto\">\u00a0para estar presentes en el acto principal.<\/span><span data-ccp-props=\"{&quot;335551550&quot;:1,&quot;335551620&quot;:1,&quot;335559731&quot;:708}\">\u00a0<\/span><\/p>\n<p><span data-contrast=\"auto\">De esta forma el MAX ser\u00e1 un museo difundido en una regi\u00f3n del mundo que se caracteriza por ser una de las m\u00e1s importantes en el desarrollo del turismo cultural y el intercambio acad\u00e9mico.<\/span><\/p>\n<p>&nbsp;<\/p>\n<div id=\"attachment_91636\" style=\"width: 732px\" class=\"wp-caption aligncenter\"><a href=\"https:\/\/www.uv.mx\/prensa\/files\/2020\/12\/131220-Foro-Shanghai-3-100k.jpg\"><img loading=\"lazy\" decoding=\"async\" aria-describedby=\"caption-attachment-91636\" class=\"size-full wp-image-91636\" src=\"https:\/\/www.uv.mx\/prensa\/files\/2020\/12\/131220-Foro-Shanghai-3-100k.jpg\" alt=\"L\u00edderes pol\u00edticos, empresariales y acad\u00e9micos de la ciudad de Shangh\u00e1i \" width=\"722\" height=\"481\" srcset=\"https:\/\/www.uv.mx\/prensa\/files\/2020\/12\/131220-Foro-Shanghai-3-100k.jpg 722w, https:\/\/www.uv.mx\/prensa\/files\/2020\/12\/131220-Foro-Shanghai-3-100k-300x200.jpg 300w\" sizes=\"auto, (max-width: 722px) 100vw, 722px\" \/><\/a><p id=\"caption-attachment-91636\" class=\"wp-caption-text\">L\u00edderes pol\u00edticos, empresariales y acad\u00e9micos de la ciudad de Shangh\u00e1i<\/p><\/div>\n","protected":false},"excerpt":{"rendered":"<p>La rectora Sara Ladr\u00f3n de Guevara expuso, a trav\u00e9s de un video, la riqueza cultural del recinto, en el Foro \u201c2020 Global City Culture Forum\u201d <\/p>\n","protected":false},"author":1775,"featured_media":91637,"comment_status":"closed","ping_status":"closed","sticky":false,"template":"","format":"standard","meta":{"footnotes":""},"categories":[61],"tags":[1011,551,1008,320,1009,550,102,1012,549,286,1010],"class_list":["post-91633","post","type-post","status-publish","format-standard","has-post-thumbnail","hentry","category-banner","tag-2020-global-city-culture-forum-shanghai-new-trends-in-the-construction-of-city-culture-of-community-with-a-shared-future-for-mankind-in-the-post-pandemic-era","tag-de-guevara","tag-distrito","tag-foro","tag-hongkou","tag-ladron","tag-max","tag-museo-de-antropologia-de-xalapa","tag-rectora","tag-sara","tag-shanghai"],"_links":{"self":[{"href":"https:\/\/www.uv.mx\/prensa\/wp-json\/wp\/v2\/posts\/91633","targetHints":{"allow":["GET"]}}],"collection":[{"href":"https:\/\/www.uv.mx\/prensa\/wp-json\/wp\/v2\/posts"}],"about":[{"href":"https:\/\/www.uv.mx\/prensa\/wp-json\/wp\/v2\/types\/post"}],"author":[{"embeddable":true,"href":"https:\/\/www.uv.mx\/prensa\/wp-json\/wp\/v2\/users\/1775"}],"replies":[{"embeddable":true,"href":"https:\/\/www.uv.mx\/prensa\/wp-json\/wp\/v2\/comments?post=91633"}],"version-history":[{"count":1,"href":"https:\/\/www.uv.mx\/prensa\/wp-json\/wp\/v2\/posts\/91633\/revisions"}],"predecessor-version":[{"id":91650,"href":"https:\/\/www.uv.mx\/prensa\/wp-json\/wp\/v2\/posts\/91633\/revisions\/91650"}],"wp:featuredmedia":[{"embeddable":true,"href":"https:\/\/www.uv.mx\/prensa\/wp-json\/wp\/v2\/media\/91637"}],"wp:attachment":[{"href":"https:\/\/www.uv.mx\/prensa\/wp-json\/wp\/v2\/media?parent=91633"}],"wp:term":[{"taxonomy":"category","embeddable":true,"href":"https:\/\/www.uv.mx\/prensa\/wp-json\/wp\/v2\/categories?post=91633"},{"taxonomy":"post_tag","embeddable":true,"href":"https:\/\/www.uv.mx\/prensa\/wp-json\/wp\/v2\/tags?post=91633"}],"curies":[{"name":"wp","href":"https:\/\/api.w.org\/{rel}","templated":true}]}}