{"id":91606,"date":"2020-12-14T08:00:17","date_gmt":"2020-12-14T14:00:17","guid":{"rendered":"https:\/\/www.uv.mx\/prensa\/?p=91606"},"modified":"2020-12-14T18:47:21","modified_gmt":"2020-12-15T00:47:21","slug":"expertos-internacionales-analizaron-retos-de-los-sistemas-educativos","status":"publish","type":"post","link":"https:\/\/www.uv.mx\/prensa\/banner\/expertos-internacionales-analizaron-retos-de-los-sistemas-educativos\/","title":{"rendered":"Expertos internacionales analizaron retos de los sistemas educativos\u00a0"},"content":{"rendered":"<ul>\n<li data-leveltext=\"\uf0b7\" data-font=\"Symbol\" data-listid=\"1\" data-aria-posinset=\"1\" data-aria-level=\"1\"><i><span data-contrast=\"auto\">E<\/span><\/i><i><span data-contrast=\"auto\">l conversatorio \u201cProcesos organizacionales y alineamiento curricular\u201d<\/span><\/i> <i><span data-contrast=\"auto\">reuni\u00f3 a especialistas internacionales para reflexionar sobre <\/span><\/i><i><span data-contrast=\"auto\">los retos del sistema educativo frente a la pandemia<\/span><\/i><span data-ccp-props=\"{&quot;134233279&quot;:true}\">\u00a0<\/span><\/li>\n<\/ul>\n<p><span data-ccp-props=\"{}\">\u00a0<\/span><\/p>\n<div id=\"attachment_91596\" style=\"width: 732px\" class=\"wp-caption aligncenter\"><a href=\"https:\/\/www.uv.mx\/prensa\/files\/2020\/12\/091220-PAOLA-Conversatorio-1.jpg\"><img loading=\"lazy\" decoding=\"async\" aria-describedby=\"caption-attachment-91596\" class=\"size-full wp-image-91596\" src=\"https:\/\/www.uv.mx\/prensa\/files\/2020\/12\/091220-PAOLA-Conversatorio-1.jpg\" alt=\"\" width=\"722\" height=\"485\" srcset=\"https:\/\/www.uv.mx\/prensa\/files\/2020\/12\/091220-PAOLA-Conversatorio-1.jpg 722w, https:\/\/www.uv.mx\/prensa\/files\/2020\/12\/091220-PAOLA-Conversatorio-1-300x202.jpg 300w\" sizes=\"auto, (max-width: 722px) 100vw, 722px\" \/><\/a><p id=\"caption-attachment-91596\" class=\"wp-caption-text\">El pedagogo y exfutbolista Roberto Matosas particip\u00f3 en el conversatorio<\/p><\/div>\n<p><span data-ccp-props=\"{}\">\u00a0<\/span><\/p>\n<p><b><i><span data-contrast=\"auto\">Paola Cort\u00e9s P\u00e9rez<\/span><\/i><\/b><span data-ccp-props=\"{}\">\u00a0<\/span><\/p>\n<p><b><i><span data-contrast=\"auto\">1<\/span><\/i><\/b><b><i><span data-contrast=\"auto\">4<\/span><\/i><\/b><b><i><span data-contrast=\"auto\">\/12\/2020, Xalapa, <\/span><\/i><\/b><b><i><span data-contrast=\"auto\">Ver.-<\/span><\/i><\/b> <span data-contrast=\"auto\">El pedagogo y exfutbolista Roberto Matosas<\/span> <span data-contrast=\"auto\">afirm\u00f3<\/span><span data-contrast=\"auto\"> que <\/span><span data-contrast=\"auto\">se<\/span> <span data-contrast=\"auto\">debe <\/span><span data-contrast=\"auto\">educar no s\u00f3lo para vivir,<\/span><span data-contrast=\"auto\"> sino para formar <\/span><span data-contrast=\"auto\">en las personas <\/span><span data-contrast=\"auto\">el car\u00e1cter <\/span><span data-contrast=\"auto\">que <\/span><span data-contrast=\"auto\">les <\/span><span data-contrast=\"auto\">ayude a enfren<\/span><span data-contrast=\"auto\">tar las adversidades de la vida<\/span><span data-contrast=\"auto\">; lo anterior<\/span><span data-contrast=\"auto\">, al participar en el 1er Encuentro Internacional de Organizaciones Educativas (EIOE) \u201cUna perspectiva desde los procesos y el alineamiento curricular\u201d, organizado por la Facultad de Pedagog\u00eda de la Universidad Veracruzana (UV)<\/span><span data-contrast=\"auto\">,<\/span> <span data-contrast=\"auto\">regi\u00f3n Veracruz.<\/span><span data-ccp-props=\"{}\">\u00a0<\/span><\/p>\n<p><span data-contrast=\"auto\">La ma\u00f1ana del mi\u00e9rcoles 9 de diciembre tuvo lugar el conversatorio \u201cProcesos organizacionales y alineamiento curricular\u201d, en el que participaron: <\/span><span data-contrast=\"auto\">Gonzalo <\/span><span data-contrast=\"auto\">Jover<\/span><span data-contrast=\"auto\"> Olmeda<\/span><span data-contrast=\"auto\">, catedr\u00e1tico de la Facultad de <\/span><span data-contrast=\"auto\">Educaci\u00f3n<\/span><span data-contrast=\"auto\"> de la Universidad Complutense, Espa\u00f1a; <\/span><span data-contrast=\"auto\">Mariluz<\/span><span data-contrast=\"auto\"> Le\u00f3n \u00c1vila<\/span><span data-contrast=\"auto\">, de la Universidad de Ciencias Pedag\u00f3gicas \u201cEnrique J. Varona\u201d, <\/span><span data-contrast=\"auto\">de <\/span><span data-contrast=\"auto\">Cuba; Wang <\/span><span data-contrast=\"auto\">Fengfei<\/span><span data-contrast=\"auto\">, profesora del Centro de Idiomas de la UV; <\/span><span data-contrast=\"auto\">Andr\u00e9s Cabezas <\/span><span data-contrast=\"auto\">Corcione<\/span><span data-contrast=\"auto\">, de la Universidad Aut\u00f3noma de Chile, y <\/span><span data-contrast=\"auto\">Andrea Sarmiento Parada<\/span><span data-contrast=\"auto\">, profesora de nivel primaria de Colombia.<\/span><span data-ccp-props=\"{&quot;335559731&quot;:708}\">\u00a0<\/span><\/p>\n<p><span data-contrast=\"auto\">Roberto Matosas, <\/span><span data-contrast=\"auto\">quien <\/span><span data-contrast=\"auto\">fue uno de los moderadores, <\/span><span data-contrast=\"auto\">coment\u00f3 que ni\u00f1os y j\u00f3venes deben ser preparados en cuatro aspectos: <\/span><span data-contrast=\"auto\">educaci\u00f3n emocional, educaci\u00f3n de talentos (inteligencia pr\u00e1ctica), educaci\u00f3n de car\u00e1cter y educaci\u00f3n para conducirse a s\u00ed mismo.<\/span><span data-ccp-props=\"{&quot;335559731&quot;:708}\">\u00a0<\/span><\/p>\n<p>&nbsp;<\/p>\n<div id=\"attachment_91597\" style=\"width: 732px\" class=\"wp-caption aligncenter\"><a href=\"https:\/\/www.uv.mx\/prensa\/files\/2020\/12\/091220-PAOLA-Conversatorio-2.jpg\"><img loading=\"lazy\" decoding=\"async\" aria-describedby=\"caption-attachment-91597\" class=\"size-full wp-image-91597\" src=\"https:\/\/www.uv.mx\/prensa\/files\/2020\/12\/091220-PAOLA-Conversatorio-2.jpg\" alt=\"\" width=\"722\" height=\"482\" srcset=\"https:\/\/www.uv.mx\/prensa\/files\/2020\/12\/091220-PAOLA-Conversatorio-2.jpg 722w, https:\/\/www.uv.mx\/prensa\/files\/2020\/12\/091220-PAOLA-Conversatorio-2-300x200.jpg 300w\" sizes=\"auto, (max-width: 722px) 100vw, 722px\" \/><\/a><p id=\"caption-attachment-91597\" class=\"wp-caption-text\">Andr\u00e9s Cabezas Corcione, de la Universidad Aut\u00f3noma de Chile<\/p><\/div>\n<p>&nbsp;<\/p>\n<p><span data-contrast=\"auto\">Andr\u00e9s Cabezas <\/span><span data-contrast=\"auto\">expres\u00f3 que en este contexto global derivado del Covid-19, <\/span><span data-contrast=\"auto\">se tiene mejor conexi\u00f3n a I<\/span><span data-contrast=\"auto\">nternet que conexi\u00f3n e<\/span><span data-contrast=\"auto\">mocional, el planeta puso a prueba a todos para saber qu\u00e9 hemos aprendido no s\u00f3lo a nivel educativo.<\/span><span data-ccp-props=\"{&quot;335559731&quot;:708}\">\u00a0<\/span><\/p>\n<p><span data-contrast=\"auto\">Advirti\u00f3 que es momento para hacer una <\/span><span data-contrast=\"auto\">resignificaci\u00f3n<\/span> <span data-contrast=\"auto\">de la educaci\u00f3n, en el sentido de que el sistema educativo a nivel mundial se vio forzado a digitalizar<\/span><span data-contrast=\"auto\">, lo que <\/span><span data-contrast=\"auto\">ha <\/span><span data-contrast=\"auto\">ocasionado que la educaci\u00f3n se personalice cada vez m\u00e1s, aunque se trate de un modelo educativo h\u00edbrido.<\/span><span data-ccp-props=\"{&quot;335559731&quot;:708}\">\u00a0<\/span><\/p>\n<p><span data-contrast=\"auto\">\u201cTenemos un nivel de inteligencia que ha avanzado r\u00e1pidamente a nivel tecnol\u00f3gico y cient\u00edfico, pero \u00bfha aumentado nuestra relaci\u00f3n <\/span><span data-contrast=\"auto\">de <\/span><span data-contrast=\"auto\">bienestar? \u00bfTenemos m\u00e1s sabidur\u00eda y pensamiento cr\u00edtico?<\/span><span data-ccp-props=\"{&quot;335559731&quot;:708}\">\u00a0<\/span><\/p>\n<p><span data-contrast=\"auto\">\u201dEstamos educando para un futuro que <\/span><span data-contrast=\"auto\">quiz\u00e1<\/span><span data-contrast=\"auto\"> no <\/span><span data-contrast=\"auto\">llegue<\/span><span data-contrast=\"auto\">, hacia d\u00f3nde vamos si<\/span> <span data-contrast=\"auto\">no tendremos un escenario longitudinal en donde <\/span><span data-contrast=\"auto\">desarrollar<\/span><span data-contrast=\"auto\"> esta pedagog\u00eda.\u201d<\/span><span data-ccp-props=\"{&quot;335559731&quot;:708}\">\u00a0<\/span><\/p>\n<p>&nbsp;<\/p>\n<div id=\"attachment_91598\" style=\"width: 732px\" class=\"wp-caption aligncenter\"><a href=\"https:\/\/www.uv.mx\/prensa\/files\/2020\/12\/091220-PAOLA-Conversatorio-3.jpg\"><img loading=\"lazy\" decoding=\"async\" aria-describedby=\"caption-attachment-91598\" class=\"size-full wp-image-91598\" src=\"https:\/\/www.uv.mx\/prensa\/files\/2020\/12\/091220-PAOLA-Conversatorio-3.jpg\" alt=\"\" width=\"722\" height=\"485\" srcset=\"https:\/\/www.uv.mx\/prensa\/files\/2020\/12\/091220-PAOLA-Conversatorio-3.jpg 722w, https:\/\/www.uv.mx\/prensa\/files\/2020\/12\/091220-PAOLA-Conversatorio-3-300x202.jpg 300w\" sizes=\"auto, (max-width: 722px) 100vw, 722px\" \/><\/a><p id=\"caption-attachment-91598\" class=\"wp-caption-text\">Gonzalo Jover, catedr\u00e1tico de la Facultad de Educaci\u00f3n de la Universidad Complutense<\/p><\/div>\n<p>&nbsp;<\/p>\n<p><span data-contrast=\"auto\">Gonzalo <\/span><span data-contrast=\"auto\">Jover<\/span><span data-contrast=\"auto\"> dijo que la pandemia puso a<\/span><span data-contrast=\"auto\"> prueba los sistemas educativos, que evidentemente no estaban preparados para enfrentar la emergencia <\/span><span data-contrast=\"auto\">durante nueve meses.<\/span><span data-ccp-props=\"{&quot;335559731&quot;:708}\">\u00a0<\/span><\/p>\n<p><span data-contrast=\"auto\">Subray\u00f3 que este contexto ha mostrado <\/span><span data-contrast=\"auto\">a la escuela como un factor de igualdad social, como una instituci\u00f3n que brinda diferentes posibilidades a las clases m\u00e1s desprotegidas. <\/span><span data-contrast=\"auto\">Asimismo, <\/span><span data-contrast=\"auto\">ha dejado ver <\/span><span data-contrast=\"auto\">la solidaridad social entre las personas.<\/span><span data-ccp-props=\"{&quot;335559731&quot;:708}\">\u00a0<\/span><\/p>\n<p><span data-contrast=\"auto\">\u201cTambi\u00e9n se ha visto la voluntad de los profesores para resolver de inmediato porque no est\u00e1bamos preparados, pe<\/span><span data-contrast=\"auto\">ro han aprendido en un tiempo r\u00e9<\/span><span data-contrast=\"auto\">cord el uso de las tecnolog\u00edas de la informaci\u00f3n y comunicaci\u00f3n. Nos manifiesta que la ense\u00f1anza <\/span><i><span data-contrast=\"auto\">online<\/span><\/i><span data-contrast=\"auto\"> est\u00e1 bien, pero no lo es todo.\u201d<\/span><span data-ccp-props=\"{&quot;335559731&quot;:708}\">\u00a0<\/span><\/p>\n<p>&nbsp;<\/p>\n<div id=\"attachment_91599\" style=\"width: 732px\" class=\"wp-caption aligncenter\"><a href=\"https:\/\/www.uv.mx\/prensa\/files\/2020\/12\/091220-PAOLA-Conversatorio-4.jpg\"><img loading=\"lazy\" decoding=\"async\" aria-describedby=\"caption-attachment-91599\" class=\"size-full wp-image-91599\" src=\"https:\/\/www.uv.mx\/prensa\/files\/2020\/12\/091220-PAOLA-Conversatorio-4.jpg\" alt=\"\" width=\"722\" height=\"486\" srcset=\"https:\/\/www.uv.mx\/prensa\/files\/2020\/12\/091220-PAOLA-Conversatorio-4.jpg 722w, https:\/\/www.uv.mx\/prensa\/files\/2020\/12\/091220-PAOLA-Conversatorio-4-300x202.jpg 300w\" sizes=\"auto, (max-width: 722px) 100vw, 722px\" \/><\/a><p id=\"caption-attachment-91599\" class=\"wp-caption-text\">Wang Fengfei, profesora del Centro de Idiomas de la UV<\/p><\/div>\n<p>&nbsp;<\/p>\n<p><span data-contrast=\"auto\">En su oportunidad, Wang <\/span><span data-contrast=\"auto\">Fengfei<\/span> <span data-contrast=\"auto\">dijo que la pandemia ha impactado en la ense\u00f1anza-aprendizaje<\/span><span data-contrast=\"auto\">, por lo que debe replantearse, repensarse hacia d\u00f3nde debe ir la ense\u00f1anza, c\u00f3mo debe desarrollarse la educaci\u00f3n.<\/span><span data-ccp-props=\"{&quot;335559731&quot;:708}\">\u00a0<\/span><\/p>\n<p><span data-contrast=\"auto\">Por \u00faltimo, Andrea Sarmiento <\/span><span data-contrast=\"auto\">dijo que<\/span><span data-contrast=\"auto\"> la pandemia ha tenido un impact<\/span><span data-contrast=\"auto\">o po<\/span><span data-contrast=\"auto\">sitivo, al propiciarse apoyo y solidaridad <\/span><span data-contrast=\"auto\">entre la escuela y la familia para desarrollar los procesos educativos.<\/span><span data-ccp-props=\"{&quot;335559731&quot;:708}\">\u00a0<\/span><\/p>\n<p><span data-contrast=\"auto\">\u201c<\/span><span data-contrast=\"auto\">E<\/span><span data-contrast=\"auto\">l tema de la virtualidad nos ense\u00f1\u00f3 <\/span><span data-contrast=\"auto\">una diversidad de<\/span><span data-contrast=\"auto\"> herramientas y oportunidades que <\/span><span data-contrast=\"auto\">los profesores tuvieron<\/span><span data-contrast=\"auto\"> que aprender muy r\u00e1pido<\/span><span data-contrast=\"auto\">,<\/span><span data-contrast=\"auto\"> seguramente continuar\u00e1 siendo parte de los procesos educativos.<\/span><span data-contrast=\"auto\">\u201d<\/span><span data-ccp-props=\"{&quot;335559731&quot;:708}\">\u00a0<\/span><\/p>\n<p><span data-ccp-props=\"{}\">\u00a0<\/span><\/p>\n<div id=\"attachment_91600\" style=\"width: 732px\" class=\"wp-caption aligncenter\"><a href=\"https:\/\/www.uv.mx\/prensa\/files\/2020\/12\/091220-PAOLA-Conversatorio-5.jpg\"><img loading=\"lazy\" decoding=\"async\" aria-describedby=\"caption-attachment-91600\" class=\"size-full wp-image-91600\" src=\"https:\/\/www.uv.mx\/prensa\/files\/2020\/12\/091220-PAOLA-Conversatorio-5.jpg\" alt=\"\" width=\"722\" height=\"484\" srcset=\"https:\/\/www.uv.mx\/prensa\/files\/2020\/12\/091220-PAOLA-Conversatorio-5.jpg 722w, https:\/\/www.uv.mx\/prensa\/files\/2020\/12\/091220-PAOLA-Conversatorio-5-300x201.jpg 300w\" sizes=\"auto, (max-width: 722px) 100vw, 722px\" \/><\/a><p id=\"caption-attachment-91600\" class=\"wp-caption-text\">Andrea Sarmiento Parada, profesora de nivel primaria de Colombia<\/p><\/div>\n","protected":false},"excerpt":{"rendered":"<p>Roberto Matosas coment\u00f3 que ni\u00f1os y j\u00f3venes deben ser preparados en educaci\u00f3n emocional, de talentos, de car\u00e1cter y para conducirse a s\u00ed mismo\u00a0<\/p>\n","protected":false},"author":1869,"featured_media":91607,"comment_status":"closed","ping_status":"closed","sticky":false,"template":"","format":"standard","meta":{"footnotes":""},"categories":[61],"tags":[],"class_list":["post-91606","post","type-post","status-publish","format-standard","has-post-thumbnail","hentry","category-banner"],"_links":{"self":[{"href":"https:\/\/www.uv.mx\/prensa\/wp-json\/wp\/v2\/posts\/91606","targetHints":{"allow":["GET"]}}],"collection":[{"href":"https:\/\/www.uv.mx\/prensa\/wp-json\/wp\/v2\/posts"}],"about":[{"href":"https:\/\/www.uv.mx\/prensa\/wp-json\/wp\/v2\/types\/post"}],"author":[{"embeddable":true,"href":"https:\/\/www.uv.mx\/prensa\/wp-json\/wp\/v2\/users\/1869"}],"replies":[{"embeddable":true,"href":"https:\/\/www.uv.mx\/prensa\/wp-json\/wp\/v2\/comments?post=91606"}],"version-history":[{"count":1,"href":"https:\/\/www.uv.mx\/prensa\/wp-json\/wp\/v2\/posts\/91606\/revisions"}],"predecessor-version":[{"id":91670,"href":"https:\/\/www.uv.mx\/prensa\/wp-json\/wp\/v2\/posts\/91606\/revisions\/91670"}],"wp:featuredmedia":[{"embeddable":true,"href":"https:\/\/www.uv.mx\/prensa\/wp-json\/wp\/v2\/media\/91607"}],"wp:attachment":[{"href":"https:\/\/www.uv.mx\/prensa\/wp-json\/wp\/v2\/media?parent=91606"}],"wp:term":[{"taxonomy":"category","embeddable":true,"href":"https:\/\/www.uv.mx\/prensa\/wp-json\/wp\/v2\/categories?post=91606"},{"taxonomy":"post_tag","embeddable":true,"href":"https:\/\/www.uv.mx\/prensa\/wp-json\/wp\/v2\/tags?post=91606"}],"curies":[{"name":"wp","href":"https:\/\/api.w.org\/{rel}","templated":true}]}}