{"id":91190,"date":"2020-12-04T14:23:34","date_gmt":"2020-12-04T20:23:34","guid":{"rendered":"https:\/\/www.uv.mx\/prensa\/?p=91190"},"modified":"2020-12-08T11:25:55","modified_gmt":"2020-12-08T17:25:55","slug":"uv-y-el-colegio-nacional-presentaron-catalogo-vicente-rojo-80-anos-despues","status":"publish","type":"post","link":"https:\/\/www.uv.mx\/prensa\/cultura\/uv-y-el-colegio-nacional-presentaron-catalogo-vicente-rojo-80-anos-despues\/","title":{"rendered":"UV y El Colegio Nacional presentaron cat\u00e1logo <em>Vicente Rojo. 80 a\u00f1os despu\u00e9s<\/em>"},"content":{"rendered":"<ul>\n<li data-leveltext=\"\uf0b7\" data-font=\"Symbol\" data-listid=\"2\" data-aria-posinset=\"1\" data-aria-level=\"1\"><i><span data-contrast=\"auto\">R<\/span><\/i><i><span data-contrast=\"auto\">econstruye las experiencias de Francisco Rojo Lluch, exiliado espa\u00f1ol, en su traves\u00eda a M\u00e9xico en 1939<\/span><\/i><span data-ccp-props=\"{&quot;134233279&quot;:true}\">\u00a0<\/span><\/li>\n<\/ul>\n<p>&nbsp;<\/p>\n<div id=\"attachment_91202\" style=\"width: 732px\" class=\"wp-caption aligncenter\"><a href=\"https:\/\/www.uv.mx\/prensa\/files\/2020\/12\/031220-Vicente-Rojo-1.jpg\"><img loading=\"lazy\" decoding=\"async\" aria-describedby=\"caption-attachment-91202\" class=\"size-full wp-image-91202\" src=\"https:\/\/www.uv.mx\/prensa\/files\/2020\/12\/031220-Vicente-Rojo-1.jpg\" alt=\"\" width=\"722\" height=\"481\" srcset=\"https:\/\/www.uv.mx\/prensa\/files\/2020\/12\/031220-Vicente-Rojo-1.jpg 722w, https:\/\/www.uv.mx\/prensa\/files\/2020\/12\/031220-Vicente-Rojo-1-300x200.jpg 300w\" sizes=\"auto, (max-width: 722px) 100vw, 722px\" \/><\/a><p id=\"caption-attachment-91202\" class=\"wp-caption-text\">Vicente Rojo exhibe su obra en USBI de Boca del R\u00edo<\/p><\/div>\n<p>&nbsp;<\/p>\n<p><b><i><span data-contrast=\"auto\">Paola Cort\u00e9s P\u00e9rez<\/span><\/i><\/b><span data-ccp-props=\"{&quot;335559731&quot;:709}\">\u00a0<\/span><\/p>\n<p><b><i><span data-contrast=\"auto\">0<\/span><\/i><\/b><b><i><span data-contrast=\"auto\">4<\/span><\/i><\/b><b><i><span data-contrast=\"auto\">\/12\/2020, Xalapa, Ver.-<\/span><\/i><\/b><span data-contrast=\"auto\"> La <a href=\"https:\/\/www.uv.mx\/\" target=\"_blank\" rel=\"noopener noreferrer\">Universidad Veracruzana<\/a> (UV) <\/span><span data-contrast=\"auto\">y<\/span><span data-contrast=\"auto\"> El Colegio Na<\/span><span data-contrast=\"auto\">cional presentaron el libro-cat\u00e1<\/span><span data-contrast=\"auto\">logo <\/span><i><span data-contrast=\"auto\">Vicente Rojo. 80 a\u00f1os despu\u00e9s. Cuaderno de viaje de Francisco Rojo Lluch en el vapor <\/span><\/i><span data-contrast=\"auto\">Ipanema<\/span><i><span data-contrast=\"auto\">. Burdeos-Veracruz, junio-julio de 1939<\/span><\/i><span data-contrast=\"auto\">, <\/span><span data-contrast=\"auto\">la noche del jueves 3 de diciembre en el canal de <\/span><i><span data-contrast=\"auto\">YouTube<\/span><\/i><span data-contrast=\"auto\"> de <\/span><a href=\"https:\/\/www.youtube.com\/watch?v=rn-vCPw4pmA&amp;feature=youtu.be&amp;fbclid=IwAR26H59tnvKynCC8LRgKv0aFvAkwKvhPnArk7Q7laicSt7N1w4lwC2oXHxI&amp;ab_channel=elcolegionacionalmx\"><span data-contrast=\"none\">El Colegio Nacional<\/span><\/a><span data-contrast=\"auto\">.<\/span><span data-ccp-props=\"{&quot;335559731&quot;:709}\">\u00a0<\/span><\/p>\n<p><span data-contrast=\"auto\">S<\/span><span data-contrast=\"auto\">e trata de una historieta pict\u00f3rica que reconstruye las experiencias de Francisco Rojo Lluch, exiliado espa\u00f1ol, en su traves\u00eda por M\u00e9xico, en 1939.<\/span><span data-ccp-props=\"{&quot;335559731&quot;:709}\">\u00a0<\/span><\/p>\n<p><span data-contrast=\"auto\">Los <\/span><span data-contrast=\"auto\">comentarios <\/span><span data-contrast=\"auto\">estuvieron a cargo <\/span><span data-contrast=\"auto\">de la rectora de la UV, Sara Ladr\u00f3n de Guevara; Vicente Rojo, pintor y artista pl\u00e1stico; Carlos Torralba, artista pl\u00e1stico y acad\u00e9mico de la UV, y <\/span><span data-contrast=\"auto\">Javier Garciadiego<\/span><span data-contrast=\"auto\">, miembro de El Colegio Nacional.<\/span><span data-ccp-props=\"{&quot;335559731&quot;:708}\">\u00a0<\/span><\/p>\n<p><span data-contrast=\"auto\">Previo a la participaci\u00f3n de los invitados se present\u00f3 un video sobre cada una de las obras del maestro Vicente Rojo, realizado por \u00c1ngel Rub\u00e9n Cu\u00e9llar Mart\u00ednez, de esta casa de estudios, el cual permite un acercamiento a la exposici\u00f3n que fue inaugurada el pasado 19 noviembre en la Unidad de Servicios Bibliotecarios y de Informaci\u00f3n (USBI) <\/span><span data-contrast=\"auto\">de<\/span><span data-contrast=\"auto\"> Boca del R\u00edo.<\/span><span data-ccp-props=\"{&quot;335559731&quot;:708}\">\u00a0<\/span><\/p>\n<p><span data-contrast=\"auto\">Sara Ladr\u00f3n de Guevara agradeci\u00f3 de manera personal e institucional a El Colegio Naci<\/span><span data-contrast=\"auto\">onal por llevar la exposici\u00f3n de<\/span><span data-contrast=\"auto\"> Vicente Rojo a la regi\u00f3n Veracruz, puerta de tantas llegadas a M\u00e9xico, como lo fue el exilio espa\u00f1ol hace 80 a\u00f1os.<\/span><span data-ccp-props=\"{&quot;335559731&quot;:708}\">\u00a0<\/span><\/p>\n<p><span data-contrast=\"auto\">Coment\u00f3 que el cua<\/span><span data-contrast=\"auto\">derno de viaje de Francisco Rojo<\/span> <span data-contrast=\"auto\">Lluch<\/span><span data-contrast=\"auto\"> fue representado <\/span><span data-contrast=\"auto\">por su hijo<\/span> <span data-contrast=\"auto\">Vicente Rojo <\/span><span data-contrast=\"auto\">con un amor sublime<\/span><span data-contrast=\"auto\">,<\/span> <span data-contrast=\"auto\">en pinturas que son exhibidas en USBI <\/span><span data-contrast=\"auto\">de<\/span><span data-contrast=\"auto\"> Boca del R\u00edo.<\/span><span data-ccp-props=\"{&quot;335559731&quot;:708}\">\u00a0<\/span><\/p>\n<p><span data-contrast=\"auto\">\u201cEs recreada con sensible maestr\u00eda mediante el lenguaje pl\u00e1stico y pict\u00f3rico, expresi\u00f3n profundamente humana que relata un momento en la experiencia de vida de su padre<\/span><span data-contrast=\"auto\">.\u201d<\/span><span data-ccp-props=\"{&quot;335559731&quot;:708}\">\u00a0<\/span><\/p>\n<p><span data-contrast=\"auto\">Expres\u00f3 que se trata de una <\/span><span data-contrast=\"auto\">excelsa<\/span><span data-contrast=\"auto\"> creaci\u00f3n de narrativa visual que cuenta una historia con fundamento, donde el relato es <\/span><span data-contrast=\"auto\">representado mediante el color, la forma, la proporci\u00f3n<\/span><span data-contrast=\"auto\">, la imagen en multiplicidad creativa.<\/span><span data-ccp-props=\"{&quot;335559731&quot;:708}\">\u00a0<\/span><\/p>\n<p>&nbsp;<\/p>\n<div id=\"attachment_91201\" style=\"width: 732px\" class=\"wp-caption aligncenter\"><a href=\"https:\/\/www.uv.mx\/prensa\/files\/2020\/12\/031220-Vicente-Rojo-2.jpg\"><img loading=\"lazy\" decoding=\"async\" aria-describedby=\"caption-attachment-91201\" class=\"size-full wp-image-91201\" src=\"https:\/\/www.uv.mx\/prensa\/files\/2020\/12\/031220-Vicente-Rojo-2.jpg\" alt=\"\" width=\"722\" height=\"482\" srcset=\"https:\/\/www.uv.mx\/prensa\/files\/2020\/12\/031220-Vicente-Rojo-2.jpg 722w, https:\/\/www.uv.mx\/prensa\/files\/2020\/12\/031220-Vicente-Rojo-2-300x200.jpg 300w\" sizes=\"auto, (max-width: 722px) 100vw, 722px\" \/><\/a><p id=\"caption-attachment-91201\" class=\"wp-caption-text\">La rectora Sara Ladr\u00f3n de Guevara <span data-contrast=\"auto\">agradeci\u00f3 a El Colegio Naci<\/span><span data-contrast=\"auto\">onal por llevar la exposici\u00f3n de<\/span><span data-contrast=\"auto\"> Vicente Rojo a la regi\u00f3n Veracruz<\/span><\/p><\/div>\n<p>&nbsp;<\/p>\n<p><span data-contrast=\"auto\">\u201cEs una obra ejemplar en la que un artista pl\u00e1stico reconstruye gr\u00e1ficamente las experiencias de su padre en su traves\u00eda a M\u00e9xico hecha en 1939, en uno de los barcos llamados de la libertad: <\/span><i><span data-contrast=\"auto\">Ipanema<\/span><\/i><span data-contrast=\"auto\">.\u201d<\/span><span data-ccp-props=\"{&quot;335559731&quot;:708}\">\u00a0<\/span><\/p>\n<p><span data-contrast=\"auto\">Con respecto al libro-cat\u00e1logo, la Rectora de la UV dijo que la edici\u00f3n fue en conjunto con El Colegio Nacional, a la que sumaron la Universidad Aut\u00f3noma de Nuevo Le\u00f3n, el Museo de Artes de la Universidad de Guadalajara y el Centro Cultural Jard\u00edn Borda, de Cuernavaca, Morelos.<\/span><span data-ccp-props=\"{&quot;335559731&quot;:708}\">\u00a0<\/span><\/p>\n<p><span data-contrast=\"auto\">\u201cReafirma la memoria que articula presente con pasado, registro escrito <\/span><span data-contrast=\"auto\">\u2013<\/span><span data-contrast=\"auto\">en emocionalidad<\/span><span data-contrast=\"auto\">\u2013<\/span><span data-contrast=\"auto\"> de una traves\u00eda que es elevada a la sublimidad est\u00e9tica de Vicente Rojo.<\/span><span data-ccp-props=\"{&quot;335559731&quot;:708}\">\u00a0<\/span><\/p>\n<p><span data-contrast=\"auto\">\u201dGran obra que reinventa la narrativa hist\u00f3rica hecha imagen, gran homenaje al sufrimiento de quienes vivieron la amarga experiencia del exilio y el dulce renacer del refugio hermanado de M\u00e9xico.\u201d<\/span><span data-ccp-props=\"{&quot;335559731&quot;:708}\">\u00a0<\/span><\/p>\n<p><span data-contrast=\"auto\">Vicente Rojo, pintor y miembro de El Colegio Nacional<\/span><span data-contrast=\"auto\">, <\/span><span data-contrast=\"auto\">agradeci\u00f3 a los asistentes los mensajes sobre su padre, Francisco Rojo, quien form\u00f3 parte de ese 90 por ciento de espa\u00f1oles refugiados que llegaron a M\u00e9xico.<\/span><span data-ccp-props=\"{&quot;335559731&quot;:708}\">\u00a0<\/span><\/p>\n<p><span data-contrast=\"auto\">Cont\u00f3 que siempre le gust\u00f3<\/span><span data-contrast=\"auto\"> pintar, pero no que<\/span><span data-contrast=\"auto\">r\u00eda ser pintor, fue cuando lleg\u00f3<\/span><span data-contrast=\"auto\"> a M\u00e9xico que se dio cuenta que un pintor es <\/span><span data-contrast=\"auto\">un <\/span><span data-contrast=\"auto\">personaje importante.<\/span><span data-ccp-props=\"{&quot;335559731&quot;:708}\">\u00a0<\/span><\/p>\n<p><span data-contrast=\"auto\">\u201cUna de las maravillas que tiene M\u00e9xico es la de recibir, cuidar y enriquecer la labor de todos los exiliados espa\u00f1oles, de los que yo fui uno de ellos.\u201d<\/span><span data-ccp-props=\"{&quot;335559731&quot;:708}\">\u00a0<\/span><\/p>\n<p><span data-contrast=\"auto\">En tanto el <\/span><span data-contrast=\"auto\">historiador <\/span><span data-contrast=\"auto\">Javier <\/span><span data-contrast=\"auto\">Garciadiego<\/span> <span data-contrast=\"auto\">dijo que colabor<\/span><span data-contrast=\"auto\">\u00f3 <\/span><span data-contrast=\"auto\">en este <\/span><span data-contrast=\"auto\">cat\u00e1logo<\/span> <span data-contrast=\"auto\">con un texto de car\u00e1cter hist\u00f3rico<\/span><span data-contrast=\"auto\"> donde plasm\u00f3<\/span><span data-contrast=\"auto\"> una idea que ven\u00eda sosteniendo desde hace mucho tiempo: el exilio republicano espa\u00f1ol no es un exilio de intelectuales.<\/span><span data-ccp-props=\"{&quot;335559731&quot;:708}\">\u00a0<\/span><\/p>\n<p>&nbsp;<\/p>\n<div id=\"attachment_91200\" style=\"width: 732px\" class=\"wp-caption aligncenter\"><a href=\"https:\/\/www.uv.mx\/prensa\/files\/2020\/12\/031220-Vicente-Rojo-3.jpg\"><img loading=\"lazy\" decoding=\"async\" aria-describedby=\"caption-attachment-91200\" class=\"size-full wp-image-91200\" src=\"https:\/\/www.uv.mx\/prensa\/files\/2020\/12\/031220-Vicente-Rojo-3.jpg\" alt=\"\" width=\"722\" height=\"481\" srcset=\"https:\/\/www.uv.mx\/prensa\/files\/2020\/12\/031220-Vicente-Rojo-3.jpg 722w, https:\/\/www.uv.mx\/prensa\/files\/2020\/12\/031220-Vicente-Rojo-3-300x200.jpg 300w\" sizes=\"auto, (max-width: 722px) 100vw, 722px\" \/><\/a><p id=\"caption-attachment-91200\" class=\"wp-caption-text\">Javier Garciadiego, miembro de El Colegio Nacional, escribi\u00f3 un texto para el cat\u00e1logo<\/p><\/div>\n<p>&nbsp;<\/p>\n<p><span data-contrast=\"auto\">\u201cSi consideramos que llegaron a M\u00e9xico cerca de 25 mil espa\u00f1oles, de los cuales m\u00e1s de 800 eran considerados intelectuales, la mayor parte de los varones que llegaron eran profesionistas, m\u00e9dicos, ingenieros, abogados y muchos t\u00e9cnicos como el padre de <\/span><span data-contrast=\"auto\">Vicente Rojo, que es definido como t\u00e9cnico electricista o ingeniero mec\u00e1nico electricista.\u201d<\/span><span data-ccp-props=\"{&quot;335559731&quot;:708}\">\u00a0<\/span><\/p>\n<p><span data-contrast=\"auto\">Mencion\u00f3 que Francisco Rojo Lluch fue un valenciano radicado en Barcelona, Espa\u00f1a; se cas\u00f3 y tuvo cuatro hijos; trabaj\u00f3 26 a\u00f1os <\/span><span data-contrast=\"auto\">para la compa\u00f1\u00eda catalana de gas y electricidad, posteriormente fue parte de la administraci\u00f3n <\/span><span data-contrast=\"auto\">obrera de dicha compa\u00f1\u00eda.<\/span><span data-ccp-props=\"{&quot;335559731&quot;:708}\">\u00a0<\/span><\/p>\n<p><span data-contrast=\"auto\">\u201cAnte la derrota de la Rep\u00fablica, junto con su familia se fue a Francia, pero se tom\u00f3 la decisi\u00f3n que \u00e9l viajar\u00eda solo a M\u00e9xico<\/span><span data-contrast=\"auto\">; <\/span><span data-contrast=\"auto\">10 a\u00f1os despu\u00e9s se reuni\u00f3 con su familia.\u201d<\/span><span data-ccp-props=\"{&quot;335559731&quot;:708}\">\u00a0<\/span><\/p>\n<p><span data-contrast=\"auto\">El artista y acad\u00e9mico de la UV, Carlos Torralba, <\/span><span data-contrast=\"auto\">expres\u00f3 que la obra de<\/span><span data-contrast=\"auto\"> Vicente Rojo es muy luminosa, con grandes gotas de color, \u201ces una verdadera alegr\u00eda ver estas piezas\u201d.<\/span><span data-ccp-props=\"{&quot;335559731&quot;:708}\">\u00a0<\/span><\/p>\n<p><span data-contrast=\"auto\">Dijo que e<\/span><span data-contrast=\"auto\">n el cat\u00e1<\/span><span data-contrast=\"auto\">logo se pueden observar muchos encuentros y desencuentros que tiene Vicente Rojo, e <\/span><i><span data-contrast=\"auto\">Ipanema<\/span><\/i><span data-contrast=\"auto\"> es el encuentro que ha tenido siempre en su obra.<\/span><span data-ccp-props=\"{&quot;335559731&quot;:708}\">\u00a0<\/span><\/p>\n<p><span data-contrast=\"auto\">\u201cCuando se observan las piezas habla de la recuperaci\u00f3n de la personalidad del artista, recupera una esencia y da como resultado una serie de piezas maravillosas que encontramos en esta exposici\u00f3n.<\/span><span data-ccp-props=\"{&quot;335559731&quot;:708}\">\u00a0<\/span><\/p>\n<p><span data-contrast=\"auto\">\u201dEs una manera de recuperar una de las propuestas que Vicente Rojo tiene, seguir disfrutando la obra pl\u00e1stica y el dise\u00f1o editorial de esta escuela, que enriquecen su <\/span><span data-contrast=\"auto\">cultura visual con las obras de<\/span><span data-contrast=\"auto\"> Vicente Rojo.\u201d<\/span><span data-ccp-props=\"{&quot;335559731&quot;:708}\">\u00a0<\/span><\/p>\n<p><span data-contrast=\"auto\">A la presentaci\u00f3n asisti\u00f3 el vicerrector de la regi\u00f3n Veracruz de la UV, <\/span><span data-contrast=\"auto\">Alfonso Gerardo P\u00e9rez Morales<\/span><span data-contrast=\"auto\">.<\/span><span data-ccp-props=\"{&quot;335559731&quot;:708}\">\u00a0<\/span><\/p>\n<p>&nbsp;<\/p>\n<div id=\"attachment_91199\" style=\"width: 732px\" class=\"wp-caption aligncenter\"><a href=\"https:\/\/www.uv.mx\/prensa\/files\/2020\/12\/031220-Vicente-Rojo-4.jpg\"><img loading=\"lazy\" decoding=\"async\" aria-describedby=\"caption-attachment-91199\" class=\"size-full wp-image-91199\" src=\"https:\/\/www.uv.mx\/prensa\/files\/2020\/12\/031220-Vicente-Rojo-4.jpg\" alt=\"\" width=\"722\" height=\"481\" srcset=\"https:\/\/www.uv.mx\/prensa\/files\/2020\/12\/031220-Vicente-Rojo-4.jpg 722w, https:\/\/www.uv.mx\/prensa\/files\/2020\/12\/031220-Vicente-Rojo-4-300x200.jpg 300w\" sizes=\"auto, (max-width: 722px) 100vw, 722px\" \/><\/a><p id=\"caption-attachment-91199\" class=\"wp-caption-text\">Carlos Torralba expres\u00f3 que la obra de Vicente Rojo es muy luminosa y representa una verdadera alegr\u00eda<\/p><\/div>\n","protected":false},"excerpt":{"rendered":"<p>Se trata de una historieta pict\u00f3rica que reconstruye las experiencias de Francisco Rojo Lluch, exiliado espa\u00f1ol, en su traves\u00eda por M\u00e9xico hecha en 1939<\/p>\n","protected":false},"author":1508,"featured_media":91203,"comment_status":"closed","ping_status":"closed","sticky":false,"template":"","format":"standard","meta":{"footnotes":""},"categories":[11,61],"tags":[],"class_list":["post-91190","post","type-post","status-publish","format-standard","has-post-thumbnail","hentry","category-cultura","category-banner"],"_links":{"self":[{"href":"https:\/\/www.uv.mx\/prensa\/wp-json\/wp\/v2\/posts\/91190","targetHints":{"allow":["GET"]}}],"collection":[{"href":"https:\/\/www.uv.mx\/prensa\/wp-json\/wp\/v2\/posts"}],"about":[{"href":"https:\/\/www.uv.mx\/prensa\/wp-json\/wp\/v2\/types\/post"}],"author":[{"embeddable":true,"href":"https:\/\/www.uv.mx\/prensa\/wp-json\/wp\/v2\/users\/1508"}],"replies":[{"embeddable":true,"href":"https:\/\/www.uv.mx\/prensa\/wp-json\/wp\/v2\/comments?post=91190"}],"version-history":[{"count":1,"href":"https:\/\/www.uv.mx\/prensa\/wp-json\/wp\/v2\/posts\/91190\/revisions"}],"predecessor-version":[{"id":91364,"href":"https:\/\/www.uv.mx\/prensa\/wp-json\/wp\/v2\/posts\/91190\/revisions\/91364"}],"wp:featuredmedia":[{"embeddable":true,"href":"https:\/\/www.uv.mx\/prensa\/wp-json\/wp\/v2\/media\/91203"}],"wp:attachment":[{"href":"https:\/\/www.uv.mx\/prensa\/wp-json\/wp\/v2\/media?parent=91190"}],"wp:term":[{"taxonomy":"category","embeddable":true,"href":"https:\/\/www.uv.mx\/prensa\/wp-json\/wp\/v2\/categories?post=91190"},{"taxonomy":"post_tag","embeddable":true,"href":"https:\/\/www.uv.mx\/prensa\/wp-json\/wp\/v2\/tags?post=91190"}],"curies":[{"name":"wp","href":"https:\/\/api.w.org\/{rel}","templated":true}]}}