{"id":91067,"date":"2020-12-03T07:59:22","date_gmt":"2020-12-03T13:59:22","guid":{"rendered":"https:\/\/www.uv.mx\/prensa\/?p=91067"},"modified":"2020-12-03T12:08:23","modified_gmt":"2020-12-03T18:08:23","slug":"investigador-de-la-uv-publico-biografia-de-el-baron-de-gros","status":"publish","type":"post","link":"https:\/\/www.uv.mx\/prensa\/cultura\/investigador-de-la-uv-publico-biografia-de-el-baron-de-gros\/","title":{"rendered":"Investigador de la UV public\u00f3 biograf\u00eda de El Bar\u00f3n de Gros"},"content":{"rendered":"<ul>\n<li><em>Efr\u00e9n Ortiz Dom\u00ednguez , del Instituto de Investigaciones Ling\u00fc\u00edstico-Literarias, gan\u00f3 una beca para proyectos independientes, otorgada por el Instituto Distrital de las Artes de Colombia<\/em><\/li>\n<\/ul>\n<p>&nbsp;<\/p>\n<div id=\"attachment_91068\" style=\"width: 732px\" class=\"wp-caption aligncenter\"><a href=\"https:\/\/www.uv.mx\/prensa\/files\/2020\/12\/301120-Libro-Efren-Ortiz.jpg\"><img aria-describedby=\"caption-attachment-91068\" decoding=\"async\" loading=\"lazy\" class=\"size-full wp-image-91068\" src=\"https:\/\/www.uv.mx\/prensa\/files\/2020\/12\/301120-Libro-Efren-Ortiz.jpg\" alt=\"\" width=\"722\" height=\"481\" srcset=\"https:\/\/www.uv.mx\/prensa\/files\/2020\/12\/301120-Libro-Efren-Ortiz.jpg 722w, https:\/\/www.uv.mx\/prensa\/files\/2020\/12\/301120-Libro-Efren-Ortiz-300x200.jpg 300w\" sizes=\"(max-width: 722px) 100vw, 722px\" \/><\/a><p id=\"caption-attachment-91068\" class=\"wp-caption-text\">El investigador consult\u00f3 archivos de Francia, M\u00e9xico y Colombia para reunir informaci\u00f3n sobre Jean Baptiste Louis, Bar\u00f3n de Gros<\/p><\/div>\n<p>&nbsp;<\/p>\n<p><b><i><span data-contrast=\"auto\">Paola Cort\u00e9s P\u00e9rez<\/span><\/i><\/b><span data-ccp-props=\"{&quot;201341983&quot;:0,&quot;335559739&quot;:160,&quot;335559740&quot;:240}\">\u00a0<\/span><\/p>\n<p><b><i><span data-contrast=\"auto\">03<\/span><\/i><\/b><b><i><span data-contrast=\"auto\">\/1<\/span><\/i><\/b><b><i><span data-contrast=\"auto\">2<\/span><\/i><\/b><b><i><span data-contrast=\"auto\">\/2020, Xalapa, <\/span><\/i><\/b><b><i><span data-contrast=\"auto\">Ver.-<\/span><\/i><\/b> <span data-contrast=\"auto\">Efr\u00e9n <\/span><span data-contrast=\"auto\">Ortiz Dom\u00ednguez, i<\/span><span data-contrast=\"auto\">ntegrante <\/span><span data-contrast=\"auto\">del<a href=\"https:\/\/www.uv.mx\/inslit\/\" target=\"_blank\" rel=\"noopener noreferrer\"> Instituto de Investigaciones <\/a><\/span><span data-contrast=\"auto\">Ling\u00fc\u00edstico<\/span><span data-contrast=\"auto\">-Literar<\/span><span data-contrast=\"auto\">ias (IIL-L)<\/span><span data-contrast=\"auto\"> de la Universidad Veracruzana (UV), dijo que es importante <\/span><span data-contrast=\"auto\">rescatar la <\/span><span data-contrast=\"auto\">historia y trabajo de pintores y viajeros europeos que estuvieron en el continente americano<\/span><span data-contrast=\"auto\">, porque se trata de una memoria gr\u00e1fica.<\/span><span data-ccp-props=\"{&quot;201341983&quot;:0,&quot;335559739&quot;:160,&quot;335559740&quot;:240}\">\u00a0<\/span><\/p>\n<p><span data-contrast=\"auto\">Lo anterior al presentar su m\u00e1s reciente libro, <\/span><i><span data-contrast=\"auto\">La biograf\u00eda de Jean <\/span><\/i><i><span data-contrast=\"auto\">Baptiste<\/span><\/i><i><span data-contrast=\"auto\"> Louis, Bar\u00f3n de Gros. Una vida entre cimas y abismos<\/span><\/i><span data-contrast=\"auto\">, <\/span><span data-contrast=\"auto\">coeditado por los sellos Luna Libros y Laguna Libros, correspondiente a la Serie Biograf\u00edas.<\/span><span data-contrast=\"auto\">\u00a0<\/span><span data-ccp-props=\"{&quot;201341983&quot;:0,&quot;335559731&quot;:708,&quot;335559739&quot;:160,&quot;335559740&quot;:240}\">\u00a0<\/span><\/p>\n<p><span data-contrast=\"auto\">Dich<\/span><span data-contrast=\"auto\">a obra <\/span><span data-contrast=\"auto\">obtuvo<\/span><span data-contrast=\"auto\"> la beca para proyectos editoriales independientes, emergentes y comunitarios, <\/span><span data-contrast=\"auto\">concedida<\/span><span data-contrast=\"auto\"> por el Programa Distrital de Est\u00edmulos (PDE) del Instituto Distrital de las Artes (<\/span><i><span data-contrast=\"auto\">Idartes<\/span><\/i><span data-contrast=\"auto\">) <\/span><span data-contrast=\"auto\">de Colombia, <\/span><span data-contrast=\"auto\">en 2020.<\/span><span data-ccp-props=\"{&quot;201341983&quot;:0,&quot;335559731&quot;:708,&quot;335559739&quot;:160,&quot;335559740&quot;:240}\">\u00a0<\/span><\/p>\n<p><span data-contrast=\"auto\">La presentaci\u00f3n consisti\u00f3 en <\/span><span data-contrast=\"auto\">un <\/span><span data-contrast=\"auto\">conversatorio <\/span><span data-contrast=\"auto\">que sostuvo <\/span><span data-contrast=\"auto\">el escritor<\/span> <span data-contrast=\"auto\">con Natalia Guti\u00e9rrez, curadora e historiadora de arte, que fue transmitida en la p\u00e1gina <\/span><i><span data-contrast=\"auto\">Facebook<\/span><\/i> <span data-contrast=\"auto\">de la Librer\u00eda LERNER.<\/span><span data-ccp-props=\"{&quot;201341983&quot;:0,&quot;335559731&quot;:708,&quot;335559739&quot;:160,&quot;335559740&quot;:240}\">\u00a0<\/span><\/p>\n<p><span data-contrast=\"auto\">Este libro es resultado de un trabajo de investigaci\u00f3n <\/span><span data-contrast=\"auto\">realizado durante a\u00f1os en archivos <\/span><span data-contrast=\"auto\">de Francia, M\u00e9xico y Colombia<\/span><span data-contrast=\"auto\">, para reunir <\/span><span data-contrast=\"auto\">historias sobre este personaje del siglo XIX, <\/span><span data-contrast=\"auto\">Jean Baptiste Louis, Bar\u00f3n de Gros<\/span><span data-contrast=\"auto\">.<\/span><span data-ccp-props=\"{&quot;201341983&quot;:0,&quot;335559731&quot;:708,&quot;335559739&quot;:160,&quot;335559740&quot;:240}\">\u00a0<\/span><\/p>\n<p><span data-contrast=\"auto\">El autor comparti\u00f3: <\/span><span data-contrast=\"auto\">\u201cS<\/span><span data-contrast=\"auto\">e<\/span><span data-contrast=\"auto\"> ha cometido una injusticia con el Bar\u00f3n de Gros, <\/span><span data-contrast=\"auto\">se ha dado por hecho que se ha escrito suficiente sobre \u00e9l<\/span><span data-contrast=\"auto\"> porque hay una monograf\u00eda<\/span><span data-contrast=\"auto\"> acerca de sus pinturas \u2013<\/span><span data-contrast=\"auto\">apenas tiene 12 p<\/span><span data-contrast=\"auto\">\u00e1g<\/span><span data-contrast=\"auto\">inas\u2013<\/span><span data-contrast=\"auto\">, entonces piensan que nadie puede escribir sobre \u00e9l porque un cr\u00edtico del arte ya lo ha hecho.<\/span><span data-contrast=\"auto\"> Esto me despert\u00f3 la curiosidad, hice un seguimiento y quiz\u00e1 no haya m\u00e1s de 30 p\u00e1ginas que hablen de \u00e9l.<\/span><span data-contrast=\"auto\">\u201d<\/span><span data-ccp-props=\"{&quot;201341983&quot;:0,&quot;335559731&quot;:708,&quot;335559739&quot;:160,&quot;335559740&quot;:240}\">\u00a0<\/span><\/p>\n<p>&nbsp;<\/p>\n<div id=\"attachment_91069\" style=\"width: 338px\" class=\"wp-caption aligncenter\"><a href=\"https:\/\/www.uv.mx\/prensa\/files\/2020\/12\/301120-Libro-Efren-Ortiz-2.jpg\"><img aria-describedby=\"caption-attachment-91069\" decoding=\"async\" loading=\"lazy\" class=\"size-full wp-image-91069\" src=\"https:\/\/www.uv.mx\/prensa\/files\/2020\/12\/301120-Libro-Efren-Ortiz-2.jpg\" alt=\"\" width=\"328\" height=\"481\" srcset=\"https:\/\/www.uv.mx\/prensa\/files\/2020\/12\/301120-Libro-Efren-Ortiz-2.jpg 328w, https:\/\/www.uv.mx\/prensa\/files\/2020\/12\/301120-Libro-Efren-Ortiz-2-205x300.jpg 205w\" sizes=\"(max-width: 328px) 100vw, 328px\" \/><\/a><p id=\"caption-attachment-91069\" class=\"wp-caption-text\">La obra fue <span data-contrast=\"auto\">coeditada por los sellos Luna Libros y Laguna Libros<\/span><\/p><\/div>\n<p>&nbsp;<\/p>\n<p><span data-contrast=\"auto\">Expres\u00f3 que el Bar\u00f3n de Gros fue un artista que, <\/span><span data-contrast=\"auto\">junto con otros <\/span><span data-contrast=\"auto\">colegas<\/span><span data-contrast=\"auto\">, <\/span><span data-contrast=\"auto\">grabaron muchas im\u00e1genes de las personas, de las ciudades y de los paisajes del siglo XIX, <\/span><span data-contrast=\"auto\">convirti\u00e9ndose en una memoria gr\u00e1fica sumamente importante<\/span><span data-contrast=\"auto\">, porque rescataron para el presente y el futuro un conjunto de im\u00e1genes de c\u00f3mo eran <\/span><span data-contrast=\"auto\">M\u00e9xico y Colombia cuando <\/span><span data-contrast=\"auto\">apenas<\/span><span data-contrast=\"auto\"> emerg<\/span><span data-contrast=\"auto\">\u00edan <\/span><span data-contrast=\"auto\">como pa\u00edses.<\/span><span data-ccp-props=\"{&quot;201341983&quot;:0,&quot;335559731&quot;:708,&quot;335559739&quot;:160,&quot;335559740&quot;:240}\">\u00a0<\/span><\/p>\n<p><span data-contrast=\"auto\">Sus cuadros, <\/span><span data-contrast=\"auto\">agreg<\/span><span data-contrast=\"auto\">\u00f3, <\/span><span data-contrast=\"auto\">muestran a un viajero <\/span><span data-contrast=\"auto\">intr\u00e9pido<\/span><span data-contrast=\"auto\">, con una fascinaci\u00f3n y encanto por <\/span><span data-contrast=\"auto\">la gente y los paisajes; esto lo llev<\/span><span data-contrast=\"auto\">\u00f3<\/span><span data-contrast=\"auto\"> a escalar la cumbre del Popocat\u00e9petl<\/span><span data-contrast=\"auto\">.<\/span><span data-contrast=\"auto\"> Fue un hombre con una cultura v<\/span><span data-contrast=\"auto\">asta<\/span><span data-contrast=\"auto\"> y<\/span><span data-contrast=\"auto\"> con un <\/span><span data-contrast=\"auto\">sentido <\/span><span data-contrast=\"auto\">est\u00e9tico<\/span><span data-contrast=\"auto\">.<\/span><span data-ccp-props=\"{&quot;201341983&quot;:0,&quot;335559731&quot;:708,&quot;335559739&quot;:160,&quot;335559740&quot;:240}\">\u00a0<\/span><\/p>\n<p><span data-contrast=\"auto\">El libro, dijo, contiene informaci\u00f3n obtenida <\/span><span data-contrast=\"auto\">a partir de ensayos cr\u00edticos, recortes de peri\u00f3dicos, documentos personales, investigaci\u00f3n <\/span><span data-contrast=\"auto\">geneal\u00f3gica<\/span><span data-contrast=\"auto\">, consulta en archivos, entre otras.<\/span><span data-ccp-props=\"{&quot;201341983&quot;:0,&quot;335559731&quot;:708,&quot;335559739&quot;:160,&quot;335559740&quot;:240}\">\u00a0<\/span><\/p>\n<p><span data-contrast=\"auto\">\u201cAgradezco a todos aquellos que hicieron posible que esta grandiosa aventura de la investigaci\u00f3n culmine con la publicaci\u00f3n de este libro<\/span><span data-contrast=\"auto\">.\u201d<\/span><span data-ccp-props=\"{&quot;201341983&quot;:0,&quot;335559731&quot;:708,&quot;335559739&quot;:160,&quot;335559740&quot;:240}\">\u00a0<\/span><\/p>\n<p><span data-contrast=\"auto\">Natalia <\/span><span data-contrast=\"auto\">Guti\u00e9rrez<\/span> <span data-contrast=\"auto\">agradeci\u00f3<\/span> <span data-contrast=\"auto\">a <\/span><span data-contrast=\"auto\">Efr\u00e9n Ortiz<\/span> <span data-contrast=\"auto\">el trabajo y publicaci\u00f3n de <\/span><span data-contrast=\"auto\">esta obra<\/span><span data-contrast=\"auto\"> que contribuye a la historia del arte latinoamericano<\/span><span data-contrast=\"auto\"> y<\/span><span data-contrast=\"auto\"> mu<\/span><span data-contrast=\"auto\">estra una visi\u00f3n sob<\/span><span data-contrast=\"auto\">re el romanticismo experimental.<\/span><span data-contrast=\"auto\"> \u201c<\/span><span data-contrast=\"auto\">E<\/span><span data-contrast=\"auto\">s una biograf\u00eda que vale la pena mucho leer\u201d.<\/span><span data-ccp-props=\"{&quot;201341983&quot;:0,&quot;335559731&quot;:708,&quot;335559739&quot;:160,&quot;335559740&quot;:240}\">\u00a0<\/span><\/p>\n","protected":false},"excerpt":{"rendered":"<p>Efr\u00e9n Ortiz , del Instituto de Investigaciones Ling\u00fc\u00edstico-Literarias, gan\u00f3 una beca para proyectos independientes, otorgada por el Instituto Distrital de las Artes de Colombia\u00a0<\/p>\n","protected":false},"author":1508,"featured_media":91070,"comment_status":"closed","ping_status":"closed","sticky":false,"template":"","format":"standard","meta":[],"categories":[11,61],"tags":[],"_links":{"self":[{"href":"https:\/\/www.uv.mx\/prensa\/wp-json\/wp\/v2\/posts\/91067"}],"collection":[{"href":"https:\/\/www.uv.mx\/prensa\/wp-json\/wp\/v2\/posts"}],"about":[{"href":"https:\/\/www.uv.mx\/prensa\/wp-json\/wp\/v2\/types\/post"}],"author":[{"embeddable":true,"href":"https:\/\/www.uv.mx\/prensa\/wp-json\/wp\/v2\/users\/1508"}],"replies":[{"embeddable":true,"href":"https:\/\/www.uv.mx\/prensa\/wp-json\/wp\/v2\/comments?post=91067"}],"version-history":[{"count":1,"href":"https:\/\/www.uv.mx\/prensa\/wp-json\/wp\/v2\/posts\/91067\/revisions"}],"predecessor-version":[{"id":91082,"href":"https:\/\/www.uv.mx\/prensa\/wp-json\/wp\/v2\/posts\/91067\/revisions\/91082"}],"wp:featuredmedia":[{"embeddable":true,"href":"https:\/\/www.uv.mx\/prensa\/wp-json\/wp\/v2\/media\/91070"}],"wp:attachment":[{"href":"https:\/\/www.uv.mx\/prensa\/wp-json\/wp\/v2\/media?parent=91067"}],"wp:term":[{"taxonomy":"category","embeddable":true,"href":"https:\/\/www.uv.mx\/prensa\/wp-json\/wp\/v2\/categories?post=91067"},{"taxonomy":"post_tag","embeddable":true,"href":"https:\/\/www.uv.mx\/prensa\/wp-json\/wp\/v2\/tags?post=91067"}],"curies":[{"name":"wp","href":"https:\/\/api.w.org\/{rel}","templated":true}]}}