{"id":91049,"date":"2020-12-02T22:01:27","date_gmt":"2020-12-03T04:01:27","guid":{"rendered":"https:\/\/www.uv.mx\/prensa\/?p=91049"},"modified":"2020-12-03T12:14:52","modified_gmt":"2020-12-03T18:14:52","slug":"cultivos-energeticos-alternativa-para-la-produccion-de-biocombustibles","status":"publish","type":"post","link":"https:\/\/www.uv.mx\/prensa\/ciencia\/cultivos-energeticos-alternativa-para-la-produccion-de-biocombustibles\/","title":{"rendered":"Cultivos energ\u00e9ticos, alternativa para la producci\u00f3n de biocombustibles"},"content":{"rendered":"<ul>\n<li><em>H\u00e9ctor Antonio Ruiz, investigador de la Universidad Aut\u00f3noma de Coahuila, <span data-contrast=\"auto\">ofreci\u00f3 la conferencia <\/span><span data-contrast=\"none\">\u201c<\/span><span data-contrast=\"none\">Tecnolog\u00edas de conversi\u00f3n de biomasa para la producci\u00f3n de biocombustibles y compuestos de alto valor agregado en t\u00e9rminos de una <\/span><span data-contrast=\"none\">biorrefiner\u00eda<\/span><span data-contrast=\"none\">\u201d<\/span><br \/>\n<\/em><\/li>\n<\/ul>\n<p>&nbsp;<\/p>\n<div id=\"attachment_91052\" style=\"width: 732px\" class=\"wp-caption aligncenter\"><a href=\"https:\/\/www.uv.mx\/prensa\/files\/2020\/12\/021220-Conferencia-cultivos-energeticos-1.jpg\"><img aria-describedby=\"caption-attachment-91052\" decoding=\"async\" loading=\"lazy\" class=\"size-full wp-image-91052\" src=\"https:\/\/www.uv.mx\/prensa\/files\/2020\/12\/021220-Conferencia-cultivos-energeticos-1.jpg\" alt=\"\" width=\"722\" height=\"481\" srcset=\"https:\/\/www.uv.mx\/prensa\/files\/2020\/12\/021220-Conferencia-cultivos-energeticos-1.jpg 722w, https:\/\/www.uv.mx\/prensa\/files\/2020\/12\/021220-Conferencia-cultivos-energeticos-1-300x200.jpg 300w\" sizes=\"(max-width: 722px) 100vw, 722px\" \/><\/a><p id=\"caption-attachment-91052\" class=\"wp-caption-text\">H\u00e9ctor Antonio Ruiz particip\u00f3 en <span data-contrast=\"auto\">el 14 Simposio Interno de Investigaci\u00f3n y Docencia del <\/span><i><span data-contrast=\"auto\">Inbioteca<\/span><\/i><\/p><\/div>\n<p>&nbsp;<\/p>\n<p><b><i><span data-contrast=\"auto\">Jos\u00e9 Luis <\/span><\/i><\/b><b><i><span data-contrast=\"auto\">Couttolenc<\/span><\/i><\/b><b><i><span data-contrast=\"auto\"> Soto<\/span><\/i><\/b><span data-ccp-props=\"{&quot;201341983&quot;:0,&quot;335559739&quot;:0,&quot;335559740&quot;:240}\">\u00a0<\/span><\/p>\n<p><b><i><span data-contrast=\"auto\">02<\/span><\/i><\/b><b><i><span data-contrast=\"auto\">\/<\/span><\/i><\/b><b><i><span data-contrast=\"auto\">1<\/span><\/i><\/b><b><i><span data-contrast=\"auto\">2<\/span><\/i><\/b><b><i><span data-contrast=\"auto\">\/2020, Xalapa, Ver.-<\/span><\/i><\/b> <span data-contrast=\"auto\">E<\/span><span data-contrast=\"auto\">l programa de conferencias del 14 Simposio Interno de Investigaci\u00f3n y Docencia del <a href=\"https:\/\/www.uv.mx\/inbioteca\/\" target=\"_blank\" rel=\"noopener noreferrer\">Instituto de Biotecnolog\u00eda y Ecolog\u00eda Aplicada<\/a> (<\/span><i><span data-contrast=\"auto\">Inbioteca<\/span><\/i><span data-contrast=\"auto\">) de la Universidad Veracruzana (UV)<\/span><span data-contrast=\"auto\"> inici\u00f3 con la participaci\u00f3n d<\/span><span data-contrast=\"auto\">el investigador H\u00e9ctor Antonio Ruiz Leza<\/span><span data-contrast=\"auto\">, quien <\/span><span data-contrast=\"auto\">asegur\u00f3 que<\/span> <span data-contrast=\"auto\">los cultivos energ\u00e9ticos son una gran alternativa para la bioeconom\u00eda en la producci\u00f3n de biocombustibles, siguiendo la filosof\u00eda de la sustentabilidad.<\/span><span data-ccp-props=\"{&quot;201341983&quot;:0,&quot;335559739&quot;:0,&quot;335559740&quot;:240}\">\u00a0<\/span><\/p>\n<p><span data-contrast=\"auto\">El profesor investigador de la Universidad Aut\u00f3noma de Coahuila (UAdeC), ofreci\u00f3 la conferencia <\/span><span data-contrast=\"none\">\u201c<\/span><span data-contrast=\"none\">Tecnolog\u00edas de conversi\u00f3n de biomasa para la producci\u00f3n de biocombustibles y compuestos de alto valor agregado en t\u00e9rminos de una <\/span><span data-contrast=\"none\">biorrefiner\u00eda<\/span><span data-contrast=\"none\">\u201d<\/span><span data-contrast=\"none\">, en la que destac\u00f3 que \u201cdebemos estar preparados <\/span><span data-contrast=\"none\">para utilizar de la mejor manera los recursos naturales, hacerlos eficientes para no <\/span><span data-contrast=\"none\">contamina<\/span><span data-contrast=\"none\">r <\/span><span data-contrast=\"none\">m\u00e1s y trabajar en la sustentabilidad a fin de no poner en riesgo a las nuevas generaciones\u201d.<\/span><span data-ccp-props=\"{&quot;201341983&quot;:0,&quot;335559739&quot;:0,&quot;335559740&quot;:240}\">\u00a0<\/span><\/p>\n<p><span data-contrast=\"none\">Dijo que gracias a los conocim<\/span><span data-contrast=\"none\">ientos generados por la qu\u00edmica<\/span><span data-contrast=\"none\"> se pueden obtener numerosos y variados productos derivados del petr\u00f3leo, principalmente combustibles que se usan a diario y que han revolucionado al mundo moderno, separaci\u00f3n y transformaci\u00f3n que se lleva a cabo al interior de las refiner\u00edas.<\/span><span data-ccp-props=\"{&quot;201341983&quot;:0,&quot;335559739&quot;:0,&quot;335559740&quot;:240}\">\u00a0<\/span><\/p>\n<p><span data-contrast=\"auto\">Sin embargo, expuso que el<\/span><span data-contrast=\"auto\"> petr\u00f3leo tiene un punto finito, <\/span><span data-contrast=\"auto\">por lo que alg\u00fan d\u00eda se va a agotar para dar paso a la bioeconom\u00eda a partir de la biomasa (materia org\u00e1nica utilizada como fuente de energ\u00eda), lo que hace necesario dar ya el salto hacia alternativas de materias primas que puedan sustituir los derivados del petr\u00f3leo.<\/span><span data-ccp-props=\"{&quot;201341983&quot;:0,&quot;335559739&quot;:0,&quot;335559740&quot;:240}\">\u00a0<\/span><\/p>\n<p><span data-contrast=\"auto\">En consecuencia,<\/span><span data-contrast=\"auto\"> el l\u00edder del Grupo de Biorrefiner\u00eda de la UAdeC y miembro del Sistema Na<\/span><span data-contrast=\"auto\">cional de Investigadores (SNI) N<\/span><span data-contrast=\"auto\">ivel <\/span><span data-contrast=\"auto\">2<\/span><span data-contrast=\"auto\">, expuso que como cient\u00edficos buscan desarrollar procesos y tecnolog\u00edas que optimicen estos recursos para obtener nuevos productos que sean ben\u00e9ficos a la sociedad.<\/span><span data-ccp-props=\"{&quot;201341983&quot;:0,&quot;335559739&quot;:160,&quot;335559740&quot;:240}\">\u00a0<\/span><\/p>\n<p>&nbsp;<\/p>\n<div id=\"attachment_91051\" style=\"width: 750px\" class=\"wp-caption aligncenter\"><a href=\"https:\/\/www.uv.mx\/prensa\/files\/2020\/12\/021220-Conferencia-cultivos-energeticos-2.jpg\"><img aria-describedby=\"caption-attachment-91051\" decoding=\"async\" loading=\"lazy\" class=\"size-full wp-image-91051\" src=\"https:\/\/www.uv.mx\/prensa\/files\/2020\/12\/021220-Conferencia-cultivos-energeticos-2.jpg\" alt=\"\" width=\"740\" height=\"481\" srcset=\"https:\/\/www.uv.mx\/prensa\/files\/2020\/12\/021220-Conferencia-cultivos-energeticos-2.jpg 740w, https:\/\/www.uv.mx\/prensa\/files\/2020\/12\/021220-Conferencia-cultivos-energeticos-2-300x195.jpg 300w\" sizes=\"(max-width: 740px) 100vw, 740px\" \/><\/a><p id=\"caption-attachment-91051\" class=\"wp-caption-text\">Es necesario dar el salto hacia alternativas de materias primas que sustituyan los derivados del petr\u00f3leo<\/p><\/div>\n<p>&nbsp;<\/p>\n<p><span data-contrast=\"auto\">\u201cCon <\/span><span data-contrast=\"auto\">el nuevo concepto de la filosof\u00eda de la sustentabilidad, que es la bioeconom\u00eda, pretendemos no seguir la misma tendencia de ut<\/span><span data-contrast=\"auto\">iliza<\/span><span data-contrast=\"auto\">r <\/span><span data-contrast=\"auto\">materiales f\u00f3siles<\/span><span data-contrast=\"auto\"> provenientes del petr\u00f3leo, <\/span><span data-contrast=\"auto\">sino<\/span> <span data-contrast=\"auto\">usar<\/span><span data-contrast=\"auto\"> procesos sustentables basados en una econom\u00eda y e<\/span><span data-contrast=\"auto\">n materias primas como biomasas;<\/span><span data-contrast=\"auto\"> lo que se pretende es tener un crecimiento econ\u00f3mico, ambiental, un desarrollo sustentab<\/span><span data-contrast=\"auto\">le, y tener menos contaminaci\u00f3n.\u201d<\/span><span data-ccp-props=\"{&quot;201341983&quot;:0,&quot;335559739&quot;:160,&quot;335559740&quot;:240}\">\u00a0<\/span><\/p>\n<p><span data-contrast=\"auto\">D<\/span><span data-contrast=\"auto\">efini<\/span><span data-contrast=\"auto\">\u00f3 a<\/span><span data-contrast=\"auto\"> la <\/span><span data-contrast=\"auto\">biorrefiner\u00eda<\/span><span data-contrast=\"auto\"> como la conversi\u00f3n de biomasa (lignocelul\u00f3sica y acu\u00e1tica) en biocombustibles y compuestos de alto valor a\u00f1adido a trav\u00e9s de la integraci\u00f3n de procesos limpios, <\/span><span data-contrast=\"auto\">y <\/span><span data-contrast=\"auto\">refiri\u00f3 que se han buscado t\u00e9cnicas que impliquen el uso de fuentes para genera<\/span><span data-contrast=\"auto\">r energ\u00eda limpia y sustentable.<\/span><span data-ccp-props=\"{&quot;201341983&quot;:0,&quot;335559739&quot;:160,&quot;335559740&quot;:240}\">\u00a0<\/span><\/p>\n<p><span data-contrast=\"auto\">China, Estados Unidos, India, Rusia, Jap\u00f3n y la Uni\u00f3n Europea <\/span><span data-contrast=\"auto\">son los pa\u00edses <\/span><span data-contrast=\"auto\">que m\u00e1s contaminan o contribuyen a la producci\u00f3n de bi\u00f3xido de carbono como el principal gas de efecto invernadero, sumado a las emisiones de gases por sectores como electricidad y producci\u00f3n t\u00e9rmica, agricultura, silvicultura y otros usos de la tierra, industria, transp<\/span><span data-contrast=\"auto\">orte, construcci\u00f3n y otros m\u00e1s.<\/span><span data-ccp-props=\"{&quot;201341983&quot;:0,&quot;335559731&quot;:708,&quot;335559739&quot;:160,&quot;335559740&quot;:240}\">\u00a0<\/span><\/p>\n<p><span data-contrast=\"auto\">Respecto a<\/span><span data-contrast=\"auto\"> c\u00f3mo ha sido la producci\u00f3n y uso de la energ\u00eda en M\u00e9xico, inform\u00f3 que estudios de 2016 establecieron que el 91 por ciento depende de materias f\u00f3siles (petr\u00f3leo principalmente), 7.56 por ciento viene de energ\u00eda renovable, y de ese porcentaje, el <\/span><span data-contrast=\"auto\">cuatro<\/span><span data-contrast=\"auto\"> por ciento proviene de la biomasa, lo que <\/span><span data-contrast=\"auto\">quiere decir que \u00e9sta<\/span><span data-contrast=\"auto\"> todav\u00eda no se utiliza a su m\u00e1ximo esplendor para u<\/span><span data-contrast=\"auto\">sarla <\/span><span data-contrast=\"auto\">en biocombustible o compuestos de alto valor agregado, y ah\u00ed se tiene un gran \u00e1rea de oportunidad, siendo M\u00e9xico un pa\u00eds rico en este aspecto.<\/span><span data-ccp-props=\"{&quot;201341983&quot;:0,&quot;335559731&quot;:708,&quot;335559739&quot;:160,&quot;335559740&quot;:240}\">\u00a0<\/span><\/p>\n<p><span data-contrast=\"auto\">Abund\u00f3 que en <\/span><span data-contrast=\"auto\">2018 M\u00e9xico fue el primer pa\u00eds de Latinoam\u00e9rica en ingresar a la Agencia Internacional de Energ\u00eda, <\/span><span data-contrast=\"auto\">donde ocup\u00f3<\/span><span data-contrast=\"auto\"> un lugar importante en la producci\u00f3n, consumo, pol\u00edticas p\u00fablicas<\/span><span data-contrast=\"auto\"> y<\/span><span data-contrast=\"auto\"> adquisici\u00f3n de nuevas tecnolog\u00edas para el desa<\/span><span data-contrast=\"auto\">rrollo de energ\u00edas alternativas<\/span><span data-contrast=\"auto\"> o energ\u00edas renovables a nivel mundial.<\/span><span data-ccp-props=\"{&quot;201341983&quot;:0,&quot;335559739&quot;:160,&quot;335559740&quot;:240}\">\u00a0<\/span><\/p>\n<p><span data-contrast=\"auto\">El simposio continuar\u00e1 hasta el viernes <\/span><span data-contrast=\"auto\">4<\/span><span data-contrast=\"auto\"> de diciembre y puede seguirse a trav\u00e9s de la plataforma <\/span><i><span data-contrast=\"auto\">Microsoft <\/span><\/i><i><span data-contrast=\"auto\">Teams<\/span><\/i><span data-contrast=\"auto\">.<\/span><span data-ccp-props=\"{&quot;201341983&quot;:0,&quot;335559739&quot;:160,&quot;335559740&quot;:240}\">\u00a0<\/span><\/p>\n","protected":false},"excerpt":{"rendered":"<p>As\u00ed lo se\u00f1al\u00f3 H\u00e9ctor Antonio Ruiz, de la Universidad Aut\u00f3noma de Coahuila, al participar en el 14 Simposio Interno de Investigaci\u00f3n y Docencia del <em>Inbioteca<\/em><\/p>\n","protected":false},"author":1508,"featured_media":91052,"comment_status":"closed","ping_status":"closed","sticky":false,"template":"","format":"standard","meta":[],"categories":[45],"tags":[],"_links":{"self":[{"href":"https:\/\/www.uv.mx\/prensa\/wp-json\/wp\/v2\/posts\/91049"}],"collection":[{"href":"https:\/\/www.uv.mx\/prensa\/wp-json\/wp\/v2\/posts"}],"about":[{"href":"https:\/\/www.uv.mx\/prensa\/wp-json\/wp\/v2\/types\/post"}],"author":[{"embeddable":true,"href":"https:\/\/www.uv.mx\/prensa\/wp-json\/wp\/v2\/users\/1508"}],"replies":[{"embeddable":true,"href":"https:\/\/www.uv.mx\/prensa\/wp-json\/wp\/v2\/comments?post=91049"}],"version-history":[{"count":1,"href":"https:\/\/www.uv.mx\/prensa\/wp-json\/wp\/v2\/posts\/91049\/revisions"}],"predecessor-version":[{"id":91086,"href":"https:\/\/www.uv.mx\/prensa\/wp-json\/wp\/v2\/posts\/91049\/revisions\/91086"}],"wp:featuredmedia":[{"embeddable":true,"href":"https:\/\/www.uv.mx\/prensa\/wp-json\/wp\/v2\/media\/91052"}],"wp:attachment":[{"href":"https:\/\/www.uv.mx\/prensa\/wp-json\/wp\/v2\/media?parent=91049"}],"wp:term":[{"taxonomy":"category","embeddable":true,"href":"https:\/\/www.uv.mx\/prensa\/wp-json\/wp\/v2\/categories?post=91049"},{"taxonomy":"post_tag","embeddable":true,"href":"https:\/\/www.uv.mx\/prensa\/wp-json\/wp\/v2\/tags?post=91049"}],"curies":[{"name":"wp","href":"https:\/\/api.w.org\/{rel}","templated":true}]}}