{"id":91044,"date":"2020-12-02T19:10:40","date_gmt":"2020-12-03T01:10:40","guid":{"rendered":"https:\/\/www.uv.mx\/prensa\/?p=91044"},"modified":"2020-12-03T12:16:07","modified_gmt":"2020-12-03T18:16:07","slug":"uv-invita-a-2o-festival-de-musica-de-camara","status":"publish","type":"post","link":"https:\/\/www.uv.mx\/prensa\/cultura\/uv-invita-a-2o-festival-de-musica-de-camara\/","title":{"rendered":"UV invita a 2\u00ba Festival de M\u00fasica de C\u00e1mara"},"content":{"rendered":"<ul>\n<li data-leveltext=\"\uf0b7\" data-font=\"Symbol\" data-listid=\"5\" data-aria-posinset=\"1\" data-aria-level=\"1\"><i><span data-contrast=\"auto\">Se realizar\u00e1 de forma virtual del 3 al 5 de diciembre<\/span><\/i><i><span data-contrast=\"auto\">,\u00a0<\/span><\/i><i><span data-contrast=\"auto\">con la participaci\u00f3n del\u00a0<\/span><\/i><i><span data-contrast=\"auto\">Tr\u00edo Chopin y el Ensamble Cl\u00e1sico de Guitarras, entre otras agrupaciones art\u00edsticas<\/span><\/i><span data-ccp-props=\"{}\">\u00a0<\/span><\/li>\n<\/ul>\n<p><span data-ccp-props=\"{&quot;335559685&quot;:360}\">\u00a0<\/span><\/p>\n<div id=\"attachment_91046\" style=\"width: 278px\" class=\"wp-caption aligncenter\"><a href=\"https:\/\/www.uv.mx\/prensa\/files\/2020\/12\/301120-Festival-Mu\u0301sica-Camara-1-481-px-100k.jpg\"><img aria-describedby=\"caption-attachment-91046\" decoding=\"async\" loading=\"lazy\" class=\"size-full wp-image-91046\" src=\"https:\/\/www.uv.mx\/prensa\/files\/2020\/12\/301120-Festival-Mu\u0301sica-Camara-1-481-px-100k.jpg\" alt=\"Las actividades del festival tensr\u00e1n lugar a las 17:00 y 20:00 horas \" width=\"268\" height=\"481\" srcset=\"https:\/\/www.uv.mx\/prensa\/files\/2020\/12\/301120-Festival-Mu\u0301sica-Camara-1-481-px-100k.jpg 268w, https:\/\/www.uv.mx\/prensa\/files\/2020\/12\/301120-Festival-Mu\u0301sica-Camara-1-481-px-100k-167x300.jpg 167w\" sizes=\"(max-width: 268px) 100vw, 268px\" \/><\/a><p id=\"caption-attachment-91046\" class=\"wp-caption-text\">Las actividades del festival tensr\u00e1n lugar a las 17:00 y 20:00 horas<\/p><\/div>\n<p>&nbsp;<\/p>\n<p><b><i><span data-contrast=\"auto\">Carlos Hugo Hermida Rosales<\/span><\/i><\/b><span data-ccp-props=\"{}\">\u00a0<\/span><\/p>\n<p><b><i><span data-contrast=\"auto\">02<\/span><\/i><\/b><b><i><span data-contrast=\"auto\">\/1<\/span><\/i><\/b><b><i><span data-contrast=\"auto\">2<\/span><\/i><\/b><b><i><span data-contrast=\"auto\">\/<\/span><\/i><\/b><b><i><span data-contrast=\"auto\">2020<\/span><\/i><\/b><b><i><span data-contrast=\"auto\">,<\/span><\/i><\/b><b><i><span data-contrast=\"auto\">\u00a0<\/span><\/i><\/b><b><i><span data-contrast=\"auto\">Xalapa,\u00a0<\/span><\/i><\/b><b><i><span data-contrast=\"auto\">Ver.<\/span><\/i><\/b><b><i><span data-contrast=\"auto\">&#8211;<\/span><\/i><\/b><b><i><span data-contrast=\"auto\">\u00a0<\/span><\/i><\/b><span data-contrast=\"none\">La<\/span><span data-contrast=\"none\">\u00a0<a href=\"https:\/\/www.uv.mx\/difusioncultural\/\" target=\"_blank\" rel=\"noopener noreferrer\">Direcci\u00f3n Gene<\/a><\/span><span data-contrast=\"none\">ral de Difusi\u00f3n Cultural (DGDC) de\u00a0<\/span><span data-contrast=\"none\">la Universidad Veracruzana (UV)<\/span><span data-contrast=\"none\">\u00a0<\/span><span data-contrast=\"none\">invita al 2\u00ba Festival de M\u00fasica de C\u00e1mara, que se realizar\u00e1 de forma virtual del 3 al 5 de diciembre a trav\u00e9s de<\/span><span data-contrast=\"none\">\u00a0la p\u00e1gina de<\/span><span data-contrast=\"none\">\u00a0<\/span><a href=\"https:\/\/www.facebook.com\/DifusionCulturalUV\"><i><span data-contrast=\"none\">Facebook<\/span><\/i><\/a><i><span data-contrast=\"auto\">\u00a0<\/span><\/i><span data-contrast=\"none\">de esta dependencia universitaria.\u00a0<\/span><span data-ccp-props=\"{}\">\u00a0<\/span><\/p>\n<p><span data-contrast=\"none\">Rey Alejandro Conde Valdivia, director de Grupos Art\u00edsticos de la UV,\u00a0<\/span><span data-contrast=\"none\">mencion\u00f3 que e<\/span><span data-contrast=\"none\">l festival tiene\u00a0<\/span><span data-contrast=\"none\">el apoyo del Instituto Superior d<\/span><span data-contrast=\"none\">e M\u00fasica del Estado de Veracruz;<\/span><span data-contrast=\"none\">\u00a0participar\u00e1n el Tr\u00edo Chopin y el Ensamble Cl\u00e1sico de Guitarras, que interpretan m\u00fasica de c\u00e1mara \u2013aquella compuesta p<\/span><span data-contrast=\"none\">ara<\/span><span data-contrast=\"none\">\u00a0un reducido grupo de instrumentos<\/span><span data-contrast=\"none\">.\u00a0<\/span><span data-ccp-props=\"{&quot;335559731&quot;:708}\">\u00a0<\/span><\/p>\n<p><span data-contrast=\"none\">T<\/span><span data-contrast=\"none\">ambi\u00e9n\u00a0<\/span><span data-contrast=\"none\">estar\u00e1n\u00a0<\/span><span data-contrast=\"none\">el Cuarteto\u00a0<\/span><span data-contrast=\"none\">Chroma<\/span><span data-contrast=\"none\">, el Tr\u00edo Galante<\/span><span data-contrast=\"none\">,\u00a0<\/span><span data-contrast=\"none\">J\u00f3<\/span><span data-contrast=\"none\">z<\/span><span data-contrast=\"none\">ef<\/span><span data-contrast=\"none\">\u00a0<\/span><span data-contrast=\"none\">Olechowski<\/span><span data-contrast=\"none\">\u00a0y Enrique Velasco, quien dar\u00e1 una charla\u00a0<\/span><span data-contrast=\"none\">sobre\u00a0<\/span><span data-contrast=\"none\">la historia de la m\u00fasica de c\u00e1mara en Xalapa; todos los eventos se desarrollar\u00e1n a las 17:00 y a las 20:00 horas.<\/span><\/p>\n<div id=\"attachment_57466\" style=\"width: 732px\" class=\"wp-caption aligncenter\"><a href=\"https:\/\/www.uv.mx\/prensa\/files\/2018\/11\/011118-Difusion-Cultural-1.jpg\"><img aria-describedby=\"caption-attachment-57466\" decoding=\"async\" loading=\"lazy\" class=\"size-full wp-image-57466\" src=\"https:\/\/www.uv.mx\/prensa\/files\/2018\/11\/011118-Difusion-Cultural-1.jpg\" alt=\"Rey Alejandro Conde Valdivia\" width=\"722\" height=\"482\" srcset=\"https:\/\/www.uv.mx\/prensa\/files\/2018\/11\/011118-Difusion-Cultural-1.jpg 722w, https:\/\/www.uv.mx\/prensa\/files\/2018\/11\/011118-Difusion-Cultural-1-300x200.jpg 300w\" sizes=\"(max-width: 722px) 100vw, 722px\" \/><\/a><p id=\"caption-attachment-57466\" class=\"wp-caption-text\">Rey Alejandro Conde Valdivia<\/p><\/div>\n<p><span data-contrast=\"none\">C<\/span><span data-contrast=\"none\">onde Valdivia c<\/span><span data-contrast=\"none\">oment\u00f3 que en 2020 se celebra el 250 aniversario del natalicio de Ludwig van\u202fBeethoven, por lo que e<\/span><span data-contrast=\"none\">n el<\/span><span data-contrast=\"none\">\u00a0festival\u00a0<\/span><span data-contrast=\"none\">se\u00a0<\/span><span data-contrast=\"none\">interpretar\u00e1n varias de sus obras.<\/span><span data-ccp-props=\"{&quot;335559731&quot;:708}\">\u00a0<\/span><\/p>\n<p><span data-contrast=\"none\">El funcionario\u00a0<\/span><span data-contrast=\"none\">enfatiz\u00f3 que d<\/span><span data-contrast=\"none\">urante\u00a0<\/span><span data-contrast=\"none\">la pandemia de Covid-19<\/span><span data-contrast=\"none\">,<\/span><span data-contrast=\"none\">\u00a0la U<\/span><span data-contrast=\"none\">niversidad\u00a0<\/span><span data-contrast=\"none\">ha compartido el quehacer de sus m\u00fasicos y grupos art\u00edsticos a trav\u00e9s de iniciativas como \u201cArte desde el interior\u201d, con el objetivo de motivar<\/span><span data-contrast=\"none\">\u00a0al p\u00fablico\u00a0<\/span><span data-contrast=\"none\">a quedarse en casa.<\/span><span data-ccp-props=\"{&quot;335559731&quot;:708}\">\u00a0<\/span><\/p>\n<p><span data-contrast=\"none\">\u201cA trav\u00e9s de estos eventos la UV difunde el folclor, al tiempo que propicia que se conozca la m\u00fasica universal,\u00a0<\/span><span data-contrast=\"none\">para lo cual cuenta\u00a0<\/span><span data-contrast=\"none\">con excelentes artistas<\/span><span data-contrast=\"none\">\u201d,\u00a0<\/span><span data-contrast=\"none\">concluy<\/span><span data-contrast=\"none\">\u00f3.<\/span><span data-ccp-props=\"{&quot;335559731&quot;:708}\">\u00a0<\/span><\/p>\n","protected":false},"excerpt":{"rendered":"<p>Se realizar\u00e1 de forma virtual del 3 al 5 de diciembre, a trav\u00e9s de www.facebook.com\/DifusionCulturalUV <\/p>\n","protected":false},"author":1775,"featured_media":91046,"comment_status":"closed","ping_status":"closed","sticky":false,"template":"","format":"standard","meta":[],"categories":[11,47],"tags":[745,744,743],"_links":{"self":[{"href":"https:\/\/www.uv.mx\/prensa\/wp-json\/wp\/v2\/posts\/91044"}],"collection":[{"href":"https:\/\/www.uv.mx\/prensa\/wp-json\/wp\/v2\/posts"}],"about":[{"href":"https:\/\/www.uv.mx\/prensa\/wp-json\/wp\/v2\/types\/post"}],"author":[{"embeddable":true,"href":"https:\/\/www.uv.mx\/prensa\/wp-json\/wp\/v2\/users\/1775"}],"replies":[{"embeddable":true,"href":"https:\/\/www.uv.mx\/prensa\/wp-json\/wp\/v2\/comments?post=91044"}],"version-history":[{"count":1,"href":"https:\/\/www.uv.mx\/prensa\/wp-json\/wp\/v2\/posts\/91044\/revisions"}],"predecessor-version":[{"id":91087,"href":"https:\/\/www.uv.mx\/prensa\/wp-json\/wp\/v2\/posts\/91044\/revisions\/91087"}],"wp:featuredmedia":[{"embeddable":true,"href":"https:\/\/www.uv.mx\/prensa\/wp-json\/wp\/v2\/media\/91046"}],"wp:attachment":[{"href":"https:\/\/www.uv.mx\/prensa\/wp-json\/wp\/v2\/media?parent=91044"}],"wp:term":[{"taxonomy":"category","embeddable":true,"href":"https:\/\/www.uv.mx\/prensa\/wp-json\/wp\/v2\/categories?post=91044"},{"taxonomy":"post_tag","embeddable":true,"href":"https:\/\/www.uv.mx\/prensa\/wp-json\/wp\/v2\/tags?post=91044"}],"curies":[{"name":"wp","href":"https:\/\/api.w.org\/{rel}","templated":true}]}}