{"id":90908,"date":"2020-12-01T10:10:09","date_gmt":"2020-12-01T16:10:09","guid":{"rendered":"https:\/\/www.uv.mx\/prensa\/?p=90908"},"modified":"2020-12-01T19:42:46","modified_gmt":"2020-12-02T01:42:46","slug":"uv-trabaja-en-ordenamiento-sustentable-de-sus-areas-verdes","status":"publish","type":"post","link":"https:\/\/www.uv.mx\/prensa\/banner\/uv-trabaja-en-ordenamiento-sustentable-de-sus-areas-verdes\/","title":{"rendered":"UV trabaja en ordenamiento sustentable de sus \u00e1reas verdes"},"content":{"rendered":"<ul>\n<li data-leveltext=\"\uf0b7\" data-font=\"Symbol\" data-listid=\"1\" data-aria-posinset=\"1\" data-aria-level=\"1\"><i><span data-contrast=\"auto\">La\u00a0<\/span><\/i><span data-contrast=\"auto\">CoSustenta<\/span><i><span data-contrast=\"auto\">\u00a0publicar\u00e1 un cat\u00e1logo de especies arb\u00f3reas, pensado como una gu\u00eda para apoyar en una mejor toma de decisiones sobre el tema en la instituci\u00f3n<\/span><\/i><span data-ccp-props=\"{&quot;134233279&quot;:true}\">\u00a0<\/span><\/li>\n<li data-leveltext=\"\uf0b7\" data-font=\"Symbol\" data-listid=\"1\" data-aria-posinset=\"2\" data-aria-level=\"1\"><i><span data-contrast=\"auto\">\u201cS<\/span><\/i><i><span data-contrast=\"auto\">iempre habr\u00e1 esta compensaci\u00f3n que nos parece fundamental, porque lo que queremos es mantener nuestro arbolado<\/span><\/i><i><span data-contrast=\"auto\">\u201d: Miguel Escalona<\/span><\/i><span data-ccp-props=\"{&quot;134233279&quot;:true}\">\u00a0<\/span><\/li>\n<li data-leveltext=\"\uf0b7\" data-font=\"Symbol\" data-listid=\"1\" data-aria-posinset=\"3\" data-aria-level=\"1\"><i><span data-contrast=\"auto\">La campa\u00f1a es una acci\u00f3n coordinada que desarrollan el Departamento de Servicios Generales y la\u00a0CoSustenta, de la mano de las entidades y dependencias que conforman la UV<\/span><\/i><span data-ccp-props=\"{&quot;134233279&quot;:true}\">\u00a0<\/span><\/li>\n<\/ul>\n<p><span data-ccp-props=\"{}\">\u00a0<\/span><\/p>\n<div id=\"attachment_72816\" style=\"width: 732px\" class=\"wp-caption aligncenter\"><a href=\"https:\/\/www.uv.mx\/prensa\/files\/2019\/09\/arboles-MAX-ok.jpg\"><img aria-describedby=\"caption-attachment-72816\" decoding=\"async\" loading=\"lazy\" class=\"size-full wp-image-72816\" src=\"https:\/\/www.uv.mx\/prensa\/files\/2019\/09\/arboles-MAX-ok.jpg\" alt=\"Actualmente trabajan en repoblar con especies nativas los jardines del MAX \" width=\"722\" height=\"481\" srcset=\"https:\/\/www.uv.mx\/prensa\/files\/2019\/09\/arboles-MAX-ok.jpg 722w, https:\/\/www.uv.mx\/prensa\/files\/2019\/09\/arboles-MAX-ok-300x200.jpg 300w\" sizes=\"(max-width: 722px) 100vw, 722px\" \/><\/a><p id=\"caption-attachment-72816\" class=\"wp-caption-text\">Actualmente trabajan en repoblar con especies nativas los jardines del MAX<\/p><\/div>\n<p>&nbsp;<\/p>\n<p><b><i><span data-contrast=\"auto\">Karina de la Paz Reyes D\u00edaz<\/span><\/i><\/b><span data-ccp-props=\"{}\">\u00a0<\/span><\/p>\n<p><b><i><span data-contrast=\"auto\">01<\/span><\/i><\/b><b><i><span data-contrast=\"auto\">\/1<\/span><\/i><\/b><b><i><span data-contrast=\"auto\">2<\/span><\/i><\/b><b><i><span data-contrast=\"auto\">\/2020, Xalapa,\u00a0<\/span><\/i><\/b><b><i><span data-contrast=\"auto\">Ver.-\u00a0<\/span><\/i><\/b><span data-contrast=\"auto\">La<\/span><span data-contrast=\"auto\">\u00a0campa\u00f1a de arborizaci\u00f3n que inici\u00f3 la<\/span><span data-contrast=\"auto\">\u00a0Universidad Veracruzana (UV)<\/span><span data-contrast=\"auto\">\u00a0<\/span><span data-contrast=\"auto\">tiene como<\/span><span data-contrast=\"auto\">\u00a0objetivo\u00a0<\/span><span data-contrast=\"auto\">el\u00a0<\/span><span data-contrast=\"auto\">ordenamiento sustentable de\u00a0<\/span><span data-contrast=\"auto\">las<\/span><span data-contrast=\"auto\">\u00a0\u00e1reas\u00a0<\/span><span data-contrast=\"auto\">verdes<\/span><span data-contrast=\"auto\">\u00a0de la instituci\u00f3n<\/span><span data-contrast=\"auto\">, explic\u00f3 Miguel \u00c1ngel Escalona Aguilar<\/span><span data-contrast=\"auto\">, titular de la <a href=\"https:\/\/www.uv.mx\/cosustenta\/\" target=\"_blank\" rel=\"noopener noreferrer\">Coordinaci\u00f3n Universitaria para la Sustentabilidad<\/a> (<\/span><i><span data-contrast=\"auto\">CoSustenta<\/span><\/i><span data-contrast=\"auto\">).<\/span><span data-ccp-props=\"{}\">\u00a0<\/span><\/p>\n<p><span data-contrast=\"auto\">Cabe recordar que\u00a0<\/span><a href=\"https:\/\/www.uv.mx\/prensa\/banner\/uv-inicio-campana-de-arborizacion\/\"><span data-contrast=\"none\">el\u00a0<\/span><span data-contrast=\"none\">23 de noviembre\u00a0<\/span><span data-contrast=\"none\">inici\u00f3 oficialmente la campa\u00f1a<\/span><\/a><span data-contrast=\"auto\">,<\/span><span data-contrast=\"auto\">\u00a0<\/span><span data-contrast=\"auto\">con la siembra de tres<\/span><span data-contrast=\"auto\">\u00a0especies\u00a0<\/span><span data-contrast=\"auto\">nativas<\/span><span data-contrast=\"auto\">\u00a0de\u00a0<\/span><span data-contrast=\"auto\">encino (<\/span><i><span data-contrast=\"auto\">Quercus<\/span><\/i><i><span data-contrast=\"auto\">\u00a0<\/span><\/i><i><span data-contrast=\"auto\">xalapensis<\/span><\/i><span data-contrast=\"auto\">) en los jardines del Museo de Antropolog\u00eda de Xalapa<\/span><span data-contrast=\"auto\">\u00a0(MAX)<\/span><span data-contrast=\"auto\">. El acto fue\u00a0<\/span><span data-contrast=\"auto\">presidido\u00a0<\/span><span data-contrast=\"auto\">por autoridades de la instituci\u00f3n y del Ayuntamiento,\u00a0<\/span><span data-contrast=\"auto\">encabezados por<\/span><span data-contrast=\"auto\">\u00a0<\/span><span data-contrast=\"auto\">la rectora Sara Ladr\u00f3n de Guevara y el alcalde<\/span><span data-contrast=\"auto\">,<\/span><span data-contrast=\"auto\">\u00a0Hip\u00f3lito Rodr\u00edguez Herrer<\/span><span data-contrast=\"auto\">o.<\/span><span data-ccp-props=\"{}\">\u00a0<\/span><\/p>\n<p><span data-contrast=\"auto\">Al respecto, e<\/span><span data-contrast=\"auto\">l titular de la\u00a0<\/span><i><span data-contrast=\"auto\">CoSustenta<\/span><\/i><span data-contrast=\"auto\">\u00a0expuso que\u00a0<\/span><span data-contrast=\"auto\">s<\/span><span data-contrast=\"auto\">e trata\u00a0<\/span><span data-contrast=\"auto\">de<\/span><span data-contrast=\"auto\">\u00a0una campa\u00f1a\u00a0<\/span><span data-contrast=\"auto\">de arborizaci\u00f3n de los espacios universitarios, enmarcada en el ordenamiento sustentable de las \u00e1reas verdes de la<\/span><span data-contrast=\"auto\">\u00a0instituci\u00f3n\u00a0<\/span><span data-contrast=\"auto\">a partir de diagn\u00f3sticos y atenci\u00f3n de los riesgos.<\/span><span data-ccp-props=\"{}\">\u00a0<\/span><\/p>\n<p><span data-contrast=\"auto\">U<\/span><span data-contrast=\"auto\">no de los elementos emblem\u00e1ticos de la Universidad son\u00a0<\/span><span data-contrast=\"auto\">precisamente\u00a0<\/span><span data-contrast=\"auto\">sus \u00e1reas verdes<\/span><span data-contrast=\"auto\">, remarc\u00f3<\/span><span data-contrast=\"auto\">,<\/span><span data-contrast=\"auto\">\u00a0m<\/span><span data-contrast=\"auto\">ism<\/span><span data-contrast=\"auto\">a<\/span><span data-contrast=\"auto\">s<\/span><span data-contrast=\"auto\">\u00a0que proporcionan<\/span><span data-contrast=\"auto\">\u00a0servicios\u00a0<\/span><span data-contrast=\"auto\">ecosist\u00e9micos<\/span><span data-contrast=\"auto\">\u00a0\u2013<\/span><span data-contrast=\"auto\">como mejorar la infiltraci\u00f3n del agua y la captura de carbono<\/span><span data-contrast=\"auto\">\u2013<\/span><span data-contrast=\"auto\">\u00a0y<\/span><span data-contrast=\"auto\">,<\/span><span data-contrast=\"auto\">\u00a0a su vez<\/span><span data-contrast=\"auto\">,\u00a0<\/span><span data-contrast=\"auto\">son espacios para la convivencia, la recreaci\u00f3n y\u00a0<\/span><span data-contrast=\"auto\">el\u00a0<\/span><span data-contrast=\"auto\">disfrute de condiciones ambientales m\u00e1s confortables.<\/span><span data-contrast=\"auto\">\u00a0<\/span><span data-contrast=\"auto\">De ah\u00ed que u<\/span><span data-contrast=\"auto\">n manejo sustentable garantiza<\/span><span data-contrast=\"auto\">r\u00e1<\/span><span data-contrast=\"auto\">\u00a0<\/span><span data-contrast=\"auto\">su<\/span><span data-contrast=\"auto\">\u00a0permanencia por un periodo mayor de tiempo<\/span><span data-contrast=\"auto\">.<\/span><span data-ccp-props=\"{&quot;335559731&quot;:708}\">\u00a0<\/span><\/p>\n<p><span data-contrast=\"auto\">Esta iniciativa ha sido organizada por expertos en la materia y parte de<\/span><span data-contrast=\"auto\">\u00a0realizar<\/span><span data-contrast=\"auto\">\u00a0un diagn\u00f3stico del arbolado en las entidades o dependencias de la regi\u00f3n Xalapa<\/span><span data-contrast=\"auto\">, as\u00ed como<\/span><span data-contrast=\"auto\">\u00a0aplicar las acciones recomendadas y autorizadas por el\u00a0<\/span><span data-contrast=\"auto\">A<\/span><span data-contrast=\"auto\">yuntamiento<\/span><span data-contrast=\"auto\">.<\/span><span data-ccp-props=\"{&quot;335559731&quot;:708}\">\u00a0<\/span><\/p>\n<p><span data-contrast=\"auto\">En cuanto\u00a0<\/span><span data-contrast=\"auto\">al\u00a0<\/span><span data-contrast=\"auto\">diagn\u00f3stico<\/span><span data-contrast=\"auto\">,\u00a0<\/span><span data-contrast=\"auto\">el entrevistado sintetiz\u00f3<\/span><span data-contrast=\"auto\">:\u00a0<\/span><span data-contrast=\"auto\">\u201cSaber lo que tenemos, en qu\u00e9 condici\u00f3n se encuentra y qu\u00e9 pr\u00e1cticas de manejo requiere<\/span><span data-contrast=\"auto\">\u201d<\/span><span data-contrast=\"auto\">.<\/span><span data-ccp-props=\"{&quot;335559731&quot;:708}\">\u00a0<\/span><\/p>\n<p><span data-contrast=\"auto\">Por ejemplo, e<\/span><span data-contrast=\"auto\">n el caso de la Zona UV hay eucaliptos y casuarinas que fueron sembrados incluso antes de que ah\u00ed se establecieran\u00a0<\/span><span data-contrast=\"auto\">las\u00a0<\/span><span data-contrast=\"auto\">entidades universitarias y a la fecha\u00a0<\/span><span data-contrast=\"auto\">ya s<\/span><span data-contrast=\"auto\">on<\/span><span data-contrast=\"auto\">\u00a0\u00e1rboles maduros o envejecidos.<\/span><span data-contrast=\"auto\">\u00a0<\/span><span data-contrast=\"auto\">Por otro lado, las propias entidades acad\u00e9micas y dependencias han sembrado\u00a0<\/span><span data-contrast=\"auto\">especies\u00a0<\/span><span data-contrast=\"auto\">introducidas,\u00a0<\/span><span data-contrast=\"auto\">con la intenci\u00f3n de dividir espacios<\/span><span data-contrast=\"auto\">\u00a0u otra<\/span><span data-contrast=\"auto\">s<\/span><span data-contrast=\"auto\">\u00a0necesidades<\/span><span data-contrast=\"auto\">;<\/span><span data-contrast=\"auto\">\u00a0<\/span><span data-contrast=\"auto\">de ah\u00ed que sea com\u00fan encontrar\u00a0<\/span><span data-contrast=\"auto\">bamb\u00faes, truenos,<\/span><span data-contrast=\"auto\">\u00a0araucarias, ficus,<\/span><span data-contrast=\"auto\">\u00a0entre otras<\/span><span data-contrast=\"auto\">.<\/span><span data-ccp-props=\"{&quot;335559731&quot;:708}\">\u00a0<\/span><\/p>\n<p><span data-contrast=\"auto\">Tal\u00a0<\/span><span data-contrast=\"auto\">proceso\u00a0<\/span><span data-contrast=\"auto\">fue realizado en la Zona UV\u00a0<\/span><span data-contrast=\"auto\">y el MAX,\u00a0<\/span><span data-contrast=\"auto\">est\u00e1 en proceso en el resto de la<\/span><span data-contrast=\"auto\">s entidades\u00a0<\/span><span data-contrast=\"auto\">universitarias\u00a0<\/span><span data-contrast=\"auto\">instaladas en<\/span><span data-contrast=\"auto\">\u00a0<\/span><span data-contrast=\"auto\">la ciudad<\/span><span data-contrast=\"auto\">\u00a0<\/span><span data-contrast=\"auto\">y tiene<\/span><span data-contrast=\"auto\">\u00a0miras a desarrollarse en las cinco\u00a0<\/span><span data-contrast=\"auto\">regiones universitarias.<\/span><span data-ccp-props=\"{&quot;335559731&quot;:708}\">\u00a0<\/span><\/p>\n<p><span data-contrast=\"auto\">Cuando haya necesidad<\/span><span data-contrast=\"auto\">\u00a0de<\/span><span data-contrast=\"auto\">\u00a0derribar un \u00e1rbol<\/span><span data-contrast=\"auto\">\u00a0se\u00a0<\/span><span data-contrast=\"auto\">plantear\u00e1n<\/span><span data-contrast=\"auto\">, principalmente<\/span><span data-contrast=\"auto\">,<\/span><span data-contrast=\"auto\">\u00a0dos\u00a0<\/span><span data-contrast=\"auto\">sugerencias<\/span><span data-contrast=\"auto\">:\u00a0<\/span><span data-contrast=\"auto\">sembrar<\/span><span data-contrast=\"auto\">\u00a0especies<\/span><span data-contrast=\"auto\">\u00a0<\/span><span data-contrast=\"auto\">cuyas<\/span><span data-contrast=\"auto\">\u00a0caracter\u00edsticas ecol\u00f3gicas y f\u00edsicas permitan una\u00a0<\/span><span data-contrast=\"auto\">buena<\/span><span data-contrast=\"auto\">\u00a0adaptaci\u00f3n al sitio donde\u00a0<\/span><span data-contrast=\"auto\">crecer\u00e1<\/span><span data-contrast=\"auto\">,<\/span><span data-contrast=\"auto\">\u00a0bajo un esquema de compensaci\u00f3n ambiental<\/span><span data-contrast=\"auto\">;\u00a0<\/span><span data-contrast=\"auto\">y que se trate de ejemplares<\/span><span data-contrast=\"auto\">\u00a0representativ<\/span><span data-contrast=\"auto\">os<\/span><span data-contrast=\"auto\">\u00a0de la regi\u00f3n<\/span><span data-contrast=\"auto\">,<\/span><span data-contrast=\"auto\">\u00a0siempre y cuando\u00a0<\/span><span data-contrast=\"auto\">existan las condiciones para una repoblaci\u00f3n exitosa.<\/span><span data-ccp-props=\"{&quot;335559731&quot;:708}\">\u00a0<\/span><\/p>\n<p><span data-contrast=\"auto\">\u201cSi el espacio lo permite, se sugiere que se siembre ah\u00ed mismo la nueva especie, pero si no, porque hay un arbola<\/span><span data-contrast=\"auto\">do<\/span><span data-contrast=\"auto\">\u00a0denso, entonces la compensaci\u00f3n se har\u00e1 en otros lugares aleda\u00f1os o de la Universidad. Pero siempre habr\u00e1 esta comp<\/span><span data-contrast=\"auto\">ensaci\u00f3n que nos parece fundamental, porque lo que queremos es mantener nuestro arbolado.\u201d<\/span><span data-ccp-props=\"{&quot;335559731&quot;:708}\">\u00a0<\/span><\/p>\n<p><span data-contrast=\"auto\">Tambi\u00e9n est\u00e1 contemplado\u00a0<\/span><span data-contrast=\"auto\">el mantenimiento<\/span><span data-contrast=\"auto\">\u00a0y mejora<\/span><span data-contrast=\"auto\">\u00a0del arbolado<\/span><span data-contrast=\"auto\">\u00a0existente, con\u00a0podas<\/span><span data-contrast=\"auto\">\u00a0por ejemplo<\/span><span data-contrast=\"auto\">, para erradicar plagas, enfermedades o favorecer su estructura<\/span><span data-contrast=\"auto\">.<\/span><span data-ccp-props=\"{&quot;335559731&quot;:708}\">\u00a0<\/span><\/p>\n<p><span data-contrast=\"auto\">\u201cEs un elemento importante porque\u00a0<\/span><span data-contrast=\"auto\">en<\/span><span data-contrast=\"auto\">\u00a0muchas ciudades, universidades y<\/span><span data-contrast=\"auto\">\u00a0muchos lugares<\/span><span data-contrast=\"auto\">\u00a0<\/span><span data-contrast=\"auto\">no hay una tradici\u00f3n ni cultura sobre el mantenimiento del arbolado. B\u00e1sicamente, hacemos una intervenci\u00f3n cuando hay un elemento de riesgo o problema<\/span><span data-contrast=\"auto\">:<\/span><span data-contrast=\"auto\">\u00a0<\/span><span data-contrast=\"auto\">porque levanta la banqueta,<\/span><span data-contrast=\"auto\">\u00a0por la cantidad de hojarasca y flor que tira, y que se convierte en elemento de riesgo para el transe\u00fante.\u201d<\/span><span data-ccp-props=\"{&quot;335559731&quot;:708}\">\u00a0<\/span><\/p>\n<p><span data-contrast=\"auto\">Paralelamente, se invitar\u00e1 a la comunidad a ubicar sitios susceptibles para ser arborizados y as\u00ed generar espacios verdes ordenados que respondan a las necesidad<\/span><span data-contrast=\"auto\">es de los usuarios y el espacio;<\/span><span data-contrast=\"auto\">\u00a0es decir, que el arbolado requiera el menor mantenimiento<\/span><span data-contrast=\"auto\">,<\/span><span data-contrast=\"auto\">\u00a0para lo cual son necesarios \u00e1rboles cuyas caracter\u00edsticas de crecimiento sean adecuadas a los espacios donde se planten, no generen riesgos ni da\u00f1os a la infraestructura universitaria y permitan una ampliaci\u00f3n de las mismas.<\/span><\/p>\n<div id=\"attachment_76262\" style=\"width: 732px\" class=\"wp-caption aligncenter\"><a href=\"https:\/\/www.uv.mx\/prensa\/files\/2019\/11\/071119-Declaracion-Amazonia.jpg\"><img aria-describedby=\"caption-attachment-76262\" decoding=\"async\" loading=\"lazy\" class=\"size-full wp-image-76262\" src=\"https:\/\/www.uv.mx\/prensa\/files\/2019\/11\/071119-Declaracion-Amazonia.jpg\" alt=\"Si hay autoridades o entidades interesadas en plantar \u00e1rboles, hagan la solicitud, dijo el titular de la CoSustenta \" width=\"722\" height=\"481\" srcset=\"https:\/\/www.uv.mx\/prensa\/files\/2019\/11\/071119-Declaracion-Amazonia.jpg 722w, https:\/\/www.uv.mx\/prensa\/files\/2019\/11\/071119-Declaracion-Amazonia-300x200.jpg 300w\" sizes=\"(max-width: 722px) 100vw, 722px\" \/><\/a><p id=\"caption-attachment-76262\" class=\"wp-caption-text\">Si hay autoridades o entidades interesadas en plantar \u00e1rboles, hagan la solicitud, dijo el titular de la CoSustenta<\/p><\/div>\n<p><span data-contrast=\"auto\">En ese contexto, Miguel \u00c1ngel Escalona adelant\u00f3 que\u00a0<\/span><i><span data-contrast=\"auto\">CoSustent<\/span><\/i><i><span data-contrast=\"auto\">a<\/span><\/i><span data-contrast=\"auto\">\u00a0est\u00e1 por publicar un cat\u00e1logo de especies arb\u00f3reas<\/span><span data-contrast=\"auto\">\u00a0<\/span><span data-contrast=\"auto\">pensado principalmente para las personas tomadoras de decisiones en la UV, es decir,\u00a0<\/span><span data-contrast=\"auto\">quien administra o dirige una facultad, centro<\/span><span data-contrast=\"auto\">\u00a0de investigaci\u00f3n<\/span><span data-contrast=\"auto\">, instituto u otra dependencia acad\u00e9mica.<\/span><span data-ccp-props=\"{&quot;335559731&quot;:708}\">\u00a0<\/span><\/p>\n<p><span data-contrast=\"auto\">\u201cA veces<\/span><span data-contrast=\"auto\">\u00a0<\/span><span data-contrast=\"auto\">de buena intenci\u00f3n, pero sin buenos elementos,\u00a0<\/span><span data-contrast=\"auto\">los tomadores de decisi<\/span><span data-contrast=\"auto\">ones<\/span><span data-contrast=\"auto\">\u00a0<\/span><span data-contrast=\"auto\">introducen especies que en el futuro se convertir\u00e1n en un problema<\/span><span data-contrast=\"auto\">.\u201d<\/span><span data-ccp-props=\"{&quot;335559731&quot;:708}\">\u00a0<\/span><\/p>\n<p><span data-contrast=\"auto\">El cat\u00e1logo\u00a0<\/span><span data-contrast=\"auto\">corresponde<\/span><span data-contrast=\"auto\">\u00a0a las caracter\u00edsticas ambientales de\u00a0<\/span><span data-contrast=\"auto\">la regi\u00f3n de Xalapa, pero tambi\u00e9n est\u00e1 contemplado\u00a0<\/span><span data-contrast=\"auto\">acudir con los vicerrectores de las cuatro regiones restantes y elaborar\u00a0<\/span><span data-contrast=\"auto\">coordinadamente\u00a0<\/span><span data-contrast=\"auto\">el de cada\u00a0<\/span><span data-contrast=\"auto\">una<\/span><span data-contrast=\"auto\">, con las especies arb\u00f3reas\u00a0<\/span><span data-contrast=\"auto\">nativas<\/span><span data-contrast=\"auto\">\u00a0o\u00a0<\/span><span data-contrast=\"auto\">pertinentes<\/span><span data-contrast=\"auto\">\u00a0a sembrarse<\/span><span data-contrast=\"auto\">\u00a0all\u00e1<\/span><span data-contrast=\"auto\">.<\/span><span data-ccp-props=\"{&quot;335559731&quot;:708}\">\u00a0<\/span><\/p>\n<p><span data-contrast=\"auto\">\u201c<\/span><span data-contrast=\"auto\">El<\/span><span data-contrast=\"auto\">\u00a0prop\u00f3sito es llegar a un mode<\/span><span data-contrast=\"auto\">lo<\/span><span data-contrast=\"auto\">\u00a0de ordenamiento sustentable de las \u00e1reas verdes de la Universidad Veracruzana<\/span><span data-contrast=\"auto\">; e<\/span><span data-contrast=\"auto\">ntonces, en este cat\u00e1logo veremos qu<\/span><span data-contrast=\"auto\">e<\/span><span data-contrast=\"auto\">\u00a0hay especies introducidas<\/span><span data-contrast=\"auto\">\u00a0\u2013porque ya est\u00e1n y se plantean condiciones de manejo\u2013<\/span><span data-contrast=\"auto\">,<\/span><span data-contrast=\"auto\">\u00a0as\u00ed como \u00fatiles \u2013tal es el caso de las frutales, que tambi\u00e9n podr\u00edan ser introducidas\u2013\u00a0<\/span><span data-contrast=\"auto\">y nativas de<\/span><span data-contrast=\"auto\">l<\/span><span data-contrast=\"auto\">\u00a0bosque\u00a0<\/span><span data-contrast=\"auto\">mes\u00f3filo<\/span><span data-contrast=\"auto\">.\u201d<\/span><span data-ccp-props=\"{&quot;335559731&quot;:708}\">\u00a0<\/span><\/p>\n<p><span data-contrast=\"auto\">El cat\u00e1logo permitir\u00e1<\/span><span data-contrast=\"auto\">, por ejemplo,<\/span><span data-contrast=\"auto\">\u00a0conocer la posible talla que alcanza<\/span><span data-contrast=\"auto\">\u00a0una especie,<\/span><span data-contrast=\"auto\">\u00a0el tipo de ra\u00edces que desarrolla, entre otros criterios,<\/span><span data-contrast=\"auto\">\u00a0lo cual ayuda<\/span><span data-contrast=\"auto\">r\u00e1<\/span><span data-contrast=\"auto\">\u00a0a\u00a0<\/span><span data-contrast=\"auto\">saber<\/span><span data-contrast=\"auto\">\u00a0si es pertinente sembrarl<\/span><span data-contrast=\"auto\">o<\/span><span data-contrast=\"auto\">\u00a0o no en determinado lugar<\/span><span data-contrast=\"auto\">.<\/span><span data-contrast=\"auto\">\u00a0<\/span><span data-contrast=\"auto\">\u201cLa idea es que sirva como una fuente de informaci\u00f3n.\u201d<\/span><span data-ccp-props=\"{&quot;335559731&quot;:708}\">\u00a0<\/span><\/p>\n<p><span data-contrast=\"auto\">El funcionario universitario explic\u00f3\u00a0<\/span><span data-contrast=\"auto\">que la colaboraci\u00f3n con el Ayuntamiento versa, primeramente<\/span><span data-contrast=\"auto\">,<\/span><span data-contrast=\"auto\">\u00a0en que por norma es la autoridad que\u00a0<\/span><span data-contrast=\"auto\">debe<\/span><span data-contrast=\"auto\">\u00a0autorizar\u00a0<\/span><span data-contrast=\"auto\">cualquier derribo de \u00e1rbol que se realice en espacios privados<\/span><span data-contrast=\"auto\">,\u00a0<\/span><span data-contrast=\"auto\">como es la Universidad<\/span><span data-contrast=\"auto\">. Adem\u00e1s, para el caso de la regi\u00f3n Xalapa, se\u00a0<\/span><span data-contrast=\"auto\">logr\u00f3\u00a0<\/span><span data-contrast=\"auto\">una sinergia<\/span><span data-contrast=\"auto\">\u00a0pues tienen un programa de producci\u00f3n de plantas en viveros y\u00a0<\/span><span data-contrast=\"auto\">es el<\/span><span data-contrast=\"auto\">\u00a0<\/span><span data-contrast=\"auto\">que<\/span><span data-contrast=\"auto\">\u00a0dona las especies para el proceso de arborizaci\u00f3n.\u00a0<\/span><span data-ccp-props=\"{}\">\u00a0<\/span><\/p>\n<p><span data-contrast=\"auto\">\u201c<\/span><span data-contrast=\"auto\">Si<\/span><span data-contrast=\"auto\">\u00a0hay autoridades, entidades, dependencias que est\u00e9n interesados en plantar \u00e1rboles,\u00a0<\/span><span data-contrast=\"auto\">hagan la solicitud a esta Coordinaci\u00f3n y <\/span><span data-contrast=\"auto\">nosotros vemos las condiciones\u00a0<\/span><span data-contrast=\"auto\">y caracter\u00edsticas del lugar, para recomendar qu\u00e9 especies podr\u00eda<\/span><span data-contrast=\"auto\">n sembrar\u00a0<\/span><span data-contrast=\"auto\">y si est\u00e1n en los viveros del Ayuntamiento, ellos nos las pueden donar<\/span><span data-contrast=\"auto\">;<\/span><span data-contrast=\"auto\">\u00a0en caso de que no, se\u00a0<\/span><span data-contrast=\"auto\">recomendar\u00eda<\/span><span data-contrast=\"auto\">\u00a0la adquisici\u00f3n.\u201d<\/span><span data-ccp-props=\"{}\">\u00a0<\/span><\/p>\n<p><span data-contrast=\"auto\">Un punto m\u00e1s que propone la\u00a0<\/span><i><span data-contrast=\"auto\">CoSustenta<\/span><\/i><span data-contrast=\"auto\">\u00a0es trabajar en generar\u00a0<\/span><span data-contrast=\"auto\">\u201c<\/span><span data-contrast=\"auto\">islas de bienestar<\/span><span data-contrast=\"auto\">\u201d<\/span><span data-contrast=\"auto\">\u00a0<\/span><span data-contrast=\"auto\">en las \u00e1reas verdes de la UV;<\/span><span data-contrast=\"auto\">\u00a0es decir,\u00a0<\/span><span data-contrast=\"auto\">espacios donde sea posible impartir clases<\/span><span data-contrast=\"auto\">,<\/span><span data-contrast=\"auto\">\u00a0presentar<\/span><span data-contrast=\"auto\">\u00a0<\/span><span data-contrast=\"auto\">exposiciones<\/span><span data-contrast=\"auto\">\u00a0art\u00edsticas<\/span><span data-contrast=\"auto\">\u00a0o conciertos<\/span><span data-contrast=\"auto\">,<\/span><span data-contrast=\"auto\">\u00a0as\u00ed<\/span><span data-contrast=\"auto\">\u00a0como<\/span><span data-contrast=\"auto\">\u00a0realizar activaci\u00f3n f\u00edsica y<\/span><span data-contrast=\"auto\">\u00a0<\/span><span data-contrast=\"auto\">otras\u00a0<\/span><span data-contrast=\"auto\">actividades recreativas<\/span><span data-contrast=\"auto\">.<\/span><\/p>\n<p><b><span data-contrast=\"auto\">Las \u00e1reas verdes del MAX<\/span><\/b><span data-ccp-props=\"{}\"><br \/>\n<\/span><span data-contrast=\"auto\">Como ya se cit\u00f3, la campa\u00f1a de arborizaci\u00f3n<\/span><span data-contrast=\"auto\">\u00a0se<\/span><span data-contrast=\"auto\">\u00a0inici\u00f3 en los jar<\/span><span data-contrast=\"auto\">dines del MAX. Ah\u00ed,\u00a0<\/span><span data-contrast=\"auto\">luego del diagn\u00f3stico fue necesario retirar<\/span><span data-contrast=\"auto\">\u00a019 \u00e1rboles<\/span><span data-contrast=\"auto\">\u00a0que presentaban<\/span><span data-contrast=\"auto\">\u00a0riesgo alto.<\/span><span data-ccp-props=\"{}\">\u00a0<\/span><\/p>\n<p><span data-contrast=\"auto\">A la fecha,\u00a0<\/span><span data-contrast=\"auto\">y como parte del plan de manejo que se desarrolla con las autoridades de la entidad, encabezadas por la\u00a0<\/span><span data-contrast=\"auto\">directora del Museo, Maura Ord\u00f3\u00f1<\/span><span data-contrast=\"auto\">ez Valenzuela,\u00a0<\/span><span data-contrast=\"auto\">trabaja<\/span><span data-contrast=\"auto\">n<\/span><span data-contrast=\"auto\">\u00a0en\u00a0<\/span><span data-contrast=\"auto\">repoblar<\/span><span data-contrast=\"auto\">\u00a0con especies nativas<\/span><span data-contrast=\"auto\">, porque el espacio\u00a0<\/span><span data-contrast=\"auto\">lo permite<\/span><span data-contrast=\"auto\">.<\/span><span data-ccp-props=\"{}\">\u00a0<\/span><\/p>\n<p><span data-contrast=\"auto\">Incluso, est\u00e1 planeada la\u00a0<\/span><span data-contrast=\"auto\">i<\/span><span data-contrast=\"auto\">mplementaci\u00f3n de un cafetal (sistema de producci\u00f3n ecol\u00f3gica) demostrativo<\/span><span data-contrast=\"auto\">,<\/span><span data-contrast=\"auto\">\u00a0para que forme parte de los recorridos de los jardines del MAX<\/span><span data-contrast=\"auto\">, as\u00ed como el e<\/span><span data-contrast=\"auto\">stablecimiento de un m\u00f3dulo de compostaje que permita el aprovechamiento de residuos producto del mantenimiento de los jardines.<\/span><span data-ccp-props=\"{}\">\u00a0<\/span><\/p>\n<p><span data-contrast=\"auto\">La idea, dijo<\/span><span data-contrast=\"auto\">\u00a0Miguel \u00c1ngel Escalona<\/span><span data-contrast=\"auto\">, es que sea un trabajo desarrollado en conjunto<\/span><span data-contrast=\"auto\">, \u201cporque los espacios verdes son de todos<\/span><span data-contrast=\"auto\">,<\/span><span data-contrast=\"auto\">\u00a0y en la medida que los tengamos bien manejados nos ir\u00e1 bien.\u201d<\/span><span data-ccp-props=\"{}\">\u00a0<\/span><\/p>\n<p><span data-contrast=\"auto\">Esta campa\u00f1a, remarc\u00f3,\u00a0<\/span><span data-contrast=\"auto\">es una acci\u00f3n coordinada que\u00a0<\/span><span data-contrast=\"auto\">desarrolla<\/span><span data-contrast=\"auto\">n\u00a0<\/span><span data-contrast=\"auto\">e<\/span><span data-contrast=\"auto\">l Departamento de Servicios Generales y la\u00a0<\/span><i><span data-contrast=\"auto\">CoSustenta<\/span><\/i><span data-contrast=\"auto\">, de la mano de las entidades y dependencias que conforman la UV.<\/span><span data-contrast=\"auto\">\u00a0\u201cQueremos que sea una\u00a0<\/span><span data-contrast=\"auto\">co<\/span><span data-contrast=\"auto\">-construcci\u00f3n\u00a0de un imaginario de nuestras \u00e1reas verdes, porque algo que sientes tuyo, es algo que vives y cuidas<\/span><span data-contrast=\"auto\">\u201d.<\/span><span data-ccp-props=\"{}\">\u00a0<\/span><\/p>\n","protected":false},"excerpt":{"rendered":"<p>La campa\u00f1a es una acci\u00f3n coordinada del Departamento de Servicios Generales y la <em>CoSustenta<\/em>, de la mano de las entidades y dependencias que conforman la UV <\/p>\n","protected":false},"author":1775,"featured_media":90909,"comment_status":"closed","ping_status":"closed","sticky":false,"template":"","format":"standard","meta":[],"categories":[61],"tags":[693,511,690,695,157,692,597,691,694],"_links":{"self":[{"href":"https:\/\/www.uv.mx\/prensa\/wp-json\/wp\/v2\/posts\/90908"}],"collection":[{"href":"https:\/\/www.uv.mx\/prensa\/wp-json\/wp\/v2\/posts"}],"about":[{"href":"https:\/\/www.uv.mx\/prensa\/wp-json\/wp\/v2\/types\/post"}],"author":[{"embeddable":true,"href":"https:\/\/www.uv.mx\/prensa\/wp-json\/wp\/v2\/users\/1775"}],"replies":[{"embeddable":true,"href":"https:\/\/www.uv.mx\/prensa\/wp-json\/wp\/v2\/comments?post=90908"}],"version-history":[{"count":1,"href":"https:\/\/www.uv.mx\/prensa\/wp-json\/wp\/v2\/posts\/90908\/revisions"}],"predecessor-version":[{"id":90974,"href":"https:\/\/www.uv.mx\/prensa\/wp-json\/wp\/v2\/posts\/90908\/revisions\/90974"}],"wp:featuredmedia":[{"embeddable":true,"href":"https:\/\/www.uv.mx\/prensa\/wp-json\/wp\/v2\/media\/90909"}],"wp:attachment":[{"href":"https:\/\/www.uv.mx\/prensa\/wp-json\/wp\/v2\/media?parent=90908"}],"wp:term":[{"taxonomy":"category","embeddable":true,"href":"https:\/\/www.uv.mx\/prensa\/wp-json\/wp\/v2\/categories?post=90908"},{"taxonomy":"post_tag","embeddable":true,"href":"https:\/\/www.uv.mx\/prensa\/wp-json\/wp\/v2\/tags?post=90908"}],"curies":[{"name":"wp","href":"https:\/\/api.w.org\/{rel}","templated":true}]}}