{"id":90653,"date":"2020-11-26T09:42:57","date_gmt":"2020-11-26T15:42:57","guid":{"rendered":"https:\/\/www.uv.mx\/prensa\/?p=90653"},"modified":"2020-11-27T12:02:28","modified_gmt":"2020-11-27T18:02:28","slug":"luis-isauro-garcia-hernandez-nuevo-coordinador-del-cice","status":"publish","type":"post","link":"https:\/\/www.uv.mx\/prensa\/general\/luis-isauro-garcia-hernandez-nuevo-coordinador-del-cice\/","title":{"rendered":"Luis Isauro Garc\u00eda Hern\u00e1ndez, nuevo coordinador del <em>Cice<\/em>"},"content":{"rendered":"<ul>\n<li data-leveltext=\"\uf0b7\" data-font=\"Symbol\" data-listid=\"1\" data-aria-posinset=\"1\" data-aria-level=\"1\"><i><span data-contrast=\"auto\">Reconocen gesti\u00f3n del coordinador saliente, y tamb<\/span><\/i><i><span data-contrast=\"auto\">i\u00e9n fundador, Jorge Manzo\u00a0<\/span><\/i><i><span data-contrast=\"auto\">Denes<\/span><\/i><span data-ccp-props=\"{&quot;134233279&quot;:true}\">\u00a0<\/span><\/li>\n<\/ul>\n<p><span data-ccp-props=\"{}\">\u00a0<\/span><\/p>\n<div id=\"attachment_90655\" style=\"width: 732px\" class=\"wp-caption aligncenter\"><a href=\"https:\/\/www.uv.mx\/prensa\/files\/2020\/11\/261120-Cice-100k.jpg\"><img aria-describedby=\"caption-attachment-90655\" decoding=\"async\" loading=\"lazy\" class=\"size-full wp-image-90655\" src=\"https:\/\/www.uv.mx\/prensa\/files\/2020\/11\/261120-Cice-100k.jpg\" alt=\"\u00c1ngel Trigos Landa, Luis Isauro Garc\u00eda Hern\u00e1ndez y Jorge Manzo Denes \" width=\"722\" height=\"508\" srcset=\"https:\/\/www.uv.mx\/prensa\/files\/2020\/11\/261120-Cice-100k.jpg 722w, https:\/\/www.uv.mx\/prensa\/files\/2020\/11\/261120-Cice-100k-300x211.jpg 300w\" sizes=\"(max-width: 722px) 100vw, 722px\" \/><\/a><p id=\"caption-attachment-90655\" class=\"wp-caption-text\">\u00c1ngel Trigos Landa, Luis Isauro Garc\u00eda Hern\u00e1ndez y Jorge Manzo Denes<\/p><\/div>\n<p>&nbsp;<\/p>\n<p><b><i><span data-contrast=\"auto\">Elizabeth V\u00e1zquez<\/span><\/i><\/b><span data-ccp-props=\"{}\">\u00a0<\/span><\/p>\n<p><b><i><span data-contrast=\"auto\">2<\/span><\/i><\/b><b><i><span data-contrast=\"auto\">6<\/span><\/i><\/b><b><i><span data-contrast=\"auto\">\/11\/2020, Xalapa,\u00a0Ver.-\u00a0<\/span><\/i><\/b><span data-contrast=\"auto\">Luis Isauro Garc\u00eda Hern\u00e1ndez\u00a0<\/span><span data-contrast=\"auto\">fue designado<\/span><span data-contrast=\"auto\">\u00a0coordinador del <a href=\"https:\/\/www.uv.mx\/cice\/\" target=\"_blank\" rel=\"noopener noreferrer\">Centro de Investigaciones Cerebrales\u00a0<\/a><\/span><span data-contrast=\"auto\">(<\/span><i><span data-contrast=\"auto\">Cice<\/span><\/i><span data-contrast=\"auto\">)\u00a0<\/span><span data-contrast=\"auto\">de la Universidad Veracruzana\u00a0<\/span><span data-contrast=\"auto\">(UV)\u00a0<\/span><span data-contrast=\"auto\">para el periodo 2020-2024<\/span><span data-contrast=\"auto\">, en una\u00a0<\/span><span data-contrast=\"auto\">ceremonia\u00a0<\/span><span data-contrast=\"auto\">presidida por el direct<\/span><span data-contrast=\"auto\">or general de investigaciones, \u00c1<\/span><span data-contrast=\"auto\">ngel Trigos Landa, en representaci\u00f3n de la rectora Sara Ladr\u00f3n de Guevara.<\/span><span data-ccp-props=\"{}\">\u00a0<\/span><\/p>\n<p><span data-contrast=\"auto\">Trigos Landa<\/span><span data-contrast=\"auto\">\u00a0<\/span><span data-contrast=\"auto\">hizo un reconocimiento a la gesti\u00f3n del coordinador saliente y tambi\u00e9n fundador del\u00a0<\/span><i><span data-contrast=\"auto\">Cice<\/span><\/i><span data-contrast=\"auto\">, Jorge Manzo\u00a0Denes,\u00a0<\/span><span data-contrast=\"auto\">cuyo liderazgo\u00a0<\/span><span data-contrast=\"auto\">permiti\u00f3<\/span><span data-contrast=\"auto\">\u00a0la consolidaci\u00f3n de esta entidad de investigaci\u00f3n como\u00a0<\/span><span data-contrast=\"auto\">una de las de mayor<\/span><span data-contrast=\"auto\">\u00a0productividad\u00a0<\/span><span data-contrast=\"auto\">en la UV.<\/span><span data-ccp-props=\"{&quot;335559731&quot;:708}\">\u00a0<\/span><\/p>\n<p><span data-contrast=\"auto\">Por su parte, Garc\u00eda Hern\u00e1ndez asegur\u00f3 que representa un gran honor y<\/span><span data-contrast=\"auto\">,<\/span><span data-contrast=\"auto\">\u00a0al mismo tiempo<\/span><span data-contrast=\"auto\">,<\/span><span data-contrast=\"auto\">\u00a0un enorme desaf\u00edo recibir este nombramiento con la aceptaci\u00f3n un\u00e1nime de todos los integrantes del\u00a0<\/span><i><span data-contrast=\"auto\">Cice<\/span><\/i><span data-contrast=\"auto\">.<\/span><span data-ccp-props=\"{&quot;335559731&quot;:708}\">\u00a0<\/span><\/p>\n<p><span data-contrast=\"auto\">\u201cMe toca vivir una etapa privilegiada<\/span><span data-contrast=\"auto\">\u00a0al frente de<\/span><span data-contrast=\"auto\">l\u00a0<\/span><i><span data-contrast=\"auto\">Cice<\/span><\/i><i><span data-contrast=\"auto\">.<\/span><\/i><span data-contrast=\"auto\">\u00a0<\/span><span data-contrast=\"auto\">L<\/span><span data-contrast=\"auto\">a coordinaci\u00f3n del doctor Manzo\u00a0Denes\u00a0<\/span><span data-contrast=\"auto\">deja tras de s\u00ed a un grupo de trabajo\u00a0<\/span><span data-contrast=\"auto\">muy\u00a0<\/span><span data-contrast=\"auto\">unido, con\u00a0<\/span><span data-contrast=\"auto\">gran\u00a0<\/span><span data-contrast=\"auto\">capacidad de adaptaci\u00f3n\u00a0<\/span><span data-contrast=\"auto\">para enfrentar los<\/span><span data-contrast=\"auto\">\u00a0distint<\/span><span data-contrast=\"auto\">o<\/span><span data-contrast=\"auto\">s\u00a0<\/span><span data-contrast=\"auto\">retos que implica una sociedad tan cambiante como la nuestra\u00a0<\/span><span data-contrast=\"auto\">y con\u00a0<\/span><span data-contrast=\"auto\">muy\u00a0<\/span><span data-contrast=\"auto\">altas expectativas acad\u00e9micas\u201d, asegur\u00f3<\/span><span data-contrast=\"auto\">\u00a0el nuevo C<\/span><span data-contrast=\"auto\">oordinador.<\/span><span data-ccp-props=\"{&quot;335559731&quot;:708}\">\u00a0<\/span><\/p>\n<p><span data-contrast=\"auto\">D<\/span><span data-contrast=\"auto\">ijo\u00a0<\/span><span data-contrast=\"auto\">sentirse\u00a0<\/span><span data-contrast=\"auto\">muy motivado<\/span><span data-contrast=\"auto\">\u00a0por\u00a0<\/span><span data-contrast=\"auto\">recibir<\/span><span data-contrast=\"auto\">\u00a0la oportunidad de darle<\/span><span data-contrast=\"auto\">\u00a0continuidad al proceso de acondicionamiento de las nuevas instalaciones del\u00a0<\/span><i><span data-contrast=\"auto\">Cice<\/span><\/i><span data-contrast=\"auto\">, las cuales fueron entregadas recientemente\u00a0<\/span><span data-contrast=\"auto\">por la administraci\u00f3n central.<\/span><span data-ccp-props=\"{&quot;335559731&quot;:708}\">\u00a0<\/span><\/p>\n<p><span data-contrast=\"auto\">\u201cContar con u<\/span><span data-contrast=\"auto\">n<\/span><span data-contrast=\"auto\">\u00a0espacio propio<\/span><span data-contrast=\"auto\">\u00a0<\/span><span data-contrast=\"auto\">que respondiera a las necesidades de las investigaciones que se desarrollan en nuestra entidad,\u00a0<\/span><span data-contrast=\"auto\">de<\/span><span data-contrast=\"auto\">\u00a0gran impacto a nivel\u00a0<\/span><span data-contrast=\"auto\">local, nacional e inte<\/span><span data-contrast=\"auto\">r<\/span><span data-contrast=\"auto\">nacional<\/span><span data-contrast=\"auto\">, era una necesidad imperante<\/span><span data-contrast=\"auto\">; de manera que este nuevo edificio<\/span><span data-contrast=\"none\">\u00a0<\/span><span data-contrast=\"auto\">nos obliga a seguir creciendo y consolidando nuestro trabajo de docencia e investigaci\u00f3n<\/span><span data-contrast=\"auto\">\u201d<\/span><span data-contrast=\"auto\">, apunt\u00f3 el acad\u00e9mico.<\/span><\/p>\n<p><b><span data-contrast=\"auto\">Trayectoria destacada<\/span><\/b><span data-ccp-props=\"{&quot;335551550&quot;:1,&quot;335551620&quot;:1,&quot;335559740&quot;:259}\"><br \/>\n<\/span><span data-contrast=\"auto\">Luis\u00a0<\/span><span data-contrast=\"auto\">Isauro\u00a0<\/span><span data-contrast=\"auto\">Garc\u00eda Hern\u00e1ndez es\u00a0<\/span><span data-contrast=\"auto\">doctor en\u00a0Neuroetolog\u00eda\u00a0por la UV y\u00a0<\/span><span data-contrast=\"auto\">acad\u00e9mico<\/span><span data-contrast=\"auto\">\u00a0del\u00a0<\/span><i><span data-contrast=\"auto\">Cice\u00a0<\/span><\/i><span data-contrast=\"auto\">desde su fundaci\u00f3n. Particip\u00f3 en la creaci\u00f3n del Doctorado en Investigaciones Cerebrales\u00a0<\/span><span data-contrast=\"auto\">(DIC)\u00a0<\/span><span data-contrast=\"auto\">que ofrece\u00a0<\/span><span data-contrast=\"auto\">este centro<\/span><span data-contrast=\"auto\">\u00a0desde 2011 y fue su coordinador durante cua<\/span><span data-contrast=\"auto\">tro<\/span><span data-contrast=\"auto\">\u00a0a\u00f1os<\/span><span data-contrast=\"auto\">,<\/span><span data-contrast=\"auto\">\u00a0logrando su inserci\u00f3n al P<\/span><span data-contrast=\"auto\">rograma\u00a0<\/span><span data-contrast=\"auto\">Nacional de Posgrados de Calidad\u00a0<\/span><span data-contrast=\"auto\">(PNPC)\u00a0<\/span><span data-contrast=\"auto\">del Consejo Nacional de Ciencia y Tecnolog\u00eda,\u00a0<\/span><span data-contrast=\"auto\">casi inmediatamente despu\u00e9s<\/span><span data-contrast=\"auto\">\u00a0de su primera convocatoria.<\/span><span data-ccp-props=\"{}\">\u00a0<\/span><\/p>\n<p><span data-contrast=\"auto\">Es miembro del Sistema Nacional de Investigadores<\/span><span data-contrast=\"auto\">\u00a0(SNI)<\/span><span data-contrast=\"auto\">, nivel 2, y<\/span><span data-contrast=\"auto\">\u00a0se ha especializado en el estudio del cerebelo, abordando enfermedades como el\u00a0<\/span><span data-contrast=\"auto\">P<\/span><span data-contrast=\"auto\">arkinson<\/span><span data-contrast=\"auto\">. Comparte esta\u00a0<\/span><span data-contrast=\"auto\">labor con sus tareas de docencia y direcci\u00f3n de tesis\u00a0<\/span><span data-contrast=\"auto\">a estudiantes de licenciatura, maestr\u00eda y doctorado. Asimismo, es el creador y editor en jefe de la\u00a0<\/span><span data-contrast=\"auto\">revista cient\u00edfica electr\u00f3nica\u00a0<\/span><i><span data-contrast=\"auto\">e-<\/span><\/i><i><span data-contrast=\"auto\">neurobiolog\u00eda<\/span><\/i><span data-contrast=\"auto\">, que este a\u00f1o cumpli\u00f3 una d\u00e9cada de circulaci\u00f3n a nivel internacional.<\/span><\/p>\n<p><b><span data-contrast=\"auto\">Nueve a\u00f1os de investigaciones y formaci\u00f3n<\/span><\/b><span data-ccp-props=\"{&quot;335551550&quot;:1,&quot;335551620&quot;:1,&quot;335559740&quot;:259}\"><br \/>\n<\/span><span data-contrast=\"auto\">El\u00a0<\/span><i><span data-contrast=\"auto\">Cice<\/span><\/i><span data-contrast=\"auto\">\u00a0fue c<\/span><span data-contrast=\"auto\">reado en 2011 con el prop\u00f3sito de generar conocimiento sobre la organizaci\u00f3n y funcionamiento del cerebro<\/span><span data-contrast=\"auto\">\u00a0<\/span><span data-contrast=\"auto\">y el sistema nervioso perif\u00e9rico<\/span><span data-contrast=\"auto\">.<\/span><span data-contrast=\"auto\">\u00a0<\/span><span data-contrast=\"auto\">En e<\/span><span data-contrast=\"auto\">l<\/span><span data-contrast=\"auto\">\u00a0<\/span><i><span data-contrast=\"auto\">Cice<\/span><\/i><span data-contrast=\"auto\">\u00a0<\/span><span data-contrast=\"auto\">se\u00a0<\/span><span data-contrast=\"auto\">desarrolla<\/span><span data-contrast=\"auto\">n<\/span><span data-contrast=\"auto\">\u00a0diferentes l\u00edneas de investigaci\u00f3n<\/span><span data-contrast=\"auto\">\u00a0<\/span><span data-contrast=\"auto\">b\u00e1sica en torno a<\/span><span data-contrast=\"auto\">\u00a0la neurobiolog\u00eda de la conducta sexual y\u00a0<\/span><span data-contrast=\"auto\">la filosof\u00eda de la neurociencia,<\/span><span data-contrast=\"auto\">\u00a0as\u00ed como sobre\u00a0<\/span><span data-contrast=\"auto\">trastornos y<\/span><span data-contrast=\"auto\">\u00a0<\/span><span data-contrast=\"auto\">enfermedades<\/span><span data-contrast=\"auto\">\u00a0tales\u00a0<\/span><span data-contrast=\"auto\">como<\/span><span data-contrast=\"auto\">\u00a0<\/span><span data-contrast=\"auto\">Alzheimer,<\/span><span data-contrast=\"auto\">\u00a0<\/span><span data-contrast=\"auto\">Parkinson, epilepsia,<\/span><span data-contrast=\"auto\">\u00a0<\/span><span data-contrast=\"auto\">autismo,<\/span><span data-contrast=\"auto\">\u00a0<\/span><span data-contrast=\"auto\">ataxia<\/span><span data-contrast=\"auto\">\u00a0<\/span><span data-contrast=\"auto\">y<\/span><span data-contrast=\"auto\">\u00a0<\/span><span data-contrast=\"auto\">de\u00a0<\/span><span data-contrast=\"auto\">m\u00e9dula espinal<\/span><span data-contrast=\"auto\">,<\/span><span data-contrast=\"auto\">\u00a0<\/span><span data-contrast=\"auto\">adem\u00e1s de<\/span><span data-contrast=\"auto\">\u00a0obesidad y c\u00e1ncer (de<\/span><span data-contrast=\"auto\">\u00a0<\/span><span data-contrast=\"auto\">pr\u00f3stata y mamario).<\/span><span data-ccp-props=\"{}\">\u00a0<\/span><\/p>\n<p><span data-contrast=\"auto\">La totalidad de los acad\u00e9micos del\u00a0<\/span><i><span data-contrast=\"auto\">Cice<\/span><\/i><span data-contrast=\"auto\">\u00a0son miembros del SNI y\u00a0<\/span><span data-contrast=\"auto\">considera<\/span><span data-contrast=\"auto\">n<\/span><span data-contrast=\"auto\">\u00a0como uno de sus compromisos prioritarios<\/span><span data-contrast=\"auto\">\u00a0<\/span><span data-contrast=\"auto\">la formaci\u00f3n de nuevos investigadores en ciencia b\u00e1sica,\u00a0<\/span><span data-contrast=\"auto\">por lo que ofrece<\/span><span data-contrast=\"auto\">n<\/span><span data-contrast=\"auto\">\u00a0<\/span><span data-contrast=\"auto\">un posgrado<\/span><span data-contrast=\"auto\">, inscrito al PNPC, que le<\/span><span data-contrast=\"auto\">s<\/span><span data-contrast=\"auto\">\u00a0brinda<\/span><span data-contrast=\"auto\">\u00a0<\/span><span data-contrast=\"auto\">la posibilidad de otorgar becas a sus estudiantes. Tampoco deja<\/span><span data-contrast=\"auto\">n<\/span><span data-contrast=\"auto\">\u00a0de lado su compromiso de i<\/span><span data-contrast=\"auto\">nformar a la sociedad sobre su quehacer cient\u00edfico<\/span><span data-contrast=\"auto\">, por lo que d<\/span><span data-contrast=\"auto\">esde hace 12 a\u00f1os celebra<\/span><span data-contrast=\"auto\">n<\/span><span data-contrast=\"auto\">\u00a0de manera ininterrumpida la Semana Mundial del Cerebro<\/span><span data-contrast=\"auto\">.<\/span><span data-ccp-props=\"{&quot;335559731&quot;:708}\">\u00a0<\/span><\/p>\n","protected":false},"excerpt":{"rendered":"<p>Es doctor en Neuroetolog\u00eda por la UV y acad\u00e9mico del <em>Cice<\/em> desde su fundaci\u00f3n <\/p>\n","protected":false},"author":1775,"featured_media":90655,"comment_status":"closed","ping_status":"closed","sticky":false,"template":"","format":"standard","meta":[],"categories":[1],"tags":[519,520,459,428,518,517,415],"_links":{"self":[{"href":"https:\/\/www.uv.mx\/prensa\/wp-json\/wp\/v2\/posts\/90653"}],"collection":[{"href":"https:\/\/www.uv.mx\/prensa\/wp-json\/wp\/v2\/posts"}],"about":[{"href":"https:\/\/www.uv.mx\/prensa\/wp-json\/wp\/v2\/types\/post"}],"author":[{"embeddable":true,"href":"https:\/\/www.uv.mx\/prensa\/wp-json\/wp\/v2\/users\/1775"}],"replies":[{"embeddable":true,"href":"https:\/\/www.uv.mx\/prensa\/wp-json\/wp\/v2\/comments?post=90653"}],"version-history":[{"count":1,"href":"https:\/\/www.uv.mx\/prensa\/wp-json\/wp\/v2\/posts\/90653\/revisions"}],"predecessor-version":[{"id":90718,"href":"https:\/\/www.uv.mx\/prensa\/wp-json\/wp\/v2\/posts\/90653\/revisions\/90718"}],"wp:featuredmedia":[{"embeddable":true,"href":"https:\/\/www.uv.mx\/prensa\/wp-json\/wp\/v2\/media\/90655"}],"wp:attachment":[{"href":"https:\/\/www.uv.mx\/prensa\/wp-json\/wp\/v2\/media?parent=90653"}],"wp:term":[{"taxonomy":"category","embeddable":true,"href":"https:\/\/www.uv.mx\/prensa\/wp-json\/wp\/v2\/categories?post=90653"},{"taxonomy":"post_tag","embeddable":true,"href":"https:\/\/www.uv.mx\/prensa\/wp-json\/wp\/v2\/tags?post=90653"}],"curies":[{"name":"wp","href":"https:\/\/api.w.org\/{rel}","templated":true}]}}