{"id":90648,"date":"2020-11-25T23:59:49","date_gmt":"2020-11-26T05:59:49","guid":{"rendered":"https:\/\/www.uv.mx\/prensa\/?p=90648"},"modified":"2020-11-27T12:10:14","modified_gmt":"2020-11-27T18:10:14","slug":"uv-realiza-4o-foro-de-empleabilidad","status":"publish","type":"post","link":"https:\/\/www.uv.mx\/prensa\/general\/uv-realiza-4o-foro-de-empleabilidad\/","title":{"rendered":"UV realiza 4\u00ba Foro de Empleabilidad"},"content":{"rendered":"<ul>\n<li data-leveltext=\"\uf0b7\" data-font=\"Symbol\" data-listid=\"5\" data-aria-posinset=\"1\" data-aria-level=\"1\"><i><span data-contrast=\"auto\">Esta edici\u00f3n aborda el tema <\/span><\/i><i><span data-contrast=\"auto\">\u201cEmpoderamiento <\/span><\/i><i><span data-contrast=\"auto\">p<\/span><\/i><i><span data-contrast=\"auto\">rofesional ante los <\/span><\/i><i><span data-contrast=\"auto\">r<\/span><\/i><i><span data-contrast=\"auto\">etos de la <\/span><\/i><i><span data-contrast=\"auto\">c<\/span><\/i><i><span data-contrast=\"auto\">risis\u201d<\/span><\/i><i><span data-contrast=\"auto\">\u00a0<\/span><\/i><span data-ccp-props=\"{}\">\u00a0<\/span><\/li>\n<li data-leveltext=\"\uf0b7\" data-font=\"Symbol\" data-listid=\"5\" data-aria-posinset=\"2\" data-aria-level=\"1\"><i><span data-contrast=\"auto\">Busca promover en los universitarios el fortalecimiento de competencias imprescindibles en el campo laboral ante las exigencias de la nueva normalidad<\/span><\/i><span data-ccp-props=\"{}\">\u00a0<\/span><\/li>\n<\/ul>\n<div id=\"attachment_90651\" style=\"width: 732px\" class=\"wp-caption aligncenter\"><a href=\"https:\/\/www.uv.mx\/prensa\/files\/2020\/11\/241120-Foro-empleabilidad-1.jpg\"><img loading=\"lazy\" decoding=\"async\" aria-describedby=\"caption-attachment-90651\" class=\"size-full wp-image-90651\" src=\"https:\/\/www.uv.mx\/prensa\/files\/2020\/11\/241120-Foro-empleabilidad-1.jpg\" alt=\"\" width=\"722\" height=\"481\" srcset=\"https:\/\/www.uv.mx\/prensa\/files\/2020\/11\/241120-Foro-empleabilidad-1.jpg 722w, https:\/\/www.uv.mx\/prensa\/files\/2020\/11\/241120-Foro-empleabilidad-1-300x200.jpg 300w\" sizes=\"auto, (max-width: 722px) 100vw, 722px\" \/><\/a><p id=\"caption-attachment-90651\" class=\"wp-caption-text\">El primer d\u00eda de actividades congreg\u00f3 a estudiantes, docentes, investigadores y directivos<\/p><\/div>\n<p><b><i><span data-contrast=\"auto\">Carlos Hugo Hermida Rosales<\/span><\/i><\/b><span data-ccp-props=\"{}\">\u00a0<\/span><\/p>\n<p><b><i><span data-contrast=\"auto\">25<\/span><\/i><\/b><b><i><span data-contrast=\"auto\">\/11<\/span><\/i><\/b><b><i><span data-contrast=\"auto\">\/2020<\/span><\/i><\/b><b><i><span data-contrast=\"auto\">,<\/span><\/i><\/b> <b><i><span data-contrast=\"auto\">Xalapa, Ver.<\/span><\/i><\/b><b><i><span data-contrast=\"auto\">&#8211;<\/span><\/i><\/b> <span data-contrast=\"auto\">La Universidad Veracruzana (UV) inaugur\u00f3 el 24 de noviembre el <\/span><a href=\"https:\/\/www.uv.mx\/foroempleabilidad\/acerca-del-foro\/\"><span data-contrast=\"none\">4\u00ba<\/span> <span data-contrast=\"none\">Foro de Empleabilidad \u201c<\/span><span data-contrast=\"none\">Empoderamiento <\/span><span data-contrast=\"none\">p<\/span><span data-contrast=\"none\">rofesio<\/span><span data-contrast=\"none\">nal ante los <\/span><span data-contrast=\"none\">r<\/span><span data-contrast=\"none\">etos de la <\/span><span data-contrast=\"none\">c<\/span><span data-contrast=\"none\">risis<\/span><\/a><span data-contrast=\"auto\">\u201d,<\/span><span data-contrast=\"auto\"> iniciativa<\/span> <span data-contrast=\"auto\">para promover en<\/span><span data-contrast=\"auto\">tre<\/span><span data-contrast=\"auto\"> los universitarios el fortalecimiento de competencias imprescindibles en el campo lab<\/span><span data-contrast=\"auto\">oral ante las exigencias de la nueva normalidad.<\/span><span data-ccp-props=\"{}\">\u00a0<\/span><\/p>\n<p><span data-contrast=\"auto\">Este evento<\/span><span data-contrast=\"auto\">,<\/span><span data-contrast=\"auto\"> que se realiza de manera virtual hasta <\/span><span data-contrast=\"auto\">el <\/span><span data-contrast=\"auto\">viernes<\/span> <span data-contrast=\"auto\">27<\/span><span data-contrast=\"auto\">, es organizado por <\/span><span data-contrast=\"auto\">el Programa Universitario de Inserci\u00f3n Laboral <\/span><span data-contrast=\"auto\">de la <a href=\"https:\/\/www.uv.mx\/vinculacion\/tag\/direccion-general-de-vinculacion\/\" target=\"_blank\" rel=\"noopener noreferrer\">Direcci\u00f3n General de Vincula<\/a><\/span><span data-contrast=\"auto\">ci\u00f3n (DGV)<\/span><span data-contrast=\"auto\">,<\/span> <span data-contrast=\"auto\">con la colaboraci\u00f3n de la Asociaci\u00f3n Nacional de Universidades e Instituciones de Educaci\u00f3n Superior<\/span> <span data-contrast=\"auto\">(ANUIES), la Secretar\u00eda del Trabajo Previsi\u00f3n Social y Productividad del Estado de Veracruz, <\/span><span data-contrast=\"auto\">y <\/span><span data-contrast=\"auto\">el Servicio Nacional de Empleo Veracruz<\/span><span data-contrast=\"auto\">.<\/span><span data-ccp-props=\"{&quot;335559731&quot;:708}\">\u00a0<\/span><\/p>\n<p><span data-contrast=\"auto\">El acto inaugural fue encabezado por <\/span><span data-contrast=\"auto\">Patricia Arieta Melgarejo, titular de la <\/span><span data-contrast=\"auto\">DGV<\/span><span data-contrast=\"auto\">, <\/span><span data-contrast=\"auto\">acompa\u00f1ada por Magdalena Hern\u00e1ndez Alarc\u00f3n, <\/span><span data-contrast=\"auto\">s<\/span><span data-contrast=\"auto\">ecretaria Acad\u00e9mica; Octavio Agust\u00edn Ochoa Contreras, secretario de Desarrollo Institucional; Sergio Ren\u00e9 Mart\u00ednez Cruz, director de Cooperaci\u00f3n Acad\u00e9mica de\u202fANUIES; <\/span><span data-contrast=\"auto\">Gerardo Mart\u00ednez R\u00edos, <\/span><span data-contrast=\"auto\">director de <\/span><span data-contrast=\"auto\">Desarrollo Econ\u00f3mico de <\/span><span data-contrast=\"auto\">Xalapa<\/span><span data-contrast=\"auto\">; <\/span><span data-contrast=\"auto\">y directivos de la UV, <\/span><span data-contrast=\"auto\">representantes del gobiern<\/span><span data-contrast=\"auto\">o <\/span><span data-contrast=\"auto\">estatal <\/span><span data-contrast=\"auto\">y de la iniciativa privada.<\/span><span data-ccp-props=\"{&quot;335559731&quot;:708}\">\u00a0<\/span><\/p>\n<div id=\"attachment_90650\" style=\"width: 732px\" class=\"wp-caption aligncenter\"><a href=\"https:\/\/www.uv.mx\/prensa\/files\/2020\/11\/241120-Foro-empleabilidad-2.jpg\"><img loading=\"lazy\" decoding=\"async\" aria-describedby=\"caption-attachment-90650\" class=\"size-full wp-image-90650\" src=\"https:\/\/www.uv.mx\/prensa\/files\/2020\/11\/241120-Foro-empleabilidad-2.jpg\" alt=\"\" width=\"722\" height=\"481\" srcset=\"https:\/\/www.uv.mx\/prensa\/files\/2020\/11\/241120-Foro-empleabilidad-2.jpg 722w, https:\/\/www.uv.mx\/prensa\/files\/2020\/11\/241120-Foro-empleabilidad-2-300x200.jpg 300w\" sizes=\"auto, (max-width: 722px) 100vw, 722px\" \/><\/a><p id=\"caption-attachment-90650\" class=\"wp-caption-text\">Octavio Agust\u00edn Ochoa Contreras<\/p><\/div>\n<p><span data-contrast=\"auto\">Patricia Arieta<\/span><span data-contrast=\"auto\"> mencion\u00f3 que <\/span><span data-contrast=\"auto\">este foro<\/span><span data-contrast=\"auto\">,<\/span><span data-contrast=\"auto\"> adem\u00e1s de contribuir al empoderamiento profesional, es un espacio donde se desarrollar\u00e1 una comunicaci\u00f3n nutrida entre empleadores que permitan dar a conocer requeri<\/span><span data-contrast=\"auto\">mientos y tendencias laborales.<\/span><span data-ccp-props=\"{&quot;335559731&quot;:708}\">\u00a0<\/span><\/p>\n<p><span data-contrast=\"auto\">Octavio Ochoa <\/span><span data-contrast=\"auto\">enfatiz\u00f3 que <\/span><span data-contrast=\"auto\">el<\/span> <span data-contrast=\"auto\">evento <\/span><span data-contrast=\"auto\">fue <\/span><span data-contrast=\"auto\">preparado como <\/span><span data-contrast=\"auto\">una <\/span><span data-contrast=\"auto\">respuesta que las <\/span><span data-contrast=\"auto\">instituciones de educaci\u00f3n superior como la UV<\/span><span data-contrast=\"auto\"> deben ofrecer a los j\u00f3venes universitarios ante retos emergentes de <\/span><span data-contrast=\"auto\">la crisis ocasionada<\/span><span data-contrast=\"auto\"> por <\/span><span data-contrast=\"auto\">la pandemia de Covid-19, y ante los acelerados avances tecnol\u00f3gicos del mundo actual que exigen que la formaci\u00f3n <\/span><span data-contrast=\"auto\">profesional se enfoque a la recalificaci\u00f3n y reconversi\u00f3n del capital humano.<\/span><span data-ccp-props=\"{&quot;335559731&quot;:708}\">\u00a0<\/span><\/p>\n<p><span data-contrast=\"auto\">Gerardo Mart\u00ednez <\/span><span data-contrast=\"auto\">declar\u00f3 que el 4\u00ba Foro de Empleabilidad es una herramienta indispensable para la vinculaci\u00f3n de los universitarios con el mercado laboral.<\/span><span data-ccp-props=\"{&quot;335559731&quot;:708}\">\u00a0<\/span><\/p>\n<p><span data-contrast=\"auto\">\u201cEs de aplaudir el esfuerzo de la UV por realizar de manera virtual esta feria de empleo que tanta falta le hace a la regi\u00f3n\u201d, enunci\u00f3.\u00a0<\/span><span data-ccp-props=\"{&quot;335559731&quot;:708}\">\u00a0<\/span><\/p>\n<p><span data-contrast=\"auto\">Los <\/span><span data-contrast=\"auto\">eventos del 4\u00ba<\/span> <span data-contrast=\"auto\">Foro de Empleabilidad \u201c<\/span><span data-contrast=\"auto\">Empoderamiento Profesio<\/span><span data-contrast=\"auto\">nal ante los Retos de la Crisis\u201d se <\/span><span data-contrast=\"auto\">pueden <\/span><span data-contrast=\"auto\">consultar en <\/span><a href=\"https:\/\/www.uv.mx\/foroempleabilidad\/acerca-del-foro\/\"><span data-contrast=\"none\">https:\/\/www.uv.mx\/foroempleabilid<\/span><span data-contrast=\"none\">a<\/span><span data-contrast=\"none\">d\/acerca-del-foro\/<\/span><\/a><span data-contrast=\"auto\">, y las actividades pueden v<\/span><span data-contrast=\"auto\">erse <\/span><span data-contrast=\"auto\">a trav\u00e9s del <\/span><i><span data-contrast=\"auto\">Facebook<\/span><\/i> <a href=\"https:\/\/www.facebook.com\/BolsadeTrabajoUV\/\"><span data-contrast=\"none\">https:\/\/www.facebook.com\/Bol<\/span><span data-contrast=\"none\">s<\/span><span data-contrast=\"none\">adeTrabajoUV\/<\/span><\/a><span data-contrast=\"auto\">.<\/span><span data-ccp-props=\"{&quot;335559731&quot;:708}\">\u00a0<\/span><\/p>\n<div id=\"attachment_90649\" style=\"width: 732px\" class=\"wp-caption aligncenter\"><a href=\"https:\/\/www.uv.mx\/prensa\/files\/2020\/11\/241120-Foro-empleabilidad-3.jpg\"><img loading=\"lazy\" decoding=\"async\" aria-describedby=\"caption-attachment-90649\" class=\"size-full wp-image-90649\" src=\"https:\/\/www.uv.mx\/prensa\/files\/2020\/11\/241120-Foro-empleabilidad-3.jpg\" alt=\"\" width=\"722\" height=\"481\" srcset=\"https:\/\/www.uv.mx\/prensa\/files\/2020\/11\/241120-Foro-empleabilidad-3.jpg 722w, https:\/\/www.uv.mx\/prensa\/files\/2020\/11\/241120-Foro-empleabilidad-3-300x200.jpg 300w\" sizes=\"auto, (max-width: 722px) 100vw, 722px\" \/><\/a><p id=\"caption-attachment-90649\" class=\"wp-caption-text\">Patricia Arieta Melgarejo<\/p><\/div>\n","protected":false},"excerpt":{"rendered":"<p>El acto inaugural fue encabezado por Patricia Arieta Melgarejo, titular de la DGV, acompa\u00f1ada por Magdalena Hern\u00e1ndez Alarc\u00f3n, secretaria Acad\u00e9mica<\/p>\n","protected":false},"author":1508,"featured_media":90651,"comment_status":"closed","ping_status":"closed","sticky":false,"template":"","format":"standard","meta":{"footnotes":""},"categories":[1],"tags":[],"class_list":["post-90648","post","type-post","status-publish","format-standard","has-post-thumbnail","hentry","category-general"],"_links":{"self":[{"href":"https:\/\/www.uv.mx\/prensa\/wp-json\/wp\/v2\/posts\/90648","targetHints":{"allow":["GET"]}}],"collection":[{"href":"https:\/\/www.uv.mx\/prensa\/wp-json\/wp\/v2\/posts"}],"about":[{"href":"https:\/\/www.uv.mx\/prensa\/wp-json\/wp\/v2\/types\/post"}],"author":[{"embeddable":true,"href":"https:\/\/www.uv.mx\/prensa\/wp-json\/wp\/v2\/users\/1508"}],"replies":[{"embeddable":true,"href":"https:\/\/www.uv.mx\/prensa\/wp-json\/wp\/v2\/comments?post=90648"}],"version-history":[{"count":1,"href":"https:\/\/www.uv.mx\/prensa\/wp-json\/wp\/v2\/posts\/90648\/revisions"}],"predecessor-version":[{"id":90722,"href":"https:\/\/www.uv.mx\/prensa\/wp-json\/wp\/v2\/posts\/90648\/revisions\/90722"}],"wp:featuredmedia":[{"embeddable":true,"href":"https:\/\/www.uv.mx\/prensa\/wp-json\/wp\/v2\/media\/90651"}],"wp:attachment":[{"href":"https:\/\/www.uv.mx\/prensa\/wp-json\/wp\/v2\/media?parent=90648"}],"wp:term":[{"taxonomy":"category","embeddable":true,"href":"https:\/\/www.uv.mx\/prensa\/wp-json\/wp\/v2\/categories?post=90648"},{"taxonomy":"post_tag","embeddable":true,"href":"https:\/\/www.uv.mx\/prensa\/wp-json\/wp\/v2\/tags?post=90648"}],"curies":[{"name":"wp","href":"https:\/\/api.w.org\/{rel}","templated":true}]}}