{"id":90565,"date":"2020-11-24T15:44:13","date_gmt":"2020-11-24T21:44:13","guid":{"rendered":"https:\/\/www.uv.mx\/prensa\/?p=90565"},"modified":"2020-11-25T07:28:27","modified_gmt":"2020-11-25T13:28:27","slug":"exposicion-itinerante-de-vicente-rojo-llego-a-la-usbi-veracruz","status":"publish","type":"post","link":"https:\/\/www.uv.mx\/prensa\/cultura\/exposicion-itinerante-de-vicente-rojo-llego-a-la-usbi-veracruz\/","title":{"rendered":"Exposici\u00f3n itinerante de Vicente Rojo lleg\u00f3 a la USBI Veracruz\u00a0"},"content":{"rendered":"<div id=\"attachment_90567\" style=\"width: 732px\" class=\"wp-caption aligncenter\"><a href=\"https:\/\/www.uv.mx\/prensa\/files\/2020\/11\/241120-Vicente-Rojo-1.jpg\"><img loading=\"lazy\" decoding=\"async\" aria-describedby=\"caption-attachment-90567\" class=\"size-full wp-image-90567\" src=\"https:\/\/www.uv.mx\/prensa\/files\/2020\/11\/241120-Vicente-Rojo-1.jpg\" alt=\"\" width=\"722\" height=\"542\" srcset=\"https:\/\/www.uv.mx\/prensa\/files\/2020\/11\/241120-Vicente-Rojo-1.jpg 722w, https:\/\/www.uv.mx\/prensa\/files\/2020\/11\/241120-Vicente-Rojo-1-300x225.jpg 300w\" sizes=\"auto, (max-width: 722px) 100vw, 722px\" \/><\/a><p id=\"caption-attachment-90567\" class=\"wp-caption-text\">La rectora Sara Ladr\u00f3n de Guevara, el vicerrector Alfonso Gerardo P\u00e9rez y Teresa Vicencio \u00c1lvarez, secretaria administradora del Conal, realizaron el corte inaugural de la exposici\u00f3n itinerante de Vicente Rojo<\/p><\/div>\n<p><i><\/i><span data-ccp-props=\"{&quot;201341983&quot;:0,&quot;335559739&quot;:160,&quot;335559740&quot;:240}\"><br \/>\n<\/span><\/p>\n<p><span data-ccp-props=\"{&quot;201341983&quot;:0,&quot;335559739&quot;:160,&quot;335559740&quot;:240}\">\u00a0<\/span><\/p>\n<p><b><i><span data-contrast=\"none\">Shuguey<\/span><\/i><\/b><b><i><span data-contrast=\"none\"> Enr<\/span><\/i><\/b><b><i><span data-contrast=\"none\">\u00ed<\/span><\/i><\/b><b><i><span data-contrast=\"none\">quez <\/span><\/i><\/b><b><i><span data-contrast=\"none\">Ambrell<\/span><\/i><\/b><span data-ccp-props=\"{&quot;201341983&quot;:0,&quot;335559739&quot;:160,&quot;335559740&quot;:240}\">\u00a0<\/span><\/p>\n<p><b><i><span data-contrast=\"none\">24\/11\/2020, <\/span><\/i><\/b><b><i><span data-contrast=\"none\">Boca del R\u00edo<\/span><\/i><\/b><b><i><span data-contrast=\"none\">, Ver.- <\/span><\/i><\/b><span data-contrast=\"none\">La <\/span><span data-contrast=\"none\">Galer<\/span><span data-contrast=\"none\">\u00ed<\/span><span data-contrast=\"none\">a de Arte Contempor<\/span><span data-contrast=\"none\">\u00e1<\/span><span data-contrast=\"none\">neo de la Unidad de Servicios Bibliotecarios y de Informaci<\/span><span data-contrast=\"none\">\u00f3<\/span><span data-contrast=\"none\">n (USBI)<\/span> <span data-contrast=\"none\">de la Universidad Veracruzana<\/span><span data-contrast=\"none\"> (UV)<\/span> <span data-contrast=\"none\">se convirti<\/span><span data-contrast=\"none\">\u00f3 <\/span><span data-contrast=\"none\">en la primera sede <\/span><span data-contrast=\"none\">nacional<\/span><span data-contrast=\"none\"> de la <\/span><span data-contrast=\"none\">exposici<\/span><span data-contrast=\"none\">\u00f3<\/span><span data-contrast=\"none\">n itinerante de Vicente Rojo<\/span> <i><span data-contrast=\"none\">80 a<\/span><\/i><i><span data-contrast=\"none\">\u00f1<\/span><\/i><i><span data-contrast=\"none\">os despu<\/span><\/i><i><span data-contrast=\"none\">\u00e9<\/span><\/i><i><span data-contrast=\"none\">s. Cuaderno de viaje de Francisco Rojo <\/span><\/i><i><span data-contrast=\"none\">Lluch<\/span><\/i><i><span data-contrast=\"none\"> en el vapor <\/span><\/i><span data-contrast=\"none\">Ipanema<\/span><i><span data-contrast=\"none\">, Burdeos-Veracruz, junio-julio de 1939<\/span><\/i><span data-contrast=\"none\">.<\/span><span data-ccp-props=\"{&quot;201341983&quot;:0,&quot;335559739&quot;:160,&quot;335559740&quot;:240}\">\u00a0<\/span><\/p>\n<p><span data-contrast=\"none\">L<\/span><span data-contrast=\"none\">a <\/span><span data-contrast=\"none\">r<\/span><span data-contrast=\"none\">ectora de la U<\/span><span data-contrast=\"none\">V, <\/span><span data-contrast=\"none\">Sara Ladr<\/span><span data-contrast=\"none\">\u00f3<\/span><span data-contrast=\"none\">n de <\/span><span data-contrast=\"none\">Guevara<\/span><span data-contrast=\"none\">; <\/span><span data-contrast=\"none\">el <\/span><span data-contrast=\"none\">v<\/span><span data-contrast=\"none\">icerrector Alfonso Gerardo P\u00e9rez Morales<\/span><span data-contrast=\"none\">,<\/span><span data-contrast=\"none\"> y <\/span><span data-contrast=\"none\">l<\/span><span data-contrast=\"none\">a Secretaria administradora de El Colegio Nacional<\/span><span data-contrast=\"none\"> (<\/span><i><span data-contrast=\"none\">Conal<\/span><\/i><span data-contrast=\"none\">)<\/span><span data-contrast=\"none\">, Teresa Vicencio \u00c1lvarez, realizaron el corte inaugural<\/span> <span data-contrast=\"none\">el <\/span><span data-contrast=\"none\">jueves 19 de noviembre<\/span><span data-contrast=\"none\">.<\/span><span data-ccp-props=\"{&quot;201341983&quot;:0,&quot;335559731&quot;:708,&quot;335559739&quot;:160,&quot;335559740&quot;:240}\">\u00a0<\/span><\/p>\n<p><span data-contrast=\"none\">Estuvieron tambi<\/span><span data-contrast=\"none\">\u00e9<\/span><span data-contrast=\"none\">n<\/span><span data-contrast=\"none\"> presentes Ulises Gonzalo Aguirre Orozco<\/span> <span data-contrast=\"none\">y Juan Pablo Mungu\u00ed<\/span><span data-contrast=\"none\">a Tiburcio<\/span><span data-contrast=\"none\">, <\/span><span data-contrast=\"none\">s<\/span><span data-contrast=\"none\">ecretario<\/span><span data-contrast=\"none\">s regionales<\/span><span data-contrast=\"none\"> Acad<\/span><span data-contrast=\"none\">\u00e9<\/span><span data-contrast=\"none\">mico, y <\/span><span data-contrast=\"none\">de Administraci<\/span><span data-contrast=\"none\">\u00f3<\/span><span data-contrast=\"none\">n y Finanzas<\/span><span data-contrast=\"none\">, respectivamente<\/span><span data-contrast=\"none\">; Martha Delia Castro Montoya, directora de la USBI<\/span><span data-contrast=\"none\">,<\/span><span data-contrast=\"none\"> y Ana Lilia Salda<\/span><span data-contrast=\"none\">\u00f1<\/span><span data-contrast=\"none\">a Ortiz, <\/span><span data-contrast=\"none\">c<\/span><span data-contrast=\"none\">oordinadora regional de Di<\/span><span data-contrast=\"none\">fusi<\/span><span data-contrast=\"none\">\u00f3<\/span><span data-contrast=\"none\">n Cultural.<\/span><span data-ccp-props=\"{&quot;201341983&quot;:0,&quot;335559731&quot;:708,&quot;335559739&quot;:160,&quot;335559740&quot;:240}\">\u00a0<\/span><\/p>\n<p><span data-contrast=\"none\">La exposici<\/span><span data-contrast=\"none\">\u00f3<\/span><span data-contrast=\"none\">n es producida por <\/span><span data-contrast=\"none\">e<\/span><span data-contrast=\"none\">l <\/span><i><span data-contrast=\"none\">Conal<\/span><\/i> <span data-contrast=\"none\">y consta de <\/span><span data-contrast=\"none\">cuatro<\/span><span data-contrast=\"none\"> cuadros de peque<\/span><span data-contrast=\"none\">\u00f1<\/span><span data-contrast=\"none\">o formato<\/span><span data-contrast=\"none\">, a trav\u00e9s de los cuales<\/span> <span data-contrast=\"none\">Vicente Rojo <\/span><span data-contrast=\"none\">busca reconstruir el trayecto <\/span><span data-contrast=\"none\">de su padre Francisco Rojo <\/span><span data-contrast=\"none\">Lluch<\/span><span data-contrast=\"none\">, exiliado espa<\/span><span data-contrast=\"none\">\u00f1<\/span><span data-contrast=\"none\">ol <\/span><span data-contrast=\"none\">a bordo del vapor <\/span><i><span data-contrast=\"none\">Ipanema<\/span><\/i><i><span data-contrast=\"none\">.<\/span><\/i><span data-ccp-props=\"{&quot;201341983&quot;:0,&quot;335559731&quot;:708,&quot;335559739&quot;:160,&quot;335559740&quot;:240}\">\u00a0<\/span><\/p>\n<p><span data-contrast=\"none\">Esta muestra estar\u00e1 abierta al p\u00fablico hasta el 18 de diciembre, de lunes a viernes de 10:00 a 19:00 horas. Los visitantes tambi\u00e9n podr\u00e1n agendar citas gratuitamente para visitar la exposici\u00f3n en grupos peque\u00f1os, contactando a la Coordinaci\u00f3n Regional de Promoci\u00f3n Cultural de la UV al correo <\/span><a href=\"mailto:difusionculturalver@uv.mx\"><span data-contrast=\"none\">difusionculturalver@uv.mx<\/span><\/a><span data-contrast=\"none\">.<\/span><span data-ccp-props=\"{&quot;201341983&quot;:0,&quot;335559731&quot;:708,&quot;335559739&quot;:160,&quot;335559740&quot;:240}\">\u00a0<\/span><\/p>\n<p><span data-contrast=\"none\">Vicente Rojo naci<\/span><span data-contrast=\"none\">\u00f3 <\/span><span data-contrast=\"none\">en 1932 en B<\/span><span data-contrast=\"none\">arcelona, <\/span><span data-contrast=\"none\">donde<\/span><span data-contrast=\"none\"> hizo estudios de escultura y cer<\/span><span data-contrast=\"none\">\u00e1<\/span><span data-contrast=\"none\">mica. En 1949 lleg<\/span><span data-contrast=\"none\">\u00f3 <\/span><span data-contrast=\"none\">a M<\/span><span data-contrast=\"none\">\u00e9<\/span><span data-contrast=\"none\">xico<\/span> <span data-contrast=\"none\">y <\/span><span data-contrast=\"none\">estudi<\/span><span data-contrast=\"none\">\u00f3 <\/span><span data-contrast=\"none\">pintura y tipograf<\/span><span data-contrast=\"none\">\u00ed<\/span><span data-contrast=\"none\">a, realizando durante m<\/span><span data-contrast=\"none\">\u00e1<\/span><span data-contrast=\"none\">s de <\/span><span data-contrast=\"none\">50<\/span><span data-contrast=\"none\"> a<\/span><span data-contrast=\"none\">\u00f1<\/span><span data-contrast=\"none\">os una extensa obra como dise<\/span><span data-contrast=\"none\">\u00f1<\/span><span data-contrast=\"none\">ador gr<\/span><span data-contrast=\"none\">\u00e1<\/span><span data-contrast=\"none\">fico, pintor y escultor. Ha colaborado<\/span><span data-contrast=\"none\"> adem<\/span><span data-contrast=\"none\">\u00e1<\/span><span data-contrast=\"none\">s<\/span><span data-contrast=\"none\"> en la <\/span><span data-contrast=\"none\">fundaci<\/span><span data-contrast=\"none\">\u00f3<\/span><span data-contrast=\"none\">n de editoriales, suplementos culturales y otras publicaciones.<\/span><span data-ccp-props=\"{&quot;201341983&quot;:0,&quot;335559731&quot;:708,&quot;335559739&quot;:160,&quot;335559740&quot;:240}\">\u00a0<\/span><\/p>\n<p><span data-contrast=\"none\">A lo largo de su carrera, Vicente Rojo ha llevado a cabo numerosas exposiciones individuales y ha participado en incontables muestras colectivas en todo el mundo. Su pintura se agrupa <\/span><span data-contrast=\"none\">en cinco series principales: <\/span><i><span data-contrast=\"none\">Se<\/span><\/i><i><span data-contrast=\"none\">\u00f1<\/span><\/i><i><span data-contrast=\"none\">ales<\/span><\/i><span data-contrast=\"none\">, en la cual trabaja con formas geom<\/span><span data-contrast=\"none\">\u00e9<\/span><span data-contrast=\"none\">tricas b<\/span><span data-contrast=\"none\">\u00e1<\/span><span data-contrast=\"none\">sicas; <\/span><i><span data-contrast=\"none\">Negaciones<\/span><\/i><span data-contrast=\"none\">, surgida de su intenci<\/span><span data-contrast=\"none\">\u00f3<\/span><span data-contrast=\"none\">n de que cada cuadro negara al anterior y al que le seguir<\/span><span data-contrast=\"none\">\u00ed<\/span><span data-contrast=\"none\">a; <\/span><i><span data-contrast=\"none\">Recuerdos<\/span><\/i><span data-contrast=\"none\">, nacida de su intento de abandonar una infancia dif<\/span><span data-contrast=\"none\">\u00ed<\/span><span data-contrast=\"none\">cil; <\/span><i><span data-contrast=\"none\">M<\/span><\/i><i><span data-contrast=\"none\">\u00e9<\/span><\/i><i><span data-contrast=\"none\">xi<\/span><\/i><i><span data-contrast=\"none\">co bajo la lluvia<\/span><\/i><span data-contrast=\"none\">, concebida un d<\/span><span data-contrast=\"none\">\u00ed<\/span><span data-contrast=\"none\">a que vio llover en <\/span><span data-contrast=\"none\">Tonantzintla<\/span><span data-contrast=\"none\">, y <\/span><i><span data-contrast=\"none\">Escenarios<\/span><\/i><span data-contrast=\"none\">, compuesta de miniseries y que es un repaso de sus temas anter<\/span><span data-contrast=\"none\">iores y una suma de los mismos.<\/span><span data-ccp-props=\"{&quot;201341983&quot;:0,&quot;335559731&quot;:708,&quot;335559739&quot;:160,&quot;335559740&quot;:240}\">\u00a0<\/span><\/p>\n<p>&nbsp;<\/p>\n<div id=\"attachment_90568\" style=\"width: 732px\" class=\"wp-caption aligncenter\"><a href=\"https:\/\/www.uv.mx\/prensa\/files\/2020\/11\/241120-Vicente-Rojo-2.jpg\"><img loading=\"lazy\" decoding=\"async\" aria-describedby=\"caption-attachment-90568\" class=\"size-full wp-image-90568\" src=\"https:\/\/www.uv.mx\/prensa\/files\/2020\/11\/241120-Vicente-Rojo-2.jpg\" alt=\"\" width=\"722\" height=\"542\" srcset=\"https:\/\/www.uv.mx\/prensa\/files\/2020\/11\/241120-Vicente-Rojo-2.jpg 722w, https:\/\/www.uv.mx\/prensa\/files\/2020\/11\/241120-Vicente-Rojo-2-300x225.jpg 300w\" sizes=\"auto, (max-width: 722px) 100vw, 722px\" \/><\/a><p id=\"caption-attachment-90568\" class=\"wp-caption-text\">La exposici\u00f3n es producida por el Conal y consta de cuatro cuadros de peque\u00f1o formato<\/p><\/div>\n<p>&nbsp;<\/p>\n<p><span data-contrast=\"none\">A partir de 1980 comenz<\/span><span data-contrast=\"none\">\u00f3 <\/span><span data-contrast=\"none\">a alternar la pintura con la escultura, en un intento po<\/span><span data-contrast=\"none\">r enriquecer su trabajo, en cuyo centro alienta la intenci<\/span><span data-contrast=\"none\">\u00f3<\/span><span data-contrast=\"none\">n de reflejar, <\/span><span data-contrast=\"none\">\u201c<\/span><span data-contrast=\"none\">como en un juego de espejos, dos soledades, la del creador y la del posible espectador<\/span><span data-contrast=\"none\">\u201d<\/span><span data-contrast=\"none\">.<\/span><span data-ccp-props=\"{&quot;201341983&quot;:0,&quot;335559731&quot;:708,&quot;335559739&quot;:160,&quot;335559740&quot;:240}\">\u00a0<\/span><\/p>\n<p><span data-contrast=\"none\">Su obra se ha mostrado en exposiciones colectivas en el Museo Universitario de Ciencias y Ar<\/span><span data-contrast=\"none\">te (M<\/span><span data-contrast=\"none\">\u00e9<\/span><span data-contrast=\"none\">xico, 1973), en la Universidad de Texas (Austin, 1978), en el Museo de Arte Moderno (M<\/span><span data-contrast=\"none\">\u00e9<\/span><span data-contrast=\"none\">xico, 1981 y 1996), en la Biblioteca Nacional (Madrid, 1985), en el Museo de Arte <\/span><span data-contrast=\"none\">\u201c<\/span><span data-contrast=\"none\">Carrillo Gil<\/span><span data-contrast=\"none\">\u201d<\/span><span data-contrast=\"none\"> (M<\/span><span data-contrast=\"none\">\u00e9<\/span><span data-contrast=\"none\">xico, 1990), en el <\/span><span data-contrast=\"none\">Klingspor<\/span> <span data-contrast=\"none\">Museum<\/span><span data-contrast=\"none\"> (<\/span><span data-contrast=\"none\">Fr\u00e1ncfort<\/span><span data-contrast=\"none\">, 1992), en el Muse<\/span><span data-contrast=\"none\">o Casa de la Moneda (Madrid, 1996), en el Museo Nacional <\/span><span data-contrast=\"none\">\u201c<\/span><span data-contrast=\"none\">Reina Sof<\/span><span data-contrast=\"none\">\u00ed<\/span><span data-contrast=\"none\">a<\/span><span data-contrast=\"none\">\u201d<\/span><span data-contrast=\"none\"> (Madrid, 1997), en la Tecla Sala (Barcelona, 1997), en el C<\/span><span data-contrast=\"none\">\u00ed<\/span><span data-contrast=\"none\">rculo de Bellas Artes (Madrid, 1997) y en el Museo <\/span><span data-contrast=\"none\">\u201c<\/span><span data-contrast=\"none\">Jos<\/span><span data-contrast=\"none\">\u00e9 <\/span><span data-contrast=\"none\">Luis Cuevas<\/span><span data-contrast=\"none\">\u201d<\/span><span data-contrast=\"none\"> (M<\/span><span data-contrast=\"none\">\u00e9<\/span><span data-contrast=\"none\">xico, 1998 y 2001), entre otros.<\/span><span data-ccp-props=\"{&quot;201341983&quot;:0,&quot;335559731&quot;:708,&quot;335559739&quot;:160,&quot;335559740&quot;:240}\">\u00a0<\/span><\/p>\n<p><span data-contrast=\"none\">Le han sido otorgados e<\/span><span data-contrast=\"none\">l Premio Nacional de Ciencias y Artes, el Premio M<\/span><span data-contrast=\"none\">\u00e9<\/span><span data-contrast=\"none\">xico de Dise<\/span><span data-contrast=\"none\">\u00f1<\/span><span data-contrast=\"none\">o, y la Medalla al M<\/span><span data-contrast=\"none\">\u00e9<\/span><span data-contrast=\"none\">rito en las Bellas Artes (Espa<\/span><span data-contrast=\"none\">\u00f1<\/span><span data-contrast=\"none\">a). En 1992 la Asociaci<\/span><span data-contrast=\"none\">\u00f3<\/span><span data-contrast=\"none\">n Internacional <\/span><span data-contrast=\"none\">Icograda<\/span><span data-contrast=\"none\"> le otorg<\/span><span data-contrast=\"none\">\u00f3 <\/span><span data-contrast=\"none\">el <\/span><span data-contrast=\"none\">P<\/span><span data-contrast=\"none\">remio de Excelencia en Dise<\/span><span data-contrast=\"none\">\u00f1<\/span><span data-contrast=\"none\">o Gr<\/span><span data-contrast=\"none\">\u00e1<\/span><span data-contrast=\"none\">fico, y en 1993 fue designado Creador Em<\/span><span data-contrast=\"none\">\u00e9<\/span><span data-contrast=\"none\">rit<\/span><span data-contrast=\"none\">o por el Sistema Nacional de Creadores de Arte. En 1998 la <\/span><span data-contrast=\"none\">UNAM<\/span><span data-contrast=\"none\"> le otorg<\/span><span data-contrast=\"none\">\u00f3 <\/span><span data-contrast=\"none\">el D<\/span><span data-contrast=\"none\">octorado <\/span><i><span data-contrast=\"none\">Honoris Causa<\/span><\/i><span data-contrast=\"none\">.<\/span><span data-ccp-props=\"{&quot;201341983&quot;:0,&quot;335559731&quot;:708,&quot;335559739&quot;:160,&quot;335559740&quot;:240}\">\u00a0<\/span><\/p>\n<p><span data-contrast=\"none\">En 2006, el gobierno espa<\/span><span data-contrast=\"none\">\u00f1<\/span><span data-contrast=\"none\">ol le otorg<\/span><span data-contrast=\"none\">\u00f3 <\/span><span data-contrast=\"none\">la Condecoraci<\/span><span data-contrast=\"none\">\u00f3<\/span><span data-contrast=\"none\">n de la Encomienda de la Orden de Isabel La Cat<\/span><span data-contrast=\"none\">\u00f3<\/span><span data-contrast=\"none\">lica; en 2011 el Instituto Nacional de Bellas Artes <\/span><span data-contrast=\"none\">(<\/span><span data-contrast=\"none\">INBA<\/span><span data-contrast=\"none\">) le otorg<\/span><span data-contrast=\"none\">\u00f3 <\/span><span data-contrast=\"none\">la <\/span><span data-contrast=\"none\">Medalla Bellas Artes<\/span><span data-contrast=\"none\"> por su vasta pr<\/span><span data-contrast=\"none\">\u00e1<\/span><span data-contrast=\"none\">ctica dentro de las artes visuales. En 2012, en el marco de la XXIII Feria Nacional del Libro<\/span><span data-contrast=\"none\"> de Le<\/span><span data-contrast=\"none\">\u00f3<\/span><span data-contrast=\"none\">n, Guanajuato<\/span><span data-contrast=\"none\">,<\/span><span data-contrast=\"none\"> le fue otorgado el <\/span><span data-contrast=\"none\">Reconocimiento Compromiso con la Cultura<\/span><span data-contrast=\"none\">, en tanto que en el<\/span><span data-contrast=\"none\"> marco del Festival Internacional Cervantino<\/span><span data-contrast=\"none\"> le fue otorgada la <\/span><span data-contrast=\"none\">Presea FIC<\/span> <span data-contrast=\"none\">por sus contribuciones a la cultura, y en la Bienal Internacional del Cartel le fue otorgada la <\/span><span data-contrast=\"none\">Medalla <\/span><span data-contrast=\"none\">\u201c<\/span><span data-contrast=\"none\">Jos<\/span><span data-contrast=\"none\">\u00e9 <\/span><span data-contrast=\"none\">Guadalupe Posada<\/span><span data-contrast=\"none\">\u201d<\/span><span data-contrast=\"none\">;<\/span> <span data-contrast=\"none\">e<\/span><span data-contrast=\"none\">l Gobierno de la Ciudad de M<\/span><span data-contrast=\"none\">\u00e9<\/span><span data-contrast=\"none\">xico<\/span> <span data-contrast=\"none\">le otorg<\/span><span data-contrast=\"none\">\u00f3 <\/span><span data-contrast=\"none\">la <\/span><span data-contrast=\"none\">Medalla al M<\/span><span data-contrast=\"none\">\u00e9<\/span><span data-contrast=\"none\">rito Cultural <\/span><span data-contrast=\"none\">\u201c<\/span><span data-contrast=\"none\">Carlos Monsiv<\/span><span data-contrast=\"none\">\u00e1<\/span><span data-contrast=\"none\">is<\/span><span data-contrast=\"none\">\u201d<\/span><span data-contrast=\"none\">, por su destacada trayectoria.<\/span><span data-ccp-props=\"{&quot;201341983&quot;:0,&quot;335559731&quot;:708,&quot;335559739&quot;:160,&quot;335559740&quot;:240}\">\u00a0<\/span><\/p>\n<p><span data-contrast=\"none\">Vicente <\/span><span data-contrast=\"none\">Rojo pertenece al grupo de artistas denominados de ruptura, aunque <\/span><span data-contrast=\"none\">\u00e9<\/span><span data-contrast=\"none\">l considera que es m<\/span><span data-contrast=\"none\">\u00e1<\/span><span data-contrast=\"none\">s bien de continuidad; renovador de la forma y del color, hace variantes d<\/span><span data-contrast=\"none\">e un mismo tema y logra que toda su obra sea igual<\/span><span data-contrast=\"none\">,<\/span><span data-contrast=\"none\"> al mismo tiempo que diferente; como editor contribuy<\/span><span data-contrast=\"none\">\u00f3 <\/span><span data-contrast=\"none\">a la calidad de la industria editorial mexicana y cre<\/span><span data-contrast=\"none\">\u00f3 <\/span><span data-contrast=\"none\">con sus disc<\/span><span data-contrast=\"none\">\u00ed<\/span><span data-contrast=\"none\">pulos la m<\/span><span data-contrast=\"none\">\u00e1<\/span><span data-contrast=\"none\">s original generaci<\/span><span data-contrast=\"none\">\u00f3<\/span><span data-contrast=\"none\">n de dise<\/span><span data-contrast=\"none\">\u00f1<\/span><span data-contrast=\"none\">adores.<\/span><span data-ccp-props=\"{&quot;201341983&quot;:0,&quot;335559731&quot;:708,&quot;335559739&quot;:160,&quot;335559740&quot;:240}\">\u00a0<\/span><\/p>\n<p><span data-ccp-props=\"{&quot;201341983&quot;:0,&quot;335559739&quot;:160,&quot;335559740&quot;:240}\">\u00a0<\/span><\/p>\n<div id=\"attachment_90569\" style=\"width: 732px\" class=\"wp-caption aligncenter\"><a href=\"https:\/\/www.uv.mx\/prensa\/files\/2020\/11\/241120-Vicente-Rojo-3.jpg\"><img loading=\"lazy\" decoding=\"async\" aria-describedby=\"caption-attachment-90569\" class=\"size-full wp-image-90569\" src=\"https:\/\/www.uv.mx\/prensa\/files\/2020\/11\/241120-Vicente-Rojo-3.jpg\" alt=\"\" width=\"722\" height=\"542\" srcset=\"https:\/\/www.uv.mx\/prensa\/files\/2020\/11\/241120-Vicente-Rojo-3.jpg 722w, https:\/\/www.uv.mx\/prensa\/files\/2020\/11\/241120-Vicente-Rojo-3-300x225.jpg 300w\" sizes=\"auto, (max-width: 722px) 100vw, 722px\" \/><\/a><p id=\"caption-attachment-90569\" class=\"wp-caption-text\">La exposici\u00f3n estar\u00e1 abierta al p\u00fablico hasta el 18 de diciembre<\/p><\/div>\n","protected":false},"excerpt":{"rendered":"<p>A trav\u00e9s de cuadros de peque\u00f1o formato, el artista busca reconstruir el trayecto de su padre, Francisco Rojo Lluch\u00a0<\/p>\n","protected":false},"author":1869,"featured_media":90566,"comment_status":"closed","ping_status":"closed","sticky":false,"template":"","format":"standard","meta":{"footnotes":""},"categories":[11,61,32,55],"tags":[],"class_list":["post-90565","post","type-post","status-publish","format-standard","has-post-thumbnail","hentry","category-cultura","category-banner","category-regiones","category-veracruz"],"_links":{"self":[{"href":"https:\/\/www.uv.mx\/prensa\/wp-json\/wp\/v2\/posts\/90565","targetHints":{"allow":["GET"]}}],"collection":[{"href":"https:\/\/www.uv.mx\/prensa\/wp-json\/wp\/v2\/posts"}],"about":[{"href":"https:\/\/www.uv.mx\/prensa\/wp-json\/wp\/v2\/types\/post"}],"author":[{"embeddable":true,"href":"https:\/\/www.uv.mx\/prensa\/wp-json\/wp\/v2\/users\/1869"}],"replies":[{"embeddable":true,"href":"https:\/\/www.uv.mx\/prensa\/wp-json\/wp\/v2\/comments?post=90565"}],"version-history":[{"count":1,"href":"https:\/\/www.uv.mx\/prensa\/wp-json\/wp\/v2\/posts\/90565\/revisions"}],"predecessor-version":[{"id":90570,"href":"https:\/\/www.uv.mx\/prensa\/wp-json\/wp\/v2\/posts\/90565\/revisions\/90570"}],"wp:featuredmedia":[{"embeddable":true,"href":"https:\/\/www.uv.mx\/prensa\/wp-json\/wp\/v2\/media\/90566"}],"wp:attachment":[{"href":"https:\/\/www.uv.mx\/prensa\/wp-json\/wp\/v2\/media?parent=90565"}],"wp:term":[{"taxonomy":"category","embeddable":true,"href":"https:\/\/www.uv.mx\/prensa\/wp-json\/wp\/v2\/categories?post=90565"},{"taxonomy":"post_tag","embeddable":true,"href":"https:\/\/www.uv.mx\/prensa\/wp-json\/wp\/v2\/tags?post=90565"}],"curies":[{"name":"wp","href":"https:\/\/api.w.org\/{rel}","templated":true}]}}