{"id":90561,"date":"2020-11-24T15:45:05","date_gmt":"2020-11-24T21:45:05","guid":{"rendered":"https:\/\/www.uv.mx\/prensa\/?p=90561"},"modified":"2020-11-25T13:37:02","modified_gmt":"2020-11-25T19:37:02","slug":"la-violencia-de-genero-problema-global-por-erradicar-maria-jose-garcia","status":"publish","type":"post","link":"https:\/\/www.uv.mx\/prensa\/general\/la-violencia-de-genero-problema-global-por-erradicar-maria-jose-garcia\/","title":{"rendered":"La violencia de g\u00e9nero, problema global por erradicar: Mar\u00eda Jos\u00e9 Garc\u00eda"},"content":{"rendered":"<ul>\n<li data-leveltext=\"\uf0b7\" data-font=\"Symbol\" data-listid=\"1\" data-aria-posinset=\"1\" data-aria-level=\"1\"><i><span data-contrast=\"auto\">La Cl\u00ednica Universitaria de Salud Reproductiva y Sexual de la UV realiza un ciclo de actividades a prop\u00f3sito del D\u00eda Internacional para la Eliminaci\u00f3n de la Violencia<\/span><\/i><\/li>\n<li data-leveltext=\"\uf0b7\" data-font=\"Symbol\" data-listid=\"1\" data-aria-posinset=\"1\" data-aria-level=\"1\"><i><span data-contrast=\"auto\">La investigadora plante\u00f3 que el <\/span><\/i><i><span data-contrast=\"auto\">25 de noviembre no es una fecha conmemorativa, sino de indignaci\u00f3n<\/span><\/i><span data-ccp-props=\"{&quot;134233279&quot;:true}\">\u00a0<\/span><\/li>\n<\/ul>\n<p>&nbsp;<\/p>\n<div id=\"attachment_90562\" style=\"width: 824px\" class=\"wp-caption aligncenter\"><a href=\"https:\/\/www.uv.mx\/prensa\/files\/2020\/11\/241120-Violencia-contra-la-mujer.jpg\"><img loading=\"lazy\" decoding=\"async\" aria-describedby=\"caption-attachment-90562\" class=\"size-full wp-image-90562\" src=\"https:\/\/www.uv.mx\/prensa\/files\/2020\/11\/241120-Violencia-contra-la-mujer.jpg\" alt=\"\" width=\"814\" height=\"481\" srcset=\"https:\/\/www.uv.mx\/prensa\/files\/2020\/11\/241120-Violencia-contra-la-mujer.jpg 814w, https:\/\/www.uv.mx\/prensa\/files\/2020\/11\/241120-Violencia-contra-la-mujer-300x177.jpg 300w, https:\/\/www.uv.mx\/prensa\/files\/2020\/11\/241120-Violencia-contra-la-mujer-768x454.jpg 768w\" sizes=\"auto, (max-width: 814px) 100vw, 814px\" \/><\/a><p id=\"caption-attachment-90562\" class=\"wp-caption-text\">La conferencia \u201cViolencia de g\u00e9nero en tiempos de pandemia\u201d fue organizada por la CUSRS<\/p><\/div>\n<p>&nbsp;<\/p>\n<p><b><i><span data-contrast=\"auto\">K<\/span><\/i><\/b><b><i><span data-contrast=\"auto\">arina de la Paz Reyes D\u00edaz<\/span><\/i><\/b><\/p>\n<p><b><i><span data-contrast=\"auto\">24\/11\/2020, Xalapa, Ver.- <\/span><\/i><\/b><span data-contrast=\"auto\">La <a href=\"https:\/\/www.uv.mx\/cusrs\/\" target=\"_blank\" rel=\"noopener noreferrer\">Cl\u00ednica Universitaria de Salud Reproductiva <\/a><\/span><span data-contrast=\"auto\">y Sexual (CUSRS) de la Universidad Veracruzana <\/span><span data-contrast=\"auto\">(UV) desarrolla un ciclo de actividades<\/span> <span data-contrast=\"auto\">a prop\u00f3sito de<\/span><span data-contrast=\"auto\">l<\/span> <span data-contrast=\"auto\">D\u00eda Internacional para la Eliminaci\u00f3n de la Violencia contra la Mujer<\/span><span data-contrast=\"auto\"> que se celebra el<\/span> <span data-contrast=\"auto\">25 de noviembre, <\/span><span data-contrast=\"auto\">cuyo inicio fue la c<\/span><span data-contrast=\"auto\">onferencia \u201cViolencia de g<\/span><span data-contrast=\"auto\">\u00e9nero en tiempos de <\/span><span data-contrast=\"auto\">pandemia<\/span><span data-contrast=\"auto\">\u201d, por Ma<\/span><span data-contrast=\"auto\">r\u00eda<\/span><span data-contrast=\"auto\"> Jos\u00e9 Garc\u00eda Oramas<\/span><span data-contrast=\"auto\">, c<\/span><span data-contrast=\"auto\">oordinadora del Centro para el Desarrollo Humano e integral de los Universitario<\/span><span data-contrast=\"auto\">.<\/span><span data-ccp-props=\"{}\">\u00a0<\/span><\/p>\n<p><span data-contrast=\"auto\">La acad\u00e9mica de la Facultad de Psicolog\u00eda y primera <\/span><span data-contrast=\"auto\">c<\/span><span data-contrast=\"auto\">oordinadora de la <\/span><span data-contrast=\"auto\">Unidad de G\u00e9nero de la UV, <\/span><span data-contrast=\"auto\">precis\u00f3 cifras de la violencia estructural en el pa\u00eds entre 2019-2020. En lo que respecta a homicidios<\/span><span data-contrast=\"auto\">, se trata de 35 mil, es decir, 97 por d\u00eda en promedio; <\/span><span data-contrast=\"auto\">adem\u00e1s, hay 12 mil<\/span> <span data-contrast=\"auto\">desplazamientos forzados<\/span><span data-contrast=\"auto\">.<\/span><span data-ccp-props=\"{}\">\u00a0<\/span><\/p>\n<p><span data-contrast=\"auto\">Espec\u00edficamente sobre los feminicidios, precis\u00f3 que entre enero y julio de 2020<\/span><span data-contrast=\"auto\">, <\/span><span data-contrast=\"auto\">dos<\/span><span data-contrast=\"auto\"> mil 240 mujeres fueron asesinadas, lo que supone un aumento del 7.7 por ciento con respecto al mismo periodo de 2019, es decir, <\/span><span data-contrast=\"auto\">10 asesinadas por d\u00eda en promedio.<\/span><span data-ccp-props=\"{}\">\u00a0<\/span><\/p>\n<p><span data-contrast=\"auto\">Asimismo, actualmente hay 19 alertas de violencia de g\u00e9nero contra mujeres y otra<\/span><span data-contrast=\"auto\">s 12 est\u00e1n en calidad de solicitudes, pr\u00e1cticamente todo el pa\u00eds est\u00e1 en tales condiciones, excepto <\/span><span data-contrast=\"auto\">Baja California Sur.<\/span><span data-ccp-props=\"{}\">\u00a0<\/span><\/p>\n<p><span data-contrast=\"auto\">La <\/span><span data-contrast=\"auto\">pandemia por la Covid-19 increment\u00f3 la violencia en el hogar, la violencia feminicida, las movilizaciones sociales <\/span><span data-contrast=\"auto\">feministas,<\/span><span data-contrast=\"auto\"> de ah\u00ed que la acad\u00e9mica tambi\u00e9n planteara una<\/span><span data-contrast=\"auto\"> reconfiguraci\u00f3n social sobre las <\/span><span data-contrast=\"auto\">desigualdades de g\u00e9nero<\/span><span data-contrast=\"auto\"> y que<\/span><span data-contrast=\"auto\"> una crisis <\/span><span data-contrast=\"auto\">civilizatoria<\/span><span data-contrast=\"auto\"> debe verse como <\/span><span data-contrast=\"auto\">una oportunidad.<\/span><span data-ccp-props=\"{}\">\u00a0<\/span><\/p>\n<p><span data-contrast=\"auto\">\u201cEs necesario generar un <\/span><span data-contrast=\"auto\">re-equilibrio<\/span><span data-contrast=\"auto\"> entre los trabajos de producci\u00f3n y reproducci\u00f3n <\/span><span data-contrast=\"auto\">inherentes<\/span><span data-contrast=\"auto\"> a<\/span><span data-contrast=\"auto\"> la vida social, pol\u00edtica y econ\u00f3mica <\/span><span data-contrast=\"auto\">global, incluyendo el cuidado de la naturaleza y del ecosistema. Si no logramos generar este <\/span><span data-contrast=\"auto\">re-equilibrio<\/span><span data-contrast=\"auto\">, dif\u00edcilmente saldremos <\/span><span data-contrast=\"auto\">bien librados de una situaci\u00f3n que apunta a una crisis civilizatoria.\u201d<\/span><span data-ccp-props=\"{}\">\u00a0<\/span><\/p>\n<p><span data-contrast=\"auto\">Para ella<\/span><span data-contrast=\"auto\">,<\/span><span data-contrast=\"auto\"> este 25 de noviembre no es un d\u00eda para <\/span><span data-contrast=\"auto\">conmemorar, sino para indignarse<\/span><span data-contrast=\"auto\">, \u201cy la <\/span><span data-contrast=\"auto\">indignaci\u00f3n<\/span><span data-contrast=\"auto\"> creciente <\/span><span data-contrast=\"auto\">de las mujeres sobre esta situaci\u00f3n ha llevado a una movilizaci\u00f3n muy importante, cuya cara m\u00e1s visible son los movimient<\/span><span data-contrast=\"auto\">o<\/span><span data-contrast=\"auto\">s<\/span> <span data-contrast=\"auto\">feminis<\/span><span data-contrast=\"auto\">tas <\/span><span data-contrast=\"auto\">en la<\/span><span data-contrast=\"auto\">s<\/span><span data-contrast=\"auto\"> calle<\/span><span data-contrast=\"auto\">s<\/span><span data-contrast=\"auto\">,<\/span> <span data-contrast=\"auto\">que<\/span><span data-contrast=\"auto\"> ponen el dedo en el rengl\u00f3n de que es impostergable este tema y erradicar la violencia<\/span><span data-contrast=\"auto\">\u201d<\/span><span data-contrast=\"auto\">.<\/span><span data-ccp-props=\"{}\">\u00a0<\/span><\/p>\n<p><span data-contrast=\"auto\">La violencia contra las mujeres, dijo<\/span><span data-contrast=\"auto\">,<\/span><span data-contrast=\"auto\"> es un problema global, multifactorial<\/span><span data-contrast=\"auto\">, <\/span><span data-contrast=\"auto\">incluye m\u00faltiples dimensiones de an\u00e1lisis y tiene como forma de expresi\u00f3n m\u00e1s brutal el feminicidi<\/span><span data-contrast=\"auto\">o, de ah\u00ed que sea \u201cimpostergable desarrollar pol\u00edticas p\u00fablicas eficientes y <\/span><span data-contrast=\"auto\">eficaces para su erradicaci\u00f3n\u201d.<\/span><span data-ccp-props=\"{}\">\u00a0<\/span><\/p>\n<p><span data-contrast=\"auto\">Para <\/span><span data-contrast=\"auto\">concluir su partici<\/span><span data-contrast=\"auto\">paci\u00f3n, <\/span><span data-contrast=\"auto\">expuso que la pandemia que se vive \u201ces un tiempo de <\/span><span data-contrast=\"auto\">comunitarismo<\/span><span data-contrast=\"auto\">, de encuentro social en la distancia f\u00edsica<\/span><span data-contrast=\"auto\">, de apoyo solidario, de sororidad y generaci\u00f3n colectiva de nuevas respuestas m\u00e1s humanas <\/span><span data-contrast=\"auto\">y creativas para el mejoramiento de la sociedad en su conjunto.<\/span> <span data-contrast=\"auto\">Tiempo de construir sociedades <\/span><span data-contrast=\"auto\">m\u00e1s humanas, m\u00e1s civilizatorias, donde las diferencias se conviertan <\/span><span data-contrast=\"auto\">en fuente d<\/span><span data-contrast=\"auto\">e riqueza y diversidad cultural<\/span><span data-contrast=\"auto\">\u201d<\/span><span data-contrast=\"auto\">.<\/span><span data-ccp-props=\"{}\">\u00a0<\/span><\/p>\n<p><span data-contrast=\"auto\">Las actividades contin\u00faan <\/span><span data-contrast=\"auto\">el mi\u00e9rcoles<\/span><span data-contrast=\"auto\"> 25 con un taller abocado a la <\/span><span data-contrast=\"auto\">sensibilizaci\u00f3n sobre la violencia de g\u00e9nero, a <\/span><span data-contrast=\"auto\">las 11:<\/span><span data-contrast=\"auto\">00 horas, a cargo de Ixchel Orti<\/span><span data-contrast=\"auto\">z Vidal<\/span><span data-contrast=\"auto\">, de la Coordinaci\u00f3n de la Unidad de G\u00e9nero de la UV.<\/span><span data-ccp-props=\"{}\">\u00a0<\/span><\/p>\n<p><span data-contrast=\"auto\">Para mayores detalles sobre la plataforma de transmisi\u00f3n del evento, consulte <\/span><a href=\"http:\/\/www.uv.mx\/cusrs\"><span data-contrast=\"none\">www.uv.mx\/c<\/span><span data-contrast=\"none\">u<\/span><span data-contrast=\"none\">srs<\/span><span data-contrast=\"auto\">.<\/span><\/a><span data-ccp-props=\"{}\">\u00a0<\/span><\/p>\n<p><span data-contrast=\"auto\">E<\/span><span data-contrast=\"auto\">ste inicio de actividades<\/span><span data-contrast=\"auto\"> fue precedido por el <\/span><span data-contrast=\"auto\">director de la <\/span><span data-contrast=\"auto\">CUSRS<\/span><span data-contrast=\"auto\">, <\/span><span data-contrast=\"auto\">Alejandro Escobar Mesa<\/span><span data-contrast=\"auto\">;<\/span><span data-contrast=\"auto\"> moder\u00f3 la titular de la <\/span><span data-contrast=\"auto\">Coordinaci\u00f3n de Docencia e Investigaci\u00f3n, Cynthia Elizabeth D\u00edaz Marte<\/span><span data-contrast=\"auto\">; <\/span><span data-contrast=\"auto\">tambi\u00e9n participaron <\/span><span data-contrast=\"auto\">autoridades administrativas de la entidad, como <\/span><span data-contrast=\"auto\">Cirenia<\/span><span data-contrast=\"auto\"> Hern\u00e1ndez<\/span><span data-contrast=\"auto\"> y <\/span><span data-contrast=\"auto\">H\u00e9ctor de Leo <\/span><span data-contrast=\"auto\">Tobalin<\/span><span data-contrast=\"auto\">a<\/span><span data-contrast=\"auto\">.<\/span><span data-ccp-props=\"{}\">\u00a0<\/span><\/p>\n","protected":false},"excerpt":{"rendered":"<p>Tiene como forma de expresi\u00f3n m\u00e1s brutal el feminicidio, de ah\u00ed que sea \u201cimpostergable desarrollar pol\u00edticas p\u00fablicas eficientes y eficaces para su erradicaci\u00f3n\u201d, asegur\u00f3 la investigadora<\/p>\n","protected":false},"author":1508,"featured_media":90562,"comment_status":"closed","ping_status":"closed","sticky":false,"template":"","format":"standard","meta":{"footnotes":""},"categories":[1],"tags":[],"class_list":["post-90561","post","type-post","status-publish","format-standard","has-post-thumbnail","hentry","category-general"],"_links":{"self":[{"href":"https:\/\/www.uv.mx\/prensa\/wp-json\/wp\/v2\/posts\/90561","targetHints":{"allow":["GET"]}}],"collection":[{"href":"https:\/\/www.uv.mx\/prensa\/wp-json\/wp\/v2\/posts"}],"about":[{"href":"https:\/\/www.uv.mx\/prensa\/wp-json\/wp\/v2\/types\/post"}],"author":[{"embeddable":true,"href":"https:\/\/www.uv.mx\/prensa\/wp-json\/wp\/v2\/users\/1508"}],"replies":[{"embeddable":true,"href":"https:\/\/www.uv.mx\/prensa\/wp-json\/wp\/v2\/comments?post=90561"}],"version-history":[{"count":1,"href":"https:\/\/www.uv.mx\/prensa\/wp-json\/wp\/v2\/posts\/90561\/revisions"}],"predecessor-version":[{"id":90621,"href":"https:\/\/www.uv.mx\/prensa\/wp-json\/wp\/v2\/posts\/90561\/revisions\/90621"}],"wp:featuredmedia":[{"embeddable":true,"href":"https:\/\/www.uv.mx\/prensa\/wp-json\/wp\/v2\/media\/90562"}],"wp:attachment":[{"href":"https:\/\/www.uv.mx\/prensa\/wp-json\/wp\/v2\/media?parent=90561"}],"wp:term":[{"taxonomy":"category","embeddable":true,"href":"https:\/\/www.uv.mx\/prensa\/wp-json\/wp\/v2\/categories?post=90561"},{"taxonomy":"post_tag","embeddable":true,"href":"https:\/\/www.uv.mx\/prensa\/wp-json\/wp\/v2\/tags?post=90561"}],"curies":[{"name":"wp","href":"https:\/\/api.w.org\/{rel}","templated":true}]}}