{"id":90474,"date":"2020-11-23T13:58:29","date_gmt":"2020-11-23T19:58:29","guid":{"rendered":"https:\/\/www.uv.mx\/prensa\/?p=90474"},"modified":"2021-01-07T14:15:57","modified_gmt":"2021-01-07T20:15:57","slug":"expo-orienta-2020-ventana-al-mundo-profesional-de-la-uv","status":"publish","type":"post","link":"https:\/\/www.uv.mx\/prensa\/banner\/expo-orienta-2020-ventana-al-mundo-profesional-de-la-uv\/","title":{"rendered":"Expo Orienta 2020, ventana al mundo profesional de la UV"},"content":{"rendered":"<ul>\n<li data-leveltext=\"\uf0b7\" data-font=\"Symbol\" data-listid=\"6\" data-aria-posinset=\"1\" data-aria-level=\"1\"><i><span data-contrast=\"auto\">Magdalena Hern\u00e1ndez Alarc\u00f3n, s<\/span><\/i><i><span data-contrast=\"auto\">ecretar<\/span><\/i><i><span data-contrast=\"auto\">i<\/span><\/i><i><span data-contrast=\"auto\">a Acad\u00e9mica, y Jorge Miguel Uscanga Villalba,\u00a0<\/span><\/i><i><span data-contrast=\"auto\">s<\/span><\/i><i><span data-contrast=\"auto\">ubsecretario de Educaci\u00f3n Media Superior y Superior<\/span><\/i><i><span data-contrast=\"auto\">\u00a0de<\/span><\/i><i><span data-contrast=\"auto\">\u00a0<\/span><\/i><i><span data-contrast=\"auto\">Veracruz, dieron la bienvenida a los participantes<\/span><\/i><span data-ccp-props=\"{&quot;201341983&quot;:0,&quot;335559739&quot;:0,&quot;335559740&quot;:240}\">\u00a0<\/span><\/li>\n<li data-leveltext=\"\uf0b7\" data-font=\"Symbol\" data-listid=\"6\" data-aria-posinset=\"2\" data-aria-level=\"1\"><i><span data-contrast=\"auto\">Las actividades continuar\u00e1n hasta el 27 de noviembre, con presencia de todas las regiones de esta casa de estudios<\/span><\/i><span data-ccp-props=\"{&quot;201341983&quot;:0,&quot;335559739&quot;:0,&quot;335559740&quot;:240}\">\u00a0<\/span><\/li>\n<\/ul>\n<p><span data-ccp-props=\"{&quot;201341983&quot;:0,&quot;335559739&quot;:0,&quot;335559740&quot;:240}\">\u00a0<\/span><\/p>\n<div id=\"attachment_90475\" style=\"width: 732px\" class=\"wp-caption aligncenter\"><a href=\"https:\/\/www.uv.mx\/prensa\/files\/2020\/11\/23112020-Inicio\u0301-Expo-Orienta-2020-1-100k.jpg\"><img aria-describedby=\"caption-attachment-90475\" decoding=\"async\" loading=\"lazy\" class=\"size-full wp-image-90475\" src=\"https:\/\/www.uv.mx\/prensa\/files\/2020\/11\/23112020-Inicio\u0301-Expo-Orienta-2020-1-100k.jpg\" alt=\"La secretaria Acad\u00e9mica, Magdalena Hern\u00e1ndez Alarc\u00f3n, destac\u00f3 la importancia de elegir carrera de manera informada \" width=\"722\" height=\"406\" srcset=\"https:\/\/www.uv.mx\/prensa\/files\/2020\/11\/23112020-Inicio\u0301-Expo-Orienta-2020-1-100k.jpg 722w, https:\/\/www.uv.mx\/prensa\/files\/2020\/11\/23112020-Inicio\u0301-Expo-Orienta-2020-1-100k-300x169.jpg 300w\" sizes=\"(max-width: 722px) 100vw, 722px\" \/><\/a><p id=\"caption-attachment-90475\" class=\"wp-caption-text\">La secretaria Acad\u00e9mica, Magdalena Hern\u00e1ndez Alarc\u00f3n, destac\u00f3 la importancia de elegir carrera de manera informada<\/p><\/div>\n<p>&nbsp;<\/p>\n<p><b><i><span data-contrast=\"auto\">Jos\u00e9 Luis\u00a0<\/span><\/i><\/b><b><i><span data-contrast=\"auto\">Couttolenc<\/span><\/i><\/b><b><i><span data-contrast=\"auto\">\u00a0Soto<\/span><\/i><\/b><\/p>\n<p><b><i><span data-contrast=\"auto\">23<\/span><\/i><\/b><b><i><span data-contrast=\"auto\">\/<\/span><\/i><\/b><b><i><span data-contrast=\"auto\">1<\/span><\/i><\/b><b><i><span data-contrast=\"auto\">1<\/span><\/i><\/b><b><i><span data-contrast=\"auto\">\/2020, Xalapa,\u00a0Ver.-<\/span><\/i><\/b><b><span data-contrast=\"auto\">\u00a0<\/span><\/b><span data-contrast=\"auto\">Magdalena Hern\u00e1ndez Alarc\u00f3n,\u00a0<\/span><span data-contrast=\"auto\"><a href=\"https:\/\/www.uv.mx\/secretariaacademica\/\" target=\"_blank\" rel=\"noopener noreferrer\">secretaria Acad\u00e9mica<\/a> de la Universidad Veracruzana (UV),\u00a0<\/span><span data-contrast=\"auto\">y Jorge Miguel Uscanga Villalba, subsecretario de Educaci\u00f3n<\/span><span data-contrast=\"auto\">\u00a0Media Superior y Superior del G<\/span><span data-contrast=\"auto\">obierno del\u00a0<\/span><span data-contrast=\"auto\">E<\/span><span data-contrast=\"auto\">stado de Veracruz,\u00a0<\/span><span data-contrast=\"auto\">inauguraron\u00a0<\/span><span data-contrast=\"auto\">este lunes la Expo Orienta 2020 que debido a las circunstan<\/span><span data-contrast=\"auto\">cias actuales de salud<\/span><span data-contrast=\"auto\">\u00a0difundir\u00e1 de manera virtual las opciones de formaci\u00f3n profesional que ofrece\u00a0<\/span><span data-contrast=\"auto\">esta casa de estudios.<\/span><span data-ccp-props=\"{&quot;201341983&quot;:0,&quot;335559739&quot;:0,&quot;335559740&quot;:240}\">\u00a0<\/span><\/p>\n<p><span data-contrast=\"auto\">En su intervenci\u00f3n, la Secretaria Acad\u00e9mica destac\u00f3 la importancia de<\/span><span data-contrast=\"auto\">l momento de elegir la carrera profesional en la que se habr\u00e1n de formar, los j\u00f3venes lo hagan de manera informada\u00a0<\/span><span data-contrast=\"auto\">y conozcan\u00a0<\/span><span data-contrast=\"auto\">que puede ser en los niveles T\u00e9cnico, T\u00e9cnico Superior Universitario (TSU)<\/span><span data-contrast=\"auto\">, Licenciatura y Posgrado, para lo cual la UV brindar\u00e1 orientaci\u00f3n profesional e informaci\u00f3n\u00a0<\/span><span data-contrast=\"auto\">profesiogr\u00e1fica<\/span><span data-contrast=\"auto\">, del 23 al 27 de noviembre<\/span><span data-contrast=\"auto\">.<\/span><span data-ccp-props=\"{&quot;201341983&quot;:0,&quot;335559731&quot;:708,&quot;335559739&quot;:0,&quot;335559740&quot;:240}\">\u00a0<\/span><\/p>\n<p><span data-contrast=\"auto\">Expres\u00f3 que el periodo de contingencia por el que se atraviesa ha obligado a reinventarse, a explorar otras posibilidades y generar espacios para interactuar; \u201cen esta ocasi\u00f3n no coincidiremos en los pasillos de la Expo Orienta, ni conversaremos en los\u00a0<\/span><i><span data-contrast=\"auto\">stands<\/span><\/i><span data-contrast=\"auto\">\u00a0de cada una de las facultades, o experimentaremos la emoci\u00f3n de recibir transportes con estudiantes interesados en descubrir o confirmar su vocaci\u00f3n\u201d.<\/span><span data-ccp-props=\"{&quot;201341983&quot;:0,&quot;335559739&quot;:0,&quot;335559740&quot;:240}\">\u00a0<\/span><\/p>\n<p><span data-contrast=\"auto\">\u00a0Sin embargo, dijo<\/span><span data-contrast=\"auto\">,<\/span><span data-contrast=\"auto\">\u00a0la Expo Orienta ha dado un giro en sus actividades con un programa totalmente en l\u00ednea, que abre la posibilidad de llegar a mayor n\u00famero de personas y lugares del pa\u00eds y el extranjero, permitiendo adem\u00e1s mantener una comunicaci\u00f3n permanente con los aspirantes, e invit\u00f3 a visitar el portal\u00a0<\/span><a href=\"http:\/\/www.uv.mx\/expoorienta\"><span data-contrast=\"none\">www.uv.mx\/exp<\/span><span data-contrast=\"none\">o<\/span><span data-contrast=\"none\">orienta<\/span><\/a><span data-contrast=\"auto\">,<\/span><span data-contrast=\"auto\">\u00a0as\u00ed como la p\u00e1gina de\u00a0<\/span><i><span data-contrast=\"auto\">Facebook<\/span><\/i><span data-contrast=\"auto\">:\u00a0<\/span><span data-contrast=\"auto\">Expo Orienta UV, en donde los interesados podr\u00e1n consultar el programa general de actividades, que contempla conferencias en vivo sobre la\u00a0<\/span><span data-contrast=\"auto\">oferta educativa en todas las \u00e1reas acad\u00e9micas y regiones universitarias.<\/span><span data-ccp-props=\"{&quot;201341983&quot;:0,&quot;335559739&quot;:0,&quot;335559740&quot;:240}\">\u00a0<\/span><\/p>\n<p><span data-contrast=\"auto\">\u201c<\/span><span data-contrast=\"auto\">Gracias a nuestros aspirantes por adaptarse a las condiciones que hoy juntos enfrentamos; sabemos que decidir por\u00a0<\/span><span data-contrast=\"auto\">la Universidad Veracruzana no s\u00f3<\/span><span data-contrast=\"auto\">lo es trascendental para ustedes, ser estudiante y egresado UV tambi\u00e9n llena de orgullo a sus familias y nos fortalece como comunidad universitaria.<\/span><span data-contrast=\"auto\">\u00a0<\/span><span data-contrast=\"auto\">Bienvenidos a la Expo Orienta 2020 en l\u00ednea<\/span><span data-contrast=\"auto\">\u201d, concluy\u00f3.<\/span><\/p>\n<div id=\"attachment_90476\" style=\"width: 732px\" class=\"wp-caption aligncenter\"><a href=\"https:\/\/www.uv.mx\/prensa\/files\/2020\/11\/23112020-Inicio\u0301-Expo-Orienta-2020-2-100k.jpg\"><img aria-describedby=\"caption-attachment-90476\" decoding=\"async\" loading=\"lazy\" class=\"size-full wp-image-90476\" src=\"https:\/\/www.uv.mx\/prensa\/files\/2020\/11\/23112020-Inicio\u0301-Expo-Orienta-2020-2-100k.jpg\" alt=\" Jorge Miguel Uscanga Villalba, subsecretario de Educaci\u00f3n Media Superior y Superior de Veracruz \" width=\"722\" height=\"407\" srcset=\"https:\/\/www.uv.mx\/prensa\/files\/2020\/11\/23112020-Inicio\u0301-Expo-Orienta-2020-2-100k.jpg 722w, https:\/\/www.uv.mx\/prensa\/files\/2020\/11\/23112020-Inicio\u0301-Expo-Orienta-2020-2-100k-300x169.jpg 300w\" sizes=\"(max-width: 722px) 100vw, 722px\" \/><\/a><p id=\"caption-attachment-90476\" class=\"wp-caption-text\">Jorge Miguel Uscanga Villalba, subsecretario de Educaci\u00f3n Media Superior y Superior de Veracruz<\/p><\/div>\n<p><span data-contrast=\"auto\">Por su parte<\/span><span data-contrast=\"auto\">,<\/span><span data-contrast=\"auto\">\u00a0Uscanga Villalba\u00a0<\/span><span data-contrast=\"auto\">resalt\u00f3<\/span><span data-contrast=\"auto\">\u00a0la estrecha coordinaci\u00f3n de trabajo existente entre la UV y el gobierno\u00a0<\/span><span data-contrast=\"auto\">en beneficio de la juventud del estado<\/span><span data-contrast=\"auto\">\u00a0y<\/span><span data-contrast=\"auto\">\u00a0dirigi\u00f3 su mensaje a los estudiantes de bachillerato, de instituciones educativas p\u00fablicas y particulares, a quienes dijo que la siguiente etapa de su formaci\u00f3n acad\u00e9mica es el nivel superior, que conlleva a decidir qu\u00e9 y d\u00f3nde van a continuar sus estudios, \u201celecci\u00f3n que implica el reflejo de sus aspiraciones, as\u00ed como un paso importante para alcanzar las metas de hacer realidad sus sue\u00f1os, y por ello mi reconocimiento a la Universidad Veracruzana por organizar la Expo Orienta UV 2020\u201d.<\/span><span data-ccp-props=\"{&quot;201341983&quot;:0,&quot;335559731&quot;:708,&quot;335559739&quot;:160,&quot;335559740&quot;:240}\">\u00a0<\/span><\/p>\n<p><span data-contrast=\"auto\">Mencion\u00f3 que las decisiones son la materia prima con la que se construye d\u00eda a d\u00eda el destino, y en ese sentido la informaci\u00f3n facilita la elecci\u00f3n del mejor camino para llegar al destino que se desea, \u201cpor ello la importancia de este evento en donde tendr\u00e1n a su alcance la informaci\u00f3n de la oferta educativa de licenciatura y posgrado, que sin duda les ser\u00e1 de gran utilidad para elegir qu\u00e9\u00a0<\/span><span data-contrast=\"auto\">estudiar en el nivel superior.<\/span><span data-ccp-props=\"{&quot;201341983&quot;:0,&quot;335559731&quot;:708,&quot;335559739&quot;:160,&quot;335559740&quot;:240}\">\u00a0<\/span><\/p>\n<p><span data-contrast=\"auto\">\u201d<\/span><span data-contrast=\"auto\">El<\/span><span data-contrast=\"auto\">\u00a0mundo de hoy nos exige estar vigentes y actualizados de manera permanente para afrontar los cambios que se generan cada vez con mayor rapidez,\u00a0<\/span><span data-contrast=\"auto\">\u00e9<\/span><span data-contrast=\"auto\">s<\/span><span data-contrast=\"auto\">as son las caracter\u00edsticas de lo<\/span><span data-contrast=\"auto\">s ciudadanos del mundo.<\/span><span data-contrast=\"auto\">\u00a0<\/span><span data-contrast=\"auto\">Tengan la certeza de que la mejor inversi\u00f3n que pueden hacer en tiempo, esfuerzo y recursos es su preparaci\u00f3n acad\u00e9mica<\/span><span data-contrast=\"auto\">\u201d,\u00a0<\/span><span data-contrast=\"auto\">concluy\u00f3<\/span><span data-contrast=\"auto\">.<\/span><span data-ccp-props=\"{&quot;201341983&quot;:0,&quot;335559731&quot;:708,&quot;335559739&quot;:160,&quot;335559740&quot;:240}\">\u00a0<\/span><\/p>\n<p><span data-contrast=\"auto\">Las actividades continuar\u00e1n hasta el\u00a0<\/span><span data-contrast=\"auto\">27 de noviembre, con presencia de todas las regiones de esta casa de estudios.<\/span><span data-ccp-props=\"{&quot;201341983&quot;:0,&quot;335559731&quot;:708,&quot;335559739&quot;:160,&quot;335559740&quot;:240}\">\u00a0<\/span><\/p>\n","protected":false},"excerpt":{"rendered":"<p>Los aspirantes a ingresar a la UV pueden consultar la p\u00e1gina www.uv.mx\/expoorienta, as\u00ed como la p\u00e1gina de Facebook: Expo Orienta UV, para conocer toda la oferta educativa.<\/p>\n","protected":false},"author":1775,"featured_media":90477,"comment_status":"closed","ping_status":"closed","sticky":false,"template":"","format":"standard","meta":[],"categories":[61],"tags":[516,523,1204,1209,453,518,1205,1203,597,709,1208,1206,63,1207],"_links":{"self":[{"href":"https:\/\/www.uv.mx\/prensa\/wp-json\/wp\/v2\/posts\/90474"}],"collection":[{"href":"https:\/\/www.uv.mx\/prensa\/wp-json\/wp\/v2\/posts"}],"about":[{"href":"https:\/\/www.uv.mx\/prensa\/wp-json\/wp\/v2\/types\/post"}],"author":[{"embeddable":true,"href":"https:\/\/www.uv.mx\/prensa\/wp-json\/wp\/v2\/users\/1775"}],"replies":[{"embeddable":true,"href":"https:\/\/www.uv.mx\/prensa\/wp-json\/wp\/v2\/comments?post=90474"}],"version-history":[{"count":1,"href":"https:\/\/www.uv.mx\/prensa\/wp-json\/wp\/v2\/posts\/90474\/revisions"}],"predecessor-version":[{"id":90497,"href":"https:\/\/www.uv.mx\/prensa\/wp-json\/wp\/v2\/posts\/90474\/revisions\/90497"}],"wp:featuredmedia":[{"embeddable":true,"href":"https:\/\/www.uv.mx\/prensa\/wp-json\/wp\/v2\/media\/90477"}],"wp:attachment":[{"href":"https:\/\/www.uv.mx\/prensa\/wp-json\/wp\/v2\/media?parent=90474"}],"wp:term":[{"taxonomy":"category","embeddable":true,"href":"https:\/\/www.uv.mx\/prensa\/wp-json\/wp\/v2\/categories?post=90474"},{"taxonomy":"post_tag","embeddable":true,"href":"https:\/\/www.uv.mx\/prensa\/wp-json\/wp\/v2\/tags?post=90474"}],"curies":[{"name":"wp","href":"https:\/\/api.w.org\/{rel}","templated":true}]}}