{"id":90387,"date":"2020-11-20T07:59:47","date_gmt":"2020-11-20T13:59:47","guid":{"rendered":"https:\/\/www.uv.mx\/prensa\/?p=90387"},"modified":"2020-11-20T12:33:11","modified_gmt":"2020-11-20T18:33:11","slug":"hay-que-aprender-a-convivir-con-los-volcanes-katrin-sieron","status":"publish","type":"post","link":"https:\/\/www.uv.mx\/prensa\/ciencia\/hay-que-aprender-a-convivir-con-los-volcanes-katrin-sieron\/","title":{"rendered":"\u201cHay que aprender a convivir con los volcanes\u201d: Katrin Sieron"},"content":{"rendered":"<ul>\n<li data-leveltext=\"\uf0b7\" data-font=\"Symbol\" data-listid=\"5\" data-aria-posinset=\"1\" data-aria-level=\"1\"><i><span data-contrast=\"auto\">Sus efectos positivos son fertilizaci\u00f3n de suelos, valores paisaj\u00edsticos y<\/span><\/i> <i><span data-contrast=\"auto\">mineralizaciones; los negativos se asocian a lo peligroso de la<\/span><\/i><i><span data-contrast=\"auto\"> actividad volc\u00e1nica<\/span><\/i><span data-ccp-props=\"{&quot;201341983&quot;:0,&quot;335559739&quot;:0,&quot;335559740&quot;:240}\">\u00a0<\/span><\/li>\n<\/ul>\n<div id=\"attachment_90388\" style=\"width: 732px\" class=\"wp-caption aligncenter\"><a href=\"https:\/\/www.uv.mx\/prensa\/files\/2020\/11\/191120-Conferencia-volcanes-1.jpg\"><img loading=\"lazy\" decoding=\"async\" aria-describedby=\"caption-attachment-90388\" class=\"size-full wp-image-90388\" src=\"https:\/\/www.uv.mx\/prensa\/files\/2020\/11\/191120-Conferencia-volcanes-1.jpg\" alt=\"\" width=\"722\" height=\"481\" srcset=\"https:\/\/www.uv.mx\/prensa\/files\/2020\/11\/191120-Conferencia-volcanes-1.jpg 722w, https:\/\/www.uv.mx\/prensa\/files\/2020\/11\/191120-Conferencia-volcanes-1-300x200.jpg 300w\" sizes=\"auto, (max-width: 722px) 100vw, 722px\" \/><\/a><p id=\"caption-attachment-90388\" class=\"wp-caption-text\">La vulcan\u00f3loga considera que la actividad volc\u00e1nica tiene consecuencias positivas y negativas para la humanidad<\/p><\/div>\n<p><b><i><span data-contrast=\"auto\">Jos\u00e9 Luis <\/span><\/i><\/b><b><i><span data-contrast=\"auto\">Couttolenc<\/span><\/i><\/b><b><i><span data-contrast=\"auto\"> Soto<\/span><\/i><\/b><\/p>\n<p><b><i><span data-contrast=\"auto\">20<\/span><\/i><\/b><b><i><span data-contrast=\"auto\">\/<\/span><\/i><\/b><b><i><span data-contrast=\"auto\">1<\/span><\/i><\/b><b><i><span data-contrast=\"auto\">1<\/span><\/i><\/b><b><i><span data-contrast=\"auto\">\/2020, Xalapa, Ver.-<\/span><\/i><\/b> <span data-contrast=\"none\">Katrin<\/span> <span data-contrast=\"none\">Sieron<\/span><span data-contrast=\"none\">, <\/span><span data-contrast=\"none\">vulcan\u00f3loga y especialista<\/span><span data-contrast=\"none\"> en<\/span><span data-contrast=\"none\"> peligros volc\u00e1nicos, ofreci\u00f3 <\/span><span data-contrast=\"none\">la<\/span><span data-contrast=\"none\"> conferencia <\/span><span data-contrast=\"none\">\u201cVolcanes<\/span><span data-contrast=\"none\">,<\/span><span data-contrast=\"none\"> \u00bfh\u00e9roes o villanos?\u201d, con la que inici\u00f3 el Seminario Instituci<\/span><span data-contrast=\"none\">onal del cuerpo acad\u00e9mico (CA) <\/span><span data-contrast=\"none\">Volcanes, <\/span><span data-contrast=\"none\">S<\/span><span data-contrast=\"none\">ismos y <\/span><span data-contrast=\"none\">S<\/span><span data-contrast=\"none\">ociedad\u201d del<\/span> <span data-contrast=\"none\"><a href=\"https:\/\/www.uv.mx\/cienti\/\" target=\"_blank\" rel=\"noopener noreferrer\">Centro de Ciencias de la Tierra<\/a> (CCT) de l<\/span><span data-contrast=\"none\">a Universidad Veracruzana (UV).<\/span><span data-ccp-props=\"{&quot;201341983&quot;:0,&quot;335559739&quot;:0,&quot;335559740&quot;:240}\">\u00a0<\/span><\/p>\n<p><span data-contrast=\"none\">Sieron<\/span> <span data-contrast=\"none\">se\u00f1al\u00f3 que la actividad volc\u00e1nica en el pa\u00eds y el mundo ofrece ambig\u00fcedades que van de lo positivo <\/span><span data-contrast=\"none\">\u2013<\/span><span data-contrast=\"none\">como la fertilizaci\u00f3n de suelos, la posibilidad del aprovechamiento de energ\u00eda geot\u00e9rmica, mineralizaciones asociados al ascenso de magma y valores paisaj\u00edsticos (atractivos tur\u00edsticos<\/span><span data-contrast=\"none\">)<\/span><span data-contrast=\"none\">\u2013<\/span> <span data-contrast=\"none\">a <\/span><span data-contrast=\"none\">lo negativo <\/span><span data-contrast=\"none\">\u2013que representa<\/span><span data-contrast=\"none\"> un peligro asociado a la actividad volc\u00e1nica.<\/span><span data-ccp-props=\"{&quot;201341983&quot;:0,&quot;335559731&quot;:708,&quot;335559739&quot;:0,&quot;335559740&quot;:240}\">\u00a0<\/span><\/p>\n<p><span data-contrast=\"none\">Explic\u00f3 que un volc\u00e1n es una estructura geol\u00f3gica por la que emerge el magma (roca fundida) y se debe al calor interno existente en la tierra (m\u00e1s de seis mil grados cent\u00edgrados en su n\u00facleo), que en su proceso de ascenso, enfriamiento y descenso, se le conoce como convecci\u00f3n, <\/span><span data-contrast=\"none\">lo cual<\/span><span data-contrast=\"none\"> genera movimientos denominados tect\u00f3nica de placas, y en su <\/span><span data-contrast=\"none\">conjunto dan paso al vulcanismo<\/span><span data-contrast=\"none\"> y sismos.<\/span><span data-ccp-props=\"{&quot;201341983&quot;:0,&quot;335559731&quot;:708,&quot;335559739&quot;:160,&quot;335559740&quot;:240}\">\u00a0<\/span><\/p>\n<p><span data-contrast=\"none\">Detall\u00f3 que en M\u00e9xico existe una zona con vulcanismo activo (Cintur\u00f3n Volc\u00e1n<\/span><span data-contrast=\"none\">ico Mexicano)<\/span><span data-contrast=\"none\"> que se estrecha de costa a costa por m\u00e1s de mil kil\u00f3metros; este cintur\u00f3n alberga decenas de volcanes longevos<\/span><span data-contrast=\"none\">,<\/span><span data-contrast=\"none\"> entre los que se encuentran el Colima en el Occidente, el Popocat\u00e9petl en el cen<\/span><span data-contrast=\"none\">tro y el Pico de Orizaba en el e<\/span><span data-contrast=\"none\">ste. Adem\u00e1s, dijo, existen miles de volcanes de peque\u00f1o volumen concentrados en campos volc\u00e1nicos \u201cmonogen\u00e9ticos\u201d.<\/span><span data-ccp-props=\"{&quot;201341983&quot;:0,&quot;335559731&quot;:708,&quot;335559739&quot;:160,&quot;335559740&quot;:240}\">\u00a0<\/span><\/p>\n<p><span data-contrast=\"none\">La investigadora, originaria de Dresde, Alemania, refiri\u00f3 que con los antecedentes que se tiene<\/span><span data-contrast=\"none\">n registrados<\/span><span data-contrast=\"none\"> es muy evidente que los volcanes y sus productos han afectado a M\u00e9xico desde que existe la ocupaci\u00f3n humana, y m\u00e1s evidentemente desde la \u00e9poca prehisp\u00e1nica.<\/span><span data-ccp-props=\"{&quot;201341983&quot;:0,&quot;335559731&quot;:708,&quot;335559739&quot;:160,&quot;335559740&quot;:240}\">\u00a0<\/span><\/p>\n<div id=\"attachment_90389\" style=\"width: 732px\" class=\"wp-caption aligncenter\"><a href=\"https:\/\/www.uv.mx\/prensa\/files\/2020\/11\/191120-Conferencia-volcanes-2.jpg\"><img loading=\"lazy\" decoding=\"async\" aria-describedby=\"caption-attachment-90389\" class=\"size-full wp-image-90389\" src=\"https:\/\/www.uv.mx\/prensa\/files\/2020\/11\/191120-Conferencia-volcanes-2.jpg\" alt=\"\" width=\"722\" height=\"481\" srcset=\"https:\/\/www.uv.mx\/prensa\/files\/2020\/11\/191120-Conferencia-volcanes-2.jpg 722w, https:\/\/www.uv.mx\/prensa\/files\/2020\/11\/191120-Conferencia-volcanes-2-300x200.jpg 300w\" sizes=\"auto, (max-width: 722px) 100vw, 722px\" \/><\/a><p id=\"caption-attachment-90389\" class=\"wp-caption-text\">La actividad volc\u00e1nica conlleva diferentes peligros para el ser humano<\/p><\/div>\n<p><span data-contrast=\"none\">Sobre la pregunta si los volcanes son h\u00e9roes o villanos, dijo que implican ambas cosas en su existencia y actividad<\/span><span data-contrast=\"none\">;<\/span><span data-contrast=\"none\"> indic\u00f3 que en lo negativo existen peligros como flujos de lava, ca\u00edda de ceniza, flujos pirocl\u00e1sticos, avalanchas, lahares (flujo de lodo o escombro que descienden por los flancos de los volcanes debido a la gravedad) y gases volc\u00e1nicos (t\u00f3xicos).<\/span><span data-ccp-props=\"{&quot;201341983&quot;:0,&quot;335559731&quot;:708,&quot;335559739&quot;:160,&quot;335559740&quot;:240}\">\u00a0<\/span><\/p>\n<p><span data-contrast=\"none\">Dijo que ca<\/span><span data-contrast=\"none\">da volc\u00e1n es \u00fanico, <\/span><span data-contrast=\"none\">por lo que puede tener diferentes erupciones y fen\u00f3menos, pero existen varias formas y maneras de protegerse adecuadamente: estudi\u00e1ndolos para deducir su comportamiento futuro, elaborando mapas de peligro en los que se indiquen las zonas de riesgo, elaborando estudios geol\u00f3gicos y definiciones de escenarios en donde se simulen fen\u00f3menos de erupci\u00f3n y capacidad de respuesta.<\/span><span data-ccp-props=\"{&quot;201341983&quot;:0,&quot;335559731&quot;:708,&quot;335559739&quot;:160,&quot;335559740&quot;:240}\">\u00a0<\/span><\/p>\n<p><span data-contrast=\"none\">De acuerdo al panorama expuesto sobre los efectos volc\u00e1nicos, <\/span><span data-contrast=\"none\">Katrin<\/span> <span data-contrast=\"none\">Sieron<\/span><span data-contrast=\"none\"> pidi\u00f3 reflexionar en torno a qu\u00e9 pasar\u00eda si la tierra no tuviera el calor interno (se enfriara el <\/span><span data-contrast=\"none\">n\u00facleo<\/span><span data-contrast=\"none\">), causar\u00eda que las placas tect\u00f3nicas dejaran de moverse y<\/span><span data-contrast=\"none\">,<\/span><span data-contrast=\"none\"> por consiguiente<\/span><span data-contrast=\"none\">,<\/span><span data-contrast=\"none\"> no se re<\/span><span data-contrast=\"none\">gistraran volcanismo ni sismos.<\/span><span data-ccp-props=\"{&quot;201341983&quot;:0,&quot;335559731&quot;:708,&quot;335559739&quot;:160,&quot;335559740&quot;:240}\">\u00a0<\/span><\/p>\n<p><span data-contrast=\"none\">\u201c<\/span><span data-contrast=\"none\">A<\/span><span data-contrast=\"none\">parentemente ser\u00eda positivo, pero en realidad ser\u00eda de<\/span><span data-contrast=\"none\">vastador<\/span><span data-contrast=\"none\"> ya que no habr\u00eda dinamismo ni campo magn\u00e9tico, la radiaci\u00f3n solar nos afectar\u00eda mucho<\/span><span data-contrast=\"none\"> y<\/span><span data-contrast=\"none\"> la atm\u00f3sfera ser\u00eda muy delgada<\/span><span data-contrast=\"none\">;<\/span><span data-contrast=\"none\"> no queremos vivir como en Mercurio, sin atm\u00f3sfera los meteoritos<\/span><span data-contrast=\"none\"> nos afectar\u00edan de mayor grado.\u201d<\/span><span data-ccp-props=\"{&quot;201341983&quot;:0,&quot;335559731&quot;:708,&quot;335559739&quot;:160,&quot;335559740&quot;:240}\">\u00a0<\/span><\/p>\n<p><span data-contrast=\"none\">Ante este panorama, que afortunadamente no suceder\u00e1 hasta dentro mucho tiempo (ya que el n\u00facleo se enfr\u00eda a una tasa muy baja)<\/span><span data-contrast=\"none\">,<\/span><span data-contrast=\"none\"> dijo que es mejor apren<\/span><span data-contrast=\"none\">der a convivir con los volcanes y <\/span><span data-contrast=\"none\">quit<\/span><span data-contrast=\"none\">arnos <\/span><span data-contrast=\"none\">de su camino cuando se pueda<\/span><span data-contrast=\"none\"> para <\/span><span data-contrast=\"none\">que la tierra \u201cviva\u201d exista durante miles de millones de a\u00f1os m\u00e1s.<\/span><span data-ccp-props=\"{&quot;201341983&quot;:0,&quot;335559731&quot;:708,&quot;335559739&quot;:160,&quot;335559740&quot;:240}\">\u00a0<\/span><\/p>\n","protected":false},"excerpt":{"rendered":"<p>Sus efectos positivos son fertilizaci\u00f3n de suelos, valores paisaj\u00edsticos y mineralizaciones; los negativos se asocian a lo peligroso de la actividad volc\u00e1nica\u00a0<\/p>\n","protected":false},"author":1508,"featured_media":90388,"comment_status":"closed","ping_status":"closed","sticky":false,"template":"","format":"standard","meta":{"footnotes":""},"categories":[45],"tags":[],"class_list":["post-90387","post","type-post","status-publish","format-standard","has-post-thumbnail","hentry","category-ciencia"],"_links":{"self":[{"href":"https:\/\/www.uv.mx\/prensa\/wp-json\/wp\/v2\/posts\/90387","targetHints":{"allow":["GET"]}}],"collection":[{"href":"https:\/\/www.uv.mx\/prensa\/wp-json\/wp\/v2\/posts"}],"about":[{"href":"https:\/\/www.uv.mx\/prensa\/wp-json\/wp\/v2\/types\/post"}],"author":[{"embeddable":true,"href":"https:\/\/www.uv.mx\/prensa\/wp-json\/wp\/v2\/users\/1508"}],"replies":[{"embeddable":true,"href":"https:\/\/www.uv.mx\/prensa\/wp-json\/wp\/v2\/comments?post=90387"}],"version-history":[{"count":1,"href":"https:\/\/www.uv.mx\/prensa\/wp-json\/wp\/v2\/posts\/90387\/revisions"}],"predecessor-version":[{"id":90396,"href":"https:\/\/www.uv.mx\/prensa\/wp-json\/wp\/v2\/posts\/90387\/revisions\/90396"}],"wp:featuredmedia":[{"embeddable":true,"href":"https:\/\/www.uv.mx\/prensa\/wp-json\/wp\/v2\/media\/90388"}],"wp:attachment":[{"href":"https:\/\/www.uv.mx\/prensa\/wp-json\/wp\/v2\/media?parent=90387"}],"wp:term":[{"taxonomy":"category","embeddable":true,"href":"https:\/\/www.uv.mx\/prensa\/wp-json\/wp\/v2\/categories?post=90387"},{"taxonomy":"post_tag","embeddable":true,"href":"https:\/\/www.uv.mx\/prensa\/wp-json\/wp\/v2\/tags?post=90387"}],"curies":[{"name":"wp","href":"https:\/\/api.w.org\/{rel}","templated":true}]}}