{"id":90374,"date":"2020-11-19T20:24:39","date_gmt":"2020-11-20T02:24:39","guid":{"rendered":"https:\/\/www.uv.mx\/prensa\/?p=90374"},"modified":"2021-04-08T18:22:11","modified_gmt":"2021-04-08T23:22:11","slug":"osx-estrenara-la-septima-sinfonia-de-beethoven-para-nueve-instrumentos","status":"publish","type":"post","link":"https:\/\/www.uv.mx\/prensa\/cultura\/osx-estrenara-la-septima-sinfonia-de-beethoven-para-nueve-instrumentos\/","title":{"rendered":"OSX estrenar\u00e1 la S\u00e9ptima Sinfon\u00eda de Beethoven para nueve instrumentos"},"content":{"rendered":"<ul>\n<li data-leveltext=\"\uf0b7\" data-font=\"Symbol\" data-listid=\"1\" data-aria-posinset=\"1\" data-aria-level=\"1\"><i><span data-contrast=\"auto\">Rafael Palacios<\/span><\/i><i><span data-contrast=\"auto\">\u00a0ser\u00e1<\/span><\/i><i><span data-contrast=\"auto\">\u00a0<\/span><\/i><i><span data-contrast=\"auto\">el d<\/span><\/i><i><span data-contrast=\"auto\">irector\u00a0<\/span><\/i><i><span data-contrast=\"auto\">i<\/span><\/i><i><span data-contrast=\"auto\">nvitado<\/span><\/i><i><span data-contrast=\"auto\">, hoy,\u00a0 viernes 20 de noviembre en <\/span><\/i><i><span data-contrast=\"auto\">Tlaqn\u00e1<\/span><\/i><i><span data-contrast=\"auto\">, Centro Cultural, a las 20:30 horas<\/span><\/i><span data-ccp-props=\"{&quot;134233279&quot;:true}\">\u00a0<\/span><\/li>\n<\/ul>\n<p><span data-ccp-props=\"{}\">\u00a0<\/span><\/p>\n<div id=\"attachment_90287\" style=\"width: 732px\" class=\"wp-caption aligncenter\"><a href=\"https:\/\/www.uv.mx\/prensa\/files\/2020\/11\/181120-OSX-1.jpg\"><img loading=\"lazy\" decoding=\"async\" aria-describedby=\"caption-attachment-90287\" class=\"size-full wp-image-90287\" src=\"https:\/\/www.uv.mx\/prensa\/files\/2020\/11\/181120-OSX-1.jpg\" alt=\"Rafael Palacios dirigiendo a la OSX \" width=\"722\" height=\"481\" srcset=\"https:\/\/www.uv.mx\/prensa\/files\/2020\/11\/181120-OSX-1.jpg 722w, https:\/\/www.uv.mx\/prensa\/files\/2020\/11\/181120-OSX-1-300x200.jpg 300w\" sizes=\"auto, (max-width: 722px) 100vw, 722px\" \/><\/a><p id=\"caption-attachment-90287\" class=\"wp-caption-text\">Rafael Palacios dirigiendo a la OSX<\/p><\/div>\n<p>&nbsp;<\/p>\n<p><b><i><span data-contrast=\"auto\">1<\/span><\/i><\/b><b><i><span data-contrast=\"auto\">9<\/span><\/i><\/b><b><i><span data-contrast=\"auto\">\/11\/2020, Xalapa,\u00a0Ver.-<\/span><\/i><\/b><b><i><span data-contrast=\"auto\">\u00a0<\/span><\/i><\/b><span data-contrast=\"auto\">La <a href=\"https:\/\/www.orquestasinfonicadexalapa.com\/\" target=\"_blank\" rel=\"noopener noreferrer\">Orquesta Sinf\u00f3nica de Xalapa<\/a> (OSX) de la Universidad Veracruzana (UV) regresa con el 7\u00ba Festival OSX<\/span><span data-contrast=\"auto\">&#8211;<\/span><span data-contrast=\"auto\">250 Beethoven, que celebra el natalicio del compositor alem\u00e1n. Esta noche de viernes 20 de noviembre presentar\u00e1, en punto de las 20:30 horas en la sala de conciertos <\/span><span data-contrast=\"auto\">Tlaqn\u00e1<\/span><span data-contrast=\"auto\">, Centro C<\/span><span data-contrast=\"auto\">ultural, la S\u00e9ptima Sinfon\u00eda de<\/span><span data-contrast=\"auto\">\u00a0<\/span><span data-contrast=\"auto\">Beethoven<\/span><span data-contrast=\"auto\">\u00a0<\/span><span data-contrast=\"auto\">en su versi\u00f3n para\u00a0<\/span><span data-contrast=\"auto\">nueve instrumentos<\/span><span data-contrast=\"auto\">,<\/span><span data-contrast=\"auto\">\u00a0que ser\u00e1 su estreno en\u00a0<\/span><span data-contrast=\"auto\">Xalapa<\/span><span data-contrast=\"auto\">.<\/span><span data-ccp-props=\"{}\">\u00a0<\/span><\/p>\n<p><span data-contrast=\"auto\">De acuerdo con las investigaciones de\u00a0<\/span><span data-contrast=\"auto\">Rafael\u00a0<\/span><span data-contrast=\"auto\">Palacios, es<\/span><span data-contrast=\"auto\">\u00a0el director invitado, <\/span><span data-contrast=\"auto\">\u201c<\/span><span data-contrast=\"auto\">l<\/span><span data-contrast=\"auto\">a\u00a0<\/span><span data-contrast=\"auto\">S<\/span><span data-contrast=\"auto\">\u00e9ptima<\/span><span data-contrast=\"auto\">\u00a0<\/span><span data-contrast=\"auto\">Sinfon\u00eda<\/span><span data-contrast=\"auto\">\u00a0en La Mayor fue estrenada\u00a0<\/span><span data-contrast=\"auto\">el 8 de diciembre de\u00a0<\/span><span data-contrast=\"auto\">1813 para un concierto de caridad a beneficio de los soldados heridos en la batalla de Hanau\u00a0<\/span><span data-contrast=\"auto\">de ese mismo a\u00f1o<\/span><span data-contrast=\"auto\">. Fue un enfrentamiento entre Karl\u00a0<\/span><span data-contrast=\"auto\">Philipp<\/span><span data-contrast=\"auto\">\u00a0von\u00a0<\/span><span data-contrast=\"auto\">Wrede<\/span><span data-contrast=\"auto\">\u00a0y su cuerpo\u00a0<\/span><span data-contrast=\"auto\">austro-b\u00e1<\/span><span data-contrast=\"auto\">varo<\/span><span data-contrast=\"auto\">, y el\u00a0<\/span><span data-contrast=\"auto\">ej\u00e9<\/span><span data-contrast=\"auto\">rcito<\/span><span data-contrast=\"auto\">\u00a0<\/span><span data-contrast=\"auto\">franc\u00e9s<\/span><span data-contrast=\"auto\">\u00a0\u2013<\/span><span data-contrast=\"auto\">en retirada<\/span><span data-contrast=\"auto\">\u2013<\/span><span data-contrast=\"auto\">\u00a0de\u00a0<\/span><span data-contrast=\"auto\">Napole\u00f3n<\/span><span data-contrast=\"auto\">, durante la<\/span><span data-contrast=\"auto\">\u00a0guerra de la Sexta\u00a0<\/span><span data-contrast=\"auto\">Coalici\u00f3n<\/span><span data-contrast=\"auto\">.<\/span><span data-ccp-props=\"{&quot;335559731&quot;:708}\">\u00a0<\/span><\/p>\n<p><span data-contrast=\"auto\">\u201d<\/span><span data-contrast=\"auto\">El\u00a0<\/span><span data-contrast=\"auto\">ej\u00e9rcito<\/span><span data-contrast=\"auto\">\u00a0<\/span><span data-contrast=\"auto\">austro-ba\u0301varo<\/span><span data-contrast=\"auto\">\u00a0de\u00a0<\/span><span data-contrast=\"auto\">Wrede<\/span><span data-contrast=\"auto\">\u00a0intento\u0301 bloquear la\u00a0<\/span><span data-contrast=\"auto\">l\u00ednea<\/span><span data-contrast=\"auto\">\u00a0de huida de\u00a0<\/span><span data-contrast=\"auto\">Napole\u00f3n<\/span><span data-contrast=\"auto\">\u00a0en Hanau el 30 de octubre<\/span><span data-contrast=\"auto\">, p<\/span><span data-contrast=\"auto\">ero\u00a0<\/span><span data-contrast=\"auto\">\u00e9ste\u00a0<\/span><span data-contrast=\"auto\">llego\u0301 antes a\u00a0<\/span><span data-contrast=\"auto\">ese lugar<\/span><span data-contrast=\"auto\">\u00a0y con refuerzos derroto\u0301 a las fuerzas de\u00a0<\/span><span data-contrast=\"auto\">Wrede<\/span><span data-contrast=\"auto\">. El 31 de octubre la ciudad paso\u0301 bajo\u00a0<\/span><span data-contrast=\"auto\">el<\/span><span data-contrast=\"auto\">\u00a0control\u00a0<\/span><span data-contrast=\"auto\">franc\u00e9s<\/span><span data-contrast=\"auto\">, dejando a\u00a0<\/span><span data-contrast=\"auto\">Napole\u00f3n<\/span><span data-contrast=\"auto\">\u00a0una<\/span><span data-contrast=\"auto\">\u00a0<\/span><span data-contrast=\"auto\">l\u00ednea<\/span><span data-contrast=\"auto\">\u00a0de salida hacia\u00a0<\/span><span data-contrast=\"auto\">Par\u00ed<\/span><span data-contrast=\"auto\">s<\/span><span data-contrast=\"auto\">.<\/span><span data-ccp-props=\"{&quot;134233117&quot;:true,&quot;134233118&quot;:true,&quot;335559731&quot;:708}\">\u00a0<\/span><\/p>\n<p><span data-contrast=\"auto\">En su estreno, Beethoven\u00a0<\/span><span data-contrast=\"auto\">dirigi\u00f3<\/span><span data-contrast=\"auto\">\u00a0<\/span><span data-contrast=\"auto\">una orquesta formada de\u00a0<\/span><span data-contrast=\"auto\">m\u00fasicos<\/span><span data-contrast=\"auto\">\u00a0con ilustres cualidades<\/span><span data-contrast=\"auto\">\u00a0como Louis\u00a0<\/span><span data-contrast=\"auto\">Spohr<\/span><span data-contrast=\"auto\">, Giacomo\u00a0<\/span><span data-contrast=\"auto\">Meyerbeer<\/span><span data-contrast=\"auto\">, Mauro\u00a0<\/span><span data-contrast=\"auto\">Giuliani<\/span><span data-contrast=\"auto\">, Johann<\/span><\/p>\n<p><span data-contrast=\"auto\">Nepomuk<\/span><span data-contrast=\"auto\">\u00a0<\/span><span data-contrast=\"auto\">Hummel<\/span><span data-contrast=\"auto\">,\u00a0<\/span><span data-contrast=\"auto\">Ignaz<\/span><span data-contrast=\"auto\">\u00a0<\/span><span data-contrast=\"auto\">Moscheles<\/span><span data-contrast=\"auto\">,\u00a0<\/span><span data-contrast=\"auto\">Domenico<\/span><span data-contrast=\"auto\">\u00a0<\/span><span data-contrast=\"auto\">Dragonetti<\/span><span data-contrast=\"auto\">, Andreas\u00a0<\/span><span data-contrast=\"auto\">Romberg<\/span><span data-contrast=\"auto\">\u00a0y Antonio\u00a0<\/span><span data-contrast=\"auto\">Salieri<\/span><span data-contrast=\"auto\">.<\/span><span data-ccp-props=\"{&quot;134233117&quot;:true,&quot;134233118&quot;:true,&quot;335559731&quot;:708}\">\u00a0<\/span><\/p>\n<p><span data-contrast=\"auto\">Todo<\/span><span data-contrast=\"auto\">s<\/span><span data-contrast=\"auto\">\u00a0ellos unidos no s<\/span><span data-contrast=\"auto\">\u00f3<\/span><span data-contrast=\"auto\">lo por el concierto y el colega compositor,\u00a0<\/span><span data-contrast=\"auto\">tambi\u00e9n<\/span><span data-contrast=\"auto\">\u00a0por la\u00a0<\/span><span data-contrast=\"auto\">situaci\u00f3n<\/span><span data-contrast=\"auto\">\u00a0de los soldados heridos y la necesidad de recabar fondos para las viudas y\u00a0<\/span><span data-contrast=\"auto\">hu\u00e9rfanos<\/span><span data-contrast=\"auto\">,\u00a0<\/span><span data-contrast=\"auto\">v\u00edctimas<\/span><span data-contrast=\"auto\">\u00a0en el intento\u00a0<\/span><span data-contrast=\"auto\">de defenderse contra\u00a0<\/span><span data-contrast=\"auto\">Napole\u00f3n<\/span><span data-contrast=\"auto\">.<\/span><span data-ccp-props=\"{&quot;134233117&quot;:true,&quot;134233118&quot;:true,&quot;335559731&quot;:708}\">\u00a0<\/span><\/p>\n<p><span data-contrast=\"auto\">La pieza fue muy bien acogida por la\u00a0<\/span><span data-contrast=\"auto\">cr\u00ed<\/span><span data-contrast=\"auto\">tica<\/span><span data-contrast=\"auto\">\u00a0del momento. El\u00a0<\/span><i><span data-contrast=\"auto\">allegretto\u00a0<\/span><\/i><span data-contrast=\"auto\">gusto\u0301 tanto que tuvo que ser repetido el\u00a0<\/span><span data-contrast=\"auto\">d\u00eda<\/span><span data-contrast=\"auto\">\u00a0del estreno<\/span><span data-contrast=\"auto\">.<\/span><span data-contrast=\"auto\">\u201d<\/span><span data-ccp-props=\"{&quot;134233117&quot;:true,&quot;134233118&quot;:true,&quot;335559731&quot;:708}\">\u00a0<\/span><\/p>\n<p><span data-contrast=\"auto\">Coment\u00f3\u00a0<\/span><span data-contrast=\"auto\">tambi\u00e9n sobre e<\/span><span data-contrast=\"auto\">ste programa\u00a0<\/span><span data-contrast=\"auto\">que\u00a0<\/span><span data-contrast=\"auto\">se inscribe dentro de la\u00a0<\/span><span data-contrast=\"auto\">l\u00ednea<\/span><span data-contrast=\"auto\">\u00a0de\u00a0<\/span><span data-contrast=\"auto\">i<\/span><span data-contrast=\"auto\">nvestigaci\u00f3n<\/span><span data-contrast=\"auto\">\u00a0en\u00a0<\/span><span data-contrast=\"auto\">i<\/span><span data-contrast=\"auto\">nterpretaci\u00f3n<\/span><span data-contrast=\"auto\">, \u201c<\/span><span data-contrast=\"auto\">e<\/span><span data-contrast=\"auto\">s la\u00a0<\/span><span data-contrast=\"auto\">continuaci\u00f3n<\/span><span data-contrast=\"auto\">\u00a0de una serie de\u00a0<\/span><span data-contrast=\"auto\">LIRIs<\/span><span data-contrast=\"auto\">\u00a0<\/span><span data-contrast=\"auto\">(<\/span><span data-contrast=\"auto\">Laboratorios de\u00a0<\/span><span data-contrast=\"auto\">interpretaci\u00f3n<\/span><span data-contrast=\"auto\">\u00a0<\/span><span data-contrast=\"auto\">ret\u00f3ricamente<\/span><span data-contrast=\"auto\">\u00a0<\/span><span data-contrast=\"auto\">informada<\/span><span data-contrast=\"auto\">)<\/span><span data-contrast=\"auto\">, bajo el rubro Laboratorio\u00a0<\/span><i><span data-contrast=\"auto\">Sturm<\/span><\/i><i><span data-contrast=\"auto\">\u00a0<\/span><\/i><i><span data-contrast=\"auto\">und<\/span><\/i><i><span data-contrast=\"auto\">\u00a0<\/span><\/i><i><span data-contrast=\"auto\">Drang<\/span><\/i><span data-contrast=\"auto\">, un proyecto conjunto con la O<\/span><span data-contrast=\"auto\">SX<\/span><span data-contrast=\"auto\">.<\/span><span data-ccp-props=\"{&quot;134233117&quot;:true,&quot;134233118&quot;:true,&quot;335559731&quot;:708}\">\u00a0<\/span><\/p>\n<p><span data-contrast=\"auto\">\u201d<\/span><span data-contrast=\"auto\">La\u00a0<\/span><span data-contrast=\"auto\">versi\u00f3n<\/span><span data-contrast=\"auto\">\u00a0que se va a presentar es para 9 instrumentos de viento en Sol Mayor: dos oboes, dos clarinetes, dos cornos<\/span><span data-contrast=\"auto\">, dos fagotes y un contrafagot.<\/span><span data-ccp-props=\"{&quot;134233117&quot;:true,&quot;134233118&quot;:true,&quot;335559731&quot;:708}\">\u00a0<\/span><\/p>\n<p><span data-contrast=\"auto\">\u201d<\/span><span data-contrast=\"auto\">A\u00fan<\/span><span data-contrast=\"auto\">\u00a0se desconoce el nombre del autor de esta\u00a0<\/span><span data-contrast=\"auto\">adaptaci\u00f3n<\/span><span data-contrast=\"auto\">, es posible que haya sido realizada por\u00a0<\/span><span data-contrast=\"auto\">Wenzel<\/span><span data-contrast=\"auto\">\u00a0<\/span><span data-contrast=\"auto\">Sedla\u0300k<\/span><span data-contrast=\"auto\">\u00a0(1776-1851), arreglista bohemio, compositor y clarinetista empleado por el\u00a0<\/span><span data-contrast=\"auto\">pr\u00edncipe<\/span><span data-contrast=\"auto\">\u00a0de\u00a0<\/span><span data-contrast=\"auto\">Auersperg<\/span><span data-contrast=\"auto\">\u00a0para tocar en la\u00a0<\/span><span data-contrast=\"auto\">Armon\u00eda<\/span><span data-contrast=\"auto\">\u00a0(secci\u00f3n de vientos de una orquesta)<\/span><span data-contrast=\"auto\">.\u00a0<\/span><span data-contrast=\"auto\">M\u00e1s<\/span><span data-contrast=\"auto\">\u00a0tarde fue maestro de Capilla del\u00a0<\/span><span data-contrast=\"auto\">pr\u00edncipe<\/span><span data-contrast=\"auto\">\u00a0de Li<\/span><span data-contrast=\"auto\">e<\/span><span data-contrast=\"auto\">chtenstein y direc<\/span><span data-contrast=\"auto\">tor de esa\u00a0<\/span><span data-contrast=\"auto\">Armon\u00eda<\/span><span data-contrast=\"auto\">\u00a0hasta 1835.<\/span><span data-ccp-props=\"{&quot;134233117&quot;:true,&quot;134233118&quot;:true,&quot;335559731&quot;:708}\">\u00a0<\/span><\/p>\n<p><span data-contrast=\"auto\">\u201d<\/span><span data-contrast=\"auto\">Sedla\u0300k<\/span><span data-contrast=\"auto\">\u00a0es recordado por sus excelentes transcripciones de\u00a0<\/span><span data-contrast=\"auto\">\u00f3peras<\/span><span data-contrast=\"auto\">\u00a0y ballets para\u00a0<\/span><span data-contrast=\"auto\">Armon\u00eda<\/span><span data-contrast=\"auto\">. En Viena fue el mayor exponente de este arte<\/span><span data-contrast=\"auto\">\u201d<\/span><span data-contrast=\"auto\">,\u00a0<\/span><span data-contrast=\"auto\">explic\u00f3<\/span><span data-contrast=\"auto\">\u00a0Rafael Palacios.<\/span><span data-ccp-props=\"{&quot;134233117&quot;:true,&quot;134233118&quot;:true,&quot;335559731&quot;:708}\">\u00a0<\/span><\/p>\n<p><span data-contrast=\"auto\">Rafael Palacios<\/span><span data-contrast=\"auto\">\u00a0<\/span><span data-contrast=\"auto\">es un<\/span><span data-contrast=\"auto\">\u00a0reconocido director de orquesta<\/span><span data-contrast=\"auto\">\u00a0y experto\u00a0<\/span><span data-contrast=\"auto\">interpretaci\u00f3n ret\u00f3rica de la m\u00fasica<\/span><span data-contrast=\"auto\">; es<\/span><span data-contrast=\"auto\">\u00a0<\/span><span data-contrast=\"auto\">originario de\u00a0<\/span><span data-contrast=\"auto\">Xalapa y<\/span><span data-contrast=\"auto\">\u00a0<\/span><span data-contrast=\"auto\">posee Doctorado en Musicolog\u00eda por la Universidad\u00a0<\/span><span data-contrast=\"auto\">Sorbona<\/span><span data-contrast=\"auto\">\u00a0de<\/span><span data-contrast=\"auto\">\u00a0<\/span><span data-contrast=\"auto\">Par\u00eds<\/span><span data-contrast=\"auto\">\u00a0y Maestr\u00eda con Distinci\u00f3n en O<\/span><span data-contrast=\"auto\">boe\u00a0<\/span><span data-contrast=\"auto\">M<\/span><span data-contrast=\"auto\">oderno, oboe barroco, m\u00fasica antigua y m\u00fasica de c\u00e1mara por los conservatorios R<\/span><span data-contrast=\"auto\">eal de Bruselas y de R\u00f3terdam.<\/span><span data-ccp-props=\"{&quot;335559731&quot;:708}\">\u00a0<\/span><\/p>\n<p><span data-contrast=\"auto\">El Ministerio de Educaci\u00f3n y Cultura de Espa\u00f1a le otorg\u00f3 el t\u00edtulo \u201cProfesor Superior de Oboe\u201d. Actualmente es investigador asociado de<\/span><span data-contrast=\"auto\">l<\/span><span data-contrast=\"auto\">\u00a0<\/span><span data-contrast=\"auto\">Institut<\/span><span data-contrast=\"auto\">o<\/span><span data-contrast=\"auto\">\u00a0de\u00a0<\/span><span data-contrast=\"auto\">Investigaci\u00f3n\u00a0<\/span><span data-contrast=\"auto\">en Musicolog<\/span><span data-contrast=\"auto\">\u00eda\u00a0<\/span><span data-contrast=\"auto\">en la\u00a0<\/span><span data-contrast=\"auto\">Universidad Sorbona<\/span><span data-contrast=\"auto\">\u00a0de<\/span><span data-contrast=\"auto\">\u00a0Par\u00eds<\/span><span data-contrast=\"auto\">. Se estableci\u00f3 en Europa desde\u00a0<\/span><span data-contrast=\"auto\">1981<\/span><span data-contrast=\"auto\">, donde imparte cursos y seminarios musicales,<\/span><span data-contrast=\"auto\">\u00a0y adem\u00e1s<\/span><span data-contrast=\"auto\">\u00a0gestiona v\u00ednculos acad\u00e9micos con diversas instituciones europeas<\/span><span data-contrast=\"auto\">\u00a0y de China.<\/span><span data-ccp-props=\"{&quot;335559731&quot;:708}\">\u00a0<\/span><\/p>\n<p><span data-contrast=\"auto\">Los boletos\u00a0<\/span><span data-contrast=\"auto\">para la audici\u00f3n ya pueden adquirirse<\/span><span data-contrast=\"auto\">\u00a0<\/span><span data-contrast=\"auto\">en<\/span><span data-contrast=\"auto\">\u00a0l\u00ednea\u00a0<\/span><span data-contrast=\"auto\">e<\/span><span data-contrast=\"auto\">n<\/span><span data-contrast=\"auto\">\u00a0<\/span><a href=\"https:\/\/boletos.redaccess.com\/\"><span data-contrast=\"none\">https:\/\/boletos.redaccess.com\/<\/span><\/a><span data-contrast=\"auto\">\u00a0<\/span><span data-contrast=\"auto\">o<\/span><span data-contrast=\"auto\">\u00a0<\/span><span data-contrast=\"auto\">en<\/span><span data-contrast=\"auto\">\u00a0<\/span><span data-contrast=\"auto\">taquilla\u00a0el d\u00eda\u00a0<\/span><span data-contrast=\"auto\">del evento\u00a0<\/span><span data-contrast=\"auto\">de 11:00 a 20:15\u00a0<\/span><span data-contrast=\"auto\">horas. El c<\/span><span data-contrast=\"auto\">upo\u00a0<\/span><span data-contrast=\"auto\">es\u00a0<\/span><span data-contrast=\"auto\">limitado<\/span><span data-contrast=\"auto\">\u00a0y los p<\/span><span data-contrast=\"auto\">recios<\/span><span data-contrast=\"auto\">\u00a0son<\/span><span data-contrast=\"auto\">: 30<\/span><span data-contrast=\"auto\">\u00a0pesos para\u00a0<\/span><span data-contrast=\"auto\">estudiantes con credencial<\/span><span data-contrast=\"auto\">\u00a0vigente<\/span><span data-contrast=\"auto\">\u00a0<\/span><span data-contrast=\"auto\">(presentarla al ingresar) y\u00a0<\/span><span data-contrast=\"auto\">80<\/span><span data-contrast=\"auto\">\u00a0pesos para p\u00fablico en\u00a0<\/span><span data-contrast=\"auto\">general<\/span><span data-contrast=\"auto\">.<\/span><span data-ccp-props=\"{&quot;335559731&quot;:708}\">\u00a0<\/span><\/p>\n","protected":false},"excerpt":{"rendered":"<p>Rafael Palacios ser\u00e1 el director invitado, el viernes 20 de noviembre en Tlaqn\u00e1, Centro Cultural, a las 20:30 horas <\/p>\n","protected":false},"author":1775,"featured_media":90287,"comment_status":"closed","ping_status":"closed","sticky":false,"template":"","format":"standard","meta":{"footnotes":""},"categories":[11,47],"tags":[2122,2124,681,677,95,680,2123,96],"class_list":["post-90374","post","type-post","status-publish","format-standard","has-post-thumbnail","hentry","category-cultura","category-eventos","tag-7o-festival-osx-250-beethoven","tag-beethoven","tag-centro-cultural","tag-orquesta-sinfonica-de-xalapa","tag-osx","tag-sala-de-conciertos","tag-septima-sinfonia","tag-tlaqna"],"_links":{"self":[{"href":"https:\/\/www.uv.mx\/prensa\/wp-json\/wp\/v2\/posts\/90374","targetHints":{"allow":["GET"]}}],"collection":[{"href":"https:\/\/www.uv.mx\/prensa\/wp-json\/wp\/v2\/posts"}],"about":[{"href":"https:\/\/www.uv.mx\/prensa\/wp-json\/wp\/v2\/types\/post"}],"author":[{"embeddable":true,"href":"https:\/\/www.uv.mx\/prensa\/wp-json\/wp\/v2\/users\/1775"}],"replies":[{"embeddable":true,"href":"https:\/\/www.uv.mx\/prensa\/wp-json\/wp\/v2\/comments?post=90374"}],"version-history":[{"count":1,"href":"https:\/\/www.uv.mx\/prensa\/wp-json\/wp\/v2\/posts\/90374\/revisions"}],"predecessor-version":[{"id":90397,"href":"https:\/\/www.uv.mx\/prensa\/wp-json\/wp\/v2\/posts\/90374\/revisions\/90397"}],"wp:featuredmedia":[{"embeddable":true,"href":"https:\/\/www.uv.mx\/prensa\/wp-json\/wp\/v2\/media\/90287"}],"wp:attachment":[{"href":"https:\/\/www.uv.mx\/prensa\/wp-json\/wp\/v2\/media?parent=90374"}],"wp:term":[{"taxonomy":"category","embeddable":true,"href":"https:\/\/www.uv.mx\/prensa\/wp-json\/wp\/v2\/categories?post=90374"},{"taxonomy":"post_tag","embeddable":true,"href":"https:\/\/www.uv.mx\/prensa\/wp-json\/wp\/v2\/tags?post=90374"}],"curies":[{"name":"wp","href":"https:\/\/api.w.org\/{rel}","templated":true}]}}