{"id":90308,"date":"2020-11-18T17:21:42","date_gmt":"2020-11-18T23:21:42","guid":{"rendered":"https:\/\/www.uv.mx\/prensa\/?p=90308"},"modified":"2020-11-20T12:58:51","modified_gmt":"2020-11-20T18:58:51","slug":"uv-inauguro-4o-coloquio-mexicano-de-historia-de-la-construccion","status":"publish","type":"post","link":"https:\/\/www.uv.mx\/prensa\/general\/uv-inauguro-4o-coloquio-mexicano-de-historia-de-la-construccion\/","title":{"rendered":"UV inaugur\u00f3 4\u00ba Coloquio Mexicano de Historia de la Construcci\u00f3n"},"content":{"rendered":"<ul>\n<li data-leveltext=\"\uf0b7\" data-font=\"Symbol\" data-listid=\"5\" data-aria-posinset=\"1\" data-aria-level=\"1\"><i><span data-contrast=\"auto\">E<\/span><\/i><i><span data-contrast=\"auto\">l\u00a0<\/span><\/i><i><span data-contrast=\"auto\">evento\u00a0<\/span><\/i><i><span data-contrast=\"auto\">es\u00a0<\/span><\/i><i><span data-contrast=\"auto\">organizado por el C<\/span><\/i><i><span data-contrast=\"auto\">A\u00a0<\/span><\/i><i><span data-contrast=\"auto\">Entornos Sustentables de<\/span><\/i><i><span data-contrast=\"none\">\u00a0<\/span><\/i><i><span data-contrast=\"auto\">la Facultad de Arquitectura<\/span><\/i><i><span data-contrast=\"auto\">\u00a0e<\/span><\/i><i><span data-contrast=\"auto\">\u00a0incluir\u00e1 47 ponencias que se desarrollar\u00e1n a lo largo de tres d\u00edas<\/span><\/i><span data-ccp-props=\"{}\">\u00a0<\/span><\/li>\n<li data-leveltext=\"\uf0b7\" data-font=\"Symbol\" data-listid=\"5\" data-aria-posinset=\"2\" data-aria-level=\"1\"><i><span data-contrast=\"auto\">Los participantes son expertos\u00a0<\/span><\/i><i><span data-contrast=\"auto\">cuyo trabajo est\u00e1 enfocado\u202fen materiales y t\u00e9cnic<\/span><\/i><i><span data-contrast=\"auto\">as aplicadas a la\u202farquitectura<\/span><\/i><span data-ccp-props=\"{}\">\u00a0<\/span><\/li>\n<\/ul>\n<p><span data-ccp-props=\"{}\">\u00a0<\/span><\/p>\n<div id=\"attachment_90309\" style=\"width: 732px\" class=\"wp-caption aligncenter\"><a href=\"https:\/\/www.uv.mx\/prensa\/files\/2020\/11\/181120-Inauguracion-Coloquio-Construccion-1-100k.jpg\"><img loading=\"lazy\" decoding=\"async\" aria-describedby=\"caption-attachment-90309\" class=\"size-full wp-image-90309\" src=\"https:\/\/www.uv.mx\/prensa\/files\/2020\/11\/181120-Inauguracion-Coloquio-Construccion-1-100k.jpg\" alt=\"Guadalupe Noemi Uehara Guerrero\" width=\"722\" height=\"333\" srcset=\"https:\/\/www.uv.mx\/prensa\/files\/2020\/11\/181120-Inauguracion-Coloquio-Construccion-1-100k.jpg 722w, https:\/\/www.uv.mx\/prensa\/files\/2020\/11\/181120-Inauguracion-Coloquio-Construccion-1-100k-300x138.jpg 300w\" sizes=\"auto, (max-width: 722px) 100vw, 722px\" \/><\/a><p id=\"caption-attachment-90309\" class=\"wp-caption-text\">Guadalupe Noemi Uehara Guerrero<\/p><\/div>\n<p>&nbsp;<\/p>\n<p><b><i><span data-contrast=\"auto\">Carlos Hugo Hermida Rosales<\/span><\/i><\/b><span data-ccp-props=\"{}\">\u00a0<\/span><\/p>\n<p><b><i><span data-contrast=\"auto\">18\/11<\/span><\/i><\/b><b><i><span data-contrast=\"auto\">\/2020<\/span><\/i><\/b><b><i><span data-contrast=\"auto\">,<\/span><\/i><\/b><b><i><span data-contrast=\"auto\">\u00a0<\/span><\/i><\/b><b><i><span data-contrast=\"auto\">Xalapa,\u00a0Ver.<\/span><\/i><\/b><b><i><span data-contrast=\"auto\">&#8211;<\/span><\/i><\/b><b><i><span data-contrast=\"auto\">\u00a0<\/span><\/i><\/b><span data-contrast=\"auto\">La <a href=\"https:\/\/www.uv.mx\/\" target=\"_blank\" rel=\"noopener noreferrer\">Universidad Veracruzana<\/a> (UV), a trav\u00e9s de<\/span><span data-contrast=\"auto\">l\u00a0<\/span><span data-contrast=\"auto\">cuerpo\u202facad\u00e9mico\u202f(CA)\u202fEntornos Sustentables de<\/span><span data-contrast=\"none\">\u00a0<\/span><span data-contrast=\"auto\">la Facultad de Arquitectura<\/span><span data-contrast=\"auto\">,<\/span><span data-contrast=\"auto\">\u00a0<\/span><span data-contrast=\"auto\">inaugur\u00f3 el 18 de noviembre el\u00a0<\/span><a href=\"https:\/\/www.uv.mx\/arquitectura\/eventos-culturales\/coloquio-historia-const\/\"><span data-contrast=\"none\">4\u00ba Coloquio Mexicano de Historia de la Construcci\u00f3n\u202f\u201cMateriales, sistema<\/span><span data-contrast=\"none\">s constructivos y mano de obra\u201d<\/span><\/a><span data-contrast=\"auto\">, que se llevar\u00e1 a cabo de forma virtual hasta el d\u00eda 20 de este mes.\u00a0<\/span><span data-ccp-props=\"{}\">\u00a0<\/span><\/p>\n<p><span data-contrast=\"auto\">El acto inaugural fue encabezado por\u00a0<\/span><span data-contrast=\"auto\">Ma<\/span><span data-contrast=\"auto\">\u00a0Guadalupe\u00a0<\/span><span data-contrast=\"auto\">Noemi<\/span><span data-contrast=\"auto\">\u00a0<\/span><span data-contrast=\"auto\">Uehara<\/span><span data-contrast=\"auto\">\u00a0Guerrero<\/span><span data-contrast=\"auto\">, directora<\/span><span data-contrast=\"auto\">\u00a0de la Facultad de Arquitectura, acompa\u00f1ada por\u00a0<\/span><span data-contrast=\"auto\">Polimnia Zacar\u00edas\u00a0<\/span><span data-contrast=\"auto\">Capistr\u00e1n<\/span><span data-contrast=\"auto\">, coordinadora del<\/span><span data-contrast=\"auto\">\u00a0<\/span><span data-contrast=\"auto\">CA<\/span><span data-contrast=\"auto\">\u202fEntornos Sustentables<\/span><span data-contrast=\"auto\">.<\/span><span data-ccp-props=\"{&quot;335559731&quot;:708}\">\u00a0<\/span><\/p>\n<p><span data-contrast=\"auto\">Participaron, tambi\u00e9n,<\/span><span data-contrast=\"auto\">\u00a0Valeria Valero Pie, c<\/span><span data-contrast=\"auto\">oor<\/span><span data-contrast=\"auto\">dinadora n<\/span><span data-contrast=\"auto\">acional de Monumentos H<\/span><span data-contrast=\"auto\">ist\u00f3ricos del Instituto Nacional de Antropolog\u00eda e Historia (INAH)<\/span><span data-contrast=\"auto\">;\u00a0<\/span><span data-contrast=\"auto\">Julieta Garc\u00eda\u00a0<\/span><span data-contrast=\"auto\">Garc\u00eda<\/span><span data-contrast=\"auto\">, subdirectora de\u00a0<\/span><span data-contrast=\"auto\">I<\/span><span data-contrast=\"auto\">nvestigaci\u00f3n de la Coordinaci\u00f3n Nacional de Monumentos Hist\u00f3ricos<\/span><span data-contrast=\"auto\">;<\/span><span data-contrast=\"auto\">\u00a0<\/span><span data-contrast=\"auto\">Leopoldo Rodr\u00edguez Morales, coordinador del Seminario de Historia de la Construcci\u00f3n en M\u00e9xico<\/span><span data-contrast=\"auto\">,<\/span><span data-contrast=\"auto\">\u00a0y<\/span><span data-contrast=\"auto\">\u00a0Francisco Omar Escamilla Gonz\u00e1lez, del Acervo Hist\u00f3rico de<\/span><span data-contrast=\"auto\">l Palacio de Miner\u00eda de la UNAM.<\/span><span data-ccp-props=\"{&quot;335559731&quot;:708}\">\u00a0<\/span><\/p>\n<p><span data-contrast=\"auto\">Noemi<\/span><span data-contrast=\"auto\">\u00a0<\/span><span data-contrast=\"auto\">Uehara<\/span><span data-contrast=\"auto\">\u00a0afirm\u00f3 que a la Facultad de Arquitectura le honra ser sede\u00a0<\/span><span data-contrast=\"auto\">virtual\u00a0<\/span><span data-contrast=\"auto\">de este coloquio, que desde<\/span><span data-contrast=\"auto\">\u00a0<\/span><span data-contrast=\"auto\">su primera edici\u00f3n ha reunido a investigadores de diferentes instituciones de educaci\u00f3n superior.<\/span><\/p>\n<div id=\"attachment_90310\" style=\"width: 732px\" class=\"wp-caption aligncenter\"><a href=\"https:\/\/www.uv.mx\/prensa\/files\/2020\/11\/181120-Inauguracion-Coloquio-Construccion-2-100k.jpg\"><img loading=\"lazy\" decoding=\"async\" aria-describedby=\"caption-attachment-90310\" class=\"size-full wp-image-90310\" src=\"https:\/\/www.uv.mx\/prensa\/files\/2020\/11\/181120-Inauguracion-Coloquio-Construccion-2-100k.jpg\" alt=\"Julieta Garc\u00eda Garc\u00eda \" width=\"722\" height=\"333\" srcset=\"https:\/\/www.uv.mx\/prensa\/files\/2020\/11\/181120-Inauguracion-Coloquio-Construccion-2-100k.jpg 722w, https:\/\/www.uv.mx\/prensa\/files\/2020\/11\/181120-Inauguracion-Coloquio-Construccion-2-100k-300x138.jpg 300w\" sizes=\"auto, (max-width: 722px) 100vw, 722px\" \/><\/a><p id=\"caption-attachment-90310\" class=\"wp-caption-text\">Julieta Garc\u00eda Garc\u00eda<\/p><\/div>\n<p><span data-contrast=\"auto\">Mencion\u00f3 que\u00a0<\/span><span data-contrast=\"auto\">en\u00a0<\/span><span data-contrast=\"auto\">este evento se desarrollar\u00e1n 47 ponencias de\u00a0<\/span><span data-contrast=\"auto\">expertos<\/span><span data-contrast=\"auto\">\u00a0cuyo trabajo est\u00e1 enfocado\u202fen materiales y t\u00e9cnicas aplicadas a la\u202farquitectura, adscritos a<\/span><span data-contrast=\"auto\">\u00a0universidades de diversos estados de M\u00e9xico<\/span><span data-contrast=\"auto\">,<\/span><span data-contrast=\"auto\">\u00a0Colombia, Espa\u00f1a y Alemania, cuya participaci\u00f3n engalanar\u00e1 la edici\u00f3n actual.<\/span><span data-ccp-props=\"{&quot;335559731&quot;:708}\">\u00a0<\/span><\/p>\n<p><span data-contrast=\"auto\">\u201cEl coloquio difundir\u00e1 la importancia que tiene el arte de construir en el trabajo de\u00a0<\/span><span data-contrast=\"auto\">a<\/span><span data-contrast=\"auto\">rquitectura y el alcance de la expresi\u00f3n est\u00e9tica\u201d, puntualiz\u00f3.\u00a0<\/span><span data-ccp-props=\"{&quot;335559731&quot;:708}\">\u00a0<\/span><\/p>\n<p><span data-contrast=\"auto\">Julieta Garc\u00eda coment\u00f3 que el coloquio permitir\u00e1 a los participantes y asistentes conocer, difundir y reflexionar sobre la historia de la construcci\u00f3n.<\/span><span data-contrast=\"auto\">\u00a0<\/span><span data-ccp-props=\"{&quot;335559731&quot;:708}\">\u00a0<\/span><\/p>\n<p><span data-contrast=\"auto\">Cit\u00f3 al arquitecto Santiago Huerta al mencionar que \u201cla historia de la construcci\u00f3n no es una ciencia auxiliar al servicio de la restauraci\u00f3n del patrimonio, sino una disciplina por derecho propio\u201d.<\/span><\/p>\n<div id=\"attachment_90311\" style=\"width: 732px\" class=\"wp-caption aligncenter\"><a href=\"https:\/\/www.uv.mx\/prensa\/files\/2020\/11\/181120-Inauguracion-Coloquio-Construccion-3-100k.jpg\"><img loading=\"lazy\" decoding=\"async\" aria-describedby=\"caption-attachment-90311\" class=\"size-full wp-image-90311\" src=\"https:\/\/www.uv.mx\/prensa\/files\/2020\/11\/181120-Inauguracion-Coloquio-Construccion-3-100k.jpg\" alt=\"Valeria Valero Pie \" width=\"722\" height=\"406\" srcset=\"https:\/\/www.uv.mx\/prensa\/files\/2020\/11\/181120-Inauguracion-Coloquio-Construccion-3-100k.jpg 722w, https:\/\/www.uv.mx\/prensa\/files\/2020\/11\/181120-Inauguracion-Coloquio-Construccion-3-100k-300x169.jpg 300w\" sizes=\"auto, (max-width: 722px) 100vw, 722px\" \/><\/a><p id=\"caption-attachment-90311\" class=\"wp-caption-text\">Valeria Valero Pie<\/p><\/div>\n<p><span data-contrast=\"auto\">Enunci\u00f3 que en este evento se conocer\u00e1n obras de diversos profesionales de la construcci\u00f3n, y la estereotom\u00eda<\/span><span data-contrast=\"auto\">\u00a0de<\/span><span data-contrast=\"auto\">\u00a0distintas regiones como la zona maya, Puebla o San Luis Potos\u00ed.<\/span><span data-ccp-props=\"{&quot;335559731&quot;:708}\">\u00a0<\/span><\/p>\n<p><span data-contrast=\"auto\">Valeria Valero\u00a0<\/span><span data-contrast=\"auto\">agradeci\u00f3 en nombre del INAH a todas las personas e instituciones educativas involucradas en la organizaci\u00f3n del\u00a0<\/span><span data-contrast=\"auto\">4\u00ba Coloquio Mexicano<\/span><span data-contrast=\"auto\">\u00a0de Historia de la Construcci\u00f3n, y afirm\u00f3 que las primeras tres ediciones del evento han arrojado resultados riqu\u00edsimos, y que existen distintas publicaciones que dan cuenta de ello.\u00a0<\/span><span data-ccp-props=\"{&quot;335559731&quot;:708}\">\u00a0<\/span><\/p>\n<p><span data-contrast=\"auto\">Asegur\u00f3 que la edici\u00f3n actual se vislumbra exitosa, ya que cuenta con un amplio programa que ser\u00e1 enriquecedor para todos los asistentes.<\/span><span data-ccp-props=\"{&quot;335559731&quot;:708}\">\u00a0<\/span><\/p>\n<p><span data-contrast=\"auto\">Todos los eventos del\u00a0<\/span><span data-contrast=\"auto\">4\u00ba Coloquio Mexicano de Historia de la Construcci\u00f3n\u202f<\/span><span data-contrast=\"auto\">pueden\u00a0<\/span><span data-contrast=\"auto\">seguirse\u00a0<\/span><span data-contrast=\"auto\">a trav\u00e9s de su p\u00e1gina de\u00a0<\/span><span data-contrast=\"none\">Facebook<\/span><span data-contrast=\"none\">.<\/span><span data-ccp-props=\"{&quot;335559731&quot;:708}\">\u00a0<\/span><\/p>\n","protected":false},"excerpt":{"rendered":"<p>El objetivo es difundir la importancia que tiene el arte de construir en el trabajo de arquitectura y el alcance de la expresi\u00f3n est\u00e9tica<\/p>\n","protected":false},"author":1775,"featured_media":90309,"comment_status":"closed","ping_status":"closed","sticky":false,"template":"","format":"standard","meta":{"footnotes":""},"categories":[1],"tags":[418,419],"class_list":["post-90308","post","type-post","status-publish","format-standard","has-post-thumbnail","hentry","category-general","tag-entornos-sustentables","tag-facultad-de-arquitectura"],"_links":{"self":[{"href":"https:\/\/www.uv.mx\/prensa\/wp-json\/wp\/v2\/posts\/90308","targetHints":{"allow":["GET"]}}],"collection":[{"href":"https:\/\/www.uv.mx\/prensa\/wp-json\/wp\/v2\/posts"}],"about":[{"href":"https:\/\/www.uv.mx\/prensa\/wp-json\/wp\/v2\/types\/post"}],"author":[{"embeddable":true,"href":"https:\/\/www.uv.mx\/prensa\/wp-json\/wp\/v2\/users\/1775"}],"replies":[{"embeddable":true,"href":"https:\/\/www.uv.mx\/prensa\/wp-json\/wp\/v2\/comments?post=90308"}],"version-history":[{"count":1,"href":"https:\/\/www.uv.mx\/prensa\/wp-json\/wp\/v2\/posts\/90308\/revisions"}],"predecessor-version":[{"id":90406,"href":"https:\/\/www.uv.mx\/prensa\/wp-json\/wp\/v2\/posts\/90308\/revisions\/90406"}],"wp:featuredmedia":[{"embeddable":true,"href":"https:\/\/www.uv.mx\/prensa\/wp-json\/wp\/v2\/media\/90309"}],"wp:attachment":[{"href":"https:\/\/www.uv.mx\/prensa\/wp-json\/wp\/v2\/media?parent=90308"}],"wp:term":[{"taxonomy":"category","embeddable":true,"href":"https:\/\/www.uv.mx\/prensa\/wp-json\/wp\/v2\/categories?post=90308"},{"taxonomy":"post_tag","embeddable":true,"href":"https:\/\/www.uv.mx\/prensa\/wp-json\/wp\/v2\/tags?post=90308"}],"curies":[{"name":"wp","href":"https:\/\/api.w.org\/{rel}","templated":true}]}}