{"id":90252,"date":"2020-11-18T08:00:50","date_gmt":"2020-11-18T14:00:50","guid":{"rendered":"https:\/\/www.uv.mx\/prensa\/?p=90252"},"modified":"2021-04-08T18:31:05","modified_gmt":"2021-04-08T23:31:05","slug":"ingenieria-uv-participo-en-certificacion-de-tecnico-en-pruebas-de-campo-grado-i","status":"publish","type":"post","link":"https:\/\/www.uv.mx\/prensa\/regiones\/coatzacoalcos\/ingenieria-uv-participo-en-certificacion-de-tecnico-en-pruebas-de-campo-grado-i\/","title":{"rendered":"Ingenier\u00eda UV particip\u00f3 en certificaci\u00f3n de t\u00e9cnico en pruebas de campo-grado I"},"content":{"rendered":"<div id=\"attachment_90253\" style=\"width: 732px\" class=\"wp-caption aligncenter\"><a href=\"https:\/\/www.uv.mx\/prensa\/files\/2020\/11\/151020-Coatza-certificacion-1-100k.jpg\"><img loading=\"lazy\" decoding=\"async\" aria-describedby=\"caption-attachment-90253\" class=\"size-full wp-image-90253\" src=\"https:\/\/www.uv.mx\/prensa\/files\/2020\/11\/151020-Coatza-certificacion-1-100k.jpg\" alt=\"Miembros del Cap\u00edtulo Estudiantil del Instituto Americano del Concreto de la Facultad de Ingenier\u00eda UV Coatzacoalcos \" width=\"722\" height=\"542\" srcset=\"https:\/\/www.uv.mx\/prensa\/files\/2020\/11\/151020-Coatza-certificacion-1-100k.jpg 722w, https:\/\/www.uv.mx\/prensa\/files\/2020\/11\/151020-Coatza-certificacion-1-100k-300x225.jpg 300w\" sizes=\"auto, (max-width: 722px) 100vw, 722px\" \/><\/a><p id=\"caption-attachment-90253\" class=\"wp-caption-text\">Miembros del Cap\u00edtulo Estudiantil del Instituto Americano del Concreto de la Facultad de Ingenier\u00eda UV Coatzacoalcos<\/p><\/div>\n<p>&nbsp;<\/p>\n<p><b><i><span data-contrast=\"auto\">Cecilia Escribano<\/span><\/i><\/b><b><i><span data-contrast=\"auto\">\u00a0Reyes<\/span><\/i><\/b><span data-ccp-props=\"{&quot;201341983&quot;:0,&quot;335559739&quot;:160,&quot;335559740&quot;:240}\">\u00a0<\/span><\/p>\n<p><b><i><span data-contrast=\"auto\">1<\/span><\/i><\/b><b><i><span data-contrast=\"auto\">8<\/span><\/i><\/b><b><i><span data-contrast=\"auto\">\/1<\/span><\/i><\/b><b><i><span data-contrast=\"auto\">1<\/span><\/i><\/b><b><i><span data-contrast=\"auto\">\/2020, Coatzacoalcos,\u00a0Ver<\/span><\/i><\/b><b><i><span data-contrast=\"auto\">.<\/span><\/i><\/b><b><i><span data-contrast=\"auto\">&#8211;<\/span><\/i><\/b><b><i><span data-contrast=\"auto\">\u00a0<\/span><\/i><\/b><span data-contrast=\"auto\">La\u00a0<\/span><span data-contrast=\"auto\">Facultad de Ingenier\u00eda<\/span><span data-contrast=\"auto\">\u00a0de la Universidad Veracruzana\u00a0<\/span><span data-contrast=\"auto\">(UV),<\/span><i><span data-contrast=\"auto\">\u00a0campus\u00a0<\/span><\/i><span data-contrast=\"auto\">Coatzacoalcos,<\/span><span data-contrast=\"auto\">\u00a0<\/span><span data-contrast=\"auto\">a trav\u00e9s del\u00a0<\/span><span data-contrast=\"auto\">C<\/span><span data-contrast=\"auto\">ap\u00edtulo\u00a0<\/span><span data-contrast=\"auto\">E<\/span><span data-contrast=\"auto\">studiantil del\u00a0<\/span><span data-contrast=\"auto\">Institut<\/span><span data-contrast=\"auto\">o<\/span><span data-contrast=\"auto\">\u00a0<\/span><span data-contrast=\"auto\">American<\/span><span data-contrast=\"auto\">o<\/span><span data-contrast=\"auto\">\u00a0<\/span><span data-contrast=\"auto\">del Concreto<\/span><span data-contrast=\"auto\">\u00a0<\/span><span data-contrast=\"auto\">(ACI<\/span><span data-contrast=\"auto\">,\u00a0<\/span><span data-contrast=\"auto\">por sus siglas en ingl\u00e9s<\/span><span data-contrast=\"auto\">)<\/span><span data-contrast=\"auto\">,<\/span><span data-contrast=\"auto\">\u00a0particip\u00f3 en el\u00a0<\/span><span data-contrast=\"auto\">programa de certificaci<\/span><span data-contrast=\"auto\">\u00f3n t\u00e9cnico en pruebas de campo-<\/span><span data-contrast=\"auto\">grado\u00a0<\/span><span data-contrast=\"auto\">I<\/span><span data-contrast=\"auto\">, con una\u00a0<\/span><span data-contrast=\"auto\">capacitaci\u00f3n\u00a0<\/span><span data-contrast=\"auto\">que\u00a0<\/span><span data-contrast=\"auto\">se llev\u00f3 a cabo los d\u00edas\u00a0<\/span><span data-contrast=\"auto\">25 y 26 de septiembre<\/span><span data-contrast=\"auto\">.<\/span><span data-ccp-props=\"{&quot;201341983&quot;:0,&quot;335559739&quot;:160,&quot;335559740&quot;:240}\">\u00a0<\/span><\/p>\n<p><span data-contrast=\"auto\">Yanet Antonio Z\u00e1rate,\u00a0<\/span><span data-contrast=\"auto\">directora de la\u00a0<\/span><span data-contrast=\"auto\">F<\/span><span data-contrast=\"auto\">acultad, explic\u00f3 que la\u00a0<\/span><span data-contrast=\"auto\">certificaci<\/span><span data-contrast=\"auto\">\u00f3n t\u00e9cnica en pruebas de campo-g<\/span><span data-contrast=\"auto\">rado 1\u00a0<\/span><span data-contrast=\"auto\">\u201c<\/span><span data-contrast=\"auto\">avala el conocimiento y la habilidad del t\u00e9cnico para desempe\u00f1ar\u00a0<\/span><span data-contrast=\"auto\">de manera\u00a0<\/span><span data-contrast=\"auto\">apropiada<\/span><span data-contrast=\"auto\">\u00a0<\/span><span data-contrast=\"auto\">procedimientos contemplados en siete pruebas b\u00e1sicas relacionadas con el control de calidad en mezclas de concreto fresco<\/span><span data-contrast=\"auto\">\u201d<\/span><span data-contrast=\"auto\">.<\/span><span data-ccp-props=\"{&quot;201341983&quot;:0,&quot;335559731&quot;:720,&quot;335559739&quot;:160,&quot;335559740&quot;:240}\">\u00a0<\/span><\/p>\n<p><span data-contrast=\"auto\">El programa de certificaci\u00f3n se divide en dos etapas<\/span><span data-contrast=\"auto\">:<\/span><span data-contrast=\"auto\">\u00a0la primera es la capacitaci\u00f3n,\u00a0<\/span><span data-contrast=\"auto\">que<\/span><span data-contrast=\"auto\">\u00a0abarca la<\/span><span data-contrast=\"auto\">s<\/span><span data-contrast=\"auto\">\u00a0parte<\/span><span data-contrast=\"auto\">s<\/span><span data-contrast=\"auto\">\u00a0te\u00f3rica y pr\u00e1ctica que permite al aspirante conocer las normas y procedimientos aplicables para cada prueba a realizar<\/span><span data-contrast=\"auto\">;<\/span><span data-contrast=\"auto\">\u00a0<\/span><span data-contrast=\"auto\">l<\/span><span data-contrast=\"auto\">a segunda es la evaluaci\u00f3n,\u00a0<\/span><span data-contrast=\"auto\">donde<\/span><span data-contrast=\"auto\">\u00a0se eval\u00faan ambas partes de la capacitaci\u00f3n, la primera con un examen escrito y la segunda\u00a0<\/span><span data-contrast=\"auto\">con<\/span><span data-contrast=\"auto\">\u00a0un examen de desempe\u00f1o de ejecuci\u00f3n de las pruebas.<\/span><span data-ccp-props=\"{&quot;201341983&quot;:0,&quot;335559731&quot;:720,&quot;335559739&quot;:160,&quot;335559740&quot;:240}\">\u00a0<\/span><\/p>\n<p><span data-contrast=\"auto\">La\u00a0Directora\u00a0<\/span><span data-contrast=\"auto\">expres\u00f3 que l<\/span><span data-contrast=\"auto\">as principales ventajas\u00a0<\/span><span data-contrast=\"auto\">que adquiere<\/span><span data-contrast=\"auto\">\u00a0la Facultad es\u00a0<\/span><span data-contrast=\"auto\">mejorar el sistema de calidad y competitividad en los laboratorios y<\/span><span data-contrast=\"auto\">,<\/span><span data-contrast=\"auto\">\u00a0por ende<\/span><span data-contrast=\"auto\">,<\/span><span data-contrast=\"auto\">\u00a0en las obras de concreto<\/span><span data-contrast=\"auto\">; agreg\u00f3 que<\/span><span data-contrast=\"auto\">\u00a0en la actualidad los dise\u00f1os por durabilidad se han hecho m\u00e1s frecuentes,\u00a0<\/span><span data-contrast=\"auto\">\u201c<\/span><span data-contrast=\"auto\">esto permite considerar que la calidad dejar\u00e1 de ser un mero requisito para posicionarse en<\/span><span data-contrast=\"auto\">\u00a0una caracter\u00edstica obligatoria<\/span><span data-contrast=\"auto\">\u00a0y<\/span><span data-contrast=\"auto\">,<\/span><span data-contrast=\"auto\">\u00a0en consecuencia<\/span><span data-contrast=\"auto\">,<\/span><span data-contrast=\"auto\">\u00a0deja<\/span><span data-contrast=\"auto\">r<\/span><span data-contrast=\"auto\">\u00a0un\u00a0<\/span><span data-contrast=\"auto\">mayor\u00a0<\/span><span data-contrast=\"auto\">desarrollo en el mercado<\/span><span data-contrast=\"auto\">\u201d<\/span><span data-contrast=\"auto\">.<\/span><span data-ccp-props=\"{&quot;201341983&quot;:0,&quot;335559731&quot;:720,&quot;335559739&quot;:160,&quot;335559740&quot;:240}\">\u00a0<\/span><\/p>\n<p><span data-contrast=\"auto\">Lo<\/span><span data-contrast=\"auto\">s participantes expresaron que\u00a0<\/span><span data-contrast=\"auto\">c<\/span><span data-contrast=\"auto\">omo miembr<\/span><span data-contrast=\"auto\">os del Cap\u00edtulo Estudiantil ACI-FI-UV<\/span><span data-contrast=\"auto\">\u00a0est<\/span><span data-contrast=\"auto\">\u00e1n\u00a0<\/span><span data-contrast=\"auto\">orgullosos de este logro<\/span><span data-contrast=\"auto\">\u00a0ya que<\/span><span data-contrast=\"auto\">\u00a0la respuesta del p\u00fablico fue muy satisfactoria, prueba de ello fue la participaci\u00f3n de asistentes de Canc\u00fan, Puebla, Orizaba y Coatzacoalcos<\/span><span data-contrast=\"auto\">,<\/span><span data-contrast=\"auto\">\u00a0conform<\/span><span data-contrast=\"auto\">ando un total de 14 aspirantes.<\/span><span data-ccp-props=\"{&quot;201341983&quot;:0,&quot;335559731&quot;:720,&quot;335559739&quot;:160,&quot;335559740&quot;:240}\">\u00a0<\/span><\/p>\n<p><span data-contrast=\"auto\">Yanet Antonio\u00a0<\/span><span data-contrast=\"auto\">dijo<\/span><span data-contrast=\"auto\">\u00a0que el<\/span><span data-contrast=\"auto\">\u00a0programa de certificaci\u00f3n reconoce a los t\u00e9cnicos y profesionales del concreto que demuestran el conocimiento y la habilidad necesaria, para ejecutar y registrar correctamente los resultados de las pruebas de campo al concreto en estado fresco con base en la<\/span><span data-contrast=\"auto\">s<\/span><span data-contrast=\"auto\">\u00a0norma<\/span><span data-contrast=\"auto\">s<\/span><span data-contrast=\"auto\">\u00a0ASTM.<\/span><\/p>\n<div id=\"attachment_90254\" style=\"width: 732px\" class=\"wp-caption aligncenter\"><a href=\"https:\/\/www.uv.mx\/prensa\/files\/2020\/11\/151020-Coatza-certificacion-2-100k.jpg\"><img loading=\"lazy\" decoding=\"async\" aria-describedby=\"caption-attachment-90254\" class=\"size-full wp-image-90254\" src=\"https:\/\/www.uv.mx\/prensa\/files\/2020\/11\/151020-Coatza-certificacion-2-100k.jpg\" alt=\"Participantes de la evaluaci\u00f3n para la certificaci\u00f3n de t\u00e9cnico en pruebas de campo-grado I \" width=\"722\" height=\"542\" srcset=\"https:\/\/www.uv.mx\/prensa\/files\/2020\/11\/151020-Coatza-certificacion-2-100k.jpg 722w, https:\/\/www.uv.mx\/prensa\/files\/2020\/11\/151020-Coatza-certificacion-2-100k-300x225.jpg 300w\" sizes=\"auto, (max-width: 722px) 100vw, 722px\" \/><\/a><p id=\"caption-attachment-90254\" class=\"wp-caption-text\">Participantes de la evaluaci\u00f3n para la certificaci\u00f3n de t\u00e9cnico en pruebas de campo-grado I<\/p><\/div>\n<p><span data-contrast=\"auto\">\u201c<\/span><span data-contrast=\"auto\">La c<\/span><span data-contrast=\"auto\">ert<\/span><span data-contrast=\"auto\">ificaci\u00f3n es de reconocimiento i<\/span><span data-contrast=\"auto\">nternacional y tiene una vigencia de\u00a0<\/span><span data-contrast=\"auto\">cinco a\u00f1os, \u00e9<\/span><span data-contrast=\"auto\">sta es requisito para la obtenci\u00f3n de la certificaci\u00f3n como\u00a0<\/span><span data-contrast=\"auto\">s<\/span><span data-contrast=\"auto\">upervisor\u00a0<\/span><span data-contrast=\"auto\">e<\/span><span data-contrast=\"auto\">specializado en\u00a0<\/span><span data-contrast=\"auto\">o<\/span><span data-contrast=\"auto\">bras de\u00a0<\/span><span data-contrast=\"auto\">c<\/span><span data-contrast=\"auto\">oncreto<\/span><span data-contrast=\"auto\">.<\/span><span data-contrast=\"auto\">\u201d<\/span><span data-ccp-props=\"{&quot;201341983&quot;:0,&quot;335559731&quot;:720,&quot;335559739&quot;:160,&quot;335559740&quot;:240}\">\u00a0<\/span><\/p>\n<p><span data-contrast=\"auto\">Este programa considera como material de estudio el manual ACI-CP-1S<\/span><span data-contrast=\"auto\">\u00a0(15).\u00a0<\/span><span data-contrast=\"auto\">La certificaci\u00f3n s\u00f3<\/span><span data-contrast=\"auto\">lo se otorga a los participantes que aprueban\u00a0<\/span><span data-contrast=\"auto\">un<\/span><span data-contrast=\"auto\">\u00a0<\/span><span data-contrast=\"auto\">examen escrito<\/span><span data-contrast=\"auto\">\u00a0<\/span><span data-contrast=\"auto\">de 55<\/span><span data-contrast=\"auto\">\u00a0<\/span><span data-contrast=\"auto\">preguntas<\/span><span data-contrast=\"auto\">\u00a0y\u00a0<\/span><span data-contrast=\"auto\">un\u00a0<\/span><span data-contrast=\"auto\">examen pr\u00e1ctico<\/span><span data-contrast=\"auto\">\u00a0<\/span><span data-contrast=\"auto\">donde se\u00a0<\/span><span data-contrast=\"auto\">realizan los\u00a0<\/span><span data-contrast=\"auto\">siete<\/span><span data-contrast=\"auto\">\u00a0ensayos b\u00e1sicos para el control de calidad en campo del concreto en estado fresco.<\/span><span data-ccp-props=\"{&quot;201341983&quot;:0,&quot;335559731&quot;:720,&quot;335559739&quot;:160,&quot;335559740&quot;:240}\">\u00a0<\/span><\/p>\n<p><span data-contrast=\"auto\">La capacitaci\u00f3n tuvo un total de\u00a0<\/span><span data-contrast=\"auto\">ocho<\/span><span data-contrast=\"auto\">\u00a0horas<\/span><span data-contrast=\"auto\">\u00a0y<\/span><span data-contrast=\"auto\">\u00a0<\/span><span data-contrast=\"auto\">fue impartida por H\u00e9ctor Iv\u00e1n Morales Huerta y Concepci\u00f3n Jim\u00e9nez Medina.<\/span><span data-contrast=\"auto\">\u00a0<\/span><span data-contrast=\"auto\">Cabe se\u00f1alar que l<\/span><span data-contrast=\"auto\">a etapa de evaluaci\u00f3n pr\u00e1ctica\u00a0<\/span><span data-contrast=\"auto\">est<\/span><span data-contrast=\"auto\">uvo<\/span><span data-contrast=\"auto\">\u00a0a cargo del<\/span><span data-contrast=\"auto\">\u00a0acad\u00e9mico\u00a0<\/span><span data-contrast=\"auto\">Jos\u00e9 Gustavo Montoya Aguilar<\/span><span data-contrast=\"auto\">\u00a0<\/span><span data-contrast=\"auto\">y consisti\u00f3 en:\u00a0<\/span><span data-contrast=\"auto\">aplicaci\u00f3n del\u00a0<\/span><span data-contrast=\"auto\">m<\/span><span data-contrast=\"auto\">\u00e9todo de ensay<\/span><span data-contrast=\"auto\">o<\/span><span data-contrast=\"auto\">\u00a0est\u00e1ndar para la medici\u00f3n de temperatura del concreto reci\u00e9n mezclado con cemento hidr\u00e1ulico<\/span><span data-contrast=\"auto\">;\u00a0<\/span><span data-contrast=\"auto\">p<\/span><span data-contrast=\"auto\">r\u00e1ctica est\u00e1ndar para el muestreo del concreto reci\u00e9n mezclado<\/span><span data-contrast=\"auto\">;\u00a0<\/span><span data-contrast=\"auto\">m<\/span><span data-contrast=\"auto\">\u00e9todo de ensay<\/span><span data-contrast=\"auto\">o<\/span><span data-contrast=\"auto\">\u00a0est\u00e1ndar para la determinaci\u00f3n del revenimiento en el concreto a base de cemento hidr\u00e1ulico<\/span><span data-contrast=\"auto\">;\u00a0<\/span><span data-contrast=\"auto\">m<\/span><span data-contrast=\"auto\">\u00e9todo de ensay<\/span><span data-contrast=\"auto\">o<\/span><span data-contrast=\"auto\">\u00a0est\u00e1ndar para determinar por medio del m\u00e9todo gravim\u00e9trico el peso unitario, volumen producido y contenido de aire del concreto<\/span><span data-contrast=\"auto\">;\u00a0<\/span><span data-contrast=\"auto\">m<\/span><span data-contrast=\"auto\">\u00e9todo de ensay<\/span><span data-contrast=\"auto\">o<\/span><span data-contrast=\"auto\">\u00a0est\u00e1ndar para determinar por el m\u00e9todo de presi\u00f3n el contenido de aire del concreto reci\u00e9n mezclado<\/span><span data-contrast=\"auto\">;\u00a0<\/span><span data-contrast=\"auto\">m<\/span><span data-contrast=\"auto\">\u00e9todo de ensay<\/span><span data-contrast=\"auto\">o<\/span><span data-contrast=\"auto\">\u00a0est\u00e1ndar para determinar por el m\u00e9todo volum\u00e9trico el contenido de aire del concreto reci\u00e9n mezclado<\/span><span data-contrast=\"auto\">;\u00a0<\/span><span data-contrast=\"auto\">p<\/span><span data-contrast=\"auto\">r\u00e1ctica est\u00e1ndar para la elaboraci\u00f3n y curado en campo de espec\u00edme<\/span><span data-contrast=\"auto\">nes de concreto para su ensaye.<\/span><span data-ccp-props=\"{&quot;201341983&quot;:0,&quot;335559731&quot;:720,&quot;335559739&quot;:160,&quot;335559740&quot;:240}\">\u00a0<\/span><\/p>\n<p><span data-contrast=\"auto\">En el proceso participaron un total de<\/span><span data-contrast=\"auto\">\u00a015 asistentes de los cuales m\u00e1s del 50<\/span><span data-contrast=\"auto\">\u00a0por ciento<\/span><span data-contrast=\"auto\">\u00a0forman parte de la comunidad UV<\/span><span data-contrast=\"auto\">,<\/span><span data-contrast=\"auto\">\u00a0entre estudiantes y egresados<\/span><span data-contrast=\"auto\">.<\/span><span data-ccp-props=\"{&quot;201341983&quot;:0,&quot;335559731&quot;:720,&quot;335559739&quot;:160,&quot;335559740&quot;:240}\">\u00a0<\/span><\/p>\n<p><span data-contrast=\"auto\">El<\/span><span data-contrast=\"auto\">\u00a0estudiante\u00a0<\/span><span data-contrast=\"auto\">Salvador Fern\u00e1ndez Reyes<\/span><span data-contrast=\"auto\">\u00a0<\/span><span data-contrast=\"auto\">se\u00f1al\u00f3<\/span><span data-contrast=\"auto\">\u00a0que la pr\u00e1ctica\u00a0<\/span><span data-contrast=\"auto\">\u201c<\/span><span data-contrast=\"auto\">f<\/span><span data-contrast=\"auto\">ue de gran utilidad ya que\u00a0<\/span><span data-contrast=\"auto\">realizamos<\/span><span data-contrast=\"auto\">\u00a0el procedimiento\u00a0<\/span><span data-contrast=\"auto\">descrito en la norma y verificamos<\/span><span data-contrast=\"auto\">\u00a0si cada pr\u00e1ctica la hac\u00edamos en el tiempo indicado\u201d.<\/span><\/p>\n<div id=\"attachment_90255\" style=\"width: 732px\" class=\"wp-caption aligncenter\"><a href=\"https:\/\/www.uv.mx\/prensa\/files\/2020\/11\/151020-Coatza-certificacion-3-100k.jpg\"><img loading=\"lazy\" decoding=\"async\" aria-describedby=\"caption-attachment-90255\" class=\"size-full wp-image-90255\" src=\"https:\/\/www.uv.mx\/prensa\/files\/2020\/11\/151020-Coatza-certificacion-3-100k.jpg\" alt=\"Aspecto del examen pr\u00e1ctico de certificaci\u00f3n \" width=\"722\" height=\"542\" srcset=\"https:\/\/www.uv.mx\/prensa\/files\/2020\/11\/151020-Coatza-certificacion-3-100k.jpg 722w, https:\/\/www.uv.mx\/prensa\/files\/2020\/11\/151020-Coatza-certificacion-3-100k-300x225.jpg 300w\" sizes=\"auto, (max-width: 722px) 100vw, 722px\" \/><\/a><p id=\"caption-attachment-90255\" class=\"wp-caption-text\">Aspecto del examen pr\u00e1ctico de certificaci\u00f3n<\/p><\/div>\n<p><span data-contrast=\"auto\">Karla Alejandra Ju\u00e1rez Jim\u00e9nez<\/span><span data-contrast=\"auto\">\u00a0dijo que \u201c<\/span><span data-contrast=\"auto\">p<\/span><span data-contrast=\"auto\">racticar previamente nos permiti\u00f3 estar m\u00e1s conscientes del tiempo, ser menos lentos, corregir errores que comet\u00edamos al realizar los m\u00e9todos de ensayo, resolver\u00a0<\/span><span data-contrast=\"auto\">en<\/span><span data-contrast=\"auto\">\u00a0equipo\u00a0<\/span><span data-contrast=\"auto\">los\u00a0<\/span><span data-contrast=\"auto\">problemas\u00a0<\/span><span data-contrast=\"auto\">que se presentaban y que el aprendizaje fuera m\u00e1s did\u00e1ctico\u201d.<\/span><\/p>\n<p><b><span data-contrast=\"auto\">Las\u00a0<\/span><\/b><b><span data-contrast=\"auto\">expectativas de resultado<\/span><\/b><b><span data-contrast=\"auto\">s<\/span><\/b><b><span data-contrast=\"auto\">\u00a0de la evaluaci\u00f3n<\/span><\/b><span data-ccp-props=\"{&quot;201341983&quot;:0,&quot;335559739&quot;:160,&quot;335559740&quot;:240}\"><br \/>\n<\/span><span data-contrast=\"auto\">Leonardo Mart\u00ednez L\u00f3pez<\/span><span data-contrast=\"auto\">,<\/span><span data-contrast=\"auto\">\u00a0<\/span><span data-contrast=\"auto\">t<\/span><span data-contrast=\"auto\">\u00e9cnico\u00a0<\/span><span data-contrast=\"auto\">a<\/span><span data-contrast=\"auto\">cad\u00e9mico<\/span><span data-contrast=\"auto\">,<\/span><span data-contrast=\"auto\">\u00a0se\u00f1al\u00f3 que\u00a0<\/span><span data-contrast=\"auto\">l<\/span><span data-contrast=\"auto\">os resultados se da<\/span><span data-contrast=\"auto\">r\u00e1<\/span><span data-contrast=\"auto\">n a conocer\u00a0<\/span><span data-contrast=\"auto\">en diciembre;<\/span><span data-contrast=\"auto\">\u00a0<\/span><span data-contrast=\"auto\">c<\/span><span data-contrast=\"auto\">omo encargado del\u00a0<\/span><span data-contrast=\"auto\">laboratorio y maestro t<\/span><span data-contrast=\"auto\">iene<\/span><span data-contrast=\"auto\">\u00a0grandes expectativas\u00a0<\/span><span data-contrast=\"auto\">de que<\/span><span data-contrast=\"auto\">\u00a0todos los j\u00f3venes aprueben el examen y logren la certificaci\u00f3n<\/span><span data-contrast=\"auto\">.<\/span><span data-ccp-props=\"{&quot;201341983&quot;:0,&quot;335559739&quot;:160,&quot;335559740&quot;:240}\">\u00a0<\/span><\/p>\n<p><span data-contrast=\"auto\">Hern\u00e1n Iv\u00e1n Mart\u00ed<\/span><span data-contrast=\"auto\">n del Campo Salazar<\/span><span data-contrast=\"auto\">, egresado de la UV<\/span><span data-contrast=\"auto\">,<\/span><span data-contrast=\"auto\">\u00a0se\u00f1al\u00f3 que espera que<\/span><span data-contrast=\"auto\">\u00a0los<\/span><span data-contrast=\"auto\">\u00a0<\/span><span data-contrast=\"auto\">resultados\u00a0<\/span><span data-contrast=\"auto\">sean\u00a0<\/span><span data-contrast=\"auto\">positivos<\/span><span data-contrast=\"auto\">\u00a0pues<\/span><span data-contrast=\"auto\">\u00a0tambi\u00e9n sirve para fortalecer la posici\u00f3n de la\u00a0<\/span><span data-contrast=\"auto\">F<\/span><span data-contrast=\"auto\">acultad y del\u00a0<\/span><span data-contrast=\"auto\">C<\/span><span data-contrast=\"auto\">ap\u00edtulo a nivel local y regional en temas relacionados al concreto.<\/span><span data-ccp-props=\"{&quot;201341983&quot;:0,&quot;335559731&quot;:720,&quot;335559739&quot;:160,&quot;335559740&quot;:240}\">\u00a0<\/span><\/p>\n<p><span data-contrast=\"auto\">La alumna\u00a0<\/span><span data-contrast=\"auto\">Ana Cristina V\u00e1squez Garc\u00eda<\/span><span data-contrast=\"auto\">\u00a0agreg\u00f3 que\u00a0<\/span><span data-contrast=\"auto\">tiene<\/span><span data-contrast=\"auto\">\u00a0<\/span><span data-contrast=\"auto\">grandes\u00a0<\/span><span data-contrast=\"auto\">expectativas,\u00a0<\/span><span data-contrast=\"auto\">\u201c<\/span><span data-contrast=\"auto\">espero pasar de manera satisfactoria las evaluaciones te\u00f3rica y pr\u00e1ctica\u201d.<\/span><span data-ccp-props=\"{&quot;201341983&quot;:0,&quot;335559731&quot;:720,&quot;335559739&quot;:160,&quot;335559740&quot;:240}\">\u00a0<\/span><\/p>\n<p><span data-contrast=\"auto\">Yanet Antonio se\u00f1al\u00f3 que \u201c<\/span><span data-contrast=\"auto\">la Facultad otorg\u00f3 el permiso para poder llevar a cabo la etapa pr\u00e1ctica que nos permite familiarizarnos tanto con la ejecuci\u00f3n de las pruebas como con los equipos que se utilizan. El acceso se organiz\u00f3 para evitar aglomeraciones<\/span><span data-contrast=\"auto\">, los<\/span><span data-contrast=\"auto\">\u00a0equipos de\u00a0<\/span><span data-contrast=\"auto\">tres<\/span><span data-contrast=\"auto\">\u00a0<\/span><span data-contrast=\"auto\">integrantes\u00a0<\/span><span data-contrast=\"auto\">asist\u00edan en horarios establecidos siguiendo las medidas sanitarias correspondientes<\/span><span data-contrast=\"auto\">\u201d.<\/span><span data-ccp-props=\"{&quot;201341983&quot;:0,&quot;335559731&quot;:720,&quot;335559739&quot;:160,&quot;335559740&quot;:240}\">\u00a0<\/span><\/p>\n<p><span data-contrast=\"auto\">Para finalizar,\u00a0<\/span><span data-contrast=\"auto\">Mishelle<\/span><span data-contrast=\"auto\">\u00a0Nolasco<\/span><span data-contrast=\"auto\">,<\/span><span data-contrast=\"auto\">\u00a0<\/span><span data-contrast=\"auto\">p<\/span><span data-contrast=\"auto\">residente\u00a0<\/span><span data-contrast=\"auto\">del\u00a0<\/span><span data-contrast=\"auto\">C<\/span><span data-contrast=\"auto\">ap\u00edtulo\u00a0<\/span><span data-contrast=\"auto\">E<\/span><span data-contrast=\"auto\">studiantil\u00a0<\/span><span data-contrast=\"auto\">ACI\u00a0<\/span><span data-contrast=\"auto\">de la\u00a0<\/span><span data-contrast=\"auto\">F<\/span><span data-contrast=\"auto\">acultad de\u00a0<\/span><span data-contrast=\"auto\">I<\/span><span data-contrast=\"auto\">ngenier\u00eda\u00a0<\/span><span data-contrast=\"auto\">UV Coatzacoalcos<\/span><span data-contrast=\"auto\">,<\/span><span data-contrast=\"auto\">\u00a0<\/span><span data-contrast=\"auto\">expres\u00f3:\u00a0<\/span><span data-contrast=\"auto\">\u201c<\/span><span data-contrast=\"auto\">M<\/span><span data-contrast=\"auto\">e siento orgullosa porque es un logro que se esperaba desde varios a\u00f1os atr\u00e1s, agradecemos a la Facultad por el apoyo y a los aspirantes que tienen el inter\u00e9s de seguir prepar\u00e1ndose. Las certificaciones nos dan la validez de que estamos capacitados para efectuar las pr\u00e1cticas garantizando el conocimiento de las normas que se requieren\u201d.<\/span><span data-ccp-props=\"{&quot;201341983&quot;:0,&quot;335559731&quot;:720,&quot;335559739&quot;:160,&quot;335559740&quot;:240}\">\u00a0<\/span><\/p>\n","protected":false},"excerpt":{"rendered":"<p>La certificaci\u00f3n avala la habilidad para desempe\u00f1ar procedimientos en siete pruebas b\u00e1sicas, relacionadas con el control de calidad en mezclas de concreto fresco<\/p>\n","protected":false},"author":1775,"featured_media":90253,"comment_status":"closed","ping_status":"closed","sticky":false,"template":"","format":"standard","meta":{"footnotes":""},"categories":[52],"tags":[2151,1051,2150,2152,176,2149,554],"class_list":["post-90252","post","type-post","status-publish","format-standard","has-post-thumbnail","hentry","category-coatzacoalcos","tag-aci","tag-campus","tag-capitulo-estudiantil-del-instituto-americano-del-concreto","tag-certificacion-tecnico-en-pruebas-de-campo-grado-i","tag-coatzacoalcos","tag-facultad-de-ingenieria","tag-programa"],"_links":{"self":[{"href":"https:\/\/www.uv.mx\/prensa\/wp-json\/wp\/v2\/posts\/90252","targetHints":{"allow":["GET"]}}],"collection":[{"href":"https:\/\/www.uv.mx\/prensa\/wp-json\/wp\/v2\/posts"}],"about":[{"href":"https:\/\/www.uv.mx\/prensa\/wp-json\/wp\/v2\/types\/post"}],"author":[{"embeddable":true,"href":"https:\/\/www.uv.mx\/prensa\/wp-json\/wp\/v2\/users\/1775"}],"replies":[{"embeddable":true,"href":"https:\/\/www.uv.mx\/prensa\/wp-json\/wp\/v2\/comments?post=90252"}],"version-history":[{"count":1,"href":"https:\/\/www.uv.mx\/prensa\/wp-json\/wp\/v2\/posts\/90252\/revisions"}],"predecessor-version":[{"id":90256,"href":"https:\/\/www.uv.mx\/prensa\/wp-json\/wp\/v2\/posts\/90252\/revisions\/90256"}],"wp:featuredmedia":[{"embeddable":true,"href":"https:\/\/www.uv.mx\/prensa\/wp-json\/wp\/v2\/media\/90253"}],"wp:attachment":[{"href":"https:\/\/www.uv.mx\/prensa\/wp-json\/wp\/v2\/media?parent=90252"}],"wp:term":[{"taxonomy":"category","embeddable":true,"href":"https:\/\/www.uv.mx\/prensa\/wp-json\/wp\/v2\/categories?post=90252"},{"taxonomy":"post_tag","embeddable":true,"href":"https:\/\/www.uv.mx\/prensa\/wp-json\/wp\/v2\/tags?post=90252"}],"curies":[{"name":"wp","href":"https:\/\/api.w.org\/{rel}","templated":true}]}}