{"id":90241,"date":"2020-11-17T14:43:38","date_gmt":"2020-11-17T20:43:38","guid":{"rendered":"https:\/\/www.uv.mx\/prensa\/?p=90241"},"modified":"2020-11-17T18:50:08","modified_gmt":"2020-11-18T00:50:08","slug":"en-coatza-mina-los-logros-de-la-uv-estan-hechos-de-esperanza-y-voluntad","status":"publish","type":"post","link":"https:\/\/www.uv.mx\/prensa\/banner\/en-coatza-mina-los-logros-de-la-uv-estan-hechos-de-esperanza-y-voluntad\/","title":{"rendered":"En Coatza-Mina, los logros de la UV est\u00e1n hechos de esperanza y voluntad\u00a0"},"content":{"rendered":"<ul>\n<li data-leveltext=\"\uf0b7\" data-font=\"Symbol\" data-listid=\"3\" data-aria-posinset=\"1\" data-aria-level=\"1\"><i><span data-contrast=\"auto\">Tambi\u00e9n en esta regi\u00f3n, <\/span><\/i><i><span data-contrast=\"auto\">nueve de cada 10 alumnos estudia en un programa <\/span><\/i><i><span data-contrast=\"auto\">educativo de calidad reconocida<\/span><\/i><\/li>\n<li data-leveltext=\"\uf0b7\" data-font=\"Symbol\" data-listid=\"3\" data-aria-posinset=\"1\" data-aria-level=\"1\"><i><span data-contrast=\"auto\">La Rectora reconoci\u00f3 los esfuerzos estatal y federal por evitar la reducci\u00f3n en los presupuestos a las universidades y por apoyar a la UV<\/span><\/i><\/li>\n<li data-leveltext=\"\uf0b7\" data-font=\"Symbol\" data-listid=\"3\" data-aria-posinset=\"1\" data-aria-level=\"1\"><i><span data-contrast=\"auto\">\u201c<\/span><\/i><i><span data-contrast=\"auto\">Ha sido un periodo lleno de retos, que hemos enfrentado con esmero y nos ha permitido demostrar nuestra capacidad de dar m\u00e1s<\/span><\/i><i><span data-contrast=\"auto\">\u201d<\/span><\/i><i><span data-contrast=\"auto\">: <\/span><\/i><i><span data-contrast=\"auto\">Carlos<\/span><\/i> <i><span data-contrast=\"auto\">Lamothe<\/span><\/i><span data-ccp-props=\"{&quot;134233279&quot;:true}\">\u00a0<\/span><\/li>\n<\/ul>\n<p><span data-ccp-props=\"{}\">\u00a0<\/span><\/p>\n<p><iframe loading=\"lazy\" title=\"III Informe de Actividades Regi\u00f3n Coatzacoalcos - Minatitl\u00e1n\" width=\"639\" height=\"359\" src=\"https:\/\/www.youtube.com\/embed\/nCnjNBtv2d4?feature=oembed\" frameborder=\"0\" allow=\"accelerometer; autoplay; clipboard-write; encrypted-media; gyroscope; picture-in-picture; web-share\" referrerpolicy=\"strict-origin-when-cross-origin\" allowfullscreen><\/iframe><\/p>\n<p><span data-ccp-props=\"{}\">\u00a0<\/span><\/p>\n<p><b><i><span data-contrast=\"auto\">David Sandoval y Edgar Onofre<\/span><\/i><\/b><span data-ccp-props=\"{}\">\u00a0<\/span><\/p>\n<p><b><i><span data-contrast=\"auto\">17\/11\/2020\/ <\/span><\/i><\/b><b><i><span data-contrast=\"auto\">Coatzaco<\/span><\/i><\/b><b><i><span data-contrast=\"auto\">a<\/span><\/i><\/b><b><i><span data-contrast=\"auto\">lcos<\/span><\/i><\/b><b><i><span data-contrast=\"auto\">, <\/span><\/i><\/b><b><i><span data-contrast=\"auto\">Ver.-<\/span><\/i><\/b> <span data-contrast=\"auto\">El <\/span><span data-contrast=\"auto\">vicerrector<\/span> <span data-contrast=\"auto\">de la Universidad Veracruzana (UV) en la regi\u00f3n Coatzacoalcos-M<\/span><span data-contrast=\"auto\">i<\/span><span data-contrast=\"auto\">natitl\u00e1n, Carlos Lamothe Zavaleta,<\/span> <span data-contrast=\"auto\">present\u00f3 <\/span><span data-contrast=\"auto\">su<\/span> <a href=\"https:\/\/www.uv.mx\/coatza\/general\/3er-inf-act-2019-2020\/\" target=\"_blank\" rel=\"noopener noreferrer\"><span data-contrast=\"none\">III Informe de Actividades<\/span><\/a> <span data-contrast=\"auto\">y en su mensaje<\/span><span data-contrast=\"auto\"> coincidi\u00f3 con la rectora Sara Ladr\u00f3n de Guevara, en que los resultados obtenidos en la instituci\u00f3n <\/span><span data-contrast=\"auto\">est\u00e1n hechos de la esperanza y voluntad de todos quienes conforma<\/span><span data-contrast=\"auto\">n <\/span><span data-contrast=\"auto\">esta casa de estudios<\/span><span data-contrast=\"auto\">.<\/span><span data-ccp-props=\"{}\">\u00a0<\/span><\/p>\n<p><span data-contrast=\"auto\">En sesi\u00f3n del Consejo Universitario Regional (CUR), Lamothe Zavaleta present\u00f3 un audiovisual producido por Tele UV que compila los esfuerzos de la comunidad universitaria del sur de Veracruz y a\u00f1adi\u00f3: <\/span><span data-contrast=\"auto\">\u201c<\/span><span data-contrast=\"auto\">La <\/span><span data-contrast=\"auto\">esperanza nos mantiene en el anhelo de circunstancias mejores y la voluntad nos lleva a la acci\u00f3n para conseguir lo que dicta nuestra esperanza<\/span><span data-contrast=\"auto\">\u201d.<\/span><span data-ccp-props=\"{}\">\u00a0<\/span><\/p>\n<p><span data-contrast=\"auto\">El V<\/span><span data-contrast=\"auto\">icerrector tambi\u00e9n salud\u00f3 los esfuerzos de los <\/span><span data-contrast=\"auto\">funcionarios de <\/span><span data-contrast=\"auto\">la <\/span><span data-contrast=\"auto\">regi\u00f3n<\/span><span data-contrast=\"auto\">, los <\/span><span data-contrast=\"auto\">docentes e investigadores<\/span><span data-contrast=\"auto\">, el <\/span><span data-contrast=\"auto\">personal administrativo<\/span><span data-contrast=\"auto\"> y, subrayadamente, de los <\/span><span data-contrast=\"auto\">alumnos, <\/span><span data-contrast=\"auto\">\u201c<\/span><span data-contrast=\"auto\">quienes son nuestra principal raz\u00f3n de ser<\/span><span data-contrast=\"auto\">\u201d<\/span><span data-contrast=\"auto\">.<\/span><span data-ccp-props=\"{&quot;335559731&quot;:708}\">\u00a0<\/span><\/p>\n<p><span data-contrast=\"auto\">Adem\u00e1s, se\u00f1al\u00f3 que los logros compilados en <\/span><span data-contrast=\"auto\">su<\/span> <span data-contrast=\"auto\">i<\/span><span data-contrast=\"auto\">nforme no hubieran sido posibles <\/span><span data-contrast=\"auto\">sin la gesti\u00f3n de <\/span><span data-contrast=\"auto\">la<\/span> <span data-contrast=\"auto\">R<\/span><span data-contrast=\"auto\">ectora<\/span><span data-contrast=\"auto\"> ni <\/span><span data-contrast=\"auto\">las pol\u00edticas <\/span><span data-contrast=\"auto\">universitarias impulsadas en esta administraci\u00f3n <\/span><span data-contrast=\"auto\">\u2013<\/span><span data-contrast=\"auto\">tales como la <\/span><span data-contrast=\"auto\">asignaci\u00f3n de plazas y <\/span><span data-contrast=\"auto\">la <\/span><span data-contrast=\"auto\">rigurosidad acad\u00e9mica<\/span><span data-contrast=\"auto\">\u2013<\/span><span data-contrast=\"auto\">, <\/span><span data-contrast=\"auto\">la administraci\u00f3n y asignaci\u00f3n de recursos<\/span><span data-contrast=\"auto\">, <\/span><span data-contrast=\"auto\">la planeaci\u00f3n y mejoramiento de la estructura e <\/span><span data-contrast=\"auto\">infraestructura f\u00edsica y tecnol\u00f3gica<\/span><span data-contrast=\"auto\">,<\/span><span data-contrast=\"auto\"> y <\/span><span data-contrast=\"auto\">las iniciativas y buenas pr\u00e1cticas de<\/span><span data-contrast=\"auto\">l resto <\/span><span data-contrast=\"auto\">de las regiones universitarias.<\/span><span data-ccp-props=\"{&quot;335559731&quot;:708}\">\u00a0<\/span><\/p>\n<p><span data-contrast=\"auto\">\u201c<\/span><span data-contrast=\"auto\">Sin duda ha sido un periodo lleno de retos, que hemos enfrentado con esmero y nos ha permitido demostrar nuestra capacidad de dar m\u00e1s<\/span><span data-contrast=\"auto\">\u201d<\/span><span data-contrast=\"auto\">, a\u00f1adi\u00f3 <\/span><span data-contrast=\"auto\">el <\/span><span data-contrast=\"auto\">V<\/span><span data-contrast=\"auto\">icerrector.<\/span><span data-ccp-props=\"{&quot;335559731&quot;:708}\">\u00a0<\/span><\/p>\n<p><span data-ccp-props=\"{}\">\u00a0<\/span><\/p>\n<div id=\"attachment_90243\" style=\"width: 732px\" class=\"wp-caption aligncenter\"><a href=\"https:\/\/www.uv.mx\/prensa\/files\/2020\/11\/171120-foto1.jpg\"><img loading=\"lazy\" decoding=\"async\" aria-describedby=\"caption-attachment-90243\" class=\"size-full wp-image-90243\" src=\"https:\/\/www.uv.mx\/prensa\/files\/2020\/11\/171120-foto1.jpg\" alt=\"\" width=\"722\" height=\"481\" srcset=\"https:\/\/www.uv.mx\/prensa\/files\/2020\/11\/171120-foto1.jpg 722w, https:\/\/www.uv.mx\/prensa\/files\/2020\/11\/171120-foto1-300x200.jpg 300w\" sizes=\"auto, (max-width: 722px) 100vw, 722px\" \/><\/a><p id=\"caption-attachment-90243\" class=\"wp-caption-text\">El vicerrector Carlos Lamothe Zavaleta rindi\u00f3 su III Informe de Actividades, del periodo 2019-2020<\/p><\/div>\n<p>&nbsp;<\/p>\n<p><b><span data-contrast=\"auto\">Rectora destac\u00f3 liderazgos acad\u00e9micos <\/span><\/b><b><span data-contrast=\"auto\">m\u00faltiples y compartidos de la regi\u00f3n<\/span><\/b><span data-ccp-props=\"{}\">\u00a0<\/span><\/p>\n<p><span data-contrast=\"auto\">En su car\u00e1cter de presidente del Consejo Universitario General (CUG), la rectora de la UV, Sara Ladr\u00f3n de Guevara, apostill\u00f3 el III Informe de Actividades de la regi\u00f3n Coatzacoalcos-Minatitl\u00e1n y en su mensaje reconoci\u00f3 las acciones y logros obtenidos por la comunidad universitaria local: \u201cR<\/span><span data-contrast=\"auto\">econocemos que es<\/span><span data-contrast=\"auto\">, <\/span><span data-contrast=\"auto\">en efecto<\/span><span data-contrast=\"auto\">, <\/span><span data-contrast=\"auto\">un informe de la comun<\/span><span data-contrast=\"auto\">i<\/span><span data-contrast=\"auto\">dad <\/span><span data-contrast=\"auto\">universitaria en su conjunto y <\/span><span data-contrast=\"auto\">no s<\/span><span data-contrast=\"auto\">\u00f3<\/span><span data-contrast=\"auto\">lo del V<\/span><span data-contrast=\"auto\">icerrector<\/span><span data-contrast=\"auto\">\u201d.<\/span><span data-ccp-props=\"{}\">\u00a0<\/span><\/p>\n<p><span data-contrast=\"auto\">La Rectora explic\u00f3 que el liderazgo de Lamo<\/span><span data-contrast=\"auto\">t<\/span><span data-contrast=\"auto\">he Zavaleta se adiciona a los liderazgos de los estudiantes, de los acad\u00e9micos, de los directivos<\/span><span data-contrast=\"auto\">, para conformar el gran liderazgo acad\u00e9mico de la Universidad en <\/span><span data-contrast=\"auto\">todas las <\/span><span data-contrast=\"auto\">zonas donde tiene presencia<\/span><span data-contrast=\"auto\">. Al respecto, <\/span><span data-contrast=\"auto\">a\u00f1adi\u00f3 que en <\/span><span data-contrast=\"auto\">las cinco regiones universitarias \u201c<\/span><span data-contrast=\"auto\">hemos logrado traba<\/span><span data-contrast=\"auto\">j<\/span><span data-contrast=\"auto\">ar en el mismo rumbo, con metas afines<\/span><span data-contrast=\"auto\"> y <\/span><span data-contrast=\"auto\">logros conjunto<\/span><span data-contrast=\"auto\">s<\/span><span data-contrast=\"auto\">\u201d<\/span><span data-contrast=\"auto\"> y se\u00f1al\u00f3 que, en efecto, la esperanza y la voluntad han permitido a la instituci\u00f3n sortear con \u00e9xito los efect<\/span><span data-contrast=\"auto\">os de la pandemia por Covid-19.<\/span><span data-ccp-props=\"{&quot;335559731&quot;:708}\">\u00a0<\/span><\/p>\n<p><span data-contrast=\"auto\">\u201c<\/span><span data-contrast=\"auto\">Las d<\/span><span data-contrast=\"auto\">ificu<\/span><span data-contrast=\"auto\">ltades <\/span><span data-contrast=\"auto\">no nos amedrenta<\/span><span data-contrast=\"auto\">ron. Hicieron m\u00e1s <\/span><span data-contrast=\"auto\">complejas <\/span><span data-contrast=\"auto\">nuestras <\/span><span data-contrast=\"auto\">activ<\/span><span data-contrast=\"auto\">i<\/span><span data-contrast=\"auto\">dades<\/span><span data-contrast=\"auto\">,<\/span><span data-contrast=\"auto\"> pero<\/span> <span data-contrast=\"auto\">con voluntad<\/span><span data-contrast=\"auto\"> logramos <\/span><span data-contrast=\"auto\">reinventarnos y mantener<\/span><span data-contrast=\"auto\"> todas<\/span><span data-contrast=\"auto\"> nuestras actividades\u201d, se\u00f1al\u00f3.<\/span><span data-ccp-props=\"{&quot;335559731&quot;:708}\">\u00a0<\/span><\/p>\n<p><span data-contrast=\"auto\">Sara Ladr\u00f3n de Guevara tambi\u00e9n se refiri\u00f3 a los <\/span><span data-contrast=\"auto\">presupuestos <\/span><span data-contrast=\"auto\">para las universidades p\u00fablicas y al r<\/span><span data-contrast=\"auto\">especto dijo que si bien \u00e9stos \u201c<\/span><span data-contrast=\"auto\">no crecen como esperar<\/span><span data-contrast=\"auto\">\u00edamos, reafirma<\/span><span data-contrast=\"auto\">mos que <\/span><span data-contrast=\"auto\">tenemos la voluntad de hacer m\u00e1s<\/span> <span data-contrast=\"auto\">aunque el recurso no crezca al ritmo <\/span><span data-contrast=\"auto\">que crece nuestra <\/span><span data-contrast=\"auto\">instituci\u00f3n<\/span><span data-contrast=\"auto\">\u201d.<\/span><span data-ccp-props=\"{&quot;335559731&quot;:708}\">\u00a0<\/span><\/p>\n<p><span data-contrast=\"auto\">Adem\u00e1s, reconoci\u00f3\u00a0 los <\/span><span data-contrast=\"auto\">esfuerzos estatal y federal por <\/span><span data-contrast=\"auto\">evitar <\/span><span data-contrast=\"auto\">la reducci\u00f3n en los <\/span><span data-contrast=\"auto\">pr<\/span><span data-contrast=\"auto\">esupuestos <\/span><span data-contrast=\"auto\">ordinarios<\/span><span data-contrast=\"auto\">, as\u00ed como la v<\/span><span data-contrast=\"auto\">oluntad pol<\/span><span data-contrast=\"auto\">\u00edtica de los poderes Eje<\/span><span data-contrast=\"auto\">c<\/span><span data-contrast=\"auto\">u<\/span><span data-contrast=\"auto\">t<\/span><span data-contrast=\"auto\">i<\/span><span data-contrast=\"auto\">v<\/span><span data-contrast=\"auto\">o y Legislativo, tant<\/span><span data-contrast=\"auto\">o<\/span><span data-contrast=\"auto\"> estatales como <\/span><span data-contrast=\"auto\">federales<\/span><span data-contrast=\"auto\">, para apoyar a la UV.<\/span><span data-ccp-props=\"{&quot;335559731&quot;:708}\">\u00a0<\/span><\/p>\n<p><span data-ccp-props=\"{}\">\u00a0<\/span><\/p>\n<div id=\"attachment_90244\" style=\"width: 732px\" class=\"wp-caption aligncenter\"><a href=\"https:\/\/www.uv.mx\/prensa\/files\/2020\/11\/171120-foto2.jpg\"><img loading=\"lazy\" decoding=\"async\" aria-describedby=\"caption-attachment-90244\" class=\"size-full wp-image-90244\" src=\"https:\/\/www.uv.mx\/prensa\/files\/2020\/11\/171120-foto2.jpg\" alt=\"\" width=\"722\" height=\"481\" srcset=\"https:\/\/www.uv.mx\/prensa\/files\/2020\/11\/171120-foto2.jpg 722w, https:\/\/www.uv.mx\/prensa\/files\/2020\/11\/171120-foto2-300x200.jpg 300w\" sizes=\"auto, (max-width: 722px) 100vw, 722px\" \/><\/a><p id=\"caption-attachment-90244\" class=\"wp-caption-text\">La rectora de la UV, Sara Ladr\u00f3n de Guevara, reconoci\u00f3 el trabajo, la esperanza y el esfuerzo compartido en la regi\u00f3n<\/p><\/div>\n<p>&nbsp;<\/p>\n<p><b><span data-contrast=\"auto\">Tambi\u00e9n en <\/span><\/b><b><span data-contrast=\"auto\">Coatza<\/span><\/b><b><span data-contrast=\"auto\">-Mina, nueve<\/span><\/b><b><span data-contrast=\"auto\"> de cada <\/span><\/b><b><span data-contrast=\"auto\">10<\/span><\/b><b><span data-contrast=\"auto\"> estudiantes <\/span><\/b><b><span data-contrast=\"auto\">cursan programas de calidad acreditada<\/span><\/b><span data-ccp-props=\"{}\">\u00a0<\/span><\/p>\n<p><span data-contrast=\"auto\">Conforme a la numeralia presentada, en el <\/span><span data-contrast=\"auto\">i<\/span><span data-contrast=\"auto\">nforme se expres\u00f3 que<\/span><span data-contrast=\"auto\"> la matr\u00edcula en la regi\u00f3n alcanza los ocho mil 308 estudiantes, seis mil 431 en educaci\u00f3n formal y mil 877 en educaci\u00f3n no formal.<\/span><span data-ccp-props=\"{}\">\u00a0<\/span><\/p>\n<p><span data-contrast=\"auto\">D<\/span><span data-contrast=\"auto\">e 22 p<\/span><span data-contrast=\"auto\">rogramas <\/span><span data-contrast=\"auto\">e<\/span><span data-contrast=\"auto\">ducativos <\/span><span data-contrast=\"auto\">(PE) <\/span><span data-contrast=\"auto\">que se imparten en la regi\u00f3n,<\/span> <span data-contrast=\"auto\">19 tienen reconocimiento nacional por su calidad.<\/span> <span data-contrast=\"auto\">Ello significa que nueve<\/span> <span data-contrast=\"auto\">de cada 10 alumnos estudia en un <\/span><span data-contrast=\"auto\">PE <\/span><span data-contrast=\"auto\">de T\u00e9cnico Superior Universitario (TSU) o licenciatura de calidad reconocida por organismos evaluadores externos.<\/span><span data-ccp-props=\"{&quot;335559731&quot;:708}\">\u00a0<\/span><\/p>\n<p><span data-contrast=\"auto\">Adem\u00e1s, <\/span><span data-contrast=\"auto\">el <\/span><span data-contrast=\"auto\">100 por ciento de los reglamentos de las entidades acad\u00e9micas han sido reformados y existen tres nuevos PE como la Maestr\u00eda en Ciencias en Tecnolog\u00eda Energ\u00e9tica y la <\/span><span data-contrast=\"auto\">L<\/span><span data-contrast=\"auto\">icenciatura en Ense\u00f1anza de las Artes.<\/span><span data-ccp-props=\"{&quot;335559731&quot;:708}\">\u00a0<\/span><\/p>\n<p><span data-contrast=\"auto\">Tambi\u00e9n s<\/span><span data-contrast=\"auto\">e cre\u00f3 el Centro de Estudios Interdisciplinarios en<\/span> <span data-contrast=\"auto\">Agrobiodiversidad<\/span><span data-contrast=\"auto\">; en relaci\u00f3n al a\u00f1o anterior,<\/span> <span data-contrast=\"auto\">s<\/span><span data-contrast=\"auto\">e increment\u00f3 el personal dedicado a la investigaci\u00f3n en un 150 por ciento, <\/span><span data-contrast=\"auto\">y e<\/span><span data-contrast=\"auto\">n la convocatoria de ingreso a licenciatura y TSU 2020, <\/span><span data-contrast=\"auto\">se <\/span><span data-contrast=\"auto\">aument<\/span><span data-contrast=\"auto\">\u00f3 <\/span><span data-contrast=\"auto\">2.3 por ciento los lugares ofertados.<\/span><span data-ccp-props=\"{&quot;335559731&quot;:708}\">\u00a0<\/span><\/p>\n<p><span data-contrast=\"auto\">La planta acad\u00e9mica cuenta con 126 profesores de tiempo completo, 72 con reconocimiento de Perfil Deseable del Programa para el Desarrollo Profesional Docente (<\/span><i><span data-contrast=\"auto\">Prodep<\/span><\/i><span data-contrast=\"auto\">) y 14 est\u00e1n adscritos al Sistema Nacional de Investigadores.<\/span><span data-ccp-props=\"{&quot;335559731&quot;:708}\">\u00a0<\/span><\/p>\n<p><span data-contrast=\"auto\">Se incrementaron las becas de la Fundaci\u00f3n UV, pasando de 37 a 64 en este periodo.<\/span> <span data-contrast=\"auto\">Las Brigadas Universitarias <\/span><span data-contrast=\"auto\">ofrecieron <\/span><span data-contrast=\"auto\">m\u00e1s de 15 mil servicios de salud a localidades de poblaci\u00f3n vulnerable.<\/span><span data-ccp-props=\"{&quot;335559731&quot;:708}\">\u00a0<\/span><\/p>\n<p><span data-contrast=\"auto\">La regi\u00f3n obtuvo nueve distinciones de Desempe\u00f1o de Excelencia en <\/span><span data-contrast=\"auto\">los<\/span><span data-contrast=\"auto\"> Ex<\/span><span data-contrast=\"auto\">\u00e1<\/span><span data-contrast=\"auto\">men<\/span><span data-contrast=\"auto\">es <\/span><span data-contrast=\"auto\">General<\/span><span data-contrast=\"auto\">es<\/span><span data-contrast=\"auto\"> para <\/span><span data-contrast=\"auto\">el <\/span><span data-contrast=\"auto\">Egreso de Licenciatura (EGEL) y el PE de M\u00e9dico Cirujano fue incorporado al Nivel 2 del Padr\u00f3n EGEL de Programas de Alto Rendimiento Acad\u00e9mico, otorgado por el Centro Nacional para la Evaluaci\u00f3n de la Educaci\u00f3n Superior (<\/span><i><span data-contrast=\"auto\">Ceneval<\/span><\/i><span data-contrast=\"auto\">).<\/span><span data-ccp-props=\"{&quot;335559731&quot;:708}\">\u00a0<\/span><\/p>\n<p><span data-contrast=\"auto\">En colaboraci\u00f3n con el Ayuntamiento de Coatzacoalcos, la empresa Braskem Idesa y el Instituto Mexicano de Ingenieros Qu\u00edmicos, se produjeron mil 100 litros de desinfectante y se elaboraron 686 caretas protectoras para la comunidad universitaria y los sectores social y municipal de la regi\u00f3n.<\/span><span data-ccp-props=\"{&quot;335559731&quot;:708}\">\u00a0<\/span><\/p>\n<p><span data-contrast=\"auto\">Por otro lado<\/span><span data-contrast=\"auto\">,<\/span><span data-contrast=\"auto\"> se efectuaron 14 obras de mantenimiento a la planta f\u00edsica, con un gasto aproximado de 25.8 millones de pesos.<\/span><span data-ccp-props=\"{&quot;335559731&quot;:708}\">\u00a0<\/span><\/p>\n<p><span data-contrast=\"auto\">Se increment\u00f3 en 77.8 por ciento el n\u00famero de <\/span><span data-contrast=\"auto\">c<\/span><span data-contrast=\"auto\">uerpos acad\u00e9micos <\/span><span data-contrast=\"auto\">(CA) <\/span><span data-contrast=\"auto\">y un crecimiento del 300 por ciento en C<\/span><span data-contrast=\"auto\">A <\/span><span data-contrast=\"auto\">en consolidaci\u00f3n, un 100 por ciento en C<\/span><span data-contrast=\"auto\">A <\/span><span data-contrast=\"auto\">consolidados y 61.5 por ciento en L\u00edneas de Generaci\u00f3n y Aplicaci\u00f3n del Conocimiento (LGAC).<\/span><span data-ccp-props=\"{&quot;335559731&quot;:708}\">\u00a0<\/span><\/p>\n<p><span data-contrast=\"auto\">En la sesi\u00f3n solemne del C<\/span><span data-contrast=\"auto\">UR<\/span><span data-contrast=\"auto\">, Hugo Ismael Noble P\u00e9rez, secretario Acad\u00e9mico regional y secretario del consejo, detall\u00f3 que se cont\u00f3 con el 100 por ciento de asistencia en l\u00ednea de los consejeros <\/span><span data-contrast=\"auto\">universitarios y en la sesi\u00f3n estuvo tambi\u00e9n Mar\u00eda In\u00e9s Quevedo L\u00f3pez, secretaria <\/span><span data-contrast=\"auto\">regional<\/span> <span data-contrast=\"auto\">de Administraci\u00f3n y Finanzas.<\/span><span data-ccp-props=\"{&quot;335559731&quot;:708}\">\u00a0<\/span><\/p>\n<p><span data-contrast=\"auto\">En la sala se recibi\u00f3 a<\/span><span data-contrast=\"auto\">\u00a0<\/span><span data-contrast=\"auto\">Sergio Guzm\u00e1n<\/span> <span data-contrast=\"auto\">Ric\u00e1<\/span><span data-contrast=\"auto\">rdez<\/span><span data-contrast=\"auto\">, alcalde de Agua Dulce<\/span><span data-contrast=\"auto\">,<\/span><span data-contrast=\"auto\"> y\u00a0 a Am<\/span><span data-contrast=\"auto\">ado Cruz Malpica, diputado del D<\/span><span data-contrast=\"auto\">istrito XXIX por Coatzacoalcos.<\/span><span data-ccp-props=\"{&quot;335559731&quot;:708}\">\u00a0<\/span><\/p>\n<p><span data-contrast=\"auto\">Atendieron la sesi\u00f3n en l\u00ednea: Enrique Ram\u00edrez Nazariega, presidente en turno de la Junta de Gobierno <\/span><span data-contrast=\"auto\">UV<\/span><span data-contrast=\"auto\">; Magdalena Hern\u00e1ndez Alarc\u00f3n, secretaria Acad\u00e9mica; Salvador Tapia Spinoso, secretario de Administraci\u00f3n y Finanzas; Octavio Ochoa Contreras, secretario de Desarrollo Institucional; Alberto Islas Reyes, abogado general de la UV; Jos\u00e9 G<\/span><span data-contrast=\"auto\">uadalupe Eutimio Romero P\u00e9rez, c<\/span><span data-contrast=\"auto\">ontralor general de la UV, al igual que los vicerrectores de las regiones Poza Rica-Tuxpan<\/span><span data-contrast=\"auto\">,<\/span> <span data-contrast=\"auto\">Orizaba-C\u00f3rdoba<\/span> <span data-contrast=\"auto\">y <\/span><span data-contrast=\"auto\">Veracruz<\/span><span data-contrast=\"auto\">: Jos\u00e9 Luis Alan\u00eds M\u00e9ndez<\/span><span data-contrast=\"auto\">,<\/span><span data-contrast=\"auto\"> Jos\u00e9 Eduardo Mart\u00ednez Canales y Alfonso P\u00e9rez Morales<\/span><span data-contrast=\"auto\">, respectivamente, y los directores generales de las \u00e1reas acad\u00e9micas.<\/span><\/p>\n<p><span data-contrast=\"auto\">Como invitados especiales acudieron V\u00edctor Carranza Rosaldo, alcalde de Coatzacoalcos; Zoila Balderas Guzm\u00e1n, alcalde de Nanchital; Flora Tania Cruz Santos, diputada del <\/span><span data-contrast=\"auto\">D<\/span><span data-contrast=\"auto\">istrito XI estatal; Fernando Cancino Cancino, secretario general del <\/span><i><span data-contrast=\"auto\">Fesapauv<\/span><\/i> <span data-contrast=\"auto\">de la regi\u00f3n<\/span><span data-contrast=\"auto\">,<\/span><span data-contrast=\"auto\"> y Facundo Pacheco Rojas, director de la Fundaci\u00f3n UV.<\/span><span data-ccp-props=\"{&quot;335559731&quot;:708}\">\u00a0<\/span><\/p>\n<p><span data-ccp-props=\"{}\">\u00a0<\/span><\/p>\n<div id=\"attachment_90245\" style=\"width: 732px\" class=\"wp-caption aligncenter\"><a href=\"https:\/\/www.uv.mx\/prensa\/files\/2020\/11\/171120-foto3.jpg\"><img loading=\"lazy\" decoding=\"async\" aria-describedby=\"caption-attachment-90245\" class=\"size-full wp-image-90245\" src=\"https:\/\/www.uv.mx\/prensa\/files\/2020\/11\/171120-foto3.jpg\" alt=\"\" width=\"722\" height=\"542\" srcset=\"https:\/\/www.uv.mx\/prensa\/files\/2020\/11\/171120-foto3.jpg 722w, https:\/\/www.uv.mx\/prensa\/files\/2020\/11\/171120-foto3-300x225.jpg 300w\" sizes=\"auto, (max-width: 722px) 100vw, 722px\" \/><\/a><p id=\"caption-attachment-90245\" class=\"wp-caption-text\">El informe se realiz\u00f3 a distancia, con producci\u00f3n de Tele UV<\/p><\/div>\n","protected":false},"excerpt":{"rendered":"<p>Los logros compilados en el III Informe regional no hubieran sido posibles sin la gesti\u00f3n de la Rectora ni las pol\u00edticas universitarias impulsadas en esta administraci\u00f3n: Carlos Lamothe Zavaleta, vicerrector\u00a0<\/p>\n","protected":false},"author":1869,"featured_media":90242,"comment_status":"closed","ping_status":"closed","sticky":false,"template":"","format":"standard","meta":{"footnotes":""},"categories":[61],"tags":[],"class_list":["post-90241","post","type-post","status-publish","format-standard","has-post-thumbnail","hentry","category-banner"],"_links":{"self":[{"href":"https:\/\/www.uv.mx\/prensa\/wp-json\/wp\/v2\/posts\/90241","targetHints":{"allow":["GET"]}}],"collection":[{"href":"https:\/\/www.uv.mx\/prensa\/wp-json\/wp\/v2\/posts"}],"about":[{"href":"https:\/\/www.uv.mx\/prensa\/wp-json\/wp\/v2\/types\/post"}],"author":[{"embeddable":true,"href":"https:\/\/www.uv.mx\/prensa\/wp-json\/wp\/v2\/users\/1869"}],"replies":[{"embeddable":true,"href":"https:\/\/www.uv.mx\/prensa\/wp-json\/wp\/v2\/comments?post=90241"}],"version-history":[{"count":1,"href":"https:\/\/www.uv.mx\/prensa\/wp-json\/wp\/v2\/posts\/90241\/revisions"}],"predecessor-version":[{"id":90259,"href":"https:\/\/www.uv.mx\/prensa\/wp-json\/wp\/v2\/posts\/90241\/revisions\/90259"}],"wp:featuredmedia":[{"embeddable":true,"href":"https:\/\/www.uv.mx\/prensa\/wp-json\/wp\/v2\/media\/90242"}],"wp:attachment":[{"href":"https:\/\/www.uv.mx\/prensa\/wp-json\/wp\/v2\/media?parent=90241"}],"wp:term":[{"taxonomy":"category","embeddable":true,"href":"https:\/\/www.uv.mx\/prensa\/wp-json\/wp\/v2\/categories?post=90241"},{"taxonomy":"post_tag","embeddable":true,"href":"https:\/\/www.uv.mx\/prensa\/wp-json\/wp\/v2\/tags?post=90241"}],"curies":[{"name":"wp","href":"https:\/\/api.w.org\/{rel}","templated":true}]}}