{"id":90198,"date":"2020-11-16T18:49:58","date_gmt":"2020-11-17T00:49:58","guid":{"rendered":"https:\/\/www.uv.mx\/prensa\/?p=90198"},"modified":"2020-11-17T09:56:35","modified_gmt":"2020-11-17T15:56:35","slug":"iniciaron-en-la-uv-jornadas-de-deporte-social-para-la-inclusion","status":"publish","type":"post","link":"https:\/\/www.uv.mx\/prensa\/deportes\/iniciaron-en-la-uv-jornadas-de-deporte-social-para-la-inclusion\/","title":{"rendered":"Iniciaron en la UV jornadas de deporte social para la inclusi\u00f3n"},"content":{"rendered":"<ul>\n<li data-leveltext=\"\uf0b7\" data-font=\"Symbol\" data-listid=\"1\" data-aria-posinset=\"1\" data-aria-level=\"1\"><i><span data-contrast=\"auto\">Maribel Barradas recibi\u00f3 la presidencia de la Red Latinoam\u00e9rica y Caribe\u00f1a del Deporte Social para la Inclusi\u00f3n\u00a0<\/span><\/i><span data-ccp-props=\"{&quot;134233279&quot;:true}\">\u00a0<\/span><\/li>\n<li data-leveltext=\"\uf0b7\" data-font=\"Symbol\" data-listid=\"1\" data-aria-posinset=\"2\" data-aria-level=\"1\"><i><span data-contrast=\"auto\">\u201c<\/span><\/i><i><span data-contrast=\"auto\">Este evento <\/span><\/i><i><span data-contrast=\"auto\">dar\u00e1 pauta para <\/span><\/i><i><span data-contrast=\"auto\">construir juntos una agenda que garantice el respeto y la participaci\u00f3n de la diversidad cultural<\/span><\/i><i><span data-contrast=\"auto\">\u201d: Rectora<\/span><\/i><\/li>\n<li data-leveltext=\"\uf0b7\" data-font=\"Symbol\" data-listid=\"1\" data-aria-posinset=\"2\" data-aria-level=\"1\"><i><span data-contrast=\"auto\">Las actividades contin\u00faan <\/span><\/i><i><span data-contrast=\"auto\">los d\u00edas <\/span><\/i><i><span data-contrast=\"auto\">17 y 18 de noviembre<\/span><\/i><span data-ccp-props=\"{&quot;134233279&quot;:true}\">\u00a0<\/span><\/li>\n<\/ul>\n<div id=\"attachment_90194\" style=\"width: 732px\" class=\"wp-caption aligncenter\"><a href=\"https:\/\/www.uv.mx\/prensa\/files\/2020\/11\/161120-V-Jornadas-1.jpg\"><img loading=\"lazy\" decoding=\"async\" aria-describedby=\"caption-attachment-90194\" class=\"size-full wp-image-90194\" src=\"https:\/\/www.uv.mx\/prensa\/files\/2020\/11\/161120-V-Jornadas-1.jpg\" alt=\"\" width=\"722\" height=\"481\" srcset=\"https:\/\/www.uv.mx\/prensa\/files\/2020\/11\/161120-V-Jornadas-1.jpg 722w, https:\/\/www.uv.mx\/prensa\/files\/2020\/11\/161120-V-Jornadas-1-300x200.jpg 300w\" sizes=\"auto, (max-width: 722px) 100vw, 722px\" \/><\/a><p id=\"caption-attachment-90194\" class=\"wp-caption-text\">Autoridades universitarias, y de las regiones latinoamericana y del caribe en la inauguraci\u00f3n del evento<\/p><\/div>\n<p><b><i><span data-contrast=\"auto\">Karina de la Paz <\/span><\/i><\/b><b><i><span data-contrast=\"auto\">Reyes D\u00edaz<\/span><\/i><\/b><span data-ccp-props=\"{}\">\u00a0<\/span><\/p>\n<p><b><i><span data-contrast=\"auto\">1<\/span><\/i><\/b><b><i><span data-contrast=\"auto\">6<\/span><\/i><\/b><b><i><span data-contrast=\"auto\">\/11\/2020, Xalapa, Ver.<\/span><\/i><\/b> <span data-contrast=\"auto\">L<\/span><span data-contrast=\"auto\">a rectora <\/span><span data-contrast=\"auto\">de la <a href=\"https:\/\/www.uv.mx\/\" target=\"_blank\" rel=\"noopener noreferrer\">Universidad Veracruzana<\/a> (UV), <\/span><span data-contrast=\"auto\">Sara Ladr\u00f3n de Guevara, inaugur<\/span><span data-contrast=\"auto\">\u00f3<\/span><span data-contrast=\"auto\"> las<\/span> <a href=\"https:\/\/www.uv.mx\/vjornadaspublicas-deporte\/\"><span data-contrast=\"none\">V Jornadas <\/span><span data-contrast=\"none\">de la <\/span><span data-contrast=\"none\">Red Latinoamericana y Caribe\u00f1a del Deporte Social <\/span><span data-contrast=\"none\">para la Inclusi\u00f3n<\/span><\/a><span data-contrast=\"auto\">\u201cHacia agendas compartidas en estudios del deporte\u201d, <\/span><span data-contrast=\"auto\">cuya sede es M\u00e9xico<\/span><span data-contrast=\"auto\">, y en su mensaje se pronunci\u00f3 por luchar a favor de la inclusi\u00f3n<\/span><span data-contrast=\"auto\"> social.<\/span><span data-ccp-props=\"{}\">\u00a0<\/span><\/p>\n<p><span data-contrast=\"auto\">\u201cEl deporte <\/span><i><span data-contrast=\"auto\">praxis<\/span><\/i> <span data-contrast=\"auto\">c<\/span><span data-contrast=\"auto\">ede su lugar al deporte espect\u00e1culo y \u00e9ste<\/span><span data-contrast=\"auto\">,<\/span><span data-contrast=\"auto\"> impulsado y condicionado por poderosas demandas econ\u00f3micas y sociopol\u00edticas<\/span><span data-contrast=\"auto\">,<\/span><span data-contrast=\"auto\"> termina por deformar la dimensi\u00f3n <\/span><span data-contrast=\"auto\">ludocompetitiva<\/span><span data-contrast=\"auto\"> propia del ser humano y de ah\u00ed a la exclusi\u00f3n s\u00f3lo hay un paso. Un paso que ya hemos dado y sobre el qu<\/span><span data-contrast=\"auto\">e <\/span><span data-contrast=\"auto\">hay que volver. Debemos, en consecuencia, luchar por la inclusi\u00f3n\u201d<\/span><span data-contrast=\"auto\">, destac\u00f3.<\/span><span data-ccp-props=\"{}\">\u00a0<\/span><\/p>\n<p><span data-contrast=\"auto\">Record\u00f3 que esta Red Latinoam\u00e9rica y Caribe\u00f1a <\/span><span data-contrast=\"auto\">del Deporte Social para la Inclusi\u00f3n est\u00e1 <\/span><span data-contrast=\"auto\">constituida<\/span><span data-contrast=\"auto\"> por un grupo de acad\u00e9micos que alimentan y nutren el intercambio d<\/span><span data-contrast=\"auto\">e<\/span><span data-contrast=\"auto\"> experiencias con miras a hacer frente a los desaf\u00edos hist\u00f3ricos y coyunturales de las naciones de la regi\u00f3n. <\/span><span data-contrast=\"auto\">Los di\u00e1logos que ah\u00ed se desarrollan, se distinguen por su \u201cesp\u00edritu cr\u00edtico<\/span><span data-contrast=\"auto\"> y <\/span><span data-contrast=\"auto\">aborda<\/span><span data-contrast=\"auto\">n <\/span><span data-contrast=\"auto\">sin cortapisas las lacerantes realidades <\/span><span data-contrast=\"auto\">de nuestra Am\u00e9rica profunda\u201d.<\/span><span data-ccp-props=\"{}\">\u00a0<\/span><\/p>\n<p><span data-contrast=\"auto\">L<\/span><span data-contrast=\"auto\">a ceremonia<\/span><span data-contrast=\"auto\"> de inauguraci\u00f3n<\/span><span data-contrast=\"auto\"> de estas V Jornadas<\/span> <span data-contrast=\"auto\">se desarroll\u00f3 la ma\u00f1ana d<\/span><span data-contrast=\"auto\">el 16 de noviembre <\/span><span data-contrast=\"auto\">de manera virtual<\/span><span data-contrast=\"auto\">,<\/span><span data-contrast=\"auto\"> por<\/span><span data-contrast=\"auto\"> la p\u00e1gina de <\/span><a href=\"https:\/\/www.facebook.com\/TeleUV\"><i><span data-contrast=\"none\">Facebook de <\/span><\/i><i><span data-contrast=\"none\">TeleUV<\/span><\/i><\/a><span data-contrast=\"auto\">, <\/span><span data-contrast=\"auto\">y <\/span><span data-contrast=\"auto\">las actividades <\/span><span data-contrast=\"auto\">conti<\/span><span data-contrast=\"auto\">n\u00faan<\/span> <span data-contrast=\"auto\">los d\u00edas <\/span><span data-contrast=\"auto\">17 y 18 de noviembre<\/span><span data-contrast=\"auto\">. Ah\u00ed,<\/span> <span data-contrast=\"auto\">Maribel Barradas <\/span><span data-contrast=\"auto\">Landa<\/span><span data-contrast=\"auto\">,<\/span> <span data-contrast=\"auto\">directora de Actividades Deportivas de la UV<\/span><span data-contrast=\"auto\"> (DA<\/span><span data-contrast=\"auto\">D<\/span><span data-contrast=\"auto\">UV)<\/span><span data-contrast=\"auto\">,<\/span><span data-contrast=\"auto\"> recibi\u00f3 la presidencia de <\/span><span data-contrast=\"auto\">esta<\/span><span data-contrast=\"auto\"> Red<\/span><span data-contrast=\"auto\">, que<\/span><span data-contrast=\"auto\"> est\u00e1 conformada por <\/span><span data-contrast=\"auto\">instituciones de <\/span><span data-contrast=\"auto\">M\u00e9xico<\/span><span data-contrast=\"auto\">, <\/span><span data-contrast=\"auto\">Argentina, Cuba, Uruguay, Brasil, Colombia<\/span><span data-contrast=\"auto\">, Chile<\/span><span data-contrast=\"auto\"> y Venezuela<\/span><span data-contrast=\"auto\">.<\/span><span data-ccp-props=\"{}\">\u00a0<\/span><\/p>\n<p><span data-contrast=\"auto\">Sara Ladr\u00f3n de Guevara <\/span><span data-contrast=\"auto\">expuso que el subt\u00edtulo de estas V Jornadas de la Red, \u201c<\/span><span data-contrast=\"auto\">Hacia agendas compartidas en estudios del deporte\u201d<\/span><span data-contrast=\"auto\">, establece un <\/span><span data-contrast=\"auto\">horizonte pol\u00edtico com\u00fan: \u201cpensar, proponer y <\/span><span data-contrast=\"auto\">construir juntos una agenda que garantice el respeto <\/span><span data-contrast=\"auto\">y la participaci\u00f3n de la diversidad cultural <\/span><span data-contrast=\"auto\">que distinguen<\/span><span data-contrast=\"auto\"> a<\/span><span data-contrast=\"auto\"> nuestro <\/span><span data-contrast=\"auto\">c<\/span><span data-contrast=\"auto\">ontinente\u201d.<\/span><span data-ccp-props=\"{&quot;335559731&quot;:708}\">\u00a0<\/span><\/p>\n<p><span data-contrast=\"auto\">En el evento\u00a0 tambi\u00e9n estuvieron presentes <\/span><span data-contrast=\"auto\">el presidente saliente de la Red, Daniel <\/span><span data-contrast=\"auto\">Zambaglione<\/span><span data-contrast=\"auto\">; Carlos Natar\u00e9n <\/span><span data-contrast=\"auto\">Nandayapan<\/span><span data-contrast=\"auto\">, rector de la Universidad Aut\u00f3noma de Chiapas (<\/span><i><span data-contrast=\"auto\">Unach<\/span><\/i><span data-contrast=\"auto\">); Daniel Dom\u00ednguez Aguilar, director de la Benem\u00e9rita Escuela Normal Veracruzana \u201cEnrique C. R\u00e9bsamen\u201d (BENV); Jos\u00e9 Alberto Nava Lozano, encargado de despacho de la Direcci\u00f3n del Instituto Veracruzano del Deporte; Miguel \u00c1ngel Ochoa Garc\u00eda, director general de Educaci\u00f3n F\u00edsica Estatal y Yanga Melgarejo Ortiz, subdirector de Cultura F\u00edsica.<\/span><span data-ccp-props=\"{&quot;335559731&quot;:708}\">\u00a0<\/span><\/p>\n<p><span data-contrast=\"auto\">En su intervenci\u00f3n, Maribel Barradas expuso que esta<\/span><span data-contrast=\"auto\"> Red Latinoamericana y Caribe\u00f1a de Deporte Social para la Inclusi\u00f3n es un grupo de acad\u00e9micos que <\/span><span data-contrast=\"auto\">promueve<\/span> <span data-contrast=\"auto\">el intercambio de experiencias para enfrentar los desaf\u00edos hist\u00f3ricos<\/span><span data-contrast=\"auto\">, el complejo entramado del deporte y las consecuencias relacionadas con su papel en la sociedad y sus alcances, para percibirlo como un elemento necesario.<\/span><span data-ccp-props=\"{&quot;335559731&quot;:708}\">\u00a0<\/span><\/p>\n<div id='gallery-1' class='gallery galleryid-90198 gallery-columns-2 gallery-size-full'><dl class='gallery-item'>\n\t\t\t<dt class='gallery-icon landscape'>\n\t\t\t\t<a href='https:\/\/www.uv.mx\/prensa\/files\/2020\/11\/161120-V-Jornadas-2.jpg'><img loading=\"lazy\" decoding=\"async\" width=\"722\" height=\"481\" src=\"https:\/\/www.uv.mx\/prensa\/files\/2020\/11\/161120-V-Jornadas-2.jpg\" class=\"attachment-full size-full\" alt=\"\" aria-describedby=\"gallery-1-90196\" srcset=\"https:\/\/www.uv.mx\/prensa\/files\/2020\/11\/161120-V-Jornadas-2.jpg 722w, https:\/\/www.uv.mx\/prensa\/files\/2020\/11\/161120-V-Jornadas-2-300x200.jpg 300w\" sizes=\"auto, (max-width: 722px) 100vw, 722px\" \/><\/a>\n\t\t\t<\/dt>\n\t\t\t\t<dd class='wp-caption-text gallery-caption' id='gallery-1-90196'>\n\t\t\t\tLa rectora Sara Ladr\u00f3n de Guevara dio el discurso inaugural\n\t\t\t\t<\/dd><\/dl><dl class='gallery-item'>\n\t\t\t<dt class='gallery-icon landscape'>\n\t\t\t\t<a href='https:\/\/www.uv.mx\/prensa\/files\/2020\/11\/161120-V-Jornadas-3.jpg'><img loading=\"lazy\" decoding=\"async\" width=\"722\" height=\"481\" src=\"https:\/\/www.uv.mx\/prensa\/files\/2020\/11\/161120-V-Jornadas-3.jpg\" class=\"attachment-full size-full\" alt=\"\" aria-describedby=\"gallery-1-90195\" srcset=\"https:\/\/www.uv.mx\/prensa\/files\/2020\/11\/161120-V-Jornadas-3.jpg 722w, https:\/\/www.uv.mx\/prensa\/files\/2020\/11\/161120-V-Jornadas-3-300x200.jpg 300w\" sizes=\"auto, (max-width: 722px) 100vw, 722px\" \/><\/a>\n\t\t\t<\/dt>\n\t\t\t\t<dd class='wp-caption-text gallery-caption' id='gallery-1-90195'>\n\t\t\t\tMaribel Barradas Landa, titular de la DADUV, recibi\u00f3 la presidencia de la Red \n\t\t\t\t<\/dd><\/dl><br style=\"clear: both\" \/>\n\t\t<\/div>\n\n<p><span data-contrast=\"auto\">\u201cEstamos viviendo una situaci\u00f3n in\u00e9dita, la pandemia del Covid-19<\/span><span data-contrast=\"auto\"> ocasionada por el virus <\/span><span data-contrast=\"auto\">SARS<\/span><span data-contrast=\"auto\">&#8211;<\/span><span data-contrast=\"auto\">C<\/span><span data-contrast=\"auto\">o<\/span><span data-contrast=\"auto\">V-2 ha puesto en crisis a todo el mundo en todos los \u00e1mbitos<\/span><span data-contrast=\"auto\">;<\/span><span data-contrast=\"auto\"> en la salud, la econom\u00eda y la educaci\u00f3<\/span><span data-contrast=\"auto\">n se ha hecho evidente la importancia de prevenir y combatir las enfermedades cr\u00f3nicas no transmisibles \u2013ocasionadas por el <\/span><span data-contrast=\"auto\">sedentarismo<\/span><span data-contrast=\"auto\"> y los malos h\u00e1bitos alimenticios.<\/span><span data-ccp-props=\"{}\">\u00a0<\/span><\/p>\n<p><span data-contrast=\"auto\">\u201d<\/span><span data-contrast=\"auto\">No<\/span><span data-contrast=\"auto\">s<\/span><span data-contrast=\"auto\"> encontramos, una vez m\u00e1s, reafirmando la enorme importancia de promover la actividad f\u00edsica, la educaci\u00f3n f\u00edsica y <\/span><span data-contrast=\"auto\">el<\/span><span data-contrast=\"auto\"> deporte <\/span><span data-contrast=\"auto\">como un <\/span><span data-contrast=\"auto\">elemento fundamental<\/span><span data-contrast=\"auto\"> en la vida de las personas.\u201d<\/span><span data-ccp-props=\"{&quot;335559731&quot;:708}\">\u00a0<\/span><\/p>\n<p><span data-contrast=\"auto\">Por su parte, luego <\/span><span data-contrast=\"auto\">de rese\u00f1ar la Red<\/span><span data-contrast=\"auto\">,<\/span><span data-contrast=\"auto\"> detallar qui\u00e9nes la integran <\/span><span data-contrast=\"auto\">y los trabajos que realizan, <\/span><span data-contrast=\"auto\">Daniel <\/span><span data-contrast=\"auto\">Zambaglione<\/span> <span data-contrast=\"auto\">cedi\u00f3 la estafe<\/span><span data-contrast=\"auto\">ta<\/span><span data-contrast=\"auto\"> a Maribel Barradas y <\/span><span data-contrast=\"auto\">destac\u00f3: <\/span><span data-contrast=\"auto\">\u201cSomos actores <\/span><span data-contrast=\"auto\">de un mundo que exige posicionamiento, es por eso que no hemos dudado en manifestarnos contra los intentos de <\/span><span data-contrast=\"auto\">desestabilizaci\u00f3n<\/span><span data-contrast=\"auto\"> en el continente, contra las pol\u00edticas neoliberales que sumen a nuestros pa\u00edses en el hambre <\/span><span data-contrast=\"auto\">y la desigualdad. Seguir creyendo con alma y convicci\u00f3n en la patria grande, aquello que so\u00f1aron nuestros libertadores y por los que <\/span><span data-contrast=\"auto\">miles han dejado su sangre en el terreno\u201d.<\/span><span data-ccp-props=\"{}\">\u00a0<\/span><\/p>\n<p><span data-contrast=\"auto\">Destac\u00f3 <\/span><span data-contrast=\"auto\">tambi\u00e9n <\/span><span data-contrast=\"auto\">la importancia de la educaci\u00f3n libre, gratuita, popular e inclusiva<\/span><span data-contrast=\"auto\">, y que el deporte abone al desarrollo de las sociedades.<\/span><span data-contrast=\"auto\"> \u201cEn este contexto, la universidad asume el desaf\u00edo de transformarse en un espacio de acceso para la<\/span><span data-contrast=\"auto\">s clases populares\u201d, a\u00f1adi\u00f3.\u00a0<\/span><span data-ccp-props=\"{}\">\u00a0<\/span><\/p>\n<p><span data-contrast=\"auto\">Tambi\u00e9n discursaron: <\/span><span data-contrast=\"auto\">Celso E<\/span><span data-contrast=\"auto\">.<\/span><span data-contrast=\"auto\"> G\u00f3mez Chac\u00f3n<\/span><span data-contrast=\"auto\">, integrante del <\/span><span data-contrast=\"auto\">Ministerio de Educaci\u00f3n Superior<\/span><span data-contrast=\"auto\"> de Cuba<\/span><span data-contrast=\"auto\">; <\/span><span data-contrast=\"auto\">Daniel Dom\u00ednguez Aguilar, director de la<\/span><span data-contrast=\"auto\"> BENV, y <\/span><span data-contrast=\"auto\">Carlos <\/span><span data-contrast=\"auto\">Natar\u00e9n<\/span> <span data-contrast=\"auto\">Nandayapa<\/span><span data-contrast=\"auto\">, <\/span><span data-contrast=\"auto\">rector de la <\/span><i><span data-contrast=\"auto\">Unach<\/span><\/i><span data-contrast=\"auto\">, quienes destacaron la relevancia de la actividad f\u00edsica y el deporte en el crecimiento del individuo, as\u00ed c<\/span><span data-contrast=\"auto\">omo la importancia de apoyarlo desde las instituciones.<\/span><span data-ccp-props=\"{}\">\u00a0<\/span><\/p>\n<p><span data-contrast=\"auto\">La ceremonia fue atestiguada por<\/span><span data-contrast=\"auto\"> autoridades de <\/span><span data-contrast=\"auto\">entidades deportivas de <\/span><span data-contrast=\"auto\">las regiones del continente participantes<\/span><span data-contrast=\"auto\">:<\/span><span data-contrast=\"auto\"> Brasil, Argentina, <\/span><span data-contrast=\"auto\">Colombia,Venezuela<\/span><span data-contrast=\"auto\"> y<\/span> <span data-contrast=\"auto\">Cuba, <\/span><span data-contrast=\"auto\">por citar algunos<\/span><span data-contrast=\"auto\">; asimismo, panelistas<\/span><span data-contrast=\"auto\"> y<\/span><span data-contrast=\"auto\"> docentes<\/span><span data-contrast=\"auto\">.<\/span><span data-ccp-props=\"{}\">\u00a0<\/span><\/p>\n<p><span data-contrast=\"auto\">Por parte de la UV <\/span><span data-contrast=\"auto\">tambi\u00e9n <\/span><span data-contrast=\"auto\">estuvieron presentes la secretaria Acad\u00e9mica, Mar\u00eda Magdalena Hern\u00e1ndez Alarc\u00f3n<\/span><span data-contrast=\"auto\">; <\/span><span data-contrast=\"auto\">as\u00ed como los directores <\/span><span data-contrast=\"auto\">generales <\/span><span data-contrast=\"auto\">de la Universidad Veracruzana Intercultural, Lourdes Budar Jimenez; de las \u00c1reas Acad\u00e9micas de Artes,<\/span><span data-contrast=\"auto\"> Biol\u00f3gic<\/span><span data-contrast=\"auto\">o-Agropecuaria<\/span><span data-contrast=\"auto\"> y<\/span> <span data-contrast=\"auto\">Humanidades<\/span><span data-contrast=\"auto\">, <\/span><span data-contrast=\"auto\">Miguel Flores Covarrubias, <\/span><span data-contrast=\"auto\">Domingo Canales Espinosa<\/span><span data-contrast=\"auto\"> y<\/span><span data-contrast=\"auto\"> Jos\u00e9 Luis Mart\u00ednez Su\u00e1rez<\/span><span data-contrast=\"auto\">, respectivamente.<\/span><span data-ccp-props=\"{}\">\u00a0<\/span><\/p>\n<p><span data-contrast=\"auto\">E<\/span><span data-contrast=\"auto\">l director de la Facultad de Educaci\u00f3n F\u00edsica, Julio Alejandro G\u00f3mez Figueroa<\/span><span data-contrast=\"auto\">;<\/span><span data-contrast=\"auto\"> el coordinador del Centro de Estudios de la Cultura y la Comunicaci\u00f3n,<\/span> <span data-contrast=\"auto\">Homero \u00c1vila Landa<\/span><span data-contrast=\"auto\">; <\/span><span data-contrast=\"auto\">el director general de Comunicaci\u00f3n Universitaria, Raciel Mart\u00ednez G\u00f3mez<\/span><span data-contrast=\"auto\">, y el vicerrector de la regi\u00f3n Veracruz, Alfonso P\u00e9rez Morales.\u00a0<\/span><span data-ccp-props=\"{&quot;335559731&quot;:708}\">\u00a0<\/span><\/p>\n","protected":false},"excerpt":{"rendered":"<p>Maribel Barradas, directora de Actividades Deportivas de esta casa de estudios, recibi\u00f3 la presidencia de la Red Latinoam\u00e9rica y Caribe\u00f1a del Deporte Social para la Inclusi\u00f3n\u00a0\u00a0<\/p>\n","protected":false},"author":1508,"featured_media":90199,"comment_status":"closed","ping_status":"closed","sticky":false,"template":"","format":"standard","meta":{"footnotes":""},"categories":[12,61],"tags":[],"class_list":["post-90198","post","type-post","status-publish","format-standard","has-post-thumbnail","hentry","category-deportes","category-banner"],"_links":{"self":[{"href":"https:\/\/www.uv.mx\/prensa\/wp-json\/wp\/v2\/posts\/90198","targetHints":{"allow":["GET"]}}],"collection":[{"href":"https:\/\/www.uv.mx\/prensa\/wp-json\/wp\/v2\/posts"}],"about":[{"href":"https:\/\/www.uv.mx\/prensa\/wp-json\/wp\/v2\/types\/post"}],"author":[{"embeddable":true,"href":"https:\/\/www.uv.mx\/prensa\/wp-json\/wp\/v2\/users\/1508"}],"replies":[{"embeddable":true,"href":"https:\/\/www.uv.mx\/prensa\/wp-json\/wp\/v2\/comments?post=90198"}],"version-history":[{"count":1,"href":"https:\/\/www.uv.mx\/prensa\/wp-json\/wp\/v2\/posts\/90198\/revisions"}],"predecessor-version":[{"id":90211,"href":"https:\/\/www.uv.mx\/prensa\/wp-json\/wp\/v2\/posts\/90198\/revisions\/90211"}],"wp:featuredmedia":[{"embeddable":true,"href":"https:\/\/www.uv.mx\/prensa\/wp-json\/wp\/v2\/media\/90199"}],"wp:attachment":[{"href":"https:\/\/www.uv.mx\/prensa\/wp-json\/wp\/v2\/media?parent=90198"}],"wp:term":[{"taxonomy":"category","embeddable":true,"href":"https:\/\/www.uv.mx\/prensa\/wp-json\/wp\/v2\/categories?post=90198"},{"taxonomy":"post_tag","embeddable":true,"href":"https:\/\/www.uv.mx\/prensa\/wp-json\/wp\/v2\/tags?post=90198"}],"curies":[{"name":"wp","href":"https:\/\/api.w.org\/{rel}","templated":true}]}}